{"id":21165,"date":"2023-07-24T18:37:11","date_gmt":"2023-07-24T21:37:11","guid":{"rendered":"https:\/\/dioceseteixeiradefreitas.com.br\/?p=21165"},"modified":"2023-07-24T18:37:11","modified_gmt":"2023-07-24T21:37:11","slug":"encontro-de-formacao-dos-ministros-extraordinarios-da-sagrada-comunhao-eucaristica-da-forania-santos-cosme-e-damiao","status":"publish","type":"post","link":"https:\/\/dioceseteixeiradefreitas.com.br\/?p=21165","title":{"rendered":"Encontro de Forma\u00e7\u00e3o dos Ministros Extraordin\u00e1rios da Sagrada Comunh\u00e3o Eucar\u00edstica da Forania Santos Cosme e Dami\u00e3o"},"content":{"rendered":"\n<p>Aconteceu no dia 16 de Julho de 2023, na Par\u00f3quia Santos Cosme e Dami\u00e3o em Itamaraju \/ BA, o Encontro de Forma\u00e7\u00e3o dos MESCE da Forania Santos Cosme e Dami\u00e3o. O encontro foi realizado pela Coordena\u00e7\u00e3o Diocesana dos MESCE e contou com a participa\u00e7\u00e3o dos Ministros da Forania.<\/p>\n\n\n\n<p>O encontro teve in\u00edcio com a celebra\u00e7\u00e3o da Santa Missa presidida pelo Frei Anailton. A programa\u00e7\u00e3o teve ainda caf\u00e9 partilhado, momentos de acolhimento e de forma\u00e7\u00e3o.<\/p>\n\n\n\n<figure class=\"wp-block-gallery has-nested-images columns-default is-cropped wp-block-gallery-1 is-layout-flex wp-block-gallery-is-layout-flex\">\n<figure class=\"wp-block-image size-large\"><a href=\"https:\/\/dioceseteixeiradefreitas.com.br\/wp-content\/uploads\/2023\/07\/IMG-20230724-WA0039.jpg\"><img loading=\"lazy\" decoding=\"async\" width=\"576\" height=\"1024\" data-id=\"21170\" src=\"https:\/\/dioceseteixeiradefreitas.com.br\/wp-content\/uploads\/2023\/07\/IMG-20230724-WA0039.jpg\" alt=\"\" class=\"wp-image-21170\" srcset=\"https:\/\/dioceseteixeiradefreitas.com.br\/wp-content\/uploads\/2023\/07\/IMG-20230724-WA0039.jpg 576w, https:\/\/dioceseteixeiradefreitas.com.br\/wp-content\/uploads\/2023\/07\/IMG-20230724-WA0039-169x300.jpg 169w\" sizes=\"auto, (max-width: 576px) 100vw, 576px\" \/><\/a><\/figure>\n\n\n\n<figure class=\"wp-block-image size-large\"><a href=\"https:\/\/dioceseteixeiradefreitas.com.br\/wp-content\/uploads\/2023\/07\/IMG-20230724-WA0040.jpg\"><img loading=\"lazy\" decoding=\"async\" width=\"768\" height=\"1024\" data-id=\"21171\" src=\"https:\/\/dioceseteixeiradefreitas.com.br\/wp-content\/uploads\/2023\/07\/IMG-20230724-WA0040-768x1024.jpg\" alt=\"\" class=\"wp-image-21171\" srcset=\"https:\/\/dioceseteixeiradefreitas.com.br\/wp-content\/uploads\/2023\/07\/IMG-20230724-WA0040-768x1024.jpg 768w, https:\/\/dioceseteixeiradefreitas.com.br\/wp-content\/uploads\/2023\/07\/IMG-20230724-WA0040-225x300.jpg 225w, https:\/\/dioceseteixeiradefreitas.com.br\/wp-content\/uploads\/2023\/07\/IMG-20230724-WA0040.jpg 960w\" sizes=\"auto, (max-width: 768px) 100vw, 768px\" \/><\/a><\/figure>\n\n\n\n<figure class=\"wp-block-image size-large\"><a href=\"https:\/\/dioceseteixeiradefreitas.com.br\/wp-content\/uploads\/2023\/07\/IMG-20230724-WA0037.jpg\"><img loading=\"lazy\" decoding=\"async\" width=\"576\" height=\"1024\" data-id=\"21172\" src=\"https:\/\/dioceseteixeiradefreitas.com.br\/wp-content\/uploads\/2023\/07\/IMG-20230724-WA0037.jpg\" alt=\"\" class=\"wp-image-21172\" srcset=\"https:\/\/dioceseteixeiradefreitas.com.br\/wp-content\/uploads\/2023\/07\/IMG-20230724-WA0037.jpg 576w, https:\/\/dioceseteixeiradefreitas.com.br\/wp-content\/uploads\/2023\/07\/IMG-20230724-WA0037-169x300.jpg 169w\" sizes=\"auto, (max-width: 576px) 100vw, 576px\" \/><\/a><\/figure>\n\n\n\n<figure class=\"wp-block-image size-large\"><a href=\"https:\/\/dioceseteixeiradefreitas.com.br\/wp-content\/uploads\/2023\/07\/IMG-20230724-WA0038.jpg\"><img loading=\"lazy\" decoding=\"async\" width=\"576\" height=\"1024\" data-id=\"21173\" src=\"https:\/\/dioceseteixeiradefreitas.com.br\/wp-content\/uploads\/2023\/07\/IMG-20230724-WA0038.jpg\" alt=\"\" class=\"wp-image-21173\" srcset=\"https:\/\/dioceseteixeiradefreitas.com.br\/wp-content\/uploads\/2023\/07\/IMG-20230724-WA0038.jpg 576w, https:\/\/dioceseteixeiradefreitas.com.br\/wp-content\/uploads\/2023\/07\/IMG-20230724-WA0038-169x300.jpg 169w\" sizes=\"auto, (max-width: 576px) 100vw, 576px\" \/><\/a><\/figure>\n\n\n\n<figure class=\"wp-block-image size-large\"><a href=\"https:\/\/dioceseteixeiradefreitas.com.br\/wp-content\/uploads\/2023\/07\/IMG-20230724-WA0035.jpg\"><img loading=\"lazy\" decoding=\"async\" width=\"768\" height=\"1024\" data-id=\"21174\" src=\"https:\/\/dioceseteixeiradefreitas.com.br\/wp-content\/uploads\/2023\/07\/IMG-20230724-WA0035.jpg\" alt=\"\" class=\"wp-image-21174\" srcset=\"https:\/\/dioceseteixeiradefreitas.com.br\/wp-content\/uploads\/2023\/07\/IMG-20230724-WA0035.jpg 768w, https:\/\/dioceseteixeiradefreitas.com.br\/wp-content\/uploads\/2023\/07\/IMG-20230724-WA0035-225x300.jpg 225w\" sizes=\"auto, (max-width: 768px) 100vw, 768px\" \/><\/a><\/figure>\n\n\n\n<figure class=\"wp-block-image size-large\"><a href=\"https:\/\/dioceseteixeiradefreitas.com.br\/wp-content\/uploads\/2023\/07\/IMG-20230724-WA0036.jpg\"><img loading=\"lazy\" decoding=\"async\" width=\"768\" height=\"1024\" data-id=\"21175\" src=\"https:\/\/dioceseteixeiradefreitas.com.br\/wp-content\/uploads\/2023\/07\/IMG-20230724-WA0036-768x1024.jpg\" alt=\"\" class=\"wp-image-21175\" srcset=\"https:\/\/dioceseteixeiradefreitas.com.br\/wp-content\/uploads\/2023\/07\/IMG-20230724-WA0036-768x1024.jpg 768w, https:\/\/dioceseteixeiradefreitas.com.br\/wp-content\/uploads\/2023\/07\/IMG-20230724-WA0036-225x300.jpg 225w, https:\/\/dioceseteixeiradefreitas.com.br\/wp-content\/uploads\/2023\/07\/IMG-20230724-WA0036-1152x1536.jpg 1152w, https:\/\/dioceseteixeiradefreitas.com.br\/wp-content\/uploads\/2023\/07\/IMG-20230724-WA0036.jpg 1200w\" sizes=\"auto, (max-width: 768px) 100vw, 768px\" \/><\/a><\/figure>\n\n\n\n<figure class=\"wp-block-image size-large\"><a href=\"https:\/\/dioceseteixeiradefreitas.com.br\/wp-content\/uploads\/2023\/07\/IMG-20230724-WA0034.jpg\"><img loading=\"lazy\" decoding=\"async\" width=\"576\" height=\"1024\" data-id=\"21176\" src=\"https:\/\/dioceseteixeiradefreitas.com.br\/wp-content\/uploads\/2023\/07\/IMG-20230724-WA0034.jpg\" alt=\"\" class=\"wp-image-21176\" srcset=\"https:\/\/dioceseteixeiradefreitas.com.br\/wp-content\/uploads\/2023\/07\/IMG-20230724-WA0034.jpg 576w, https:\/\/dioceseteixeiradefreitas.com.br\/wp-content\/uploads\/2023\/07\/IMG-20230724-WA0034-169x300.jpg 169w\" sizes=\"auto, (max-width: 576px) 100vw, 576px\" \/><\/a><\/figure>\n\n\n\n<figure class=\"wp-block-image size-large\"><a href=\"https:\/\/dioceseteixeiradefreitas.com.br\/wp-content\/uploads\/2023\/07\/IMG-20230724-WA0031.jpg\"><img loading=\"lazy\" decoding=\"async\" width=\"576\" height=\"1024\" data-id=\"21177\" src=\"https:\/\/dioceseteixeiradefreitas.com.br\/wp-content\/uploads\/2023\/07\/IMG-20230724-WA0031.jpg\" alt=\"\" class=\"wp-image-21177\" srcset=\"https:\/\/dioceseteixeiradefreitas.com.br\/wp-content\/uploads\/2023\/07\/IMG-20230724-WA0031.jpg 576w, https:\/\/dioceseteixeiradefreitas.com.br\/wp-content\/uploads\/2023\/07\/IMG-20230724-WA0031-169x300.jpg 169w\" sizes=\"auto, (max-width: 576px) 100vw, 576px\" \/><\/a><\/figure>\n\n\n\n<figure class=\"wp-block-image size-large\"><a href=\"https:\/\/dioceseteixeiradefreitas.com.br\/wp-content\/uploads\/2023\/07\/IMG-20230724-WA0033.jpg\"><img loading=\"lazy\" decoding=\"async\" width=\"576\" height=\"1024\" data-id=\"21178\" src=\"https:\/\/dioceseteixeiradefreitas.com.br\/wp-content\/uploads\/2023\/07\/IMG-20230724-WA0033.jpg\" alt=\"\" class=\"wp-image-21178\" srcset=\"https:\/\/dioceseteixeiradefreitas.com.br\/wp-content\/uploads\/2023\/07\/IMG-20230724-WA0033.jpg 576w, https:\/\/dioceseteixeiradefreitas.com.br\/wp-content\/uploads\/2023\/07\/IMG-20230724-WA0033-169x300.jpg 169w\" sizes=\"auto, (max-width: 576px) 100vw, 576px\" \/><\/a><\/figure>\n\n\n\n<figure class=\"wp-block-image size-large\"><a href=\"https:\/\/dioceseteixeiradefreitas.com.br\/wp-content\/uploads\/2023\/07\/IMG-20230724-WA0032.jpg\"><img loading=\"lazy\" decoding=\"async\" width=\"768\" height=\"1024\" data-id=\"21179\" src=\"https:\/\/dioceseteixeiradefreitas.com.br\/wp-content\/uploads\/2023\/07\/IMG-20230724-WA0032.jpg\" alt=\"\" class=\"wp-image-21179\" srcset=\"https:\/\/dioceseteixeiradefreitas.com.br\/wp-content\/uploads\/2023\/07\/IMG-20230724-WA0032.jpg 768w, https:\/\/dioceseteixeiradefreitas.com.br\/wp-content\/uploads\/2023\/07\/IMG-20230724-WA0032-225x300.jpg 225w\" sizes=\"auto, (max-width: 768px) 100vw, 768px\" \/><\/a><\/figure>\n\n\n\n<figure class=\"wp-block-image size-large\"><a href=\"https:\/\/dioceseteixeiradefreitas.com.br\/wp-content\/uploads\/2023\/07\/IMG-20230724-WA0030.jpg\"><img loading=\"lazy\" decoding=\"async\" width=\"1024\" height=\"598\" data-id=\"21180\" src=\"https:\/\/dioceseteixeiradefreitas.com.br\/wp-content\/uploads\/2023\/07\/IMG-20230724-WA0030.jpg\" alt=\"\" class=\"wp-image-21180\" srcset=\"https:\/\/dioceseteixeiradefreitas.com.br\/wp-content\/uploads\/2023\/07\/IMG-20230724-WA0030.jpg 1024w, https:\/\/dioceseteixeiradefreitas.com.br\/wp-content\/uploads\/2023\/07\/IMG-20230724-WA0030-300x175.jpg 300w, https:\/\/dioceseteixeiradefreitas.com.br\/wp-content\/uploads\/2023\/07\/IMG-20230724-WA0030-768x449.jpg 768w\" sizes=\"auto, (max-width: 1024px) 100vw, 1024px\" \/><\/a><\/figure>\n<\/figure>\n\n\n\n<p><\/p>\n","protected":false},"excerpt":{"rendered":"<p>Aconteceu no dia 16 de Julho de 2023, na Par\u00f3quia Santos Cosme e Dami\u00e3o em Itamaraju \/ BA, o Encontro de Forma\u00e7\u00e3o dos MESCE da Forania Santos Cosme e Dami\u00e3o. O encontro foi realizado pela Coordena\u00e7\u00e3o Diocesana dos MESCE e contou com a participa\u00e7\u00e3o dos Ministros da Forania. O encontro teve in\u00edcio com a celebra\u00e7\u00e3o &hellip;<\/p>\n","protected":false},"author":24,"featured_media":21180,"comment_status":"closed","ping_status":"closed","sticky":false,"template":"","format":"standard","meta":{"footnotes":""},"categories":[100],"tags":[1114,1128],"class_list":["post-21165","post","type-post","status-publish","format-standard","has-post-thumbnail","hentry","category-noticias-diocesanas","tag-encontro-de-formacao","tag-mesce"],"_links":{"self":[{"href":"https:\/\/dioceseteixeiradefreitas.com.br\/index.php?rest_route=\/wp\/v2\/posts\/21165","targetHints":{"allow":["GET"]}}],"collection":[{"href":"https:\/\/dioceseteixeiradefreitas.com.br\/index.php?rest_route=\/wp\/v2\/posts"}],"about":[{"href":"https:\/\/dioceseteixeiradefreitas.com.br\/index.php?rest_route=\/wp\/v2\/types\/post"}],"author":[{"embeddable":true,"href":"https:\/\/dioceseteixeiradefreitas.com.br\/index.php?rest_route=\/wp\/v2\/users\/24"}],"replies":[{"embeddable":true,"href":"https:\/\/dioceseteixeiradefreitas.com.br\/index.php?rest_route=%2Fwp%2Fv2%2Fcomments&post=21165"}],"version-history":[{"count":4,"href":"https:\/\/dioceseteixeiradefreitas.com.br\/index.php?rest_route=\/wp\/v2\/posts\/21165\/revisions"}],"predecessor-version":[{"id":21181,"href":"https:\/\/dioceseteixeiradefreitas.com.br\/index.php?rest_route=\/wp\/v2\/posts\/21165\/revisions\/21181"}],"wp:featuredmedia":[{"embeddable":true,"href":"https:\/\/dioceseteixeiradefreitas.com.br\/index.php?rest_route=\/wp\/v2\/media\/21180"}],"wp:attachment":[{"href":"https:\/\/dioceseteixeiradefreitas.com.br\/index.php?rest_route=%2Fwp%2Fv2%2Fmedia&parent=21165"}],"wp:term":[{"taxonomy":"category","embeddable":true,"href":"https:\/\/dioceseteixeiradefreitas.com.br\/index.php?rest_route=%2Fwp%2Fv2%2Fcategories&post=21165"},{"taxonomy":"post_tag","embeddable":true,"href":"https:\/\/dioceseteixeiradefreitas.com.br\/index.php?rest_route=%2Fwp%2Fv2%2Ftags&post=21165"}],"curies":[{"name":"wp","href":"https:\/\/api.w.org\/{rel}","templated":true}]}}