{"id":21561,"date":"2023-12-09T14:46:33","date_gmt":"2023-12-09T17:46:33","guid":{"rendered":"https:\/\/dioceseteixeiradefreitas.com.br\/?p=21561"},"modified":"2023-12-09T14:46:33","modified_gmt":"2023-12-09T17:46:33","slug":"tribunal-eclesiastico-completa-um-ano-de-fundacao","status":"publish","type":"post","link":"https:\/\/dioceseteixeiradefreitas.com.br\/?p=21561","title":{"rendered":"Tribunal Eclesi\u00e1stico completa um ano de funda\u00e7\u00e3o"},"content":{"rendered":"\n<p>O Tribunal Eclesi\u00e1stico Interdiocesano de Teixeira de Freitas-BA est\u00e1 em um profundo estado de <em>gaudium<\/em>, isso porque hoje, s\u00e1bado, dia 09 de dezembro de 2023, est\u00e1 completando um ano de ere\u00e7\u00e3o can\u00f4nica nesta nossa diocese.<\/p>\n\n\n\n<figure class=\"wp-block-image size-full\"><a href=\"https:\/\/dioceseteixeiradefreitas.com.br\/wp-content\/uploads\/2023\/12\/IMG-20231209-WA0008.jpg\"><img loading=\"lazy\" decoding=\"async\" width=\"1024\" height=\"632\" src=\"https:\/\/dioceseteixeiradefreitas.com.br\/wp-content\/uploads\/2023\/12\/IMG-20231209-WA0008.jpg\" alt=\"\" class=\"wp-image-21562\" srcset=\"https:\/\/dioceseteixeiradefreitas.com.br\/wp-content\/uploads\/2023\/12\/IMG-20231209-WA0008.jpg 1024w, https:\/\/dioceseteixeiradefreitas.com.br\/wp-content\/uploads\/2023\/12\/IMG-20231209-WA0008-300x185.jpg 300w, https:\/\/dioceseteixeiradefreitas.com.br\/wp-content\/uploads\/2023\/12\/IMG-20231209-WA0008-768x474.jpg 768w\" sizes=\"auto, (max-width: 1024px) 100vw, 1024px\" \/><\/a><\/figure>\n\n\n\n<p>Foi um ano de muitos desafios, de lutas, mas tamb\u00e9m de grandes b\u00ean\u00e7\u00e3os dispensadas \u00e0queles que buscaram alento e resolu\u00e7\u00e3o das suas dificuldades em rela\u00e7\u00e3o a caminhada de f\u00e9, dirimindo as dores que impediam de viverem a f\u00e9 de forma livre e conscientes de n\u00e3o estarem infligindo uma gra\u00e7a que brotou do cora\u00e7\u00e3o de Cristo. Muitos foram os processos solucionados, mediante senten\u00e7as definitivas e de acordo com a unidade da jurisprud\u00eancia, em especial da rota romana, que \u00e9, ali\u00e1s, o aut\u00eantico par\u00e2metro interpretativo para os processos de nulidade matrimonial nos tribunais diocesanos ou interdiocesanos.<\/p>\n\n\n\n<p>Agradecemos \u00e0s dioceses de Eun\u00e1polis, com o reverend\u00edssimo sr. bispo diocesano Dom Jos\u00e9 Edson Santana Oliveira; diocese de Itabuna com o reverend\u00edssimo sr. bispo diocesano Dom Carlos Alberto dos Santos, mas sobretudo, ao nosso moderador do tribunal e bispo diocesano de Teixeira de Freitas\/Caravelas, o reverend\u00edssimo sr. bispo Dom Jailton de Oliveira Lino, por todo o empenho para que fosse aprovado este egr\u00e9gio tribunal pela S\u00e9 Apost\u00f3lica.<\/p>\n\n\n\n<p>Agradecemos imensamente ao padre Edvaldo Francisco de Jesus Cunha, que esteve muito presente nessa conquista, aos reverend\u00edssimos padres Reinaldo Reis e Valdemir Silva, a nossa not\u00e1ria Deca Stuart e a todos os outros oficiais deste tribunal.<\/p>\n\n\n\n<p>Parab\u00e9ns a todos e continuemos a caminhada sendo observada a equidade can\u00f4nica e tendo se sempre diante dos olhos a salva\u00e7\u00e3o das almas, que deve ser sempre a lei suprema da Igreja. (cf. c\u00e2n. 1752).<\/p>\n\n\n\n<p>Por Equipe do Tribunal Eclesi\u00e1stico.<\/p>\n","protected":false},"excerpt":{"rendered":"<p>O Tribunal Eclesi\u00e1stico Interdiocesano de Teixeira de Freitas-BA est\u00e1 em um profundo estado de gaudium, isso porque hoje, s\u00e1bado, dia 09 de dezembro de 2023, est\u00e1 completando um ano de ere\u00e7\u00e3o can\u00f4nica nesta nossa diocese. Foi um ano de muitos desafios, de lutas, mas tamb\u00e9m de grandes b\u00ean\u00e7\u00e3os dispensadas \u00e0queles que buscaram alento e resolu\u00e7\u00e3o &hellip;<\/p>\n","protected":false},"author":2,"featured_media":21562,"comment_status":"closed","ping_status":"closed","sticky":false,"template":"","format":"standard","meta":{"footnotes":""},"categories":[51,100],"tags":[],"class_list":["post-21561","post","type-post","status-publish","format-standard","has-post-thumbnail","hentry","category-notas","category-noticias-diocesanas"],"_links":{"self":[{"href":"https:\/\/dioceseteixeiradefreitas.com.br\/index.php?rest_route=\/wp\/v2\/posts\/21561","targetHints":{"allow":["GET"]}}],"collection":[{"href":"https:\/\/dioceseteixeiradefreitas.com.br\/index.php?rest_route=\/wp\/v2\/posts"}],"about":[{"href":"https:\/\/dioceseteixeiradefreitas.com.br\/index.php?rest_route=\/wp\/v2\/types\/post"}],"author":[{"embeddable":true,"href":"https:\/\/dioceseteixeiradefreitas.com.br\/index.php?rest_route=\/wp\/v2\/users\/2"}],"replies":[{"embeddable":true,"href":"https:\/\/dioceseteixeiradefreitas.com.br\/index.php?rest_route=%2Fwp%2Fv2%2Fcomments&post=21561"}],"version-history":[{"count":1,"href":"https:\/\/dioceseteixeiradefreitas.com.br\/index.php?rest_route=\/wp\/v2\/posts\/21561\/revisions"}],"predecessor-version":[{"id":21563,"href":"https:\/\/dioceseteixeiradefreitas.com.br\/index.php?rest_route=\/wp\/v2\/posts\/21561\/revisions\/21563"}],"wp:featuredmedia":[{"embeddable":true,"href":"https:\/\/dioceseteixeiradefreitas.com.br\/index.php?rest_route=\/wp\/v2\/media\/21562"}],"wp:attachment":[{"href":"https:\/\/dioceseteixeiradefreitas.com.br\/index.php?rest_route=%2Fwp%2Fv2%2Fmedia&parent=21561"}],"wp:term":[{"taxonomy":"category","embeddable":true,"href":"https:\/\/dioceseteixeiradefreitas.com.br\/index.php?rest_route=%2Fwp%2Fv2%2Fcategories&post=21561"},{"taxonomy":"post_tag","embeddable":true,"href":"https:\/\/dioceseteixeiradefreitas.com.br\/index.php?rest_route=%2Fwp%2Fv2%2Ftags&post=21561"}],"curies":[{"name":"wp","href":"https:\/\/api.w.org\/{rel}","templated":true}]}}