{"id":21775,"date":"2024-02-22T00:00:00","date_gmt":"2024-02-22T03:00:00","guid":{"rendered":"https:\/\/dioceseteixeiradefreitas.com.br\/?p=21775"},"modified":"2024-02-18T14:55:13","modified_gmt":"2024-02-18T17:55:13","slug":"reflexoes-sobre-a-caminhada-quaresmal-um-apelo-a-oracao-continua","status":"publish","type":"post","link":"https:\/\/dioceseteixeiradefreitas.com.br\/?p=21775","title":{"rendered":"Reflex\u00f5es sobre a Caminhada Quaresmal: Um Apelo \u00e0 Ora\u00e7\u00e3o Cont\u00ednua"},"content":{"rendered":"\n<figure class=\"wp-block-image size-large\"><a href=\"https:\/\/dioceseteixeiradefreitas.com.br\/wp-content\/uploads\/2024\/02\/Inicio-da-quaresma-roxo-e-branco-simples-Post-do-instagram.png\"><img loading=\"lazy\" decoding=\"async\" width=\"1024\" height=\"1024\" src=\"https:\/\/dioceseteixeiradefreitas.com.br\/wp-content\/uploads\/2024\/02\/Inicio-da-quaresma-roxo-e-branco-simples-Post-do-instagram-1024x1024.png\" alt=\"\" class=\"wp-image-21765\" srcset=\"https:\/\/dioceseteixeiradefreitas.com.br\/wp-content\/uploads\/2024\/02\/Inicio-da-quaresma-roxo-e-branco-simples-Post-do-instagram-1024x1024.png 1024w, https:\/\/dioceseteixeiradefreitas.com.br\/wp-content\/uploads\/2024\/02\/Inicio-da-quaresma-roxo-e-branco-simples-Post-do-instagram-300x300.png 300w, https:\/\/dioceseteixeiradefreitas.com.br\/wp-content\/uploads\/2024\/02\/Inicio-da-quaresma-roxo-e-branco-simples-Post-do-instagram-150x150.png 150w, https:\/\/dioceseteixeiradefreitas.com.br\/wp-content\/uploads\/2024\/02\/Inicio-da-quaresma-roxo-e-branco-simples-Post-do-instagram-768x768.png 768w, https:\/\/dioceseteixeiradefreitas.com.br\/wp-content\/uploads\/2024\/02\/Inicio-da-quaresma-roxo-e-branco-simples-Post-do-instagram.png 1080w\" sizes=\"auto, (max-width: 1024px) 100vw, 1024px\" \/><\/a><\/figure>\n\n\n\n<p>Caros irm\u00e3os e irm\u00e3s em Cristo,<\/p>\n\n\n\n<p>Na abertura solene da Quaresma, na \u00faltima quarta-feira de cinzas, tive a gra\u00e7a de partilhar algumas reflex\u00f5es cruciais para nossa jornada espiritual nos pr\u00f3ximos 40 dias. Em minha homilia, destaquei a import\u00e2ncia dos tr\u00eas pilares fundamentais: o jejum, a caridade e, especialmente, a ora\u00e7\u00e3o.<\/p>\n\n\n\n<p>Hoje, venho convocar cada um de voc\u00eas a mergulhar profundamente na experi\u00eancia transformadora da ora\u00e7\u00e3o cont\u00ednua. Em meio \u00e0 agita\u00e7\u00e3o do dia-a-dia, exorto a comunidade a reservar momentos dedicados \u00e0 comunh\u00e3o com Deus. Seja no trabalho, entre amigos, antes do in\u00edcio das atividades di\u00e1rias, na escola, durante exerc\u00edcios f\u00edsicos, ou mesmo nas simples caminhadas, convido a todos a escolherem um tempo para elevar seus cora\u00e7\u00f5es em ora\u00e7\u00e3o.<\/p>\n\n\n\n<p>N\u00e3o \u00e9 necess\u00e1rio que seja um per\u00edodo longo; o essencial \u00e9 incorporar essa pr\u00e1tica di\u00e1ria em nossas vidas. Em nossa rotina familiar, sugiro que dediquemos momentos espec\u00edficos, como no caf\u00e9 da manh\u00e3, no almo\u00e7o ou \u00e0 noite quando todos se encontram em casa. A ora\u00e7\u00e3o em fam\u00edlia fortalece os la\u00e7os e nos conecta ao divino.<\/p>\n\n\n\n<p>Outro ponto que desejo enfatizar \u00e9 a import\u00e2ncia de frequentar a casa do Senhor. Proponho que, pelo menos uma vez por semana, nos ajoelhemos diante de Deus na igreja. Este gesto simboliza nossa entrega a Ele e refor\u00e7a nosso compromisso espiritual.<\/p>\n\n\n\n<p>Al\u00e9m disso, destaco a possibilidade de participar da exposi\u00e7\u00e3o do Sant\u00edssimo. Informem-se sobre os hor\u00e1rios em suas par\u00f3quias e, uma vez por semana, dediquem um tempo para se ajoelhar diante da presen\u00e7a real de Cristo. Essa pr\u00e1tica proporciona um encontro \u00edntimo com o divino e nutre nossa alma.<\/p>\n\n\n\n<p>Queridos irm\u00e3os, quero encoraj\u00e1-los a vivenciarem essa experi\u00eancia de ora\u00e7\u00e3o cont\u00ednua durante toda a Quaresma. N\u00e3o encarem esse per\u00edodo como uma mera tradi\u00e7\u00e3o, mas como uma oportunidade divina de renova\u00e7\u00e3o espiritual. Que esses dias sejam uma jornada de encontro pessoal com Deus, fortalecendo nossa f\u00e9 e preparando-nos para a celebra\u00e7\u00e3o jubilosa da Ressurrei\u00e7\u00e3o.<\/p>\n\n\n\n<p>Que a gra\u00e7a divina nos guie e nos fortale\u00e7a ao longo desta caminhada quaresmal.<\/p>\n\n\n\n<p>Em Cristo,<br>Dom Jailton do de Oliveira Lino<br>Bispo da Diocese de Teixeira de Freitas\/Caravelas<\/p>\n","protected":false},"excerpt":{"rendered":"<p>Caros irm\u00e3os e irm\u00e3s em Cristo, Na abertura solene da Quaresma, na \u00faltima quarta-feira de cinzas, tive a gra\u00e7a de partilhar algumas reflex\u00f5es cruciais para nossa jornada espiritual nos pr\u00f3ximos 40 dias. Em minha homilia, destaquei a import\u00e2ncia dos tr\u00eas pilares fundamentais: o jejum, a caridade e, especialmente, a ora\u00e7\u00e3o. Hoje, venho convocar cada um &hellip;<\/p>\n","protected":false},"author":2,"featured_media":21765,"comment_status":"closed","ping_status":"closed","sticky":false,"template":"","format":"standard","meta":{"footnotes":""},"categories":[1230],"tags":[],"class_list":["post-21775","post","type-post","status-publish","format-standard","has-post-thumbnail","hentry","category-reflexoes-para-a-quaresma"],"_links":{"self":[{"href":"https:\/\/dioceseteixeiradefreitas.com.br\/index.php?rest_route=\/wp\/v2\/posts\/21775","targetHints":{"allow":["GET"]}}],"collection":[{"href":"https:\/\/dioceseteixeiradefreitas.com.br\/index.php?rest_route=\/wp\/v2\/posts"}],"about":[{"href":"https:\/\/dioceseteixeiradefreitas.com.br\/index.php?rest_route=\/wp\/v2\/types\/post"}],"author":[{"embeddable":true,"href":"https:\/\/dioceseteixeiradefreitas.com.br\/index.php?rest_route=\/wp\/v2\/users\/2"}],"replies":[{"embeddable":true,"href":"https:\/\/dioceseteixeiradefreitas.com.br\/index.php?rest_route=%2Fwp%2Fv2%2Fcomments&post=21775"}],"version-history":[{"count":1,"href":"https:\/\/dioceseteixeiradefreitas.com.br\/index.php?rest_route=\/wp\/v2\/posts\/21775\/revisions"}],"predecessor-version":[{"id":21776,"href":"https:\/\/dioceseteixeiradefreitas.com.br\/index.php?rest_route=\/wp\/v2\/posts\/21775\/revisions\/21776"}],"wp:featuredmedia":[{"embeddable":true,"href":"https:\/\/dioceseteixeiradefreitas.com.br\/index.php?rest_route=\/wp\/v2\/media\/21765"}],"wp:attachment":[{"href":"https:\/\/dioceseteixeiradefreitas.com.br\/index.php?rest_route=%2Fwp%2Fv2%2Fmedia&parent=21775"}],"wp:term":[{"taxonomy":"category","embeddable":true,"href":"https:\/\/dioceseteixeiradefreitas.com.br\/index.php?rest_route=%2Fwp%2Fv2%2Fcategories&post=21775"},{"taxonomy":"post_tag","embeddable":true,"href":"https:\/\/dioceseteixeiradefreitas.com.br\/index.php?rest_route=%2Fwp%2Fv2%2Ftags&post=21775"}],"curies":[{"name":"wp","href":"https:\/\/api.w.org\/{rel}","templated":true}]}}