{"id":2239,"date":"2016-11-21T15:56:51","date_gmt":"2016-11-21T18:56:51","guid":{"rendered":"https:\/\/dioceseteixeiradefreitas.com.br\/?p=2239"},"modified":"2016-11-21T15:56:51","modified_gmt":"2016-11-21T18:56:51","slug":"fechamento-da-porta-santa-na-catedral-sao-pedro","status":"publish","type":"post","link":"https:\/\/dioceseteixeiradefreitas.com.br\/?p=2239","title":{"rendered":"Fechamento da Porta Santa na Catedral S\u00e3o Pedro"},"content":{"rendered":"<p style=\"text-align: justify;\">Seguindo os ritos iniciados pela Santa S\u00e9 em todo o mundo, foi fechada neste domingo, dia 20 de novembro, a Porta Santa da Miseric\u00f3rdia na Catedral S\u00e3o Pedro em Teixeira de Freitas.<\/p>\n<p style=\"text-align: justify;\">Dom Carlos Alberto exortou que este n\u00e3o \u00e9 o fim da miseric\u00f3rdia. &#8220;Fecha-se a porta de madeira, mas abrem-se os cora\u00e7\u00f5es de todos para a miseric\u00f3rdia de Deus.&#8221;<\/p>\n<p style=\"text-align: justify;\">Em nossa diocese ainda h\u00e1 mais uma porta santa, na cidade de Itanh\u00e9m, que ser\u00e1 fechada no dia 04 de dezembro.<\/p>\n<p style=\"text-align: justify;\">Assista:<\/p>\n<p style=\"text-align: justify;\"><iframe loading=\"lazy\" src=\"https:\/\/www.youtube.com\/embed\/eKlkGU_O9bA\" width=\"560\" height=\"315\" frameborder=\"0\" allowfullscreen=\"allowfullscreen\"><\/iframe><\/p>\n","protected":false},"excerpt":{"rendered":"<p>Seguindo os ritos iniciados pela Santa S\u00e9 em todo o mundo, foi fechada neste domingo, dia 20 de novembro, a Porta Santa da Miseric\u00f3rdia na Catedral S\u00e3o Pedro em Teixeira de Freitas. Dom Carlos Alberto exortou que este n\u00e3o \u00e9 o fim da miseric\u00f3rdia. &#8220;Fecha-se a porta de madeira, mas abrem-se os cora\u00e7\u00f5es de todos &hellip;<\/p>\n","protected":false},"author":2,"featured_media":2240,"comment_status":"closed","ping_status":"closed","sticky":false,"template":"","format":"standard","meta":{"footnotes":""},"categories":[42,41,25],"tags":[],"class_list":["post-2239","post","type-post","status-publish","format-standard","has-post-thumbnail","hentry","category-ano_da_misericordia","category-noticias_destaque","category-videos"],"_links":{"self":[{"href":"https:\/\/dioceseteixeiradefreitas.com.br\/index.php?rest_route=\/wp\/v2\/posts\/2239","targetHints":{"allow":["GET"]}}],"collection":[{"href":"https:\/\/dioceseteixeiradefreitas.com.br\/index.php?rest_route=\/wp\/v2\/posts"}],"about":[{"href":"https:\/\/dioceseteixeiradefreitas.com.br\/index.php?rest_route=\/wp\/v2\/types\/post"}],"author":[{"embeddable":true,"href":"https:\/\/dioceseteixeiradefreitas.com.br\/index.php?rest_route=\/wp\/v2\/users\/2"}],"replies":[{"embeddable":true,"href":"https:\/\/dioceseteixeiradefreitas.com.br\/index.php?rest_route=%2Fwp%2Fv2%2Fcomments&post=2239"}],"version-history":[{"count":1,"href":"https:\/\/dioceseteixeiradefreitas.com.br\/index.php?rest_route=\/wp\/v2\/posts\/2239\/revisions"}],"predecessor-version":[{"id":2241,"href":"https:\/\/dioceseteixeiradefreitas.com.br\/index.php?rest_route=\/wp\/v2\/posts\/2239\/revisions\/2241"}],"wp:featuredmedia":[{"embeddable":true,"href":"https:\/\/dioceseteixeiradefreitas.com.br\/index.php?rest_route=\/wp\/v2\/media\/2240"}],"wp:attachment":[{"href":"https:\/\/dioceseteixeiradefreitas.com.br\/index.php?rest_route=%2Fwp%2Fv2%2Fmedia&parent=2239"}],"wp:term":[{"taxonomy":"category","embeddable":true,"href":"https:\/\/dioceseteixeiradefreitas.com.br\/index.php?rest_route=%2Fwp%2Fv2%2Fcategories&post=2239"},{"taxonomy":"post_tag","embeddable":true,"href":"https:\/\/dioceseteixeiradefreitas.com.br\/index.php?rest_route=%2Fwp%2Fv2%2Ftags&post=2239"}],"curies":[{"name":"wp","href":"https:\/\/api.w.org\/{rel}","templated":true}]}}