{"id":22452,"date":"2024-07-21T15:31:19","date_gmt":"2024-07-21T18:31:19","guid":{"rendered":"https:\/\/dioceseteixeiradefreitas.com.br\/?p=22452"},"modified":"2024-07-21T15:33:54","modified_gmt":"2024-07-21T18:33:54","slug":"retiro-do-clero-e-marcado-por-grandes-celebracoes-e-reencontros","status":"publish","type":"post","link":"https:\/\/dioceseteixeiradefreitas.com.br\/?p=22452","title":{"rendered":"Retiro do Clero \u00e9 marcado por grandes celebra\u00e7\u00f5es e reencontros."},"content":{"rendered":"\n<figure class=\"wp-block-image size-large\"><a href=\"https:\/\/dioceseteixeiradefreitas.com.br\/wp-content\/uploads\/2024\/07\/WhatsApp-Image-2024-07-20-at-00.06.29-2-scaled.jpeg\"><img loading=\"lazy\" decoding=\"async\" width=\"1024\" height=\"768\" src=\"https:\/\/dioceseteixeiradefreitas.com.br\/wp-content\/uploads\/2024\/07\/WhatsApp-Image-2024-07-20-at-00.06.29-2-1024x768.jpeg\" alt=\"\" class=\"wp-image-22496\" srcset=\"https:\/\/dioceseteixeiradefreitas.com.br\/wp-content\/uploads\/2024\/07\/WhatsApp-Image-2024-07-20-at-00.06.29-2-1024x768.jpeg 1024w, https:\/\/dioceseteixeiradefreitas.com.br\/wp-content\/uploads\/2024\/07\/WhatsApp-Image-2024-07-20-at-00.06.29-2-300x225.jpeg 300w, https:\/\/dioceseteixeiradefreitas.com.br\/wp-content\/uploads\/2024\/07\/WhatsApp-Image-2024-07-20-at-00.06.29-2-768x576.jpeg 768w, https:\/\/dioceseteixeiradefreitas.com.br\/wp-content\/uploads\/2024\/07\/WhatsApp-Image-2024-07-20-at-00.06.29-2-1536x1152.jpeg 1536w, https:\/\/dioceseteixeiradefreitas.com.br\/wp-content\/uploads\/2024\/07\/WhatsApp-Image-2024-07-20-at-00.06.29-2-2048x1536.jpeg 2048w\" sizes=\"auto, (max-width: 1024px) 100vw, 1024px\" \/><\/a><\/figure>\n\n\n\n<p>Aconteceu durante os dias 08 e 17 de julho, em Porto Alegre\/RS, na Casa de retiro Vila Bet\u00e2nia, o retiro can\u00f4nico do clero da Diocese de Teixeira de Freitas\/ Caravelas, tendo como pregador convidado o bispo em\u00e9rito da Diocese de Montenegro\/RS, Dom Paulo Ant\u00f4nio de Conto.<\/p>\n\n\n\n<p>Durante os dias de retiro, o pregador buscou lan\u00e7ar luzes sobre o minist\u00e9rio e vida sacerdotal nas suas diversas dimens\u00f5es, sempre expondo casu\u00edsticas da vida pastoral. Dom Paulo deixou n\u00edtida sua preocupa\u00e7\u00e3o no verdadeiro cultivo de uma &#8220;Pastoral Presbiteral&#8221; entre os cl\u00e9rigos, sendo esta a miss\u00e3o de todos os que comp\u00f5em o presbit\u00e9rio, afinal, o sacerdote deve compreender-se &#8220;no presbit\u00e9rio&#8221; e &#8220;pelo presbit\u00e9rio&#8221;, tendo diante dos olhos e no cora\u00e7\u00e3o que \u00e9 chamado \u00e0 comunh\u00e3o.<\/p>\n\n\n\n<figure class=\"wp-block-image size-large\"><a href=\"https:\/\/dioceseteixeiradefreitas.com.br\/wp-content\/uploads\/2024\/07\/Imagem1.jpg\"><img loading=\"lazy\" decoding=\"async\" width=\"1024\" height=\"768\" src=\"https:\/\/dioceseteixeiradefreitas.com.br\/wp-content\/uploads\/2024\/07\/Imagem1-1024x768.jpg\" alt=\"\" class=\"wp-image-22453\" srcset=\"https:\/\/dioceseteixeiradefreitas.com.br\/wp-content\/uploads\/2024\/07\/Imagem1-1024x768.jpg 1024w, https:\/\/dioceseteixeiradefreitas.com.br\/wp-content\/uploads\/2024\/07\/Imagem1-300x225.jpg 300w, https:\/\/dioceseteixeiradefreitas.com.br\/wp-content\/uploads\/2024\/07\/Imagem1-768x576.jpg 768w, https:\/\/dioceseteixeiradefreitas.com.br\/wp-content\/uploads\/2024\/07\/Imagem1.jpg 1350w\" sizes=\"auto, (max-width: 1024px) 100vw, 1024px\" \/><\/a><\/figure>\n\n\n\n<p>O sacerdote tamb\u00e9m deve ser compreendido como aquele que est\u00e1 com o povo, mas adiante do povo. \u00c9 o sacerdote o elo entre Deus e os demais fieis, sendo miss\u00e3o intr\u00ednseca ao seu minist\u00e9rio o cultivo de uma verdadeira e fecunda intimidade com o Autor do seu chamado, tornando-o sempre mais apto ao Seu an\u00fancio. &nbsp;&nbsp;&nbsp;&nbsp;&nbsp;&nbsp;&nbsp;&nbsp;&nbsp;&nbsp;&nbsp; Ao final do retiro, Dom Jailton Lino agradeceu ao pregador, de modo que evidenciou seu bem querer por Dom Paulo, como um grande pai desde os tempos de seminarista. Al\u00e9m disso, Dom Jaime Spengler, Arcebispo de Porto Alegre e presidente da Confer\u00eancia Nacional dos Bispos do Brasil (CNBB), foi at\u00e9 a Casa de retiro reencontrar o amigo Dom Jailton e aproveitou para conhecer o clero presente, bem como, agradecer as doa\u00e7\u00f5es enviadas em prol dos mais necessitados que ainda se recuperam das recentes calamidades naturais em todo o estado do Rio Grande do Sul.<\/p>\n\n\n\n<figure class=\"wp-block-image size-large\"><a href=\"https:\/\/dioceseteixeiradefreitas.com.br\/wp-content\/uploads\/2024\/07\/Imagem2.jpg\"><img loading=\"lazy\" decoding=\"async\" width=\"1024\" height=\"608\" src=\"https:\/\/dioceseteixeiradefreitas.com.br\/wp-content\/uploads\/2024\/07\/Imagem2-1024x608.jpg\" alt=\"\" class=\"wp-image-22454\" srcset=\"https:\/\/dioceseteixeiradefreitas.com.br\/wp-content\/uploads\/2024\/07\/Imagem2-1024x608.jpg 1024w, https:\/\/dioceseteixeiradefreitas.com.br\/wp-content\/uploads\/2024\/07\/Imagem2-300x178.jpg 300w, https:\/\/dioceseteixeiradefreitas.com.br\/wp-content\/uploads\/2024\/07\/Imagem2-768x456.jpg 768w, https:\/\/dioceseteixeiradefreitas.com.br\/wp-content\/uploads\/2024\/07\/Imagem2.jpg 1350w\" sizes=\"auto, (max-width: 1024px) 100vw, 1024px\" \/><\/a><\/figure>\n\n\n\n<p>No S\u00e1bado, dia 13, todo o clero celebrou a Eucaristia junto ao Bispo Diocesano em a\u00e7\u00e3o de gra\u00e7as pelos 11 anos de vida sacerdotal dos padres Aldomiro Aciole, Jan Gabriel e Raul Felipe nas alturas do Santu\u00e1rio M\u00e3e de Deus, em Porto Alegre, sendo ele um importante marco da f\u00e9 no Brasil contempor\u00e2neo que, apesar de recente, reflete a grande f\u00e9 e devo\u00e7\u00e3o do povo ga\u00facho.<br>Ap\u00f3s a Santa Missa, todos seguiram para a serra ga\u00facha, em peregrina\u00e7\u00e3o at\u00e9 o Santu\u00e1rio de Nossa Senhora de Caravaggio, em Canela\/RS.<\/p>\n\n\n\n<figure class=\"wp-block-image size-large\"><a href=\"https:\/\/dioceseteixeiradefreitas.com.br\/wp-content\/uploads\/2024\/07\/Imagem3.jpg\"><img loading=\"lazy\" decoding=\"async\" width=\"1024\" height=\"768\" src=\"https:\/\/dioceseteixeiradefreitas.com.br\/wp-content\/uploads\/2024\/07\/Imagem3-1024x768.jpg\" alt=\"\" class=\"wp-image-22455\" srcset=\"https:\/\/dioceseteixeiradefreitas.com.br\/wp-content\/uploads\/2024\/07\/Imagem3-1024x768.jpg 1024w, https:\/\/dioceseteixeiradefreitas.com.br\/wp-content\/uploads\/2024\/07\/Imagem3-300x225.jpg 300w, https:\/\/dioceseteixeiradefreitas.com.br\/wp-content\/uploads\/2024\/07\/Imagem3-768x576.jpg 768w, https:\/\/dioceseteixeiradefreitas.com.br\/wp-content\/uploads\/2024\/07\/Imagem3.jpg 1125w\" sizes=\"auto, (max-width: 1024px) 100vw, 1024px\" \/><\/a><\/figure>\n\n\n\n<p>Os \u00faltimos dias do itiner\u00e1rio foram de peregrina\u00e7\u00f5es aos principais marcos religiosos, monumentos hist\u00f3ricos e culturais da regi\u00e3o em dias de sadio conv\u00edvio entre o clero, na qual todos puderam exercer a fraternidade sacerdotal, t\u00e3o motivada nas falas do pregador, Dom Paulo de Conto.<\/p>\n\n\n\n<p>&nbsp;&nbsp;&nbsp;&nbsp;&nbsp;&nbsp;&nbsp;&nbsp;&nbsp;&nbsp;&nbsp; Um dos epis\u00f3dios Marcantes foi a celebra\u00e7\u00e3o do primeiro anivers\u00e1rio sacerdotal do padre Kayo Campeche, que aconteceu com a celebra\u00e7\u00e3o da Santa Missa na Igreja Matriz de S\u00e3o Pedro, em Gramado\/RS.<\/p>\n\n\n\n<p>&nbsp;&nbsp;&nbsp;&nbsp;&nbsp;&nbsp;&nbsp;&nbsp;&nbsp;&nbsp;&nbsp; Em Farroupilha\/RS, Dom Jailton presidiu a Santa Missa no Santu\u00e1rio de Nossa Senhora do Caravaggio, sendo concelebrada por todo o clero diocesano, tendo como principal inten\u00e7\u00e3o o bom \u00eaxito das iniciativas de nossa diocese, bem como as inten\u00e7\u00f5es particulares de cada fiel, de cada uma das comunidades que formam a Diocese de Teixeira de Freitas\/Caravelas. Ocasi\u00e3o de grande alegria, pois foi nesse santu\u00e1rio onde o clero esteve presente seis anos atr\u00e1s presenciando a sagra\u00e7\u00e3o episcopal do seu Bispo Diocesano, Dom Jailton Lino, nosso pai e pastor. Ap\u00f3s a celebra\u00e7\u00e3o, todos foram acolhidos no Semin\u00e1rio Apost\u00f3lico Nossa Senhora do Caravaggio dos Pobres Servos da Divina Provid\u00eancia, onde aconteceu a profiss\u00e3o de F\u00e9 e juramento de fidelidade por parte dos di\u00e1conos e do seminarista David, como passo importante que antecede a ordena\u00e7\u00e3o.<\/p>\n\n\n\n<p>&nbsp;&nbsp;&nbsp;&nbsp;&nbsp;&nbsp;&nbsp;&nbsp;&nbsp;&nbsp;&nbsp; Louvamos a Deus por esse per\u00edodo de gra\u00e7as, pela vida e minist\u00e9rio de Dom Paulo de Conto que, bem como suplicamos todas as gra\u00e7as e b\u00ean\u00e7\u00e3o necess\u00e1rias ao nosso clero da Diocese de Teixeira de Freitas\/ Caravelas para que se aproximem constantemente da perfei\u00e7\u00e3o a que s\u00e3o chamados.<\/p>\n\n\n\n<figure class=\"wp-block-gallery has-nested-images columns-default is-cropped wp-block-gallery-1 is-layout-flex wp-block-gallery-is-layout-flex\">\n<figure class=\"wp-block-image size-large\"><a href=\"https:\/\/dioceseteixeiradefreitas.com.br\/wp-content\/uploads\/2024\/07\/WhatsApp-Image-2024-07-20-at-00.06.33-scaled.jpeg\"><img loading=\"lazy\" decoding=\"async\" width=\"1024\" height=\"768\" data-id=\"22497\" src=\"https:\/\/dioceseteixeiradefreitas.com.br\/wp-content\/uploads\/2024\/07\/WhatsApp-Image-2024-07-20-at-00.06.33-1024x768.jpeg\" alt=\"\" class=\"wp-image-22497\" srcset=\"https:\/\/dioceseteixeiradefreitas.com.br\/wp-content\/uploads\/2024\/07\/WhatsApp-Image-2024-07-20-at-00.06.33-1024x768.jpeg 1024w, https:\/\/dioceseteixeiradefreitas.com.br\/wp-content\/uploads\/2024\/07\/WhatsApp-Image-2024-07-20-at-00.06.33-300x225.jpeg 300w, https:\/\/dioceseteixeiradefreitas.com.br\/wp-content\/uploads\/2024\/07\/WhatsApp-Image-2024-07-20-at-00.06.33-768x576.jpeg 768w, https:\/\/dioceseteixeiradefreitas.com.br\/wp-content\/uploads\/2024\/07\/WhatsApp-Image-2024-07-20-at-00.06.33-1536x1152.jpeg 1536w, https:\/\/dioceseteixeiradefreitas.com.br\/wp-content\/uploads\/2024\/07\/WhatsApp-Image-2024-07-20-at-00.06.33-2048x1536.jpeg 2048w\" sizes=\"auto, (max-width: 1024px) 100vw, 1024px\" \/><\/a><\/figure>\n\n\n\n<figure class=\"wp-block-image size-large\"><a href=\"https:\/\/dioceseteixeiradefreitas.com.br\/wp-content\/uploads\/2024\/07\/WhatsApp-Image-2024-07-20-at-00.06.32-2-scaled.jpeg\"><img loading=\"lazy\" decoding=\"async\" width=\"1024\" height=\"768\" data-id=\"22486\" src=\"https:\/\/dioceseteixeiradefreitas.com.br\/wp-content\/uploads\/2024\/07\/WhatsApp-Image-2024-07-20-at-00.06.32-2-1024x768.jpeg\" alt=\"\" class=\"wp-image-22486\" srcset=\"https:\/\/dioceseteixeiradefreitas.com.br\/wp-content\/uploads\/2024\/07\/WhatsApp-Image-2024-07-20-at-00.06.32-2-1024x768.jpeg 1024w, https:\/\/dioceseteixeiradefreitas.com.br\/wp-content\/uploads\/2024\/07\/WhatsApp-Image-2024-07-20-at-00.06.32-2-300x225.jpeg 300w, https:\/\/dioceseteixeiradefreitas.com.br\/wp-content\/uploads\/2024\/07\/WhatsApp-Image-2024-07-20-at-00.06.32-2-768x576.jpeg 768w, https:\/\/dioceseteixeiradefreitas.com.br\/wp-content\/uploads\/2024\/07\/WhatsApp-Image-2024-07-20-at-00.06.32-2-1536x1152.jpeg 1536w, https:\/\/dioceseteixeiradefreitas.com.br\/wp-content\/uploads\/2024\/07\/WhatsApp-Image-2024-07-20-at-00.06.32-2-2048x1536.jpeg 2048w\" sizes=\"auto, (max-width: 1024px) 100vw, 1024px\" \/><\/a><\/figure>\n\n\n\n<figure class=\"wp-block-image size-large\"><a href=\"https:\/\/dioceseteixeiradefreitas.com.br\/wp-content\/uploads\/2024\/07\/WhatsApp-Image-2024-07-20-at-00.06.32-1-scaled.jpeg\"><img loading=\"lazy\" decoding=\"async\" width=\"1024\" height=\"768\" data-id=\"22478\" src=\"https:\/\/dioceseteixeiradefreitas.com.br\/wp-content\/uploads\/2024\/07\/WhatsApp-Image-2024-07-20-at-00.06.32-1-1024x768.jpeg\" alt=\"\" class=\"wp-image-22478\" srcset=\"https:\/\/dioceseteixeiradefreitas.com.br\/wp-content\/uploads\/2024\/07\/WhatsApp-Image-2024-07-20-at-00.06.32-1-1024x768.jpeg 1024w, https:\/\/dioceseteixeiradefreitas.com.br\/wp-content\/uploads\/2024\/07\/WhatsApp-Image-2024-07-20-at-00.06.32-1-300x225.jpeg 300w, https:\/\/dioceseteixeiradefreitas.com.br\/wp-content\/uploads\/2024\/07\/WhatsApp-Image-2024-07-20-at-00.06.32-1-768x576.jpeg 768w, https:\/\/dioceseteixeiradefreitas.com.br\/wp-content\/uploads\/2024\/07\/WhatsApp-Image-2024-07-20-at-00.06.32-1-1536x1152.jpeg 1536w, https:\/\/dioceseteixeiradefreitas.com.br\/wp-content\/uploads\/2024\/07\/WhatsApp-Image-2024-07-20-at-00.06.32-1-2048x1536.jpeg 2048w\" sizes=\"auto, (max-width: 1024px) 100vw, 1024px\" \/><\/a><\/figure>\n\n\n\n<figure class=\"wp-block-image size-large\"><a href=\"https:\/\/dioceseteixeiradefreitas.com.br\/wp-content\/uploads\/2024\/07\/WhatsApp-Image-2024-07-20-at-00.06.32-scaled.jpeg\"><img loading=\"lazy\" decoding=\"async\" width=\"1024\" height=\"768\" data-id=\"22458\" src=\"https:\/\/dioceseteixeiradefreitas.com.br\/wp-content\/uploads\/2024\/07\/WhatsApp-Image-2024-07-20-at-00.06.32-1024x768.jpeg\" alt=\"\" class=\"wp-image-22458\" srcset=\"https:\/\/dioceseteixeiradefreitas.com.br\/wp-content\/uploads\/2024\/07\/WhatsApp-Image-2024-07-20-at-00.06.32-1024x768.jpeg 1024w, https:\/\/dioceseteixeiradefreitas.com.br\/wp-content\/uploads\/2024\/07\/WhatsApp-Image-2024-07-20-at-00.06.32-300x225.jpeg 300w, https:\/\/dioceseteixeiradefreitas.com.br\/wp-content\/uploads\/2024\/07\/WhatsApp-Image-2024-07-20-at-00.06.32-768x576.jpeg 768w, https:\/\/dioceseteixeiradefreitas.com.br\/wp-content\/uploads\/2024\/07\/WhatsApp-Image-2024-07-20-at-00.06.32-1536x1152.jpeg 1536w, https:\/\/dioceseteixeiradefreitas.com.br\/wp-content\/uploads\/2024\/07\/WhatsApp-Image-2024-07-20-at-00.06.32-2048x1536.jpeg 2048w\" sizes=\"auto, (max-width: 1024px) 100vw, 1024px\" \/><\/a><\/figure>\n\n\n\n<figure class=\"wp-block-image size-large\"><a href=\"https:\/\/dioceseteixeiradefreitas.com.br\/wp-content\/uploads\/2024\/07\/WhatsApp-Image-2024-07-20-at-00.06.31-1-scaled.jpeg\"><img loading=\"lazy\" decoding=\"async\" width=\"1024\" height=\"768\" data-id=\"22490\" src=\"https:\/\/dioceseteixeiradefreitas.com.br\/wp-content\/uploads\/2024\/07\/WhatsApp-Image-2024-07-20-at-00.06.31-1-1024x768.jpeg\" alt=\"\" class=\"wp-image-22490\" srcset=\"https:\/\/dioceseteixeiradefreitas.com.br\/wp-content\/uploads\/2024\/07\/WhatsApp-Image-2024-07-20-at-00.06.31-1-1024x768.jpeg 1024w, https:\/\/dioceseteixeiradefreitas.com.br\/wp-content\/uploads\/2024\/07\/WhatsApp-Image-2024-07-20-at-00.06.31-1-300x225.jpeg 300w, https:\/\/dioceseteixeiradefreitas.com.br\/wp-content\/uploads\/2024\/07\/WhatsApp-Image-2024-07-20-at-00.06.31-1-768x576.jpeg 768w, https:\/\/dioceseteixeiradefreitas.com.br\/wp-content\/uploads\/2024\/07\/WhatsApp-Image-2024-07-20-at-00.06.31-1-1536x1152.jpeg 1536w, https:\/\/dioceseteixeiradefreitas.com.br\/wp-content\/uploads\/2024\/07\/WhatsApp-Image-2024-07-20-at-00.06.31-1-2048x1536.jpeg 2048w\" sizes=\"auto, (max-width: 1024px) 100vw, 1024px\" \/><\/a><\/figure>\n\n\n\n<figure class=\"wp-block-image size-large\"><a href=\"https:\/\/dioceseteixeiradefreitas.com.br\/wp-content\/uploads\/2024\/07\/WhatsApp-Image-2024-07-20-at-00.06.31-scaled.jpeg\"><img loading=\"lazy\" decoding=\"async\" width=\"1024\" height=\"768\" data-id=\"22467\" src=\"https:\/\/dioceseteixeiradefreitas.com.br\/wp-content\/uploads\/2024\/07\/WhatsApp-Image-2024-07-20-at-00.06.31-1024x768.jpeg\" alt=\"\" class=\"wp-image-22467\" srcset=\"https:\/\/dioceseteixeiradefreitas.com.br\/wp-content\/uploads\/2024\/07\/WhatsApp-Image-2024-07-20-at-00.06.31-1024x768.jpeg 1024w, https:\/\/dioceseteixeiradefreitas.com.br\/wp-content\/uploads\/2024\/07\/WhatsApp-Image-2024-07-20-at-00.06.31-300x225.jpeg 300w, https:\/\/dioceseteixeiradefreitas.com.br\/wp-content\/uploads\/2024\/07\/WhatsApp-Image-2024-07-20-at-00.06.31-768x576.jpeg 768w, https:\/\/dioceseteixeiradefreitas.com.br\/wp-content\/uploads\/2024\/07\/WhatsApp-Image-2024-07-20-at-00.06.31-1536x1152.jpeg 1536w, https:\/\/dioceseteixeiradefreitas.com.br\/wp-content\/uploads\/2024\/07\/WhatsApp-Image-2024-07-20-at-00.06.31-2048x1536.jpeg 2048w\" sizes=\"auto, (max-width: 1024px) 100vw, 1024px\" \/><\/a><\/figure>\n\n\n\n<figure class=\"wp-block-image size-large\"><a href=\"https:\/\/dioceseteixeiradefreitas.com.br\/wp-content\/uploads\/2024\/07\/WhatsApp-Image-2024-07-20-at-00.06.30-3-scaled.jpeg\"><img loading=\"lazy\" decoding=\"async\" width=\"1024\" height=\"768\" data-id=\"22464\" src=\"https:\/\/dioceseteixeiradefreitas.com.br\/wp-content\/uploads\/2024\/07\/WhatsApp-Image-2024-07-20-at-00.06.30-3-1024x768.jpeg\" alt=\"\" class=\"wp-image-22464\" srcset=\"https:\/\/dioceseteixeiradefreitas.com.br\/wp-content\/uploads\/2024\/07\/WhatsApp-Image-2024-07-20-at-00.06.30-3-1024x768.jpeg 1024w, https:\/\/dioceseteixeiradefreitas.com.br\/wp-content\/uploads\/2024\/07\/WhatsApp-Image-2024-07-20-at-00.06.30-3-300x225.jpeg 300w, https:\/\/dioceseteixeiradefreitas.com.br\/wp-content\/uploads\/2024\/07\/WhatsApp-Image-2024-07-20-at-00.06.30-3-768x576.jpeg 768w, https:\/\/dioceseteixeiradefreitas.com.br\/wp-content\/uploads\/2024\/07\/WhatsApp-Image-2024-07-20-at-00.06.30-3-1536x1152.jpeg 1536w, https:\/\/dioceseteixeiradefreitas.com.br\/wp-content\/uploads\/2024\/07\/WhatsApp-Image-2024-07-20-at-00.06.30-3-2048x1536.jpeg 2048w\" sizes=\"auto, (max-width: 1024px) 100vw, 1024px\" \/><\/a><\/figure>\n\n\n\n<figure class=\"wp-block-image size-large\"><a href=\"https:\/\/dioceseteixeiradefreitas.com.br\/wp-content\/uploads\/2024\/07\/WhatsApp-Image-2024-07-20-at-00.06.30-2-scaled.jpeg\"><img loading=\"lazy\" decoding=\"async\" width=\"1024\" height=\"768\" data-id=\"22482\" src=\"https:\/\/dioceseteixeiradefreitas.com.br\/wp-content\/uploads\/2024\/07\/WhatsApp-Image-2024-07-20-at-00.06.30-2-1024x768.jpeg\" alt=\"\" class=\"wp-image-22482\" srcset=\"https:\/\/dioceseteixeiradefreitas.com.br\/wp-content\/uploads\/2024\/07\/WhatsApp-Image-2024-07-20-at-00.06.30-2-1024x768.jpeg 1024w, https:\/\/dioceseteixeiradefreitas.com.br\/wp-content\/uploads\/2024\/07\/WhatsApp-Image-2024-07-20-at-00.06.30-2-300x225.jpeg 300w, https:\/\/dioceseteixeiradefreitas.com.br\/wp-content\/uploads\/2024\/07\/WhatsApp-Image-2024-07-20-at-00.06.30-2-768x576.jpeg 768w, https:\/\/dioceseteixeiradefreitas.com.br\/wp-content\/uploads\/2024\/07\/WhatsApp-Image-2024-07-20-at-00.06.30-2-1536x1152.jpeg 1536w, https:\/\/dioceseteixeiradefreitas.com.br\/wp-content\/uploads\/2024\/07\/WhatsApp-Image-2024-07-20-at-00.06.30-2-2048x1536.jpeg 2048w\" sizes=\"auto, (max-width: 1024px) 100vw, 1024px\" \/><\/a><\/figure>\n\n\n\n<figure class=\"wp-block-image size-large\"><a href=\"https:\/\/dioceseteixeiradefreitas.com.br\/wp-content\/uploads\/2024\/07\/WhatsApp-Image-2024-07-20-at-00.06.30-1-scaled.jpeg\"><img loading=\"lazy\" decoding=\"async\" width=\"1024\" height=\"768\" data-id=\"22483\" src=\"https:\/\/dioceseteixeiradefreitas.com.br\/wp-content\/uploads\/2024\/07\/WhatsApp-Image-2024-07-20-at-00.06.30-1-1024x768.jpeg\" alt=\"\" class=\"wp-image-22483\" srcset=\"https:\/\/dioceseteixeiradefreitas.com.br\/wp-content\/uploads\/2024\/07\/WhatsApp-Image-2024-07-20-at-00.06.30-1-1024x768.jpeg 1024w, https:\/\/dioceseteixeiradefreitas.com.br\/wp-content\/uploads\/2024\/07\/WhatsApp-Image-2024-07-20-at-00.06.30-1-300x225.jpeg 300w, https:\/\/dioceseteixeiradefreitas.com.br\/wp-content\/uploads\/2024\/07\/WhatsApp-Image-2024-07-20-at-00.06.30-1-768x576.jpeg 768w, https:\/\/dioceseteixeiradefreitas.com.br\/wp-content\/uploads\/2024\/07\/WhatsApp-Image-2024-07-20-at-00.06.30-1-1536x1152.jpeg 1536w, https:\/\/dioceseteixeiradefreitas.com.br\/wp-content\/uploads\/2024\/07\/WhatsApp-Image-2024-07-20-at-00.06.30-1-2048x1536.jpeg 2048w\" sizes=\"auto, (max-width: 1024px) 100vw, 1024px\" \/><\/a><\/figure>\n\n\n\n<figure class=\"wp-block-image size-large\"><a href=\"https:\/\/dioceseteixeiradefreitas.com.br\/wp-content\/uploads\/2024\/07\/WhatsApp-Image-2024-07-20-at-00.06.30-scaled.jpeg\"><img loading=\"lazy\" decoding=\"async\" width=\"1024\" height=\"768\" data-id=\"22489\" src=\"https:\/\/dioceseteixeiradefreitas.com.br\/wp-content\/uploads\/2024\/07\/WhatsApp-Image-2024-07-20-at-00.06.30-1024x768.jpeg\" alt=\"\" class=\"wp-image-22489\" srcset=\"https:\/\/dioceseteixeiradefreitas.com.br\/wp-content\/uploads\/2024\/07\/WhatsApp-Image-2024-07-20-at-00.06.30-1024x768.jpeg 1024w, https:\/\/dioceseteixeiradefreitas.com.br\/wp-content\/uploads\/2024\/07\/WhatsApp-Image-2024-07-20-at-00.06.30-300x225.jpeg 300w, https:\/\/dioceseteixeiradefreitas.com.br\/wp-content\/uploads\/2024\/07\/WhatsApp-Image-2024-07-20-at-00.06.30-768x576.jpeg 768w, https:\/\/dioceseteixeiradefreitas.com.br\/wp-content\/uploads\/2024\/07\/WhatsApp-Image-2024-07-20-at-00.06.30-1536x1152.jpeg 1536w, https:\/\/dioceseteixeiradefreitas.com.br\/wp-content\/uploads\/2024\/07\/WhatsApp-Image-2024-07-20-at-00.06.30-2048x1536.jpeg 2048w\" sizes=\"auto, (max-width: 1024px) 100vw, 1024px\" \/><\/a><\/figure>\n\n\n\n<figure class=\"wp-block-image\"><img decoding=\"async\" src=\"blob:https:\/\/dioceseteixeiradefreitas.com.br\/030cc342-bc65-44b8-9650-254a6937a569\" alt=\"\"\/><\/figure>\n\n\n\n<figure class=\"wp-block-image size-large\"><a href=\"https:\/\/dioceseteixeiradefreitas.com.br\/wp-content\/uploads\/2024\/07\/WhatsApp-Image-2024-07-20-at-00.06.29-1-scaled.jpeg\"><img loading=\"lazy\" decoding=\"async\" width=\"1024\" height=\"768\" data-id=\"22488\" src=\"https:\/\/dioceseteixeiradefreitas.com.br\/wp-content\/uploads\/2024\/07\/WhatsApp-Image-2024-07-20-at-00.06.29-1-1024x768.jpeg\" alt=\"\" class=\"wp-image-22488\" srcset=\"https:\/\/dioceseteixeiradefreitas.com.br\/wp-content\/uploads\/2024\/07\/WhatsApp-Image-2024-07-20-at-00.06.29-1-1024x768.jpeg 1024w, https:\/\/dioceseteixeiradefreitas.com.br\/wp-content\/uploads\/2024\/07\/WhatsApp-Image-2024-07-20-at-00.06.29-1-300x225.jpeg 300w, https:\/\/dioceseteixeiradefreitas.com.br\/wp-content\/uploads\/2024\/07\/WhatsApp-Image-2024-07-20-at-00.06.29-1-768x576.jpeg 768w, https:\/\/dioceseteixeiradefreitas.com.br\/wp-content\/uploads\/2024\/07\/WhatsApp-Image-2024-07-20-at-00.06.29-1-1536x1152.jpeg 1536w, https:\/\/dioceseteixeiradefreitas.com.br\/wp-content\/uploads\/2024\/07\/WhatsApp-Image-2024-07-20-at-00.06.29-1-2048x1536.jpeg 2048w\" sizes=\"auto, (max-width: 1024px) 100vw, 1024px\" \/><\/a><\/figure>\n\n\n\n<figure class=\"wp-block-image size-large\"><a href=\"https:\/\/dioceseteixeiradefreitas.com.br\/wp-content\/uploads\/2024\/07\/WhatsApp-Image-2024-07-20-at-00.06.29-scaled.jpeg\"><img loading=\"lazy\" decoding=\"async\" width=\"1024\" height=\"768\" data-id=\"22459\" src=\"https:\/\/dioceseteixeiradefreitas.com.br\/wp-content\/uploads\/2024\/07\/WhatsApp-Image-2024-07-20-at-00.06.29-1024x768.jpeg\" alt=\"\" class=\"wp-image-22459\" srcset=\"https:\/\/dioceseteixeiradefreitas.com.br\/wp-content\/uploads\/2024\/07\/WhatsApp-Image-2024-07-20-at-00.06.29-1024x768.jpeg 1024w, https:\/\/dioceseteixeiradefreitas.com.br\/wp-content\/uploads\/2024\/07\/WhatsApp-Image-2024-07-20-at-00.06.29-300x225.jpeg 300w, https:\/\/dioceseteixeiradefreitas.com.br\/wp-content\/uploads\/2024\/07\/WhatsApp-Image-2024-07-20-at-00.06.29-768x576.jpeg 768w, https:\/\/dioceseteixeiradefreitas.com.br\/wp-content\/uploads\/2024\/07\/WhatsApp-Image-2024-07-20-at-00.06.29-1536x1152.jpeg 1536w, https:\/\/dioceseteixeiradefreitas.com.br\/wp-content\/uploads\/2024\/07\/WhatsApp-Image-2024-07-20-at-00.06.29-2048x1536.jpeg 2048w\" sizes=\"auto, (max-width: 1024px) 100vw, 1024px\" \/><\/a><\/figure>\n\n\n\n<figure class=\"wp-block-image size-large\"><a href=\"https:\/\/dioceseteixeiradefreitas.com.br\/wp-content\/uploads\/2024\/07\/WhatsApp-Image-2024-07-20-at-00.06.28-3-scaled.jpeg\"><img loading=\"lazy\" decoding=\"async\" width=\"1024\" height=\"768\" data-id=\"22487\" src=\"https:\/\/dioceseteixeiradefreitas.com.br\/wp-content\/uploads\/2024\/07\/WhatsApp-Image-2024-07-20-at-00.06.28-3-1024x768.jpeg\" alt=\"\" class=\"wp-image-22487\" srcset=\"https:\/\/dioceseteixeiradefreitas.com.br\/wp-content\/uploads\/2024\/07\/WhatsApp-Image-2024-07-20-at-00.06.28-3-1024x768.jpeg 1024w, https:\/\/dioceseteixeiradefreitas.com.br\/wp-content\/uploads\/2024\/07\/WhatsApp-Image-2024-07-20-at-00.06.28-3-300x225.jpeg 300w, https:\/\/dioceseteixeiradefreitas.com.br\/wp-content\/uploads\/2024\/07\/WhatsApp-Image-2024-07-20-at-00.06.28-3-768x576.jpeg 768w, https:\/\/dioceseteixeiradefreitas.com.br\/wp-content\/uploads\/2024\/07\/WhatsApp-Image-2024-07-20-at-00.06.28-3-1536x1152.jpeg 1536w, https:\/\/dioceseteixeiradefreitas.com.br\/wp-content\/uploads\/2024\/07\/WhatsApp-Image-2024-07-20-at-00.06.28-3-2048x1536.jpeg 2048w\" sizes=\"auto, (max-width: 1024px) 100vw, 1024px\" \/><\/a><\/figure>\n\n\n\n<figure class=\"wp-block-image size-large\"><a href=\"https:\/\/dioceseteixeiradefreitas.com.br\/wp-content\/uploads\/2024\/07\/WhatsApp-Image-2024-07-20-at-00.06.28-2-scaled.jpeg\"><img loading=\"lazy\" decoding=\"async\" width=\"1024\" height=\"768\" data-id=\"22462\" src=\"https:\/\/dioceseteixeiradefreitas.com.br\/wp-content\/uploads\/2024\/07\/WhatsApp-Image-2024-07-20-at-00.06.28-2-1024x768.jpeg\" alt=\"\" class=\"wp-image-22462\" srcset=\"https:\/\/dioceseteixeiradefreitas.com.br\/wp-content\/uploads\/2024\/07\/WhatsApp-Image-2024-07-20-at-00.06.28-2-1024x768.jpeg 1024w, https:\/\/dioceseteixeiradefreitas.com.br\/wp-content\/uploads\/2024\/07\/WhatsApp-Image-2024-07-20-at-00.06.28-2-300x225.jpeg 300w, https:\/\/dioceseteixeiradefreitas.com.br\/wp-content\/uploads\/2024\/07\/WhatsApp-Image-2024-07-20-at-00.06.28-2-768x576.jpeg 768w, https:\/\/dioceseteixeiradefreitas.com.br\/wp-content\/uploads\/2024\/07\/WhatsApp-Image-2024-07-20-at-00.06.28-2-1536x1152.jpeg 1536w, https:\/\/dioceseteixeiradefreitas.com.br\/wp-content\/uploads\/2024\/07\/WhatsApp-Image-2024-07-20-at-00.06.28-2-2048x1536.jpeg 2048w\" sizes=\"auto, (max-width: 1024px) 100vw, 1024px\" \/><\/a><\/figure>\n\n\n\n<figure class=\"wp-block-image size-large\"><a href=\"https:\/\/dioceseteixeiradefreitas.com.br\/wp-content\/uploads\/2024\/07\/WhatsApp-Image-2024-07-20-at-00.06.28-1-scaled.jpeg\"><img loading=\"lazy\" decoding=\"async\" width=\"1024\" height=\"768\" data-id=\"22465\" src=\"https:\/\/dioceseteixeiradefreitas.com.br\/wp-content\/uploads\/2024\/07\/WhatsApp-Image-2024-07-20-at-00.06.28-1-1024x768.jpeg\" alt=\"\" class=\"wp-image-22465\" srcset=\"https:\/\/dioceseteixeiradefreitas.com.br\/wp-content\/uploads\/2024\/07\/WhatsApp-Image-2024-07-20-at-00.06.28-1-1024x768.jpeg 1024w, https:\/\/dioceseteixeiradefreitas.com.br\/wp-content\/uploads\/2024\/07\/WhatsApp-Image-2024-07-20-at-00.06.28-1-300x225.jpeg 300w, https:\/\/dioceseteixeiradefreitas.com.br\/wp-content\/uploads\/2024\/07\/WhatsApp-Image-2024-07-20-at-00.06.28-1-768x576.jpeg 768w, https:\/\/dioceseteixeiradefreitas.com.br\/wp-content\/uploads\/2024\/07\/WhatsApp-Image-2024-07-20-at-00.06.28-1-1536x1152.jpeg 1536w, https:\/\/dioceseteixeiradefreitas.com.br\/wp-content\/uploads\/2024\/07\/WhatsApp-Image-2024-07-20-at-00.06.28-1-2048x1536.jpeg 2048w\" sizes=\"auto, (max-width: 1024px) 100vw, 1024px\" \/><\/a><\/figure>\n\n\n\n<figure class=\"wp-block-image size-large\"><a href=\"https:\/\/dioceseteixeiradefreitas.com.br\/wp-content\/uploads\/2024\/07\/WhatsApp-Image-2024-07-20-at-00.06.28-scaled.jpeg\"><img loading=\"lazy\" decoding=\"async\" width=\"1024\" height=\"768\" data-id=\"22468\" src=\"https:\/\/dioceseteixeiradefreitas.com.br\/wp-content\/uploads\/2024\/07\/WhatsApp-Image-2024-07-20-at-00.06.28-1024x768.jpeg\" alt=\"\" class=\"wp-image-22468\" srcset=\"https:\/\/dioceseteixeiradefreitas.com.br\/wp-content\/uploads\/2024\/07\/WhatsApp-Image-2024-07-20-at-00.06.28-1024x768.jpeg 1024w, https:\/\/dioceseteixeiradefreitas.com.br\/wp-content\/uploads\/2024\/07\/WhatsApp-Image-2024-07-20-at-00.06.28-300x225.jpeg 300w, https:\/\/dioceseteixeiradefreitas.com.br\/wp-content\/uploads\/2024\/07\/WhatsApp-Image-2024-07-20-at-00.06.28-768x576.jpeg 768w, https:\/\/dioceseteixeiradefreitas.com.br\/wp-content\/uploads\/2024\/07\/WhatsApp-Image-2024-07-20-at-00.06.28-1536x1152.jpeg 1536w, https:\/\/dioceseteixeiradefreitas.com.br\/wp-content\/uploads\/2024\/07\/WhatsApp-Image-2024-07-20-at-00.06.28-2048x1536.jpeg 2048w\" sizes=\"auto, (max-width: 1024px) 100vw, 1024px\" \/><\/a><\/figure>\n\n\n\n<figure class=\"wp-block-image size-large\"><a href=\"https:\/\/dioceseteixeiradefreitas.com.br\/wp-content\/uploads\/2024\/07\/WhatsApp-Image-2024-07-20-at-00.06.27-scaled.jpeg\"><img loading=\"lazy\" decoding=\"async\" width=\"1024\" height=\"768\" data-id=\"22479\" src=\"https:\/\/dioceseteixeiradefreitas.com.br\/wp-content\/uploads\/2024\/07\/WhatsApp-Image-2024-07-20-at-00.06.27-1024x768.jpeg\" alt=\"\" class=\"wp-image-22479\" srcset=\"https:\/\/dioceseteixeiradefreitas.com.br\/wp-content\/uploads\/2024\/07\/WhatsApp-Image-2024-07-20-at-00.06.27-1024x768.jpeg 1024w, https:\/\/dioceseteixeiradefreitas.com.br\/wp-content\/uploads\/2024\/07\/WhatsApp-Image-2024-07-20-at-00.06.27-300x225.jpeg 300w, https:\/\/dioceseteixeiradefreitas.com.br\/wp-content\/uploads\/2024\/07\/WhatsApp-Image-2024-07-20-at-00.06.27-768x576.jpeg 768w, https:\/\/dioceseteixeiradefreitas.com.br\/wp-content\/uploads\/2024\/07\/WhatsApp-Image-2024-07-20-at-00.06.27-1536x1152.jpeg 1536w, https:\/\/dioceseteixeiradefreitas.com.br\/wp-content\/uploads\/2024\/07\/WhatsApp-Image-2024-07-20-at-00.06.27-2048x1536.jpeg 2048w\" sizes=\"auto, (max-width: 1024px) 100vw, 1024px\" \/><\/a><\/figure>\n\n\n\n<figure class=\"wp-block-image size-large\"><a href=\"https:\/\/dioceseteixeiradefreitas.com.br\/wp-content\/uploads\/2024\/07\/WhatsApp-Image-2024-07-20-at-00.06.26-scaled.jpeg\"><img loading=\"lazy\" decoding=\"async\" width=\"768\" height=\"1024\" data-id=\"22456\" src=\"https:\/\/dioceseteixeiradefreitas.com.br\/wp-content\/uploads\/2024\/07\/WhatsApp-Image-2024-07-20-at-00.06.26-768x1024.jpeg\" alt=\"\" class=\"wp-image-22456\" srcset=\"https:\/\/dioceseteixeiradefreitas.com.br\/wp-content\/uploads\/2024\/07\/WhatsApp-Image-2024-07-20-at-00.06.26-768x1024.jpeg 768w, https:\/\/dioceseteixeiradefreitas.com.br\/wp-content\/uploads\/2024\/07\/WhatsApp-Image-2024-07-20-at-00.06.26-225x300.jpeg 225w, https:\/\/dioceseteixeiradefreitas.com.br\/wp-content\/uploads\/2024\/07\/WhatsApp-Image-2024-07-20-at-00.06.26-1152x1536.jpeg 1152w, https:\/\/dioceseteixeiradefreitas.com.br\/wp-content\/uploads\/2024\/07\/WhatsApp-Image-2024-07-20-at-00.06.26-1536x2048.jpeg 1536w, https:\/\/dioceseteixeiradefreitas.com.br\/wp-content\/uploads\/2024\/07\/WhatsApp-Image-2024-07-20-at-00.06.26-scaled.jpeg 1920w\" sizes=\"auto, (max-width: 768px) 100vw, 768px\" \/><\/a><\/figure>\n\n\n\n<figure class=\"wp-block-image size-large\"><a href=\"https:\/\/dioceseteixeiradefreitas.com.br\/wp-content\/uploads\/2024\/07\/WhatsApp-Image-2024-07-20-at-00.06.25-scaled.jpeg\"><img loading=\"lazy\" decoding=\"async\" width=\"1024\" height=\"768\" data-id=\"22460\" src=\"https:\/\/dioceseteixeiradefreitas.com.br\/wp-content\/uploads\/2024\/07\/WhatsApp-Image-2024-07-20-at-00.06.25-1024x768.jpeg\" alt=\"\" class=\"wp-image-22460\" srcset=\"https:\/\/dioceseteixeiradefreitas.com.br\/wp-content\/uploads\/2024\/07\/WhatsApp-Image-2024-07-20-at-00.06.25-1024x768.jpeg 1024w, https:\/\/dioceseteixeiradefreitas.com.br\/wp-content\/uploads\/2024\/07\/WhatsApp-Image-2024-07-20-at-00.06.25-300x225.jpeg 300w, https:\/\/dioceseteixeiradefreitas.com.br\/wp-content\/uploads\/2024\/07\/WhatsApp-Image-2024-07-20-at-00.06.25-768x576.jpeg 768w, https:\/\/dioceseteixeiradefreitas.com.br\/wp-content\/uploads\/2024\/07\/WhatsApp-Image-2024-07-20-at-00.06.25-1536x1152.jpeg 1536w, https:\/\/dioceseteixeiradefreitas.com.br\/wp-content\/uploads\/2024\/07\/WhatsApp-Image-2024-07-20-at-00.06.25-2048x1536.jpeg 2048w\" sizes=\"auto, (max-width: 1024px) 100vw, 1024px\" \/><\/a><\/figure>\n\n\n\n<figure class=\"wp-block-image size-large\"><a href=\"https:\/\/dioceseteixeiradefreitas.com.br\/wp-content\/uploads\/2024\/07\/WhatsApp-Image-2024-07-20-at-00.03.34-scaled.jpeg\"><img loading=\"lazy\" decoding=\"async\" width=\"1024\" height=\"768\" data-id=\"22471\" src=\"https:\/\/dioceseteixeiradefreitas.com.br\/wp-content\/uploads\/2024\/07\/WhatsApp-Image-2024-07-20-at-00.03.34-1024x768.jpeg\" alt=\"\" class=\"wp-image-22471\" srcset=\"https:\/\/dioceseteixeiradefreitas.com.br\/wp-content\/uploads\/2024\/07\/WhatsApp-Image-2024-07-20-at-00.03.34-1024x768.jpeg 1024w, https:\/\/dioceseteixeiradefreitas.com.br\/wp-content\/uploads\/2024\/07\/WhatsApp-Image-2024-07-20-at-00.03.34-300x225.jpeg 300w, https:\/\/dioceseteixeiradefreitas.com.br\/wp-content\/uploads\/2024\/07\/WhatsApp-Image-2024-07-20-at-00.03.34-768x576.jpeg 768w, https:\/\/dioceseteixeiradefreitas.com.br\/wp-content\/uploads\/2024\/07\/WhatsApp-Image-2024-07-20-at-00.03.34-1536x1152.jpeg 1536w, https:\/\/dioceseteixeiradefreitas.com.br\/wp-content\/uploads\/2024\/07\/WhatsApp-Image-2024-07-20-at-00.03.34-2048x1536.jpeg 2048w\" sizes=\"auto, (max-width: 1024px) 100vw, 1024px\" \/><\/a><\/figure>\n\n\n\n<figure class=\"wp-block-image size-large\"><a href=\"https:\/\/dioceseteixeiradefreitas.com.br\/wp-content\/uploads\/2024\/07\/WhatsApp-Image-2024-07-20-at-00.03.33-2-scaled.jpeg\"><img loading=\"lazy\" decoding=\"async\" width=\"1024\" height=\"768\" data-id=\"22493\" src=\"https:\/\/dioceseteixeiradefreitas.com.br\/wp-content\/uploads\/2024\/07\/WhatsApp-Image-2024-07-20-at-00.03.33-2-1024x768.jpeg\" alt=\"\" class=\"wp-image-22493\" srcset=\"https:\/\/dioceseteixeiradefreitas.com.br\/wp-content\/uploads\/2024\/07\/WhatsApp-Image-2024-07-20-at-00.03.33-2-1024x768.jpeg 1024w, https:\/\/dioceseteixeiradefreitas.com.br\/wp-content\/uploads\/2024\/07\/WhatsApp-Image-2024-07-20-at-00.03.33-2-300x225.jpeg 300w, https:\/\/dioceseteixeiradefreitas.com.br\/wp-content\/uploads\/2024\/07\/WhatsApp-Image-2024-07-20-at-00.03.33-2-768x576.jpeg 768w, https:\/\/dioceseteixeiradefreitas.com.br\/wp-content\/uploads\/2024\/07\/WhatsApp-Image-2024-07-20-at-00.03.33-2-1536x1152.jpeg 1536w, https:\/\/dioceseteixeiradefreitas.com.br\/wp-content\/uploads\/2024\/07\/WhatsApp-Image-2024-07-20-at-00.03.33-2-2048x1536.jpeg 2048w\" sizes=\"auto, (max-width: 1024px) 100vw, 1024px\" \/><\/a><\/figure>\n\n\n\n<figure class=\"wp-block-image size-large\"><a href=\"https:\/\/dioceseteixeiradefreitas.com.br\/wp-content\/uploads\/2024\/07\/WhatsApp-Image-2024-07-20-at-00.03.33-1-scaled.jpeg\"><img loading=\"lazy\" decoding=\"async\" width=\"768\" height=\"1024\" data-id=\"22477\" src=\"https:\/\/dioceseteixeiradefreitas.com.br\/wp-content\/uploads\/2024\/07\/WhatsApp-Image-2024-07-20-at-00.03.33-1-768x1024.jpeg\" alt=\"\" class=\"wp-image-22477\" srcset=\"https:\/\/dioceseteixeiradefreitas.com.br\/wp-content\/uploads\/2024\/07\/WhatsApp-Image-2024-07-20-at-00.03.33-1-768x1024.jpeg 768w, https:\/\/dioceseteixeiradefreitas.com.br\/wp-content\/uploads\/2024\/07\/WhatsApp-Image-2024-07-20-at-00.03.33-1-225x300.jpeg 225w, https:\/\/dioceseteixeiradefreitas.com.br\/wp-content\/uploads\/2024\/07\/WhatsApp-Image-2024-07-20-at-00.03.33-1-1152x1536.jpeg 1152w, https:\/\/dioceseteixeiradefreitas.com.br\/wp-content\/uploads\/2024\/07\/WhatsApp-Image-2024-07-20-at-00.03.33-1-1536x2048.jpeg 1536w, https:\/\/dioceseteixeiradefreitas.com.br\/wp-content\/uploads\/2024\/07\/WhatsApp-Image-2024-07-20-at-00.03.33-1-scaled.jpeg 1920w\" sizes=\"auto, (max-width: 768px) 100vw, 768px\" \/><\/a><\/figure>\n\n\n\n<figure class=\"wp-block-image size-large\"><a href=\"https:\/\/dioceseteixeiradefreitas.com.br\/wp-content\/uploads\/2024\/07\/WhatsApp-Image-2024-07-20-at-00.03.33-scaled.jpeg\"><img loading=\"lazy\" decoding=\"async\" width=\"768\" height=\"1024\" data-id=\"22480\" src=\"https:\/\/dioceseteixeiradefreitas.com.br\/wp-content\/uploads\/2024\/07\/WhatsApp-Image-2024-07-20-at-00.03.33-768x1024.jpeg\" alt=\"\" class=\"wp-image-22480\" srcset=\"https:\/\/dioceseteixeiradefreitas.com.br\/wp-content\/uploads\/2024\/07\/WhatsApp-Image-2024-07-20-at-00.03.33-768x1024.jpeg 768w, https:\/\/dioceseteixeiradefreitas.com.br\/wp-content\/uploads\/2024\/07\/WhatsApp-Image-2024-07-20-at-00.03.33-225x300.jpeg 225w, https:\/\/dioceseteixeiradefreitas.com.br\/wp-content\/uploads\/2024\/07\/WhatsApp-Image-2024-07-20-at-00.03.33-1152x1536.jpeg 1152w, https:\/\/dioceseteixeiradefreitas.com.br\/wp-content\/uploads\/2024\/07\/WhatsApp-Image-2024-07-20-at-00.03.33-1536x2048.jpeg 1536w, https:\/\/dioceseteixeiradefreitas.com.br\/wp-content\/uploads\/2024\/07\/WhatsApp-Image-2024-07-20-at-00.03.33-scaled.jpeg 1920w\" sizes=\"auto, (max-width: 768px) 100vw, 768px\" \/><\/a><\/figure>\n\n\n\n<figure class=\"wp-block-image size-large\"><a href=\"https:\/\/dioceseteixeiradefreitas.com.br\/wp-content\/uploads\/2024\/07\/WhatsApp-Image-2024-07-20-at-00.02.09-2-scaled.jpeg\"><img loading=\"lazy\" decoding=\"async\" width=\"1024\" height=\"768\" data-id=\"22495\" src=\"https:\/\/dioceseteixeiradefreitas.com.br\/wp-content\/uploads\/2024\/07\/WhatsApp-Image-2024-07-20-at-00.02.09-2-1024x768.jpeg\" alt=\"\" class=\"wp-image-22495\" srcset=\"https:\/\/dioceseteixeiradefreitas.com.br\/wp-content\/uploads\/2024\/07\/WhatsApp-Image-2024-07-20-at-00.02.09-2-1024x768.jpeg 1024w, https:\/\/dioceseteixeiradefreitas.com.br\/wp-content\/uploads\/2024\/07\/WhatsApp-Image-2024-07-20-at-00.02.09-2-300x225.jpeg 300w, https:\/\/dioceseteixeiradefreitas.com.br\/wp-content\/uploads\/2024\/07\/WhatsApp-Image-2024-07-20-at-00.02.09-2-768x576.jpeg 768w, https:\/\/dioceseteixeiradefreitas.com.br\/wp-content\/uploads\/2024\/07\/WhatsApp-Image-2024-07-20-at-00.02.09-2-1536x1152.jpeg 1536w, https:\/\/dioceseteixeiradefreitas.com.br\/wp-content\/uploads\/2024\/07\/WhatsApp-Image-2024-07-20-at-00.02.09-2-2048x1536.jpeg 2048w\" sizes=\"auto, (max-width: 1024px) 100vw, 1024px\" \/><\/a><\/figure>\n\n\n\n<figure class=\"wp-block-image size-large\"><a href=\"https:\/\/dioceseteixeiradefreitas.com.br\/wp-content\/uploads\/2024\/07\/WhatsApp-Image-2024-07-20-at-00.02.09-1-scaled.jpeg\"><img loading=\"lazy\" decoding=\"async\" width=\"1024\" height=\"768\" data-id=\"22492\" src=\"https:\/\/dioceseteixeiradefreitas.com.br\/wp-content\/uploads\/2024\/07\/WhatsApp-Image-2024-07-20-at-00.02.09-1-1024x768.jpeg\" alt=\"\" class=\"wp-image-22492\" srcset=\"https:\/\/dioceseteixeiradefreitas.com.br\/wp-content\/uploads\/2024\/07\/WhatsApp-Image-2024-07-20-at-00.02.09-1-1024x768.jpeg 1024w, https:\/\/dioceseteixeiradefreitas.com.br\/wp-content\/uploads\/2024\/07\/WhatsApp-Image-2024-07-20-at-00.02.09-1-300x225.jpeg 300w, https:\/\/dioceseteixeiradefreitas.com.br\/wp-content\/uploads\/2024\/07\/WhatsApp-Image-2024-07-20-at-00.02.09-1-768x576.jpeg 768w, https:\/\/dioceseteixeiradefreitas.com.br\/wp-content\/uploads\/2024\/07\/WhatsApp-Image-2024-07-20-at-00.02.09-1-1536x1152.jpeg 1536w, https:\/\/dioceseteixeiradefreitas.com.br\/wp-content\/uploads\/2024\/07\/WhatsApp-Image-2024-07-20-at-00.02.09-1-2048x1536.jpeg 2048w\" sizes=\"auto, (max-width: 1024px) 100vw, 1024px\" \/><\/a><\/figure>\n\n\n\n<figure class=\"wp-block-image size-large\"><a href=\"https:\/\/dioceseteixeiradefreitas.com.br\/wp-content\/uploads\/2024\/07\/WhatsApp-Image-2024-07-20-at-00.02.09-scaled.jpeg\"><img loading=\"lazy\" decoding=\"async\" width=\"1024\" height=\"768\" data-id=\"22494\" src=\"https:\/\/dioceseteixeiradefreitas.com.br\/wp-content\/uploads\/2024\/07\/WhatsApp-Image-2024-07-20-at-00.02.09-1024x768.jpeg\" alt=\"\" class=\"wp-image-22494\" srcset=\"https:\/\/dioceseteixeiradefreitas.com.br\/wp-content\/uploads\/2024\/07\/WhatsApp-Image-2024-07-20-at-00.02.09-1024x768.jpeg 1024w, https:\/\/dioceseteixeiradefreitas.com.br\/wp-content\/uploads\/2024\/07\/WhatsApp-Image-2024-07-20-at-00.02.09-300x225.jpeg 300w, https:\/\/dioceseteixeiradefreitas.com.br\/wp-content\/uploads\/2024\/07\/WhatsApp-Image-2024-07-20-at-00.02.09-768x576.jpeg 768w, https:\/\/dioceseteixeiradefreitas.com.br\/wp-content\/uploads\/2024\/07\/WhatsApp-Image-2024-07-20-at-00.02.09-1536x1152.jpeg 1536w, https:\/\/dioceseteixeiradefreitas.com.br\/wp-content\/uploads\/2024\/07\/WhatsApp-Image-2024-07-20-at-00.02.09-2048x1536.jpeg 2048w\" sizes=\"auto, (max-width: 1024px) 100vw, 1024px\" \/><\/a><\/figure>\n\n\n\n<figure class=\"wp-block-image size-large\"><a href=\"https:\/\/dioceseteixeiradefreitas.com.br\/wp-content\/uploads\/2024\/07\/WhatsApp-Image-2024-07-20-at-00.02.08-2-scaled.jpeg\"><img loading=\"lazy\" decoding=\"async\" width=\"768\" height=\"1024\" data-id=\"22463\" src=\"https:\/\/dioceseteixeiradefreitas.com.br\/wp-content\/uploads\/2024\/07\/WhatsApp-Image-2024-07-20-at-00.02.08-2-768x1024.jpeg\" alt=\"\" class=\"wp-image-22463\" srcset=\"https:\/\/dioceseteixeiradefreitas.com.br\/wp-content\/uploads\/2024\/07\/WhatsApp-Image-2024-07-20-at-00.02.08-2-768x1024.jpeg 768w, https:\/\/dioceseteixeiradefreitas.com.br\/wp-content\/uploads\/2024\/07\/WhatsApp-Image-2024-07-20-at-00.02.08-2-225x300.jpeg 225w, https:\/\/dioceseteixeiradefreitas.com.br\/wp-content\/uploads\/2024\/07\/WhatsApp-Image-2024-07-20-at-00.02.08-2-1152x1536.jpeg 1152w, https:\/\/dioceseteixeiradefreitas.com.br\/wp-content\/uploads\/2024\/07\/WhatsApp-Image-2024-07-20-at-00.02.08-2-1536x2048.jpeg 1536w, https:\/\/dioceseteixeiradefreitas.com.br\/wp-content\/uploads\/2024\/07\/WhatsApp-Image-2024-07-20-at-00.02.08-2-scaled.jpeg 1920w\" sizes=\"auto, (max-width: 768px) 100vw, 768px\" \/><\/a><\/figure>\n\n\n\n<figure class=\"wp-block-image size-large\"><a href=\"https:\/\/dioceseteixeiradefreitas.com.br\/wp-content\/uploads\/2024\/07\/WhatsApp-Image-2024-07-20-at-00.02.08-1-scaled.jpeg\"><img loading=\"lazy\" decoding=\"async\" width=\"1024\" height=\"768\" data-id=\"22481\" src=\"https:\/\/dioceseteixeiradefreitas.com.br\/wp-content\/uploads\/2024\/07\/WhatsApp-Image-2024-07-20-at-00.02.08-1-1024x768.jpeg\" alt=\"\" class=\"wp-image-22481\" srcset=\"https:\/\/dioceseteixeiradefreitas.com.br\/wp-content\/uploads\/2024\/07\/WhatsApp-Image-2024-07-20-at-00.02.08-1-1024x768.jpeg 1024w, https:\/\/dioceseteixeiradefreitas.com.br\/wp-content\/uploads\/2024\/07\/WhatsApp-Image-2024-07-20-at-00.02.08-1-300x225.jpeg 300w, https:\/\/dioceseteixeiradefreitas.com.br\/wp-content\/uploads\/2024\/07\/WhatsApp-Image-2024-07-20-at-00.02.08-1-768x576.jpeg 768w, https:\/\/dioceseteixeiradefreitas.com.br\/wp-content\/uploads\/2024\/07\/WhatsApp-Image-2024-07-20-at-00.02.08-1-1536x1152.jpeg 1536w, https:\/\/dioceseteixeiradefreitas.com.br\/wp-content\/uploads\/2024\/07\/WhatsApp-Image-2024-07-20-at-00.02.08-1-2048x1536.jpeg 2048w\" sizes=\"auto, (max-width: 1024px) 100vw, 1024px\" \/><\/a><\/figure>\n\n\n\n<figure class=\"wp-block-image size-large\"><a href=\"https:\/\/dioceseteixeiradefreitas.com.br\/wp-content\/uploads\/2024\/07\/WhatsApp-Image-2024-07-20-at-00.02.08-scaled.jpeg\"><img loading=\"lazy\" decoding=\"async\" width=\"1024\" height=\"768\" data-id=\"22475\" src=\"https:\/\/dioceseteixeiradefreitas.com.br\/wp-content\/uploads\/2024\/07\/WhatsApp-Image-2024-07-20-at-00.02.08-1024x768.jpeg\" alt=\"\" class=\"wp-image-22475\" srcset=\"https:\/\/dioceseteixeiradefreitas.com.br\/wp-content\/uploads\/2024\/07\/WhatsApp-Image-2024-07-20-at-00.02.08-1024x768.jpeg 1024w, https:\/\/dioceseteixeiradefreitas.com.br\/wp-content\/uploads\/2024\/07\/WhatsApp-Image-2024-07-20-at-00.02.08-300x225.jpeg 300w, https:\/\/dioceseteixeiradefreitas.com.br\/wp-content\/uploads\/2024\/07\/WhatsApp-Image-2024-07-20-at-00.02.08-768x576.jpeg 768w, https:\/\/dioceseteixeiradefreitas.com.br\/wp-content\/uploads\/2024\/07\/WhatsApp-Image-2024-07-20-at-00.02.08-1536x1152.jpeg 1536w, https:\/\/dioceseteixeiradefreitas.com.br\/wp-content\/uploads\/2024\/07\/WhatsApp-Image-2024-07-20-at-00.02.08-2048x1536.jpeg 2048w\" sizes=\"auto, (max-width: 1024px) 100vw, 1024px\" \/><\/a><\/figure>\n\n\n\n<figure class=\"wp-block-image size-large\"><a href=\"https:\/\/dioceseteixeiradefreitas.com.br\/wp-content\/uploads\/2024\/07\/WhatsApp-Image-2024-07-20-at-00.02.07-1-scaled.jpeg\"><img loading=\"lazy\" decoding=\"async\" width=\"1024\" height=\"768\" data-id=\"22457\" src=\"https:\/\/dioceseteixeiradefreitas.com.br\/wp-content\/uploads\/2024\/07\/WhatsApp-Image-2024-07-20-at-00.02.07-1-1024x768.jpeg\" alt=\"\" class=\"wp-image-22457\" srcset=\"https:\/\/dioceseteixeiradefreitas.com.br\/wp-content\/uploads\/2024\/07\/WhatsApp-Image-2024-07-20-at-00.02.07-1-1024x768.jpeg 1024w, https:\/\/dioceseteixeiradefreitas.com.br\/wp-content\/uploads\/2024\/07\/WhatsApp-Image-2024-07-20-at-00.02.07-1-300x225.jpeg 300w, https:\/\/dioceseteixeiradefreitas.com.br\/wp-content\/uploads\/2024\/07\/WhatsApp-Image-2024-07-20-at-00.02.07-1-768x576.jpeg 768w, https:\/\/dioceseteixeiradefreitas.com.br\/wp-content\/uploads\/2024\/07\/WhatsApp-Image-2024-07-20-at-00.02.07-1-1536x1152.jpeg 1536w, https:\/\/dioceseteixeiradefreitas.com.br\/wp-content\/uploads\/2024\/07\/WhatsApp-Image-2024-07-20-at-00.02.07-1-2048x1536.jpeg 2048w\" sizes=\"auto, (max-width: 1024px) 100vw, 1024px\" \/><\/a><\/figure>\n\n\n\n<figure class=\"wp-block-image size-large\"><a href=\"https:\/\/dioceseteixeiradefreitas.com.br\/wp-content\/uploads\/2024\/07\/WhatsApp-Image-2024-07-20-at-00.02.07-scaled.jpeg\"><img loading=\"lazy\" decoding=\"async\" width=\"1024\" height=\"768\" data-id=\"22485\" src=\"https:\/\/dioceseteixeiradefreitas.com.br\/wp-content\/uploads\/2024\/07\/WhatsApp-Image-2024-07-20-at-00.02.07-1024x768.jpeg\" alt=\"\" class=\"wp-image-22485\" srcset=\"https:\/\/dioceseteixeiradefreitas.com.br\/wp-content\/uploads\/2024\/07\/WhatsApp-Image-2024-07-20-at-00.02.07-1024x768.jpeg 1024w, https:\/\/dioceseteixeiradefreitas.com.br\/wp-content\/uploads\/2024\/07\/WhatsApp-Image-2024-07-20-at-00.02.07-300x225.jpeg 300w, https:\/\/dioceseteixeiradefreitas.com.br\/wp-content\/uploads\/2024\/07\/WhatsApp-Image-2024-07-20-at-00.02.07-768x576.jpeg 768w, https:\/\/dioceseteixeiradefreitas.com.br\/wp-content\/uploads\/2024\/07\/WhatsApp-Image-2024-07-20-at-00.02.07-1536x1152.jpeg 1536w, https:\/\/dioceseteixeiradefreitas.com.br\/wp-content\/uploads\/2024\/07\/WhatsApp-Image-2024-07-20-at-00.02.07-2048x1536.jpeg 2048w\" sizes=\"auto, (max-width: 1024px) 100vw, 1024px\" \/><\/a><\/figure>\n\n\n\n<figure class=\"wp-block-image size-large\"><a href=\"https:\/\/dioceseteixeiradefreitas.com.br\/wp-content\/uploads\/2024\/07\/WhatsApp-Image-2024-07-19-at-23.57.44-scaled.jpeg\"><img loading=\"lazy\" decoding=\"async\" width=\"768\" height=\"1024\" data-id=\"22472\" src=\"https:\/\/dioceseteixeiradefreitas.com.br\/wp-content\/uploads\/2024\/07\/WhatsApp-Image-2024-07-19-at-23.57.44-768x1024.jpeg\" alt=\"\" class=\"wp-image-22472\" srcset=\"https:\/\/dioceseteixeiradefreitas.com.br\/wp-content\/uploads\/2024\/07\/WhatsApp-Image-2024-07-19-at-23.57.44-768x1024.jpeg 768w, https:\/\/dioceseteixeiradefreitas.com.br\/wp-content\/uploads\/2024\/07\/WhatsApp-Image-2024-07-19-at-23.57.44-225x300.jpeg 225w, https:\/\/dioceseteixeiradefreitas.com.br\/wp-content\/uploads\/2024\/07\/WhatsApp-Image-2024-07-19-at-23.57.44-1152x1536.jpeg 1152w, https:\/\/dioceseteixeiradefreitas.com.br\/wp-content\/uploads\/2024\/07\/WhatsApp-Image-2024-07-19-at-23.57.44-1536x2048.jpeg 1536w, https:\/\/dioceseteixeiradefreitas.com.br\/wp-content\/uploads\/2024\/07\/WhatsApp-Image-2024-07-19-at-23.57.44-scaled.jpeg 1920w\" sizes=\"auto, (max-width: 768px) 100vw, 768px\" \/><\/a><\/figure>\n\n\n\n<figure class=\"wp-block-image size-large\"><a href=\"https:\/\/dioceseteixeiradefreitas.com.br\/wp-content\/uploads\/2024\/07\/WhatsApp-Image-2024-07-19-at-23.57.39-1-scaled.jpeg\"><img loading=\"lazy\" decoding=\"async\" width=\"1024\" height=\"768\" data-id=\"22469\" src=\"https:\/\/dioceseteixeiradefreitas.com.br\/wp-content\/uploads\/2024\/07\/WhatsApp-Image-2024-07-19-at-23.57.39-1-1024x768.jpeg\" alt=\"\" class=\"wp-image-22469\" srcset=\"https:\/\/dioceseteixeiradefreitas.com.br\/wp-content\/uploads\/2024\/07\/WhatsApp-Image-2024-07-19-at-23.57.39-1-1024x768.jpeg 1024w, https:\/\/dioceseteixeiradefreitas.com.br\/wp-content\/uploads\/2024\/07\/WhatsApp-Image-2024-07-19-at-23.57.39-1-300x225.jpeg 300w, https:\/\/dioceseteixeiradefreitas.com.br\/wp-content\/uploads\/2024\/07\/WhatsApp-Image-2024-07-19-at-23.57.39-1-768x576.jpeg 768w, https:\/\/dioceseteixeiradefreitas.com.br\/wp-content\/uploads\/2024\/07\/WhatsApp-Image-2024-07-19-at-23.57.39-1-1536x1152.jpeg 1536w, https:\/\/dioceseteixeiradefreitas.com.br\/wp-content\/uploads\/2024\/07\/WhatsApp-Image-2024-07-19-at-23.57.39-1-2048x1536.jpeg 2048w\" sizes=\"auto, (max-width: 1024px) 100vw, 1024px\" \/><\/a><\/figure>\n\n\n\n<figure class=\"wp-block-image size-large\"><a href=\"https:\/\/dioceseteixeiradefreitas.com.br\/wp-content\/uploads\/2024\/07\/WhatsApp-Image-2024-07-19-at-23.57.39-scaled.jpeg\"><img loading=\"lazy\" decoding=\"async\" width=\"1024\" height=\"768\" data-id=\"22474\" src=\"https:\/\/dioceseteixeiradefreitas.com.br\/wp-content\/uploads\/2024\/07\/WhatsApp-Image-2024-07-19-at-23.57.39-1024x768.jpeg\" alt=\"\" class=\"wp-image-22474\" srcset=\"https:\/\/dioceseteixeiradefreitas.com.br\/wp-content\/uploads\/2024\/07\/WhatsApp-Image-2024-07-19-at-23.57.39-1024x768.jpeg 1024w, https:\/\/dioceseteixeiradefreitas.com.br\/wp-content\/uploads\/2024\/07\/WhatsApp-Image-2024-07-19-at-23.57.39-300x225.jpeg 300w, https:\/\/dioceseteixeiradefreitas.com.br\/wp-content\/uploads\/2024\/07\/WhatsApp-Image-2024-07-19-at-23.57.39-768x576.jpeg 768w, https:\/\/dioceseteixeiradefreitas.com.br\/wp-content\/uploads\/2024\/07\/WhatsApp-Image-2024-07-19-at-23.57.39-1536x1152.jpeg 1536w, https:\/\/dioceseteixeiradefreitas.com.br\/wp-content\/uploads\/2024\/07\/WhatsApp-Image-2024-07-19-at-23.57.39-2048x1536.jpeg 2048w\" sizes=\"auto, (max-width: 1024px) 100vw, 1024px\" \/><\/a><\/figure>\n\n\n\n<figure class=\"wp-block-image size-large\"><a href=\"https:\/\/dioceseteixeiradefreitas.com.br\/wp-content\/uploads\/2024\/07\/WhatsApp-Image-2024-07-19-at-23.57.38-2-scaled.jpeg\"><img loading=\"lazy\" decoding=\"async\" width=\"1024\" height=\"768\" data-id=\"22461\" src=\"https:\/\/dioceseteixeiradefreitas.com.br\/wp-content\/uploads\/2024\/07\/WhatsApp-Image-2024-07-19-at-23.57.38-2-1024x768.jpeg\" alt=\"\" class=\"wp-image-22461\" srcset=\"https:\/\/dioceseteixeiradefreitas.com.br\/wp-content\/uploads\/2024\/07\/WhatsApp-Image-2024-07-19-at-23.57.38-2-1024x768.jpeg 1024w, https:\/\/dioceseteixeiradefreitas.com.br\/wp-content\/uploads\/2024\/07\/WhatsApp-Image-2024-07-19-at-23.57.38-2-300x225.jpeg 300w, https:\/\/dioceseteixeiradefreitas.com.br\/wp-content\/uploads\/2024\/07\/WhatsApp-Image-2024-07-19-at-23.57.38-2-768x576.jpeg 768w, https:\/\/dioceseteixeiradefreitas.com.br\/wp-content\/uploads\/2024\/07\/WhatsApp-Image-2024-07-19-at-23.57.38-2-1536x1152.jpeg 1536w, https:\/\/dioceseteixeiradefreitas.com.br\/wp-content\/uploads\/2024\/07\/WhatsApp-Image-2024-07-19-at-23.57.38-2-2048x1536.jpeg 2048w\" sizes=\"auto, (max-width: 1024px) 100vw, 1024px\" \/><\/a><\/figure>\n\n\n\n<figure class=\"wp-block-image size-large\"><a href=\"https:\/\/dioceseteixeiradefreitas.com.br\/wp-content\/uploads\/2024\/07\/WhatsApp-Image-2024-07-19-at-23.57.38-1-scaled.jpeg\"><img loading=\"lazy\" decoding=\"async\" width=\"1024\" height=\"768\" data-id=\"22491\" src=\"https:\/\/dioceseteixeiradefreitas.com.br\/wp-content\/uploads\/2024\/07\/WhatsApp-Image-2024-07-19-at-23.57.38-1-1024x768.jpeg\" alt=\"\" class=\"wp-image-22491\" srcset=\"https:\/\/dioceseteixeiradefreitas.com.br\/wp-content\/uploads\/2024\/07\/WhatsApp-Image-2024-07-19-at-23.57.38-1-1024x768.jpeg 1024w, https:\/\/dioceseteixeiradefreitas.com.br\/wp-content\/uploads\/2024\/07\/WhatsApp-Image-2024-07-19-at-23.57.38-1-300x225.jpeg 300w, https:\/\/dioceseteixeiradefreitas.com.br\/wp-content\/uploads\/2024\/07\/WhatsApp-Image-2024-07-19-at-23.57.38-1-768x576.jpeg 768w, https:\/\/dioceseteixeiradefreitas.com.br\/wp-content\/uploads\/2024\/07\/WhatsApp-Image-2024-07-19-at-23.57.38-1-1536x1152.jpeg 1536w, https:\/\/dioceseteixeiradefreitas.com.br\/wp-content\/uploads\/2024\/07\/WhatsApp-Image-2024-07-19-at-23.57.38-1-2048x1536.jpeg 2048w\" sizes=\"auto, (max-width: 1024px) 100vw, 1024px\" \/><\/a><\/figure>\n\n\n\n<figure class=\"wp-block-image size-large\"><a href=\"https:\/\/dioceseteixeiradefreitas.com.br\/wp-content\/uploads\/2024\/07\/WhatsApp-Image-2024-07-19-at-23.57.38-scaled.jpeg\"><img loading=\"lazy\" decoding=\"async\" width=\"1024\" height=\"768\" data-id=\"22470\" src=\"https:\/\/dioceseteixeiradefreitas.com.br\/wp-content\/uploads\/2024\/07\/WhatsApp-Image-2024-07-19-at-23.57.38-1024x768.jpeg\" alt=\"\" class=\"wp-image-22470\" srcset=\"https:\/\/dioceseteixeiradefreitas.com.br\/wp-content\/uploads\/2024\/07\/WhatsApp-Image-2024-07-19-at-23.57.38-1024x768.jpeg 1024w, https:\/\/dioceseteixeiradefreitas.com.br\/wp-content\/uploads\/2024\/07\/WhatsApp-Image-2024-07-19-at-23.57.38-300x225.jpeg 300w, https:\/\/dioceseteixeiradefreitas.com.br\/wp-content\/uploads\/2024\/07\/WhatsApp-Image-2024-07-19-at-23.57.38-768x576.jpeg 768w, https:\/\/dioceseteixeiradefreitas.com.br\/wp-content\/uploads\/2024\/07\/WhatsApp-Image-2024-07-19-at-23.57.38-1536x1152.jpeg 1536w, https:\/\/dioceseteixeiradefreitas.com.br\/wp-content\/uploads\/2024\/07\/WhatsApp-Image-2024-07-19-at-23.57.38-2048x1536.jpeg 2048w\" sizes=\"auto, (max-width: 1024px) 100vw, 1024px\" \/><\/a><\/figure>\n\n\n\n<figure class=\"wp-block-image size-large\"><a href=\"https:\/\/dioceseteixeiradefreitas.com.br\/wp-content\/uploads\/2024\/07\/WhatsApp-Image-2024-07-19-at-23.56.22-scaled.jpeg\"><img loading=\"lazy\" decoding=\"async\" width=\"1024\" height=\"768\" data-id=\"22484\" src=\"https:\/\/dioceseteixeiradefreitas.com.br\/wp-content\/uploads\/2024\/07\/WhatsApp-Image-2024-07-19-at-23.56.22-1024x768.jpeg\" alt=\"\" class=\"wp-image-22484\" srcset=\"https:\/\/dioceseteixeiradefreitas.com.br\/wp-content\/uploads\/2024\/07\/WhatsApp-Image-2024-07-19-at-23.56.22-1024x768.jpeg 1024w, https:\/\/dioceseteixeiradefreitas.com.br\/wp-content\/uploads\/2024\/07\/WhatsApp-Image-2024-07-19-at-23.56.22-300x225.jpeg 300w, https:\/\/dioceseteixeiradefreitas.com.br\/wp-content\/uploads\/2024\/07\/WhatsApp-Image-2024-07-19-at-23.56.22-768x576.jpeg 768w, https:\/\/dioceseteixeiradefreitas.com.br\/wp-content\/uploads\/2024\/07\/WhatsApp-Image-2024-07-19-at-23.56.22-1536x1152.jpeg 1536w, https:\/\/dioceseteixeiradefreitas.com.br\/wp-content\/uploads\/2024\/07\/WhatsApp-Image-2024-07-19-at-23.56.22-2048x1536.jpeg 2048w\" sizes=\"auto, (max-width: 1024px) 100vw, 1024px\" \/><\/a><\/figure>\n\n\n\n<figure class=\"wp-block-image size-large\"><a href=\"https:\/\/dioceseteixeiradefreitas.com.br\/wp-content\/uploads\/2024\/07\/WhatsApp-Image-2024-07-19-at-23.56.16-scaled.jpeg\"><img loading=\"lazy\" decoding=\"async\" width=\"1024\" height=\"768\" data-id=\"22476\" src=\"https:\/\/dioceseteixeiradefreitas.com.br\/wp-content\/uploads\/2024\/07\/WhatsApp-Image-2024-07-19-at-23.56.16-1024x768.jpeg\" alt=\"\" class=\"wp-image-22476\" srcset=\"https:\/\/dioceseteixeiradefreitas.com.br\/wp-content\/uploads\/2024\/07\/WhatsApp-Image-2024-07-19-at-23.56.16-1024x768.jpeg 1024w, https:\/\/dioceseteixeiradefreitas.com.br\/wp-content\/uploads\/2024\/07\/WhatsApp-Image-2024-07-19-at-23.56.16-300x225.jpeg 300w, https:\/\/dioceseteixeiradefreitas.com.br\/wp-content\/uploads\/2024\/07\/WhatsApp-Image-2024-07-19-at-23.56.16-768x576.jpeg 768w, https:\/\/dioceseteixeiradefreitas.com.br\/wp-content\/uploads\/2024\/07\/WhatsApp-Image-2024-07-19-at-23.56.16-1536x1152.jpeg 1536w, https:\/\/dioceseteixeiradefreitas.com.br\/wp-content\/uploads\/2024\/07\/WhatsApp-Image-2024-07-19-at-23.56.16-2048x1536.jpeg 2048w\" sizes=\"auto, (max-width: 1024px) 100vw, 1024px\" \/><\/a><\/figure>\n\n\n\n<figure class=\"wp-block-image size-large\"><a href=\"https:\/\/dioceseteixeiradefreitas.com.br\/wp-content\/uploads\/2024\/07\/WhatsApp-Image-2024-07-19-at-23.56.14-1-scaled.jpeg\"><img loading=\"lazy\" decoding=\"async\" width=\"1024\" height=\"768\" data-id=\"22473\" src=\"https:\/\/dioceseteixeiradefreitas.com.br\/wp-content\/uploads\/2024\/07\/WhatsApp-Image-2024-07-19-at-23.56.14-1-1024x768.jpeg\" alt=\"\" class=\"wp-image-22473\" srcset=\"https:\/\/dioceseteixeiradefreitas.com.br\/wp-content\/uploads\/2024\/07\/WhatsApp-Image-2024-07-19-at-23.56.14-1-1024x768.jpeg 1024w, https:\/\/dioceseteixeiradefreitas.com.br\/wp-content\/uploads\/2024\/07\/WhatsApp-Image-2024-07-19-at-23.56.14-1-300x225.jpeg 300w, https:\/\/dioceseteixeiradefreitas.com.br\/wp-content\/uploads\/2024\/07\/WhatsApp-Image-2024-07-19-at-23.56.14-1-768x576.jpeg 768w, https:\/\/dioceseteixeiradefreitas.com.br\/wp-content\/uploads\/2024\/07\/WhatsApp-Image-2024-07-19-at-23.56.14-1-1536x1152.jpeg 1536w, https:\/\/dioceseteixeiradefreitas.com.br\/wp-content\/uploads\/2024\/07\/WhatsApp-Image-2024-07-19-at-23.56.14-1-2048x1536.jpeg 2048w\" sizes=\"auto, (max-width: 1024px) 100vw, 1024px\" \/><\/a><\/figure>\n\n\n\n<figure class=\"wp-block-image size-large\"><a href=\"https:\/\/dioceseteixeiradefreitas.com.br\/wp-content\/uploads\/2024\/07\/WhatsApp-Image-2024-07-19-at-23.56.14-scaled.jpeg\"><img loading=\"lazy\" decoding=\"async\" width=\"1024\" height=\"768\" data-id=\"22466\" src=\"https:\/\/dioceseteixeiradefreitas.com.br\/wp-content\/uploads\/2024\/07\/WhatsApp-Image-2024-07-19-at-23.56.14-1024x768.jpeg\" alt=\"\" class=\"wp-image-22466\" srcset=\"https:\/\/dioceseteixeiradefreitas.com.br\/wp-content\/uploads\/2024\/07\/WhatsApp-Image-2024-07-19-at-23.56.14-1024x768.jpeg 1024w, https:\/\/dioceseteixeiradefreitas.com.br\/wp-content\/uploads\/2024\/07\/WhatsApp-Image-2024-07-19-at-23.56.14-300x225.jpeg 300w, https:\/\/dioceseteixeiradefreitas.com.br\/wp-content\/uploads\/2024\/07\/WhatsApp-Image-2024-07-19-at-23.56.14-768x576.jpeg 768w, https:\/\/dioceseteixeiradefreitas.com.br\/wp-content\/uploads\/2024\/07\/WhatsApp-Image-2024-07-19-at-23.56.14-1536x1152.jpeg 1536w, https:\/\/dioceseteixeiradefreitas.com.br\/wp-content\/uploads\/2024\/07\/WhatsApp-Image-2024-07-19-at-23.56.14-2048x1536.jpeg 2048w\" sizes=\"auto, (max-width: 1024px) 100vw, 1024px\" \/><\/a><\/figure>\n<\/figure>\n","protected":false},"excerpt":{"rendered":"<p>Aconteceu durante os dias 08 e 17 de julho, em Porto Alegre\/RS, na Casa de retiro Vila Bet\u00e2nia, o retiro can\u00f4nico do clero da Diocese de Teixeira de Freitas\/ Caravelas, tendo como pregador convidado o bispo em\u00e9rito da Diocese de Montenegro\/RS, Dom Paulo Ant\u00f4nio de Conto. Durante os dias de retiro, o pregador buscou lan\u00e7ar &hellip;<\/p>\n","protected":false},"author":32,"featured_media":22496,"comment_status":"closed","ping_status":"closed","sticky":false,"template":"","format":"standard","meta":{"footnotes":""},"categories":[100,41,48],"tags":[],"class_list":["post-22452","post","type-post","status-publish","format-standard","has-post-thumbnail","hentry","category-noticias-diocesanas","category-noticias_destaque","category-padres-diocesanos"],"_links":{"self":[{"href":"https:\/\/dioceseteixeiradefreitas.com.br\/index.php?rest_route=\/wp\/v2\/posts\/22452","targetHints":{"allow":["GET"]}}],"collection":[{"href":"https:\/\/dioceseteixeiradefreitas.com.br\/index.php?rest_route=\/wp\/v2\/posts"}],"about":[{"href":"https:\/\/dioceseteixeiradefreitas.com.br\/index.php?rest_route=\/wp\/v2\/types\/post"}],"author":[{"embeddable":true,"href":"https:\/\/dioceseteixeiradefreitas.com.br\/index.php?rest_route=\/wp\/v2\/users\/32"}],"replies":[{"embeddable":true,"href":"https:\/\/dioceseteixeiradefreitas.com.br\/index.php?rest_route=%2Fwp%2Fv2%2Fcomments&post=22452"}],"version-history":[{"count":2,"href":"https:\/\/dioceseteixeiradefreitas.com.br\/index.php?rest_route=\/wp\/v2\/posts\/22452\/revisions"}],"predecessor-version":[{"id":22499,"href":"https:\/\/dioceseteixeiradefreitas.com.br\/index.php?rest_route=\/wp\/v2\/posts\/22452\/revisions\/22499"}],"wp:featuredmedia":[{"embeddable":true,"href":"https:\/\/dioceseteixeiradefreitas.com.br\/index.php?rest_route=\/wp\/v2\/media\/22496"}],"wp:attachment":[{"href":"https:\/\/dioceseteixeiradefreitas.com.br\/index.php?rest_route=%2Fwp%2Fv2%2Fmedia&parent=22452"}],"wp:term":[{"taxonomy":"category","embeddable":true,"href":"https:\/\/dioceseteixeiradefreitas.com.br\/index.php?rest_route=%2Fwp%2Fv2%2Fcategories&post=22452"},{"taxonomy":"post_tag","embeddable":true,"href":"https:\/\/dioceseteixeiradefreitas.com.br\/index.php?rest_route=%2Fwp%2Fv2%2Ftags&post=22452"}],"curies":[{"name":"wp","href":"https:\/\/api.w.org\/{rel}","templated":true}]}}