{"id":2247,"date":"2016-11-28T21:08:23","date_gmt":"2016-11-29T00:08:23","guid":{"rendered":"https:\/\/dioceseteixeiradefreitas.com.br\/?p=2247"},"modified":"2016-11-28T21:08:23","modified_gmt":"2016-11-29T00:08:23","slug":"fechamento-da-2a-porta-da-misericordia-e-x-eu-sou","status":"publish","type":"post","link":"https:\/\/dioceseteixeiradefreitas.com.br\/?p=2247","title":{"rendered":"Fechamento da 2\u00aa Porta da Miseric\u00f3rdia e X EU SOU"},"content":{"rendered":"<p style=\"text-align: justify;\"><a href=\"https:\/\/dioceseteixeiradefreitas.com.br\/wp-content\/uploads\/2016\/11\/FechamentoPortaSanta.jpg\"><img loading=\"lazy\" decoding=\"async\" class=\"aligncenter size-full wp-image-2248\" src=\"https:\/\/dioceseteixeiradefreitas.com.br\/wp-content\/uploads\/2016\/11\/FechamentoPortaSanta.jpg\" alt=\"FechamentoPortaSanta\" width=\"565\" height=\"540\" srcset=\"https:\/\/dioceseteixeiradefreitas.com.br\/wp-content\/uploads\/2016\/11\/FechamentoPortaSanta.jpg 565w, https:\/\/dioceseteixeiradefreitas.com.br\/wp-content\/uploads\/2016\/11\/FechamentoPortaSanta-300x287.jpg 300w\" sizes=\"auto, (max-width: 565px) 100vw, 565px\" \/><\/a><\/p>\n<p style=\"text-align: justify;\">\n<p style=\"text-align: justify;\">No pr\u00f3ximo domingo, dia 04 de dezembro, ocorrer\u00e1 no Santu\u00e1rio Jesus Misericordioso, na cidade de Itanh\u00e9m, o fechamento da segunda Porta Santa da Miseric\u00f3rdia em nossa Diocese.<\/p>\n<p style=\"text-align: justify;\">Acontecer\u00e1 tamb\u00e9m ao longo do dia o X EU SOU, iniciando-se \u00e0s 8h e encerrando-se \u00e0s 16h, com prega\u00e7\u00f5es, adora\u00e7\u00e3o, cura e liberta\u00e7\u00e3o e muito mais.<\/p>\n<p style=\"text-align: justify;\">N\u00e3o deixe de participar!<\/p>\n","protected":false},"excerpt":{"rendered":"<p>No pr\u00f3ximo domingo, dia 04 de dezembro, ocorrer\u00e1 no Santu\u00e1rio Jesus Misericordioso, na cidade de Itanh\u00e9m, o fechamento da segunda Porta Santa da Miseric\u00f3rdia em nossa Diocese. Acontecer\u00e1 tamb\u00e9m ao longo do dia o X EU SOU, iniciando-se \u00e0s 8h e encerrando-se \u00e0s 16h, com prega\u00e7\u00f5es, adora\u00e7\u00e3o, cura e liberta\u00e7\u00e3o e muito mais. N\u00e3o deixe &hellip;<\/p>\n","protected":false},"author":2,"featured_media":2248,"comment_status":"closed","ping_status":"closed","sticky":false,"template":"","format":"standard","meta":{"footnotes":""},"categories":[42,41],"tags":[],"class_list":["post-2247","post","type-post","status-publish","format-standard","has-post-thumbnail","hentry","category-ano_da_misericordia","category-noticias_destaque"],"_links":{"self":[{"href":"https:\/\/dioceseteixeiradefreitas.com.br\/index.php?rest_route=\/wp\/v2\/posts\/2247","targetHints":{"allow":["GET"]}}],"collection":[{"href":"https:\/\/dioceseteixeiradefreitas.com.br\/index.php?rest_route=\/wp\/v2\/posts"}],"about":[{"href":"https:\/\/dioceseteixeiradefreitas.com.br\/index.php?rest_route=\/wp\/v2\/types\/post"}],"author":[{"embeddable":true,"href":"https:\/\/dioceseteixeiradefreitas.com.br\/index.php?rest_route=\/wp\/v2\/users\/2"}],"replies":[{"embeddable":true,"href":"https:\/\/dioceseteixeiradefreitas.com.br\/index.php?rest_route=%2Fwp%2Fv2%2Fcomments&post=2247"}],"version-history":[{"count":1,"href":"https:\/\/dioceseteixeiradefreitas.com.br\/index.php?rest_route=\/wp\/v2\/posts\/2247\/revisions"}],"predecessor-version":[{"id":2249,"href":"https:\/\/dioceseteixeiradefreitas.com.br\/index.php?rest_route=\/wp\/v2\/posts\/2247\/revisions\/2249"}],"wp:featuredmedia":[{"embeddable":true,"href":"https:\/\/dioceseteixeiradefreitas.com.br\/index.php?rest_route=\/wp\/v2\/media\/2248"}],"wp:attachment":[{"href":"https:\/\/dioceseteixeiradefreitas.com.br\/index.php?rest_route=%2Fwp%2Fv2%2Fmedia&parent=2247"}],"wp:term":[{"taxonomy":"category","embeddable":true,"href":"https:\/\/dioceseteixeiradefreitas.com.br\/index.php?rest_route=%2Fwp%2Fv2%2Fcategories&post=2247"},{"taxonomy":"post_tag","embeddable":true,"href":"https:\/\/dioceseteixeiradefreitas.com.br\/index.php?rest_route=%2Fwp%2Fv2%2Ftags&post=2247"}],"curies":[{"name":"wp","href":"https:\/\/api.w.org\/{rel}","templated":true}]}}