{"id":22514,"date":"2024-07-27T21:11:38","date_gmt":"2024-07-28T00:11:38","guid":{"rendered":"https:\/\/dioceseteixeiradefreitas.com.br\/?p=22514"},"modified":"2024-07-27T21:11:38","modified_gmt":"2024-07-28T00:11:38","slug":"noticias-diocesanas-julho-24","status":"publish","type":"post","link":"https:\/\/dioceseteixeiradefreitas.com.br\/?p=22514","title":{"rendered":"Not\u00edcias Diocesanas &#8211; Julho\/24"},"content":{"rendered":"\n<p class=\"has-text-align-right\"><em>&#8220;N\u00e3o vos angustieis!&#8221;<\/em><\/p>\n\n\n\n<p class=\"has-text-align-center\"><strong>AGOSTO: um m\u00eas dedicado \u00e0s Voca\u00e7\u00f5es<\/strong><\/p>\n\n\n<div class=\"wp-block-image\">\n<figure class=\"alignright size-medium\"><a href=\"https:\/\/dioceseteixeiradefreitas.com.br\/wp-content\/uploads\/2024\/07\/Cartaz-Mes-Vocacional-azul-1-1.png\"><img loading=\"lazy\" decoding=\"async\" width=\"200\" height=\"300\" src=\"https:\/\/dioceseteixeiradefreitas.com.br\/wp-content\/uploads\/2024\/07\/Cartaz-Mes-Vocacional-azul-1-1-200x300.png\" alt=\"\" class=\"wp-image-22515\" srcset=\"https:\/\/dioceseteixeiradefreitas.com.br\/wp-content\/uploads\/2024\/07\/Cartaz-Mes-Vocacional-azul-1-1-200x300.png 200w, https:\/\/dioceseteixeiradefreitas.com.br\/wp-content\/uploads\/2024\/07\/Cartaz-Mes-Vocacional-azul-1-1-683x1024.png 683w, https:\/\/dioceseteixeiradefreitas.com.br\/wp-content\/uploads\/2024\/07\/Cartaz-Mes-Vocacional-azul-1-1-768x1152.png 768w, https:\/\/dioceseteixeiradefreitas.com.br\/wp-content\/uploads\/2024\/07\/Cartaz-Mes-Vocacional-azul-1-1-1024x1536.png 1024w, https:\/\/dioceseteixeiradefreitas.com.br\/wp-content\/uploads\/2024\/07\/Cartaz-Mes-Vocacional-azul-1-1-1365x2048.png 1365w, https:\/\/dioceseteixeiradefreitas.com.br\/wp-content\/uploads\/2024\/07\/Cartaz-Mes-Vocacional-azul-1-1.png 2000w\" sizes=\"auto, (max-width: 200px) 100vw, 200px\" \/><\/a><\/figure>\n<\/div>\n\n\n<p>O m\u00eas de agosto \u00e9 dedicado \u00e0 ora\u00e7\u00e3o, reflex\u00e3o e a\u00e7\u00e3o nas comunidades sobre o tema das voca\u00e7\u00f5es. Este ano, a Comiss\u00e3o para os Minist\u00e9rios Ordenados e a Vida Consagrada da Confer\u00eancia Nacional dos Bispos do Brasil (CNBB) junto com o Servi\u00e7o de Anima\u00e7\u00e3o Vocacional \u2013 Pastoral Vocacional, definiu como tem\u00e1tica principal do m\u00eas vocacional: \u201cIgreja como uma sinfonia vocacional\u201d e o lema: \u201cPedi, pois, ao Senhor da Messe\u201d (Mt 9, 38).<\/p>\n\n\n\n<p>Segundo o assessor da Comiss\u00e3o para os Minist\u00e9rios Ordenados e a Vida Consagrada, padre Guilherme Maia Junior, o tema foi aprovado na \u00faltima reuni\u00e3o ampliada da Comiss\u00e3o, realizada em setembro do ano passado, e tem como base uma frase da mensagem do Papa Francisco para o Dia Mundial de Ora\u00e7\u00e3o pelas Voca\u00e7\u00f5es de 2023.<\/p>\n\n\n\n<p><em>\u201cA igreja como uma sinfonia vocacional\u201d<\/em> \u00e9 o tema, onde cada um de n\u00f3s que comp\u00f5e a igreja d\u00e1 a sua nota, o seu tom para gerar essa grande harmonia que temos que ter no trabalho pastoral, olhando em cada lugar o desempenho da nossa voca\u00e7\u00e3o, a voca\u00e7\u00e3o para qual Deus nos chama. E o lema deste ano \u00e9 <em>\u201cPedi, pois, ao Senhor da Messe&#8221;<\/em>, que est\u00e1 no Evangelho de Mateus 9, vers\u00edculo 38. A nossa t\u00f4nica, que \u00e9 o primeiro passo vocacional, \u00e9 a nossa ora\u00e7\u00e3o, \u00e9 o pedido que Deus nos faz para que a gente reze, para que Ele envie trabalhadores para sua Messe.<\/p>\n\n\n\n<p>Institu\u00eddo em 1981, pela CNBB, em sua 19\u00aa Assembleia Geral, o m\u00eas vocacional tem como objetivo principal conscientizar as comunidades da responsabilidade que compartilham no processo vocacional. De l\u00e1 para c\u00e1, todos os anos alguma tem\u00e1tica tem sido trabalhada.<\/p>\n\n\n\n<p><strong>No primeiro domingo de agosto, comemora-se a voca\u00e7\u00e3o sacerdotal.<\/strong><br>O sacerdote age em nome de Cristo e \u00e9 seu representante dentro de sua comunidade. Ao padre compete ser pastor e pai espiritual para todos sob sua responsabilidade. Pela caridade pastoral, ele deve buscar ser sinal de unidade e contribuir para a edifica\u00e7\u00e3o e crescimento da comunidade de forma que ela torne-se cada vez mais atuante e verdadeira na viv\u00eancia do Evangelho.<\/p>\n\n\n\n<p>Atualmente tamb\u00e9m se comemora o dia das voca\u00e7\u00f5es diaconais, ou melhor dizendo: dia das voca\u00e7\u00f5es aos minist\u00e9rios ordenados. Essa comemora\u00e7\u00e3o se deve ao fato de no dia 4 de agosto celebrarmos o dia de S\u00e3o Jo\u00e3o Maria Vianney, o Cura D\u2019Ars, patrono dos padres; e, no dia 10 de agosto, o dia de S\u00e3o Louren\u00e7o, patrono dos di\u00e1conos.<\/p>\n\n\n\n<p><strong>No segundo domingo, comemora-se a voca\u00e7\u00e3o matrimonial.<\/strong><br>Por imita\u00e7\u00e3o do segundo domingo de maio &#8211; no qual \u00e9 comemorado o Dia das M\u00e3es \u2013 temos o Dia dos Pais. Sabemos que no Brasil esse dia \u00e9 comemorado porque antigamente no dia 16 de agosto celebrava-se o dia de S\u00e3o Joaquim, pai de Nossa Senhora e, por isso, adotou-se esse dia e depois o domingo para essa comemora\u00e7\u00e3o. Devido a esse fato, nesta data \u00e9 comemorada a voca\u00e7\u00e3o matrimonial.<\/p>\n\n\n\n<p><strong>No terceiro domingo comemora-se a voca\u00e7\u00e3o \u00e0 vida consagrada.<\/strong><br>Essa recorda\u00e7\u00e3o \u00e9 feita porque no dia 15 de agosto celebramos o Dia da Assun\u00e7\u00e3o de Maria aos c\u00e9us, solenidade que aqui no Brasil \u00e9 transferida para o domingo seguinte.<\/p>\n\n\n\n<p>Homens e mulheres que consagraram suas vidas a Deus e ao pr\u00f3ximo. Desta voca\u00e7\u00e3o brotam carismas e atua\u00e7\u00f5es que enriquecem nossas comunidades com pessoas que buscam viver verdadeiramente seus votos de castidade, obedi\u00eancia e pobreza. S\u00e3o testemunhos vivos do Evangelho.<\/p>\n\n\n\n<p>Perseverantes, os religiosos est\u00e3o a servi\u00e7o do Povo de Deus por meio da ora\u00e7\u00e3o, das miss\u00f5es, da educa\u00e7\u00e3o e das obras de caridade. Com sua vida consagrada, eles demonstram que a vida evang\u00e9lica \u00e9 plenamente poss\u00edvel de ser vivida, mesmo em mundo excessivamente material e consumista. S\u00e3o sinais do amor de Deus e da entrega que o homem \u00e9 capaz de fazer ao Senhor.<\/p>\n\n\n\n<p><strong>No quarto domingo, comemoram-se as voca\u00e7\u00f5es leigas.<\/strong><br>Ser leigo atuante \u00e9 ter consci\u00eancia do chamado de Deus a participar ativamente da Igreja e do Reino contribuindo para a caminhada e o crescimento das comunidades rumo a P\u00e1tria Celeste. Assumir esta voca\u00e7\u00e3o \u00e9 doar-se pelo Evangelho e estar junto a Cristo em sua miss\u00e3o de salva\u00e7\u00e3o e reden\u00e7\u00e3o. <\/p>\n\n\n\n<p>Neste dia celebramos todos os leigos que, entre fam\u00edlia e afazeres, dedicam-se aos trabalhos pastorais e tamb\u00e9m mission\u00e1rios. Os leigos atuam como colaboradores dos padres na catequese, na liturgia, nos minist\u00e9rios de m\u00fasica, nas obras de caridade e nas diversas pastorais existentes.<\/p>\n\n\n\n<p>Nos anos em que o m\u00eas de agosto possui cinco domingos, a Igreja celebra neste dia o minist\u00e9rio do Catequista. Os catequistas s\u00e3o, por voca\u00e7\u00e3o e miss\u00e3o, os grandes promovedores da f\u00e9 na comunidade crist\u00e3 preparando crian\u00e7as, jovens e adultos n\u00e3o s\u00f3 para os sacramentos, mas tamb\u00e9m para darem testemunho de Cristo e do Evangelho no mundo.<\/p>\n\n\n\n<p>\u00c0s portas deste tempo t\u00e3o significativo para a Igreja, orientamos a todos os diocesanos em comunh\u00e3o com o seu bispo e os seus sacerdotes que apoiem a iniciativas que propomos a seguir:<\/p>\n\n\n\n<ol class=\"wp-block-list\">\n<li>Divulgar o cartaz do M\u00eas Vocacional nas redes sociais, nos grupos paroquiais, atrav\u00e9s do Whats App e de outras m\u00eddias;<\/li>\n\n\n\n<li>Realizar encontros vocacionais nas par\u00f3quias e comunidades ao longo do m\u00eas;<\/li>\n\n\n\n<li>Celebrar e destacar a voca\u00e7\u00e3o espec\u00edfica de cada fim de semana na liturgia da Sagrada Eucaristia dominical;<\/li>\n\n\n\n<li>Rezar com intensidade a ora\u00e7\u00e3o vocacional j\u00e1 h\u00e1 anos adotada na nossa diocese;<\/li>\n\n\n\n<li>Apresentar na catequese modelos vocacionais de acordo com as faixas et\u00e1rias, especialmente os exemplos b\u00edblicos e dos santos;<\/li>\n\n\n\n<li>Organizar, onde n\u00e3o existem, as Equipes Vocacionais Paroquiais (EPVs);<\/li>\n\n\n\n<li>No \u00faltimo final de semana do m\u00eas de agosto a coleta, em todas as missas, \u00e9 dedicada aos semin\u00e1rios. Incentivar a todos a serem generosos em ajudar a forma\u00e7\u00e3o dos nossos seminaristas<\/li>\n<\/ol>\n\n\n\n<p>Empenhemo-nos todos neste tempo especial. As voca\u00e7\u00f5es saem das comunidades que rezam e por elas trabalham. <\/p>\n\n\n\n<p class=\"has-text-align-right\">Dom Jailton de Oliveira Lino, psdp<\/p>\n\n\n\n<ol class=\"wp-block-list\">\n<li><strong>Ordena\u00e7\u00f5es sacerdotais: <\/strong>No dia 27 de julho aconteceu em nossa Diocese, na Catedral Diocesana, a ordena\u00e7\u00e3o sacerdotal dos Di\u00e1conos: Diego Cl\u00e1udio de Oliveira Monteiro; Giovane Souza Cruz; Henrique Santos Correia; Paulo Thadeu Souza Santos; Pedro Francisco Pereira Medeiros; Phellipe Moreira da F\u00e9; Rodrigo Rodrigues Vieira; Tharles Brand\u00e3o Batista. Desejamos a todos um fecundo trabalho mission\u00e1rio com os padres respons\u00e1veis por essas par\u00f3quias e com o Povo de Deus a eles confiado.<\/li>\n<\/ol>\n\n\n\n<ol start=\"2\" class=\"wp-block-list\">\n<li><strong>Ordena\u00e7\u00e3o Diaconal: <\/strong>no pr\u00f3ximo dia 03 de agosto de 2024, na Igreja Matriz da Par\u00f3quia Nossa Senhora de F\u00e1tima ser\u00e1 ordenado di\u00e1cono para a Santa Igreja nosso seminarista David dos Anjos, em missa presidida por nosso bispo Dom Jailton de Oliveira Lino. A celebra\u00e7\u00e3o eucar\u00edstica ser\u00e1 \u00e0s 17:00h. Que Deus aben\u00e7oe nosso novo di\u00e1cono e seu minist\u00e9rio em nosso Igreja particular.<\/li>\n<\/ol>\n\n\n\n<ol start=\"3\" class=\"wp-block-list\">\n<li><strong>Pe. Domingos Bento dos Santos Filho:<\/strong> este nosso irm\u00e3o solicitou ao nosso bispo diocesano seu afastamento do minist\u00e9rio sacerdotal. Deste modo, ele deixa a Par\u00f3quia Nossa Senhora do Prado e segue sua vida na busca do processo de redu\u00e7\u00e3o a estado laical. Rezamos por ele. Agradecemos pelos seus servi\u00e7os prestados em nossa diocese como sacerdote e por sua presen\u00e7a e nosso presbit\u00e9rio. Que Deus continue lhe aben\u00e7oando e cobrindo de gra\u00e7as, for\u00e7a e coragem.<\/li>\n<\/ol>\n\n\n\n<ol start=\"4\" class=\"wp-block-list\">\n<li><strong>Retorno do Pe. Roberto Pereira: <\/strong>no dia 25 de setembro pr\u00f3ximo, Pe. Roberto estar\u00e1 retornando da It\u00e1lia onde esteve fazendo mestrado em Espiritualidade nestes dois \u00faltimos anos. Parabenizamos ao nosso Mestre em Espiritualidade por essa conquista damos-lhe nossas boas-vindas.<\/li>\n<\/ol>\n\n\n\n<ol start=\"5\" class=\"wp-block-list\">\n<li><strong>Libera\u00e7\u00e3o para estudar na It\u00e1lia: <\/strong>no dia 21 de agosto pr\u00f3ximo nossos padres Marcos Viana Silva e Jaelson Cerqueira Santos estar\u00e3o partindo para Roma. Pe. Jaelson vai fazer mestrado em Teologia Moral na Accademia Alfonsiana de Roma e Pe. Marcos far\u00e1 mestrado em Liturgia no Pontif\u00edcio Ateneo Santo Anselmo, tamb\u00e9m em Roma. Desejamos-lhes boa viagem e muito sucesso nos estudos.<\/li>\n<\/ol>\n\n\n\n<ol start=\"6\" class=\"wp-block-list\">\n<li><strong>Retiro anual dos seminaristas:<\/strong> desde o dia 18 de julho nossos seminaristas est\u00e3o reunidos em retiro espiritual, orientado pelo Pe. Wagner Augusto do clero da Arquidiocese de S\u00e3o Sebasti\u00e3o do Rio de Janeiro. O Retiro ser\u00e1 conclu\u00eddo no pr\u00f3ximo dia 24 de julho com missa presidida pelo bispo diocesano.<\/li>\n<\/ol>\n\n\n\n<ol start=\"7\" class=\"wp-block-list\">\n<li><strong>Comiss\u00e3o Diocesana para o Jubileu 2025:<\/strong> para ajudar toda a Diocese a celebrar bem o grande Jubileu de 2025 \u2013 Peregrinos da Esperan\u00e7a, Dom Jailton de Oliveira Lino nomeou a Coordena\u00e7\u00e3o Diocesana de Pastoral como Comiss\u00e3o Jubilar. Agradecemos ao Pe. Ricardo Menezes, Coordenar Diocesano de Pastoral e Comiss\u00e3o Diocesana de Pastoral por mais este servi\u00e7o \u00e0 nosso Igreja particular.<\/li>\n<\/ol>\n\n\n\n<ol start=\"8\" class=\"wp-block-list\">\n<li><strong>Nomea\u00e7\u00f5es e transfer\u00eancias:<\/strong><\/li>\n<\/ol>\n\n\n\n<p>Considerando as necessidades pastorais e a adequada distribui\u00e7\u00e3o dos Of\u00edcios Eclesi\u00e1sticos, seguindo o que prescreve a disciplina da Igreja, o Direito Particular e os leg\u00edtimos costumes de nossa Diocese de Teixeira de Freitas\/Caravelas, o Exmo. e Revmo. Sr. Bispo, Dom Jailton de Oliveira Lino, psdp, procedeu \u00e0s seguintes nomea\u00e7\u00f5es e provis\u00f5es que, oportunamente, se reger\u00e3o pelas determina\u00e7\u00f5es dos respectivos Decretos:<\/p>\n\n\n\n<ol style=\"list-style-type:lower-alpha\" class=\"wp-block-list\">\n<li>Revmo. Pe. Diego Cl\u00e1udio de Oliveira Monteiro. Vig\u00e1rio Paroquial da Par\u00f3quia S\u00e3o Francisco. Apresenta\u00e7\u00e3o no dia 18\/08, \u00e0s 18:00h.<\/li>\n\n\n\n<li>Revmo. Pe. Giovane Souza Cruz. Administrador Paroquial da Par\u00f3quia Santa Luzia, em Teixeira de Freitas. Posse dia 09\/08, \u00e0s 19:30h.<\/li>\n\n\n\n<li>Revmo. Pe. Henrique Santos Correia. Administrador Paroquial da Par\u00f3quia S\u00e3o Sebasti\u00e3o, em Vereda. Posse dia 07\/08, \u00e0s 19:00h.<\/li>\n\n\n\n<li>Revmo. Pe. Paulo Thadeu Souza Santos. Vig\u00e1rio Paroquial da Par\u00f3quia Nossa Senhora D\u2019Ajuda, morando em Batinga. Apresenta\u00e7\u00e3o no dia 04\/08, \u00e0s 19:00h.<\/li>\n\n\n\n<li>Revmo. Pe. Pedro Francisco Pereira Medeiros. Vig\u00e1rio Paroquial da Par\u00f3quia Nossa Senhora da Purifica\u00e7\u00e3o. Apresenta\u00e7\u00e3o no dia 13\/08, \u00e0s 19:00h.<\/li>\n\n\n\n<li>Revmo. Pe. Phellipe Moreira da F\u00e9. Vig\u00e1rio Paroquial da Par\u00f3quia Co-Catedral Santo Ant\u00f4nio. Apresenta\u00e7\u00e3o no dia 05\/08, \u00e0s 19:00h.<\/li>\n\n\n\n<li>Revmo. Pe. Rodrigo Rodrigues Vieira. Administrador Paroquial da Par\u00f3quia S\u00e3o Louren\u00e7o. Posse no dia 10\/08, \u00e0s 19:30h.<\/li>\n\n\n\n<li>Revmo. Pe. Tharles Brand\u00e3o Batista. Vig\u00e1rio Paroquial da Par\u00f3quia S\u00e3o Bernardo. Apresenta\u00e7\u00e3o no dia 18\/08, \u00e0s 18:00h.<\/li>\n\n\n\n<li>Revmo. Pe. Paulo C\u00e9sar Pereira Pinto. P\u00e1roco da Par\u00f3quia Nossa Senhora das Gra\u00e7as, em Teixeira de Freitas. Posse dia 08\/08, \u00e0s 19:00h;<\/li>\n\n\n\n<li>Revmo. Pe. Emanoel Silva dos Santos. Administrador Paroquial da Par\u00f3quia Santo Ant\u00f4nio \u2013 distrito de Teixeira de Freitas. Posse no dia 16\/08, \u00e0s 19:30h<\/li>\n\n\n\n<li>Revmo. Pe. Jos\u00e9 Ricardo de Almeida. Vig\u00e1rio Paroquial da Par\u00f3quia Nossa Senhora D\u2019Ajuda, morando em Itanh\u00e9m. Apresenta\u00e7\u00e3o no dia 15\/08, \u00e0s 18:00h.<\/li>\n\n\n\n<li>Revmo. Pe. Paulo Andr\u00e9 Costa de Oliveira. Administrador Paroquial da Par\u00f3quia Nossa Senhora da Purifica\u00e7\u00e3o. Posse dia 13\/08, \u00e0s 19:00h.<\/li>\n\n\n\n<li>Revmo. Pe. Leonardo Carvalho. Administrador Paroquial da Par\u00f3quia S\u00e3o Crist\u00f3v\u00e3o. Posse no dia 14\/08, \u00e0s 19:00h.<\/li>\n<\/ol>\n\n\n\n<p>Dom Jailton revela sua gratid\u00e3o aos padres envolvidos nas nomea\u00e7\u00f5es e transfer\u00eancias pela abertura, disponibilidade e sensibilidade pastoral, sinal de diocesaneidade e amor \u00e0 Igreja.<\/p>\n\n\n\n<p class=\"has-text-align-right\"><em>Teixeira de Freitas, 27 de julho de 2024<\/em><\/p>\n\n\n\n<p class=\"has-text-align-center\">Pe. Ariston Domingues de Ara\u00fajo<br>Chanceler do Bispado<\/p>\n\n\n\n<p class=\"has-text-align-center\"><strong>Ora\u00e7\u00e3o pelas voca\u00e7\u00f5es<\/strong><\/p>\n\n\n\n<p class=\"has-text-align-center\"><em>Jesus, mestre divino que chamastes os ap\u00f3stolos para vos seguirem, continuai a passar pelos nossos caminhos, pelas nossas fam\u00edlias, pelas nossas escolas. E continuai a repetir o convite a muitos de nossos jovens. Dai coragem \u00e0s pessoas convidadas, dai for\u00e7as para que vos sejam fi\u00e9is como ap\u00f3stolos leigos, como sacerdotes, como religiosos e religiosas para o bem do povo de Deus e de toda a humanidade. Am\u00e9m!<\/em><\/p>\n","protected":false},"excerpt":{"rendered":"<p>&#8220;N\u00e3o vos angustieis!&#8221; AGOSTO: um m\u00eas dedicado \u00e0s Voca\u00e7\u00f5es O m\u00eas de agosto \u00e9 dedicado \u00e0 ora\u00e7\u00e3o, reflex\u00e3o e a\u00e7\u00e3o nas comunidades sobre o tema das voca\u00e7\u00f5es. Este ano, a Comiss\u00e3o para os Minist\u00e9rios Ordenados e a Vida Consagrada da Confer\u00eancia Nacional dos Bispos do Brasil (CNBB) junto com o Servi\u00e7o de Anima\u00e7\u00e3o Vocacional \u2013 &hellip;<\/p>\n","protected":false},"author":2,"featured_media":10252,"comment_status":"closed","ping_status":"closed","sticky":false,"template":"","format":"standard","meta":{"footnotes":""},"categories":[100],"tags":[],"class_list":["post-22514","post","type-post","status-publish","format-standard","has-post-thumbnail","hentry","category-noticias-diocesanas"],"_links":{"self":[{"href":"https:\/\/dioceseteixeiradefreitas.com.br\/index.php?rest_route=\/wp\/v2\/posts\/22514","targetHints":{"allow":["GET"]}}],"collection":[{"href":"https:\/\/dioceseteixeiradefreitas.com.br\/index.php?rest_route=\/wp\/v2\/posts"}],"about":[{"href":"https:\/\/dioceseteixeiradefreitas.com.br\/index.php?rest_route=\/wp\/v2\/types\/post"}],"author":[{"embeddable":true,"href":"https:\/\/dioceseteixeiradefreitas.com.br\/index.php?rest_route=\/wp\/v2\/users\/2"}],"replies":[{"embeddable":true,"href":"https:\/\/dioceseteixeiradefreitas.com.br\/index.php?rest_route=%2Fwp%2Fv2%2Fcomments&post=22514"}],"version-history":[{"count":1,"href":"https:\/\/dioceseteixeiradefreitas.com.br\/index.php?rest_route=\/wp\/v2\/posts\/22514\/revisions"}],"predecessor-version":[{"id":22516,"href":"https:\/\/dioceseteixeiradefreitas.com.br\/index.php?rest_route=\/wp\/v2\/posts\/22514\/revisions\/22516"}],"wp:featuredmedia":[{"embeddable":true,"href":"https:\/\/dioceseteixeiradefreitas.com.br\/index.php?rest_route=\/wp\/v2\/media\/10252"}],"wp:attachment":[{"href":"https:\/\/dioceseteixeiradefreitas.com.br\/index.php?rest_route=%2Fwp%2Fv2%2Fmedia&parent=22514"}],"wp:term":[{"taxonomy":"category","embeddable":true,"href":"https:\/\/dioceseteixeiradefreitas.com.br\/index.php?rest_route=%2Fwp%2Fv2%2Fcategories&post=22514"},{"taxonomy":"post_tag","embeddable":true,"href":"https:\/\/dioceseteixeiradefreitas.com.br\/index.php?rest_route=%2Fwp%2Fv2%2Ftags&post=22514"}],"curies":[{"name":"wp","href":"https:\/\/api.w.org\/{rel}","templated":true}]}}