{"id":23102,"date":"2024-10-18T11:05:46","date_gmt":"2024-10-18T14:05:46","guid":{"rendered":"https:\/\/dioceseteixeiradefreitas.com.br\/?p=23102"},"modified":"2024-10-18T11:05:46","modified_gmt":"2024-10-18T14:05:46","slug":"saiba-quem-sao-os-padres-do-regional-nordeste-3-que-residem-no-colegio-pio-brasileiro-em-roma","status":"publish","type":"post","link":"https:\/\/dioceseteixeiradefreitas.com.br\/?p=23102","title":{"rendered":"Saiba quem s\u00e3o os padres do Regional Nordeste 3 que residem no Col\u00e9gio Pio Brasileiro, em Roma."},"content":{"rendered":"\n<figure class=\"wp-block-image size-large\"><a href=\"https:\/\/dioceseteixeiradefreitas.com.br\/wp-content\/uploads\/2024\/10\/IMG_1670.jpeg\"><img loading=\"lazy\" decoding=\"async\" width=\"576\" height=\"1024\" src=\"https:\/\/dioceseteixeiradefreitas.com.br\/wp-content\/uploads\/2024\/10\/IMG_1670-576x1024.jpeg\" alt=\"\" class=\"wp-image-23103\" srcset=\"https:\/\/dioceseteixeiradefreitas.com.br\/wp-content\/uploads\/2024\/10\/IMG_1670-576x1024.jpeg 576w, https:\/\/dioceseteixeiradefreitas.com.br\/wp-content\/uploads\/2024\/10\/IMG_1670-169x300.jpeg 169w, https:\/\/dioceseteixeiradefreitas.com.br\/wp-content\/uploads\/2024\/10\/IMG_1670-768x1365.jpeg 768w, https:\/\/dioceseteixeiradefreitas.com.br\/wp-content\/uploads\/2024\/10\/IMG_1670-864x1536.jpeg 864w, https:\/\/dioceseteixeiradefreitas.com.br\/wp-content\/uploads\/2024\/10\/IMG_1670-1152x2048.jpeg 1152w, https:\/\/dioceseteixeiradefreitas.com.br\/wp-content\/uploads\/2024\/10\/IMG_1670.jpeg 1440w\" sizes=\"auto, (max-width: 576px) 100vw, 576px\" \/><\/a><\/figure>\n\n\n\n<p>Com o objetivo de aprimorar os conhecimentos em \u00e1reas espec\u00edficas e assim poder servir melhor \u00e0 Igreja, exercendo de maneira mais aprofundada o Minist\u00e9rio Presbiteral, padres das arquidioceses e dioceses da Bahia e de Sergipe, que formam o Regional Nordeste 3, est\u00e3o em Roma, residindo no Col\u00e9gio Pio Brasileiro, onde o bispo em\u00e9rito da Diocese de Livramento de Nossa Senhora, Dom Armando Bucciol, \u00e9 diretor espiritual.<\/p>\n\n\n\n<p>Confira, abaixo, quem s\u00e3o estes sacerdotes e o que cursam no Pio Brasileiro:<\/p>\n\n\n\n<p><strong>Pe. Alan de Jesus Santana<\/strong>&nbsp;\u2013 Diocese de Jequi\u00e9 (Mestrado em Teologia Dogm\u00e1tica)<\/p>\n\n\n\n<p><strong>Pe. Arivaldo Arag\u00e3o<\/strong>&nbsp;\u2013 Arquidiocese de Feira de Santana (Doutorado em Sacra Liturgia)<\/p>\n\n\n\n<p><strong>Pe. Danilo Leal de Souza<\/strong>&nbsp;\u2013 Diocese de Alagoinhas (Doutorado em Direito Can\u00f4nico)<\/p>\n\n\n\n<p><strong>Pe. El\u00edsio Serpa<\/strong>&nbsp;\u2013 Arquidiocese de Salvador (Mestrado em Teologia Fundamental)<\/p>\n\n\n\n<p><strong>Pe. Jaelson Cerqueira<\/strong>&nbsp;\u2013 Diocese de Teixeira de Freitas (Mestrado em Teologia Moral)<\/p>\n\n\n\n<p><strong>Pe. Jordano Viana Fernandes<\/strong>&nbsp;\u2013 Diocese de Caetit\u00e9 (Doutorado em Teologia B\u00edblica)<\/p>\n\n\n\n<p><strong>Pe. Lourival Cruz<\/strong>&nbsp;\u2013 Arquidiocese de Salvador (Doutorado em Teologia Moral)<\/p>\n\n\n\n<p><strong>Pe. Manoel Messias<\/strong>&nbsp;\u2013 Diocese de Est\u00e2ncia (Mestrado em Teologia B\u00edblica)<\/p>\n\n\n\n<p><strong>Pe. M\u00e1rcio Augusto<\/strong>&nbsp;\u2013 Arquidiocese de Salvador (Mestrado em Teologia B\u00edblica)<\/p>\n\n\n\n<p><strong>Pe. Marcos Viana<\/strong>&nbsp;\u2013 Diocese de Teixeira de Freitas (Mestrado em Sacra Liturgia Liturgia)<\/p>\n\n\n\n<p><strong>Pe. Marcos Ribeiro Filgueiras<\/strong>&nbsp;\u2013 Diocese de Cama\u00e7ari (Mestrado em Filosofia)<\/p>\n\n\n\n<p><strong>Pe. T\u00e9cio Andrade Lima<\/strong>&nbsp;\u2013 Arquidiocese de Vit\u00f3ria da Conquista (Doutorado em Sacra Liturgia)<\/p>\n\n\n\n<p><strong>Pe. Uatos Pereira Pires<\/strong>&nbsp;\u2013 Arquidiocese de Vit\u00f3ria da Conquista (Mestrado em Filosofia)<\/p>\n\n\n\n<p>Fonte: <a href=\"https:\/\/cnbbne3.org.br\/saiba-quem-sao-os-padres-do-regional-nordeste-3-que-residem-no-colegio-pio-brasileiro-em-roma\/\">https:\/\/cnbbne3.org.br\/saiba-quem-sao-os-padres-do-regional-nordeste-3-que-residem-no-colegio-pio-brasileiro-em-roma\/<\/a><\/p>\n\n\n\n<p><\/p>\n","protected":false},"excerpt":{"rendered":"<p>Com o objetivo de aprimorar os conhecimentos em \u00e1reas espec\u00edficas e assim poder servir melhor \u00e0 Igreja, exercendo de maneira mais aprofundada o Minist\u00e9rio Presbiteral, padres das arquidioceses e dioceses da Bahia e de Sergipe, que formam o Regional Nordeste 3, est\u00e3o em Roma, residindo no Col\u00e9gio Pio Brasileiro, onde o bispo em\u00e9rito da Diocese &hellip;<\/p>\n","protected":false},"author":32,"featured_media":23103,"comment_status":"closed","ping_status":"closed","sticky":false,"template":"","format":"standard","meta":{"footnotes":""},"categories":[100,41],"tags":[],"class_list":["post-23102","post","type-post","status-publish","format-standard","has-post-thumbnail","hentry","category-noticias-diocesanas","category-noticias_destaque"],"_links":{"self":[{"href":"https:\/\/dioceseteixeiradefreitas.com.br\/index.php?rest_route=\/wp\/v2\/posts\/23102","targetHints":{"allow":["GET"]}}],"collection":[{"href":"https:\/\/dioceseteixeiradefreitas.com.br\/index.php?rest_route=\/wp\/v2\/posts"}],"about":[{"href":"https:\/\/dioceseteixeiradefreitas.com.br\/index.php?rest_route=\/wp\/v2\/types\/post"}],"author":[{"embeddable":true,"href":"https:\/\/dioceseteixeiradefreitas.com.br\/index.php?rest_route=\/wp\/v2\/users\/32"}],"replies":[{"embeddable":true,"href":"https:\/\/dioceseteixeiradefreitas.com.br\/index.php?rest_route=%2Fwp%2Fv2%2Fcomments&post=23102"}],"version-history":[{"count":1,"href":"https:\/\/dioceseteixeiradefreitas.com.br\/index.php?rest_route=\/wp\/v2\/posts\/23102\/revisions"}],"predecessor-version":[{"id":23104,"href":"https:\/\/dioceseteixeiradefreitas.com.br\/index.php?rest_route=\/wp\/v2\/posts\/23102\/revisions\/23104"}],"wp:featuredmedia":[{"embeddable":true,"href":"https:\/\/dioceseteixeiradefreitas.com.br\/index.php?rest_route=\/wp\/v2\/media\/23103"}],"wp:attachment":[{"href":"https:\/\/dioceseteixeiradefreitas.com.br\/index.php?rest_route=%2Fwp%2Fv2%2Fmedia&parent=23102"}],"wp:term":[{"taxonomy":"category","embeddable":true,"href":"https:\/\/dioceseteixeiradefreitas.com.br\/index.php?rest_route=%2Fwp%2Fv2%2Fcategories&post=23102"},{"taxonomy":"post_tag","embeddable":true,"href":"https:\/\/dioceseteixeiradefreitas.com.br\/index.php?rest_route=%2Fwp%2Fv2%2Ftags&post=23102"}],"curies":[{"name":"wp","href":"https:\/\/api.w.org\/{rel}","templated":true}]}}