{"id":23121,"date":"2024-11-06T08:02:14","date_gmt":"2024-11-06T11:02:14","guid":{"rendered":"https:\/\/dioceseteixeiradefreitas.com.br\/?p=23121"},"modified":"2024-11-06T08:02:15","modified_gmt":"2024-11-06T11:02:15","slug":"pastoral-familiar-reuniu-coordenadores-de-20-arquidioceses-e-dioceses-durante-a-assembleia-regional","status":"publish","type":"post","link":"https:\/\/dioceseteixeiradefreitas.com.br\/?p=23121","title":{"rendered":"PASTORAL FAMILIAR REUNIU COORDENADORES DE 20 ARQUIDIOCESES E DIOCESES DURANTE A ASSEMBLEIA REGIONAL"},"content":{"rendered":"\n<figure class=\"wp-block-image size-large\"><a href=\"https:\/\/dioceseteixeiradefreitas.com.br\/wp-content\/uploads\/2024\/11\/IMG_2577.jpeg\"><img loading=\"lazy\" decoding=\"async\" width=\"1024\" height=\"576\" src=\"https:\/\/dioceseteixeiradefreitas.com.br\/wp-content\/uploads\/2024\/11\/IMG_2577-1024x576.jpeg\" alt=\"\" class=\"wp-image-23122\" srcset=\"https:\/\/dioceseteixeiradefreitas.com.br\/wp-content\/uploads\/2024\/11\/IMG_2577-1024x576.jpeg 1024w, https:\/\/dioceseteixeiradefreitas.com.br\/wp-content\/uploads\/2024\/11\/IMG_2577-300x169.jpeg 300w, https:\/\/dioceseteixeiradefreitas.com.br\/wp-content\/uploads\/2024\/11\/IMG_2577-768x432.jpeg 768w, https:\/\/dioceseteixeiradefreitas.com.br\/wp-content\/uploads\/2024\/11\/IMG_2577-390x220.jpeg 390w, https:\/\/dioceseteixeiradefreitas.com.br\/wp-content\/uploads\/2024\/11\/IMG_2577.jpeg 1536w\" sizes=\"auto, (max-width: 1024px) 100vw, 1024px\" \/><\/a><\/figure>\n\n\n\n<p>Com o tema \u201cFam\u00edlias em Ora\u00e7\u00e3o, verdadeiras Peregrinas da Esperan\u00e7a\u201d e o lema \u201cPedi, e vos ser\u00e1 dado\u201d (Mt 7,7), a Pastoral Familiar do regional Nordeste 3 realizou, de 18 a 20 de outubro, a Assembleia 2024. O evento aconteceu na cidade de Gl\u00f3ria \u2013 Diocese de Paulo Afonso, na Bahia, e contou com uma programa\u00e7\u00e3o intensa.<\/p>\n\n\n\n<p>Para dar in\u00edcio \u00e0 Assembleia aconteceu a Celebra\u00e7\u00e3o Eucar\u00edstica presidida pelo bispo da diocese de Paulo Afonso, dom Guido Zendron, e concelebrada pelos padres assessores. Em seguida, ocorreu a abertura, que foi marcada pela entrada dos coordenadores arquidiocesanos e diocesanos da Pastoral Familiar com os respectivos banners.<\/p>\n\n\n\n<p>Mesa redonda e palestras tamb\u00e9m fizeram parte das atividades da Assembleia, al\u00e9m da apresenta\u00e7\u00e3o de outros assuntos, sempre relacionados com o tema, entre eles a apresenta\u00e7\u00e3o do Setor Pr\u00e9-Matrimonial e perspectivas para 2025 e a proposta do Setor Casos Especiais, que visa trabalhar em conjunto com a Pastoral Carcer\u00e1ria, acompanhando as fam\u00edlias v\u00edtimas de viol\u00eancia. Na Dimens\u00e3o do Servi\u00e7o \u00e0 Vida, o tema do suic\u00eddio tamb\u00e9m foi abordado.<\/p>\n\n\n\n<p>Atendendo ao chamado do Santo Padre, o Papa Francisco, este ano dedicado \u00e0 ora\u00e7\u00e3o permeou cada instante da Assembleia, fortalecendo o compromisso e a f\u00e9 dos membros da Pastoral Familiar. Na oportunidade, estiveram representadas as arquidioceses de Aracaju (SE) e Vit\u00f3ria da Conquista (BA); e as dioceses de Paulo Afonso (BA), Cama\u00e7ari (BA), Itabuna (BA), Amargosa (BA), Juazeiro (BA), Est\u00e2ncia (SE), Irec\u00ea (BA), Alagoinhas (BA), Barreiras (BA), Propri\u00e1 (SE), Teixeira de Freitas\/Caravelas (BA), Bonfim (BA), Serrinha (BA), Jequi\u00e9 (BA), Eun\u00e1polis (BA), Ruy Barbosa (BA), Ilh\u00e9us (BA) e Caetit\u00e9 (BA).<\/p>\n\n\n\n<p>Tamb\u00e9m marcaram presen\u00e7a o assessor regional da Pastoral Familiar, padre Edson Bahia; e o Pe. Airton (Diocese de Bonfim), Pe. Wildson (Diocese de Eun\u00e1polis), Pe. Rog\u00e9rio (Diocese de Irec\u00ea), Pe. U\u00f3xiton (Diocese de Barreiras), Pe. Henrique (Diocese de Teixeira de Freitas\/Caravelas), Pe. Cosme (Diocese de Paulo Afonso) e Pe. Juarez (Diocese de Cama\u00e7ari). \u201cPadres e fam\u00edlias foram consultados sobre o andamento dos trabalhos planejados e executados desde 2022! Apresentamos todos os materiais para atender as demandas da vida e da fam\u00edlia em todas as fases! Foi um momento rico de trabalho e de alimenta\u00e7\u00e3o da esperan\u00e7a\u201d, disse K\u00e1tia Sousa, que, junto com o esposo J\u00falio, coordena a Pastoral Familiar no Regional Nordeste 3.<\/p>\n\n\n\n<p>\u201cEsta assembleia contribuiu para os agentes se prepararem para enfrentar os desafios que precisamos passar com estrutura, espiritualidade e equil\u00edbrio como uma Igreja Sinodal e como peregrinos da esperan\u00e7a, com a for\u00e7a da f\u00e9 e da ora\u00e7\u00e3o, com a finalidade de manter as fam\u00edlias vivas em seu caminho, em seu dom e em sua miss\u00e3o na Igreja com o testemunho do amor e da vontade de Deus\u201d, concluiu K\u00e1tia.<\/p>\n\n\n\n<p>Fonte: <a href=\"https:\/\/www.cnbb.org.br\/pastoral-familiar-reuniu-coordenadores-de-20-arquidioceses-e-dioceses-durante-a-assembleia-regional\/\">https:\/\/www.cnbb.org.br\/pastoral-familiar-reuniu-coordenadores-de-20-arquidioceses-e-dioceses-durante-a-assembleia-regional\/<\/a><\/p>\n","protected":false},"excerpt":{"rendered":"<p>Com o tema \u201cFam\u00edlias em Ora\u00e7\u00e3o, verdadeiras Peregrinas da Esperan\u00e7a\u201d e o lema \u201cPedi, e vos ser\u00e1 dado\u201d (Mt 7,7), a Pastoral Familiar do regional Nordeste 3 realizou, de 18 a 20 de outubro, a Assembleia 2024. O evento aconteceu na cidade de Gl\u00f3ria \u2013 Diocese de Paulo Afonso, na Bahia, e contou com uma &hellip;<\/p>\n","protected":false},"author":32,"featured_media":23122,"comment_status":"closed","ping_status":"closed","sticky":false,"template":"","format":"standard","meta":{"footnotes":""},"categories":[100,41],"tags":[],"class_list":["post-23121","post","type-post","status-publish","format-standard","has-post-thumbnail","hentry","category-noticias-diocesanas","category-noticias_destaque"],"_links":{"self":[{"href":"https:\/\/dioceseteixeiradefreitas.com.br\/index.php?rest_route=\/wp\/v2\/posts\/23121","targetHints":{"allow":["GET"]}}],"collection":[{"href":"https:\/\/dioceseteixeiradefreitas.com.br\/index.php?rest_route=\/wp\/v2\/posts"}],"about":[{"href":"https:\/\/dioceseteixeiradefreitas.com.br\/index.php?rest_route=\/wp\/v2\/types\/post"}],"author":[{"embeddable":true,"href":"https:\/\/dioceseteixeiradefreitas.com.br\/index.php?rest_route=\/wp\/v2\/users\/32"}],"replies":[{"embeddable":true,"href":"https:\/\/dioceseteixeiradefreitas.com.br\/index.php?rest_route=%2Fwp%2Fv2%2Fcomments&post=23121"}],"version-history":[{"count":1,"href":"https:\/\/dioceseteixeiradefreitas.com.br\/index.php?rest_route=\/wp\/v2\/posts\/23121\/revisions"}],"predecessor-version":[{"id":23123,"href":"https:\/\/dioceseteixeiradefreitas.com.br\/index.php?rest_route=\/wp\/v2\/posts\/23121\/revisions\/23123"}],"wp:featuredmedia":[{"embeddable":true,"href":"https:\/\/dioceseteixeiradefreitas.com.br\/index.php?rest_route=\/wp\/v2\/media\/23122"}],"wp:attachment":[{"href":"https:\/\/dioceseteixeiradefreitas.com.br\/index.php?rest_route=%2Fwp%2Fv2%2Fmedia&parent=23121"}],"wp:term":[{"taxonomy":"category","embeddable":true,"href":"https:\/\/dioceseteixeiradefreitas.com.br\/index.php?rest_route=%2Fwp%2Fv2%2Fcategories&post=23121"},{"taxonomy":"post_tag","embeddable":true,"href":"https:\/\/dioceseteixeiradefreitas.com.br\/index.php?rest_route=%2Fwp%2Fv2%2Ftags&post=23121"}],"curies":[{"name":"wp","href":"https:\/\/api.w.org\/{rel}","templated":true}]}}