{"id":23137,"date":"2024-11-23T23:58:37","date_gmt":"2024-11-24T02:58:37","guid":{"rendered":"https:\/\/dioceseteixeiradefreitas.com.br\/?p=23137"},"modified":"2024-11-23T23:58:38","modified_gmt":"2024-11-24T02:58:38","slug":"jubileu-de-ouro-vida-consagrada-de-irma-noemia","status":"publish","type":"post","link":"https:\/\/dioceseteixeiradefreitas.com.br\/?p=23137","title":{"rendered":"JUBILEU DE OURO &#8211; VIDA CONSAGRADA DE IRM\u00c3 NOEMIA."},"content":{"rendered":"\n<p>   No dia 10 de novembro de 2024, Os Irm\u00e3os e Irm\u00e3s da Vida Consagrada reuniram-se para a Celebra\u00e7\u00e3o da santa missa em A\u00e7\u00e3o de Gra\u00e7as pelos cinquenta anos de Vida Consagrada da Irm\u00e3 Maria No\u00eamia Schneider, seguida de uma fraterna e linda de confraterniza\u00e7\u00e3o.<\/p>\n\n\n\n<figure class=\"wp-block-image size-full\"><a href=\"https:\/\/dioceseteixeiradefreitas.com.br\/wp-content\/uploads\/2024\/11\/IMG_1045-scaled.jpg\"><img loading=\"lazy\" decoding=\"async\" width=\"2560\" height=\"1707\" src=\"https:\/\/dioceseteixeiradefreitas.com.br\/wp-content\/uploads\/2024\/11\/IMG_1045-scaled.jpg\" alt=\"\" class=\"wp-image-23176\" srcset=\"https:\/\/dioceseteixeiradefreitas.com.br\/wp-content\/uploads\/2024\/11\/IMG_1045-scaled.jpg 2560w, https:\/\/dioceseteixeiradefreitas.com.br\/wp-content\/uploads\/2024\/11\/IMG_1045-300x200.jpg 300w, https:\/\/dioceseteixeiradefreitas.com.br\/wp-content\/uploads\/2024\/11\/IMG_1045-1024x683.jpg 1024w, https:\/\/dioceseteixeiradefreitas.com.br\/wp-content\/uploads\/2024\/11\/IMG_1045-768x512.jpg 768w, https:\/\/dioceseteixeiradefreitas.com.br\/wp-content\/uploads\/2024\/11\/IMG_1045-1536x1024.jpg 1536w, https:\/\/dioceseteixeiradefreitas.com.br\/wp-content\/uploads\/2024\/11\/IMG_1045-2048x1365.jpg 2048w\" sizes=\"auto, (max-width: 2560px) 100vw, 2560px\" \/><\/a><\/figure>\n\n\n\n<p>   Celebrar 50 anos de consagrada \u00e9 tamb\u00e9m renovar o compromisso assumido na Primeira Profiss\u00e3o. \u00c9 dizer continuamente \u201cSIM\u201d a Jesus Cristo. \u00c9 ainda agradecer e louvar a Deus, pelo dom do chamado, da voca\u00e7\u00e3o, sendo Ele o verdadeiro sentido do seu existir durante todo esses anos e da sua resposta ao seu chamado di\u00e1rio.<\/p>\n\n\n\n<p>   A celebra\u00e7\u00e3o do Jubileu de Ouro foi uma oportunidade para olhar o passado com gratid\u00e3o, contemplando as maravilhas que Deus realizou em toda a vida da irm\u00e3. Tornando-se para multid\u00e3o canal de gra\u00e7a e esperan\u00e7a. Um momento de viver o presente com ternura, profundidade e \u00edntima uni\u00e3o de amor com seu Amado.<\/p>\n\n\n\n<p>A Diocese de Teixeira de Freitas agradece sinceramente o servi\u00e7o da nossa irm\u00e3 e sua entrega ao longo de tantos anos. Que Deus aben\u00e7oe e proteja sempre, renovando o seu &#8220;sim&#8221; por muitos outros anos. Esperamos continuar contando com a sua presen\u00e7a e com suas ora\u00e7\u00f5es junto a n\u00f3s por muito tempo. Saiba que toda a Diocese de Teixeira de Freitas\u2013BA estar\u00e1 sempre em ora\u00e7\u00e3o por voc\u00ea.<\/p>\n\n\n\n<ul class=\"wp-block-list\">\n<li><strong>&nbsp;&nbsp;&nbsp;&nbsp;&nbsp;&nbsp; Mensagem de GRATID\u00c3O DA IRM\u00c3 NO\u00caMIA<\/strong><\/li>\n<\/ul>\n\n\n\n<blockquote class=\"wp-block-quote is-layout-flow wp-block-quote-is-layout-flow\">\n<p><strong>&#8220;Rendam gra\u00e7as ao Senhor, pois ele \u00e9 Bom; o seu amor dura para sempre.\u201d&nbsp; &nbsp;&nbsp;&nbsp;(<a href=\"https:\/\/www.bibliaon.com\/versiculo\/1_cronicas_16_34\/\">1 Cr\u00f4nicas 16:34<\/a>)<\/strong><\/p>\n\n\n\n<p>&nbsp;&nbsp;&nbsp;&nbsp;&nbsp;&nbsp; Amados Irm\u00e3os e Irm\u00e3s da Vida Consagrada, Pe. Jos\u00e9 Ailton e demais amigos que surpreenderam com a Celebra\u00e7\u00e3o de A\u00e7\u00e3o de Gra\u00e7as. Obrigada a Irm\u00e3 Selma que teve a iniciativa com as Irm\u00e3s: Lurdes e Olga, nossa amiga Rita Alves Caldeira que auxiliou com dedica\u00e7\u00e3o. &nbsp;A minha gratid\u00e3o a todas e todos que deram um pouco de si para esse dia especial. Louvor e j\u00fabilo a Deus que \u00e9 imensamente Bom pelo Dom da Voca\u00e7\u00e3o \u00e0 Vida Consagrada e por tantas pessoas que fizeram e fazem parte de minha entrega e doa\u00e7\u00e3o ao Senhor, atrav\u00e9s da Igreja e da Congrega\u00e7\u00e3o das Irm\u00e3s de Notre Dame.&nbsp; &nbsp;&nbsp;&nbsp;&nbsp;&nbsp;&nbsp;<\/p>\n\n\n\n<p><strong>&nbsp;&nbsp;&nbsp; &nbsp;\u201cDou gra\u00e7as a Cristo Jesus, nosso Senhor, que me deu for\u00e7as e me considerou fiel, designando-me para o seu servi\u00e7o&#8230;\u201d (<a href=\"https:\/\/www.bibliaon.com\/versiculo\/1_timoteo_1_12\/\">1 Tim\u00f3teo 1:12<\/a>)&nbsp;<\/strong><\/p>\n\n\n\n<p>   Sou profundamente grata ao Bom Deus pela experi\u00eancia mission\u00e1ria nesta amada Diocese Teixeira de Freitas &#8211; Caravelas.&nbsp; Que eu possa cada dia ser fiel ao Senhor colocando-me a servi\u00e7o de todos, especialmente aos nossos irm\u00e3os mais sofridos e pobres.<\/p>\n\n\n\n<p>Por tudo minha <strong>GRATID\u00c3O!.<\/strong><\/p>\n<\/blockquote>\n\n\n\n<figure class=\"wp-block-gallery has-nested-images columns-default is-cropped wp-block-gallery-1 is-layout-flex wp-block-gallery-is-layout-flex\">\n<figure class=\"wp-block-image size-large\"><a href=\"https:\/\/dioceseteixeiradefreitas.com.br\/wp-content\/uploads\/2024\/11\/IMG_1120-1-scaled.jpg\"><img loading=\"lazy\" decoding=\"async\" width=\"1024\" height=\"683\" data-id=\"23200\" src=\"https:\/\/dioceseteixeiradefreitas.com.br\/wp-content\/uploads\/2024\/11\/IMG_1120-1-1024x683.jpg\" alt=\"\" class=\"wp-image-23200\" srcset=\"https:\/\/dioceseteixeiradefreitas.com.br\/wp-content\/uploads\/2024\/11\/IMG_1120-1-1024x683.jpg 1024w, https:\/\/dioceseteixeiradefreitas.com.br\/wp-content\/uploads\/2024\/11\/IMG_1120-1-300x200.jpg 300w, https:\/\/dioceseteixeiradefreitas.com.br\/wp-content\/uploads\/2024\/11\/IMG_1120-1-768x512.jpg 768w, https:\/\/dioceseteixeiradefreitas.com.br\/wp-content\/uploads\/2024\/11\/IMG_1120-1-1536x1024.jpg 1536w, https:\/\/dioceseteixeiradefreitas.com.br\/wp-content\/uploads\/2024\/11\/IMG_1120-1-2048x1365.jpg 2048w\" sizes=\"auto, (max-width: 1024px) 100vw, 1024px\" \/><\/a><\/figure>\n\n\n\n<figure class=\"wp-block-image size-large\"><a href=\"https:\/\/dioceseteixeiradefreitas.com.br\/wp-content\/uploads\/2024\/11\/IMG_1117-1-scaled.jpg\"><img loading=\"lazy\" decoding=\"async\" width=\"706\" height=\"1024\" data-id=\"23199\" src=\"https:\/\/dioceseteixeiradefreitas.com.br\/wp-content\/uploads\/2024\/11\/IMG_1117-1-706x1024.jpg\" alt=\"\" class=\"wp-image-23199\" srcset=\"https:\/\/dioceseteixeiradefreitas.com.br\/wp-content\/uploads\/2024\/11\/IMG_1117-1-706x1024.jpg 706w, https:\/\/dioceseteixeiradefreitas.com.br\/wp-content\/uploads\/2024\/11\/IMG_1117-1-207x300.jpg 207w, https:\/\/dioceseteixeiradefreitas.com.br\/wp-content\/uploads\/2024\/11\/IMG_1117-1-768x1114.jpg 768w, https:\/\/dioceseteixeiradefreitas.com.br\/wp-content\/uploads\/2024\/11\/IMG_1117-1-1059x1536.jpg 1059w, https:\/\/dioceseteixeiradefreitas.com.br\/wp-content\/uploads\/2024\/11\/IMG_1117-1-1412x2048.jpg 1412w, https:\/\/dioceseteixeiradefreitas.com.br\/wp-content\/uploads\/2024\/11\/IMG_1117-1-scaled.jpg 1765w\" sizes=\"auto, (max-width: 706px) 100vw, 706px\" \/><\/a><\/figure>\n\n\n\n<figure class=\"wp-block-image size-large\"><a href=\"https:\/\/dioceseteixeiradefreitas.com.br\/wp-content\/uploads\/2024\/11\/IMG_1113-1-scaled.jpg\"><img loading=\"lazy\" decoding=\"async\" width=\"1024\" height=\"683\" data-id=\"23198\" src=\"https:\/\/dioceseteixeiradefreitas.com.br\/wp-content\/uploads\/2024\/11\/IMG_1113-1-1024x683.jpg\" alt=\"\" class=\"wp-image-23198\" srcset=\"https:\/\/dioceseteixeiradefreitas.com.br\/wp-content\/uploads\/2024\/11\/IMG_1113-1-1024x683.jpg 1024w, https:\/\/dioceseteixeiradefreitas.com.br\/wp-content\/uploads\/2024\/11\/IMG_1113-1-300x200.jpg 300w, https:\/\/dioceseteixeiradefreitas.com.br\/wp-content\/uploads\/2024\/11\/IMG_1113-1-768x512.jpg 768w, https:\/\/dioceseteixeiradefreitas.com.br\/wp-content\/uploads\/2024\/11\/IMG_1113-1-1536x1024.jpg 1536w, https:\/\/dioceseteixeiradefreitas.com.br\/wp-content\/uploads\/2024\/11\/IMG_1113-1-2048x1365.jpg 2048w\" sizes=\"auto, (max-width: 1024px) 100vw, 1024px\" \/><\/a><\/figure>\n\n\n\n<figure class=\"wp-block-image size-large\"><a href=\"https:\/\/dioceseteixeiradefreitas.com.br\/wp-content\/uploads\/2024\/11\/IMG_1109-1-scaled.jpg\"><img loading=\"lazy\" decoding=\"async\" width=\"1024\" height=\"683\" data-id=\"23197\" src=\"https:\/\/dioceseteixeiradefreitas.com.br\/wp-content\/uploads\/2024\/11\/IMG_1109-1-1024x683.jpg\" alt=\"\" class=\"wp-image-23197\" srcset=\"https:\/\/dioceseteixeiradefreitas.com.br\/wp-content\/uploads\/2024\/11\/IMG_1109-1-1024x683.jpg 1024w, https:\/\/dioceseteixeiradefreitas.com.br\/wp-content\/uploads\/2024\/11\/IMG_1109-1-300x200.jpg 300w, https:\/\/dioceseteixeiradefreitas.com.br\/wp-content\/uploads\/2024\/11\/IMG_1109-1-768x512.jpg 768w, https:\/\/dioceseteixeiradefreitas.com.br\/wp-content\/uploads\/2024\/11\/IMG_1109-1-1536x1024.jpg 1536w, https:\/\/dioceseteixeiradefreitas.com.br\/wp-content\/uploads\/2024\/11\/IMG_1109-1-2048x1365.jpg 2048w\" sizes=\"auto, (max-width: 1024px) 100vw, 1024px\" \/><\/a><\/figure>\n\n\n\n<figure class=\"wp-block-image size-large\"><a href=\"https:\/\/dioceseteixeiradefreitas.com.br\/wp-content\/uploads\/2024\/11\/IMG_1104-1-scaled.jpg\"><img loading=\"lazy\" decoding=\"async\" width=\"1024\" height=\"683\" data-id=\"23196\" src=\"https:\/\/dioceseteixeiradefreitas.com.br\/wp-content\/uploads\/2024\/11\/IMG_1104-1-1024x683.jpg\" alt=\"\" class=\"wp-image-23196\" srcset=\"https:\/\/dioceseteixeiradefreitas.com.br\/wp-content\/uploads\/2024\/11\/IMG_1104-1-1024x683.jpg 1024w, https:\/\/dioceseteixeiradefreitas.com.br\/wp-content\/uploads\/2024\/11\/IMG_1104-1-300x200.jpg 300w, https:\/\/dioceseteixeiradefreitas.com.br\/wp-content\/uploads\/2024\/11\/IMG_1104-1-768x512.jpg 768w, https:\/\/dioceseteixeiradefreitas.com.br\/wp-content\/uploads\/2024\/11\/IMG_1104-1-1536x1024.jpg 1536w, https:\/\/dioceseteixeiradefreitas.com.br\/wp-content\/uploads\/2024\/11\/IMG_1104-1-2048x1365.jpg 2048w\" sizes=\"auto, (max-width: 1024px) 100vw, 1024px\" \/><\/a><\/figure>\n\n\n\n<figure class=\"wp-block-image size-large\"><a href=\"https:\/\/dioceseteixeiradefreitas.com.br\/wp-content\/uploads\/2024\/11\/IMG_1099-1-scaled.jpg\"><img loading=\"lazy\" decoding=\"async\" width=\"1024\" height=\"683\" data-id=\"23195\" src=\"https:\/\/dioceseteixeiradefreitas.com.br\/wp-content\/uploads\/2024\/11\/IMG_1099-1-1024x683.jpg\" alt=\"\" class=\"wp-image-23195\" srcset=\"https:\/\/dioceseteixeiradefreitas.com.br\/wp-content\/uploads\/2024\/11\/IMG_1099-1-1024x683.jpg 1024w, https:\/\/dioceseteixeiradefreitas.com.br\/wp-content\/uploads\/2024\/11\/IMG_1099-1-300x200.jpg 300w, https:\/\/dioceseteixeiradefreitas.com.br\/wp-content\/uploads\/2024\/11\/IMG_1099-1-768x512.jpg 768w, https:\/\/dioceseteixeiradefreitas.com.br\/wp-content\/uploads\/2024\/11\/IMG_1099-1-1536x1024.jpg 1536w, https:\/\/dioceseteixeiradefreitas.com.br\/wp-content\/uploads\/2024\/11\/IMG_1099-1-2048x1365.jpg 2048w\" sizes=\"auto, (max-width: 1024px) 100vw, 1024px\" \/><\/a><\/figure>\n\n\n\n<figure class=\"wp-block-image size-large\"><a href=\"https:\/\/dioceseteixeiradefreitas.com.br\/wp-content\/uploads\/2024\/11\/IMG_1086-scaled.jpg\"><img loading=\"lazy\" decoding=\"async\" width=\"1024\" height=\"683\" data-id=\"23186\" src=\"https:\/\/dioceseteixeiradefreitas.com.br\/wp-content\/uploads\/2024\/11\/IMG_1086-1024x683.jpg\" alt=\"\" class=\"wp-image-23186\" srcset=\"https:\/\/dioceseteixeiradefreitas.com.br\/wp-content\/uploads\/2024\/11\/IMG_1086-1024x683.jpg 1024w, https:\/\/dioceseteixeiradefreitas.com.br\/wp-content\/uploads\/2024\/11\/IMG_1086-300x200.jpg 300w, https:\/\/dioceseteixeiradefreitas.com.br\/wp-content\/uploads\/2024\/11\/IMG_1086-768x512.jpg 768w, https:\/\/dioceseteixeiradefreitas.com.br\/wp-content\/uploads\/2024\/11\/IMG_1086-1536x1024.jpg 1536w, https:\/\/dioceseteixeiradefreitas.com.br\/wp-content\/uploads\/2024\/11\/IMG_1086-2048x1365.jpg 2048w\" sizes=\"auto, (max-width: 1024px) 100vw, 1024px\" \/><\/a><\/figure>\n\n\n\n<figure class=\"wp-block-image size-large\"><a href=\"https:\/\/dioceseteixeiradefreitas.com.br\/wp-content\/uploads\/2024\/11\/IMG_1091-1-scaled.jpg\"><img loading=\"lazy\" decoding=\"async\" width=\"1024\" height=\"683\" data-id=\"23192\" src=\"https:\/\/dioceseteixeiradefreitas.com.br\/wp-content\/uploads\/2024\/11\/IMG_1091-1-1024x683.jpg\" alt=\"\" class=\"wp-image-23192\" srcset=\"https:\/\/dioceseteixeiradefreitas.com.br\/wp-content\/uploads\/2024\/11\/IMG_1091-1-1024x683.jpg 1024w, https:\/\/dioceseteixeiradefreitas.com.br\/wp-content\/uploads\/2024\/11\/IMG_1091-1-300x200.jpg 300w, https:\/\/dioceseteixeiradefreitas.com.br\/wp-content\/uploads\/2024\/11\/IMG_1091-1-768x512.jpg 768w, https:\/\/dioceseteixeiradefreitas.com.br\/wp-content\/uploads\/2024\/11\/IMG_1091-1-1536x1024.jpg 1536w, https:\/\/dioceseteixeiradefreitas.com.br\/wp-content\/uploads\/2024\/11\/IMG_1091-1-2048x1365.jpg 2048w\" sizes=\"auto, (max-width: 1024px) 100vw, 1024px\" \/><\/a><\/figure>\n\n\n\n<figure class=\"wp-block-image size-large\"><a href=\"https:\/\/dioceseteixeiradefreitas.com.br\/wp-content\/uploads\/2024\/11\/IMG_1094-1-scaled.jpg\"><img loading=\"lazy\" decoding=\"async\" width=\"1024\" height=\"683\" data-id=\"23193\" src=\"https:\/\/dioceseteixeiradefreitas.com.br\/wp-content\/uploads\/2024\/11\/IMG_1094-1-1024x683.jpg\" alt=\"\" class=\"wp-image-23193\" srcset=\"https:\/\/dioceseteixeiradefreitas.com.br\/wp-content\/uploads\/2024\/11\/IMG_1094-1-1024x683.jpg 1024w, https:\/\/dioceseteixeiradefreitas.com.br\/wp-content\/uploads\/2024\/11\/IMG_1094-1-300x200.jpg 300w, https:\/\/dioceseteixeiradefreitas.com.br\/wp-content\/uploads\/2024\/11\/IMG_1094-1-768x512.jpg 768w, https:\/\/dioceseteixeiradefreitas.com.br\/wp-content\/uploads\/2024\/11\/IMG_1094-1-1536x1024.jpg 1536w, https:\/\/dioceseteixeiradefreitas.com.br\/wp-content\/uploads\/2024\/11\/IMG_1094-1-2048x1365.jpg 2048w\" sizes=\"auto, (max-width: 1024px) 100vw, 1024px\" \/><\/a><\/figure>\n\n\n\n<figure class=\"wp-block-image size-large\"><a href=\"https:\/\/dioceseteixeiradefreitas.com.br\/wp-content\/uploads\/2024\/11\/IMG_1096-1-scaled.jpg\"><img loading=\"lazy\" decoding=\"async\" width=\"779\" height=\"1024\" data-id=\"23194\" src=\"https:\/\/dioceseteixeiradefreitas.com.br\/wp-content\/uploads\/2024\/11\/IMG_1096-1-779x1024.jpg\" alt=\"\" class=\"wp-image-23194\" srcset=\"https:\/\/dioceseteixeiradefreitas.com.br\/wp-content\/uploads\/2024\/11\/IMG_1096-1-779x1024.jpg 779w, https:\/\/dioceseteixeiradefreitas.com.br\/wp-content\/uploads\/2024\/11\/IMG_1096-1-228x300.jpg 228w, https:\/\/dioceseteixeiradefreitas.com.br\/wp-content\/uploads\/2024\/11\/IMG_1096-1-768x1010.jpg 768w, https:\/\/dioceseteixeiradefreitas.com.br\/wp-content\/uploads\/2024\/11\/IMG_1096-1-1169x1536.jpg 1169w, https:\/\/dioceseteixeiradefreitas.com.br\/wp-content\/uploads\/2024\/11\/IMG_1096-1-1558x2048.jpg 1558w, https:\/\/dioceseteixeiradefreitas.com.br\/wp-content\/uploads\/2024\/11\/IMG_1096-1-scaled.jpg 1948w\" sizes=\"auto, (max-width: 779px) 100vw, 779px\" \/><\/a><\/figure>\n\n\n\n<figure class=\"wp-block-image size-large\"><a href=\"https:\/\/dioceseteixeiradefreitas.com.br\/wp-content\/uploads\/2024\/11\/IMG_0871-scaled.jpg\"><img loading=\"lazy\" decoding=\"async\" width=\"1024\" height=\"683\" data-id=\"23172\" src=\"https:\/\/dioceseteixeiradefreitas.com.br\/wp-content\/uploads\/2024\/11\/IMG_0871-1024x683.jpg\" alt=\"\" class=\"wp-image-23172\" srcset=\"https:\/\/dioceseteixeiradefreitas.com.br\/wp-content\/uploads\/2024\/11\/IMG_0871-1024x683.jpg 1024w, https:\/\/dioceseteixeiradefreitas.com.br\/wp-content\/uploads\/2024\/11\/IMG_0871-300x200.jpg 300w, https:\/\/dioceseteixeiradefreitas.com.br\/wp-content\/uploads\/2024\/11\/IMG_0871-768x512.jpg 768w, https:\/\/dioceseteixeiradefreitas.com.br\/wp-content\/uploads\/2024\/11\/IMG_0871-1536x1024.jpg 1536w, https:\/\/dioceseteixeiradefreitas.com.br\/wp-content\/uploads\/2024\/11\/IMG_0871-2048x1365.jpg 2048w\" sizes=\"auto, (max-width: 1024px) 100vw, 1024px\" \/><\/a><\/figure>\n\n\n\n<figure class=\"wp-block-image size-large\"><a href=\"https:\/\/dioceseteixeiradefreitas.com.br\/wp-content\/uploads\/2024\/11\/IMG_1058-scaled.jpg\"><img loading=\"lazy\" decoding=\"async\" width=\"1024\" height=\"683\" data-id=\"23173\" src=\"https:\/\/dioceseteixeiradefreitas.com.br\/wp-content\/uploads\/2024\/11\/IMG_1058-1024x683.jpg\" alt=\"\" class=\"wp-image-23173\" srcset=\"https:\/\/dioceseteixeiradefreitas.com.br\/wp-content\/uploads\/2024\/11\/IMG_1058-1024x683.jpg 1024w, https:\/\/dioceseteixeiradefreitas.com.br\/wp-content\/uploads\/2024\/11\/IMG_1058-300x200.jpg 300w, https:\/\/dioceseteixeiradefreitas.com.br\/wp-content\/uploads\/2024\/11\/IMG_1058-768x512.jpg 768w, https:\/\/dioceseteixeiradefreitas.com.br\/wp-content\/uploads\/2024\/11\/IMG_1058-1536x1024.jpg 1536w, https:\/\/dioceseteixeiradefreitas.com.br\/wp-content\/uploads\/2024\/11\/IMG_1058-2048x1365.jpg 2048w\" sizes=\"auto, (max-width: 1024px) 100vw, 1024px\" \/><\/a><\/figure>\n\n\n\n<figure class=\"wp-block-image size-large\"><a href=\"https:\/\/dioceseteixeiradefreitas.com.br\/wp-content\/uploads\/2024\/11\/IMG_1037-scaled.jpg\"><img loading=\"lazy\" decoding=\"async\" width=\"1024\" height=\"683\" data-id=\"23166\" src=\"https:\/\/dioceseteixeiradefreitas.com.br\/wp-content\/uploads\/2024\/11\/IMG_1037-1024x683.jpg\" alt=\"\" class=\"wp-image-23166\" srcset=\"https:\/\/dioceseteixeiradefreitas.com.br\/wp-content\/uploads\/2024\/11\/IMG_1037-1024x683.jpg 1024w, https:\/\/dioceseteixeiradefreitas.com.br\/wp-content\/uploads\/2024\/11\/IMG_1037-300x200.jpg 300w, https:\/\/dioceseteixeiradefreitas.com.br\/wp-content\/uploads\/2024\/11\/IMG_1037-768x512.jpg 768w, https:\/\/dioceseteixeiradefreitas.com.br\/wp-content\/uploads\/2024\/11\/IMG_1037-1536x1024.jpg 1536w, https:\/\/dioceseteixeiradefreitas.com.br\/wp-content\/uploads\/2024\/11\/IMG_1037-2048x1365.jpg 2048w\" sizes=\"auto, (max-width: 1024px) 100vw, 1024px\" \/><\/a><\/figure>\n\n\n\n<figure class=\"wp-block-image size-large\"><a href=\"https:\/\/dioceseteixeiradefreitas.com.br\/wp-content\/uploads\/2024\/11\/IMG_1126-scaled.jpg\"><img loading=\"lazy\" decoding=\"async\" width=\"680\" height=\"1024\" data-id=\"23168\" src=\"https:\/\/dioceseteixeiradefreitas.com.br\/wp-content\/uploads\/2024\/11\/IMG_1126-680x1024.jpg\" alt=\"\" class=\"wp-image-23168\" srcset=\"https:\/\/dioceseteixeiradefreitas.com.br\/wp-content\/uploads\/2024\/11\/IMG_1126-680x1024.jpg 680w, https:\/\/dioceseteixeiradefreitas.com.br\/wp-content\/uploads\/2024\/11\/IMG_1126-199x300.jpg 199w, https:\/\/dioceseteixeiradefreitas.com.br\/wp-content\/uploads\/2024\/11\/IMG_1126-768x1156.jpg 768w, https:\/\/dioceseteixeiradefreitas.com.br\/wp-content\/uploads\/2024\/11\/IMG_1126-1021x1536.jpg 1021w, https:\/\/dioceseteixeiradefreitas.com.br\/wp-content\/uploads\/2024\/11\/IMG_1126-1361x2048.jpg 1361w, https:\/\/dioceseteixeiradefreitas.com.br\/wp-content\/uploads\/2024\/11\/IMG_1126-scaled.jpg 1701w\" sizes=\"auto, (max-width: 680px) 100vw, 680px\" \/><\/a><\/figure>\n\n\n\n<figure class=\"wp-block-image size-large\"><a href=\"https:\/\/dioceseteixeiradefreitas.com.br\/wp-content\/uploads\/2024\/11\/IMG_1072-scaled.jpg\"><img loading=\"lazy\" decoding=\"async\" width=\"1024\" height=\"683\" data-id=\"23178\" src=\"https:\/\/dioceseteixeiradefreitas.com.br\/wp-content\/uploads\/2024\/11\/IMG_1072-1024x683.jpg\" alt=\"\" class=\"wp-image-23178\" srcset=\"https:\/\/dioceseteixeiradefreitas.com.br\/wp-content\/uploads\/2024\/11\/IMG_1072-1024x683.jpg 1024w, https:\/\/dioceseteixeiradefreitas.com.br\/wp-content\/uploads\/2024\/11\/IMG_1072-300x200.jpg 300w, https:\/\/dioceseteixeiradefreitas.com.br\/wp-content\/uploads\/2024\/11\/IMG_1072-768x512.jpg 768w, https:\/\/dioceseteixeiradefreitas.com.br\/wp-content\/uploads\/2024\/11\/IMG_1072-1536x1024.jpg 1536w, https:\/\/dioceseteixeiradefreitas.com.br\/wp-content\/uploads\/2024\/11\/IMG_1072-2048x1365.jpg 2048w\" sizes=\"auto, (max-width: 1024px) 100vw, 1024px\" \/><\/a><\/figure>\n\n\n\n<figure class=\"wp-block-image size-large\"><a href=\"https:\/\/dioceseteixeiradefreitas.com.br\/wp-content\/uploads\/2024\/11\/IMG_1032-scaled.jpg\"><img loading=\"lazy\" decoding=\"async\" width=\"849\" height=\"1024\" data-id=\"23157\" src=\"https:\/\/dioceseteixeiradefreitas.com.br\/wp-content\/uploads\/2024\/11\/IMG_1032-849x1024.jpg\" alt=\"\" class=\"wp-image-23157\" srcset=\"https:\/\/dioceseteixeiradefreitas.com.br\/wp-content\/uploads\/2024\/11\/IMG_1032-849x1024.jpg 849w, https:\/\/dioceseteixeiradefreitas.com.br\/wp-content\/uploads\/2024\/11\/IMG_1032-249x300.jpg 249w, https:\/\/dioceseteixeiradefreitas.com.br\/wp-content\/uploads\/2024\/11\/IMG_1032-768x926.jpg 768w, https:\/\/dioceseteixeiradefreitas.com.br\/wp-content\/uploads\/2024\/11\/IMG_1032-1274x1536.jpg 1274w, https:\/\/dioceseteixeiradefreitas.com.br\/wp-content\/uploads\/2024\/11\/IMG_1032-1698x2048.jpg 1698w\" sizes=\"auto, (max-width: 849px) 100vw, 849px\" \/><\/a><\/figure>\n\n\n\n<figure class=\"wp-block-image size-large\"><a href=\"https:\/\/dioceseteixeiradefreitas.com.br\/wp-content\/uploads\/2024\/11\/IMG_1045-scaled.jpg\"><img loading=\"lazy\" decoding=\"async\" width=\"1024\" height=\"683\" data-id=\"23176\" src=\"https:\/\/dioceseteixeiradefreitas.com.br\/wp-content\/uploads\/2024\/11\/IMG_1045-1024x683.jpg\" alt=\"\" class=\"wp-image-23176\" srcset=\"https:\/\/dioceseteixeiradefreitas.com.br\/wp-content\/uploads\/2024\/11\/IMG_1045-1024x683.jpg 1024w, https:\/\/dioceseteixeiradefreitas.com.br\/wp-content\/uploads\/2024\/11\/IMG_1045-300x200.jpg 300w, https:\/\/dioceseteixeiradefreitas.com.br\/wp-content\/uploads\/2024\/11\/IMG_1045-768x512.jpg 768w, https:\/\/dioceseteixeiradefreitas.com.br\/wp-content\/uploads\/2024\/11\/IMG_1045-1536x1024.jpg 1536w, https:\/\/dioceseteixeiradefreitas.com.br\/wp-content\/uploads\/2024\/11\/IMG_1045-2048x1365.jpg 2048w\" sizes=\"auto, (max-width: 1024px) 100vw, 1024px\" \/><\/a><\/figure>\n\n\n\n<figure class=\"wp-block-image size-large\"><a href=\"https:\/\/dioceseteixeiradefreitas.com.br\/wp-content\/uploads\/2024\/11\/IMG_0884-scaled.jpg\"><img loading=\"lazy\" decoding=\"async\" width=\"1024\" height=\"722\" data-id=\"23189\" src=\"https:\/\/dioceseteixeiradefreitas.com.br\/wp-content\/uploads\/2024\/11\/IMG_0884-1024x722.jpg\" alt=\"\" class=\"wp-image-23189\" srcset=\"https:\/\/dioceseteixeiradefreitas.com.br\/wp-content\/uploads\/2024\/11\/IMG_0884-1024x722.jpg 1024w, https:\/\/dioceseteixeiradefreitas.com.br\/wp-content\/uploads\/2024\/11\/IMG_0884-300x212.jpg 300w, https:\/\/dioceseteixeiradefreitas.com.br\/wp-content\/uploads\/2024\/11\/IMG_0884-768x542.jpg 768w, https:\/\/dioceseteixeiradefreitas.com.br\/wp-content\/uploads\/2024\/11\/IMG_0884-1536x1084.jpg 1536w, https:\/\/dioceseteixeiradefreitas.com.br\/wp-content\/uploads\/2024\/11\/IMG_0884-2048x1445.jpg 2048w\" sizes=\"auto, (max-width: 1024px) 100vw, 1024px\" \/><\/a><\/figure>\n\n\n\n<figure class=\"wp-block-image size-large\"><a href=\"https:\/\/dioceseteixeiradefreitas.com.br\/wp-content\/uploads\/2024\/11\/IMG_1017-scaled.jpg\"><img loading=\"lazy\" decoding=\"async\" width=\"683\" height=\"1024\" data-id=\"23164\" src=\"https:\/\/dioceseteixeiradefreitas.com.br\/wp-content\/uploads\/2024\/11\/IMG_1017-683x1024.jpg\" alt=\"\" class=\"wp-image-23164\" srcset=\"https:\/\/dioceseteixeiradefreitas.com.br\/wp-content\/uploads\/2024\/11\/IMG_1017-683x1024.jpg 683w, https:\/\/dioceseteixeiradefreitas.com.br\/wp-content\/uploads\/2024\/11\/IMG_1017-200x300.jpg 200w, https:\/\/dioceseteixeiradefreitas.com.br\/wp-content\/uploads\/2024\/11\/IMG_1017-768x1152.jpg 768w, https:\/\/dioceseteixeiradefreitas.com.br\/wp-content\/uploads\/2024\/11\/IMG_1017-1024x1536.jpg 1024w, https:\/\/dioceseteixeiradefreitas.com.br\/wp-content\/uploads\/2024\/11\/IMG_1017-1365x2048.jpg 1365w, https:\/\/dioceseteixeiradefreitas.com.br\/wp-content\/uploads\/2024\/11\/IMG_1017-scaled.jpg 1707w\" sizes=\"auto, (max-width: 683px) 100vw, 683px\" \/><\/a><\/figure>\n\n\n\n<figure class=\"wp-block-image size-large\"><a href=\"https:\/\/dioceseteixeiradefreitas.com.br\/wp-content\/uploads\/2024\/11\/IMG_1061-scaled.jpg\"><img loading=\"lazy\" decoding=\"async\" width=\"708\" height=\"1024\" data-id=\"23180\" src=\"https:\/\/dioceseteixeiradefreitas.com.br\/wp-content\/uploads\/2024\/11\/IMG_1061-708x1024.jpg\" alt=\"\" class=\"wp-image-23180\" srcset=\"https:\/\/dioceseteixeiradefreitas.com.br\/wp-content\/uploads\/2024\/11\/IMG_1061-708x1024.jpg 708w, https:\/\/dioceseteixeiradefreitas.com.br\/wp-content\/uploads\/2024\/11\/IMG_1061-208x300.jpg 208w, https:\/\/dioceseteixeiradefreitas.com.br\/wp-content\/uploads\/2024\/11\/IMG_1061-768x1110.jpg 768w, https:\/\/dioceseteixeiradefreitas.com.br\/wp-content\/uploads\/2024\/11\/IMG_1061-1062x1536.jpg 1062w, https:\/\/dioceseteixeiradefreitas.com.br\/wp-content\/uploads\/2024\/11\/IMG_1061-1417x2048.jpg 1417w, https:\/\/dioceseteixeiradefreitas.com.br\/wp-content\/uploads\/2024\/11\/IMG_1061-scaled.jpg 1771w\" sizes=\"auto, (max-width: 708px) 100vw, 708px\" \/><\/a><\/figure>\n\n\n\n<figure class=\"wp-block-image size-large\"><a href=\"https:\/\/dioceseteixeiradefreitas.com.br\/wp-content\/uploads\/2024\/11\/IMG_1022-scaled.jpg\"><img loading=\"lazy\" decoding=\"async\" width=\"1024\" height=\"683\" data-id=\"23167\" src=\"https:\/\/dioceseteixeiradefreitas.com.br\/wp-content\/uploads\/2024\/11\/IMG_1022-1024x683.jpg\" alt=\"\" class=\"wp-image-23167\" srcset=\"https:\/\/dioceseteixeiradefreitas.com.br\/wp-content\/uploads\/2024\/11\/IMG_1022-1024x683.jpg 1024w, https:\/\/dioceseteixeiradefreitas.com.br\/wp-content\/uploads\/2024\/11\/IMG_1022-300x200.jpg 300w, https:\/\/dioceseteixeiradefreitas.com.br\/wp-content\/uploads\/2024\/11\/IMG_1022-768x512.jpg 768w, https:\/\/dioceseteixeiradefreitas.com.br\/wp-content\/uploads\/2024\/11\/IMG_1022-1536x1024.jpg 1536w, https:\/\/dioceseteixeiradefreitas.com.br\/wp-content\/uploads\/2024\/11\/IMG_1022-2048x1365.jpg 2048w\" sizes=\"auto, (max-width: 1024px) 100vw, 1024px\" \/><\/a><\/figure>\n\n\n\n<figure class=\"wp-block-image size-large\"><a href=\"https:\/\/dioceseteixeiradefreitas.com.br\/wp-content\/uploads\/2024\/11\/IMG_1076-scaled.jpg\"><img loading=\"lazy\" decoding=\"async\" width=\"1024\" height=\"476\" data-id=\"23152\" src=\"https:\/\/dioceseteixeiradefreitas.com.br\/wp-content\/uploads\/2024\/11\/IMG_1076-1024x476.jpg\" alt=\"\" class=\"wp-image-23152\" srcset=\"https:\/\/dioceseteixeiradefreitas.com.br\/wp-content\/uploads\/2024\/11\/IMG_1076-1024x476.jpg 1024w, https:\/\/dioceseteixeiradefreitas.com.br\/wp-content\/uploads\/2024\/11\/IMG_1076-300x139.jpg 300w, https:\/\/dioceseteixeiradefreitas.com.br\/wp-content\/uploads\/2024\/11\/IMG_1076-768x357.jpg 768w, https:\/\/dioceseteixeiradefreitas.com.br\/wp-content\/uploads\/2024\/11\/IMG_1076-1536x714.jpg 1536w, https:\/\/dioceseteixeiradefreitas.com.br\/wp-content\/uploads\/2024\/11\/IMG_1076-2048x951.jpg 2048w\" sizes=\"auto, (max-width: 1024px) 100vw, 1024px\" \/><\/a><\/figure>\n\n\n\n<figure class=\"wp-block-image size-large\"><a href=\"https:\/\/dioceseteixeiradefreitas.com.br\/wp-content\/uploads\/2024\/11\/IMG_0983-1-scaled.jpg\"><img loading=\"lazy\" decoding=\"async\" width=\"1024\" height=\"683\" data-id=\"23226\" src=\"https:\/\/dioceseteixeiradefreitas.com.br\/wp-content\/uploads\/2024\/11\/IMG_0983-1-1024x683.jpg\" alt=\"\" class=\"wp-image-23226\" srcset=\"https:\/\/dioceseteixeiradefreitas.com.br\/wp-content\/uploads\/2024\/11\/IMG_0983-1-1024x683.jpg 1024w, https:\/\/dioceseteixeiradefreitas.com.br\/wp-content\/uploads\/2024\/11\/IMG_0983-1-300x200.jpg 300w, https:\/\/dioceseteixeiradefreitas.com.br\/wp-content\/uploads\/2024\/11\/IMG_0983-1-768x512.jpg 768w, https:\/\/dioceseteixeiradefreitas.com.br\/wp-content\/uploads\/2024\/11\/IMG_0983-1-1536x1024.jpg 1536w, https:\/\/dioceseteixeiradefreitas.com.br\/wp-content\/uploads\/2024\/11\/IMG_0983-1-2048x1365.jpg 2048w\" sizes=\"auto, (max-width: 1024px) 100vw, 1024px\" \/><\/a><\/figure>\n\n\n\n<figure class=\"wp-block-image size-large\"><a href=\"https:\/\/dioceseteixeiradefreitas.com.br\/wp-content\/uploads\/2024\/11\/IMG_1008-1-scaled.jpg\"><img loading=\"lazy\" decoding=\"async\" width=\"734\" height=\"1024\" data-id=\"23229\" src=\"https:\/\/dioceseteixeiradefreitas.com.br\/wp-content\/uploads\/2024\/11\/IMG_1008-1-734x1024.jpg\" alt=\"\" class=\"wp-image-23229\" srcset=\"https:\/\/dioceseteixeiradefreitas.com.br\/wp-content\/uploads\/2024\/11\/IMG_1008-1-734x1024.jpg 734w, https:\/\/dioceseteixeiradefreitas.com.br\/wp-content\/uploads\/2024\/11\/IMG_1008-1-215x300.jpg 215w, https:\/\/dioceseteixeiradefreitas.com.br\/wp-content\/uploads\/2024\/11\/IMG_1008-1-768x1072.jpg 768w, https:\/\/dioceseteixeiradefreitas.com.br\/wp-content\/uploads\/2024\/11\/IMG_1008-1-1100x1536.jpg 1100w, https:\/\/dioceseteixeiradefreitas.com.br\/wp-content\/uploads\/2024\/11\/IMG_1008-1-1467x2048.jpg 1467w, https:\/\/dioceseteixeiradefreitas.com.br\/wp-content\/uploads\/2024\/11\/IMG_1008-1-scaled.jpg 1834w\" sizes=\"auto, (max-width: 734px) 100vw, 734px\" \/><\/a><\/figure>\n\n\n\n<figure class=\"wp-block-image size-large\"><a href=\"https:\/\/dioceseteixeiradefreitas.com.br\/wp-content\/uploads\/2024\/11\/IMG_0988-1-scaled.jpg\"><img loading=\"lazy\" decoding=\"async\" width=\"673\" height=\"1024\" data-id=\"23227\" src=\"https:\/\/dioceseteixeiradefreitas.com.br\/wp-content\/uploads\/2024\/11\/IMG_0988-1-673x1024.jpg\" alt=\"\" class=\"wp-image-23227\" srcset=\"https:\/\/dioceseteixeiradefreitas.com.br\/wp-content\/uploads\/2024\/11\/IMG_0988-1-673x1024.jpg 673w, https:\/\/dioceseteixeiradefreitas.com.br\/wp-content\/uploads\/2024\/11\/IMG_0988-1-197x300.jpg 197w, https:\/\/dioceseteixeiradefreitas.com.br\/wp-content\/uploads\/2024\/11\/IMG_0988-1-768x1168.jpg 768w, https:\/\/dioceseteixeiradefreitas.com.br\/wp-content\/uploads\/2024\/11\/IMG_0988-1-1010x1536.jpg 1010w, https:\/\/dioceseteixeiradefreitas.com.br\/wp-content\/uploads\/2024\/11\/IMG_0988-1-1347x2048.jpg 1347w, https:\/\/dioceseteixeiradefreitas.com.br\/wp-content\/uploads\/2024\/11\/IMG_0988-1-scaled.jpg 1684w\" sizes=\"auto, (max-width: 673px) 100vw, 673px\" \/><\/a><\/figure>\n\n\n\n<figure class=\"wp-block-image size-large\"><a href=\"https:\/\/dioceseteixeiradefreitas.com.br\/wp-content\/uploads\/2024\/11\/IMG_1004-1-scaled.jpg\"><img loading=\"lazy\" decoding=\"async\" width=\"680\" height=\"1024\" data-id=\"23228\" src=\"https:\/\/dioceseteixeiradefreitas.com.br\/wp-content\/uploads\/2024\/11\/IMG_1004-1-680x1024.jpg\" alt=\"\" class=\"wp-image-23228\" srcset=\"https:\/\/dioceseteixeiradefreitas.com.br\/wp-content\/uploads\/2024\/11\/IMG_1004-1-680x1024.jpg 680w, https:\/\/dioceseteixeiradefreitas.com.br\/wp-content\/uploads\/2024\/11\/IMG_1004-1-199x300.jpg 199w, https:\/\/dioceseteixeiradefreitas.com.br\/wp-content\/uploads\/2024\/11\/IMG_1004-1-768x1156.jpg 768w, https:\/\/dioceseteixeiradefreitas.com.br\/wp-content\/uploads\/2024\/11\/IMG_1004-1-1021x1536.jpg 1021w, https:\/\/dioceseteixeiradefreitas.com.br\/wp-content\/uploads\/2024\/11\/IMG_1004-1-1361x2048.jpg 1361w, https:\/\/dioceseteixeiradefreitas.com.br\/wp-content\/uploads\/2024\/11\/IMG_1004-1-scaled.jpg 1701w\" sizes=\"auto, (max-width: 680px) 100vw, 680px\" \/><\/a><\/figure>\n\n\n\n<figure class=\"wp-block-image size-large\"><a href=\"https:\/\/dioceseteixeiradefreitas.com.br\/wp-content\/uploads\/2024\/11\/IMG_0910-scaled.jpg\"><img loading=\"lazy\" decoding=\"async\" width=\"1024\" height=\"683\" data-id=\"23179\" src=\"https:\/\/dioceseteixeiradefreitas.com.br\/wp-content\/uploads\/2024\/11\/IMG_0910-1024x683.jpg\" alt=\"\" class=\"wp-image-23179\" srcset=\"https:\/\/dioceseteixeiradefreitas.com.br\/wp-content\/uploads\/2024\/11\/IMG_0910-1024x683.jpg 1024w, https:\/\/dioceseteixeiradefreitas.com.br\/wp-content\/uploads\/2024\/11\/IMG_0910-300x200.jpg 300w, https:\/\/dioceseteixeiradefreitas.com.br\/wp-content\/uploads\/2024\/11\/IMG_0910-768x512.jpg 768w, https:\/\/dioceseteixeiradefreitas.com.br\/wp-content\/uploads\/2024\/11\/IMG_0910-1536x1024.jpg 1536w, https:\/\/dioceseteixeiradefreitas.com.br\/wp-content\/uploads\/2024\/11\/IMG_0910-2048x1365.jpg 2048w\" sizes=\"auto, (max-width: 1024px) 100vw, 1024px\" \/><\/a><\/figure>\n\n\n\n<figure class=\"wp-block-image size-large\"><a href=\"https:\/\/dioceseteixeiradefreitas.com.br\/wp-content\/uploads\/2024\/11\/IMG_0920-scaled.jpg\"><img loading=\"lazy\" decoding=\"async\" width=\"1024\" height=\"693\" data-id=\"23181\" src=\"https:\/\/dioceseteixeiradefreitas.com.br\/wp-content\/uploads\/2024\/11\/IMG_0920-1024x693.jpg\" alt=\"\" class=\"wp-image-23181\" srcset=\"https:\/\/dioceseteixeiradefreitas.com.br\/wp-content\/uploads\/2024\/11\/IMG_0920-1024x693.jpg 1024w, https:\/\/dioceseteixeiradefreitas.com.br\/wp-content\/uploads\/2024\/11\/IMG_0920-300x203.jpg 300w, https:\/\/dioceseteixeiradefreitas.com.br\/wp-content\/uploads\/2024\/11\/IMG_0920-768x520.jpg 768w, https:\/\/dioceseteixeiradefreitas.com.br\/wp-content\/uploads\/2024\/11\/IMG_0920-1536x1040.jpg 1536w, https:\/\/dioceseteixeiradefreitas.com.br\/wp-content\/uploads\/2024\/11\/IMG_0920-2048x1387.jpg 2048w, https:\/\/dioceseteixeiradefreitas.com.br\/wp-content\/uploads\/2024\/11\/IMG_0920-220x150.jpg 220w\" sizes=\"auto, (max-width: 1024px) 100vw, 1024px\" \/><\/a><\/figure>\n\n\n\n<figure class=\"wp-block-image size-large\"><a href=\"https:\/\/dioceseteixeiradefreitas.com.br\/wp-content\/uploads\/2024\/11\/IMG_1020-scaled.jpg\"><img loading=\"lazy\" decoding=\"async\" width=\"804\" height=\"1024\" data-id=\"23162\" src=\"https:\/\/dioceseteixeiradefreitas.com.br\/wp-content\/uploads\/2024\/11\/IMG_1020-804x1024.jpg\" alt=\"\" class=\"wp-image-23162\" srcset=\"https:\/\/dioceseteixeiradefreitas.com.br\/wp-content\/uploads\/2024\/11\/IMG_1020-804x1024.jpg 804w, https:\/\/dioceseteixeiradefreitas.com.br\/wp-content\/uploads\/2024\/11\/IMG_1020-236x300.jpg 236w, https:\/\/dioceseteixeiradefreitas.com.br\/wp-content\/uploads\/2024\/11\/IMG_1020-768x978.jpg 768w, https:\/\/dioceseteixeiradefreitas.com.br\/wp-content\/uploads\/2024\/11\/IMG_1020-1206x1536.jpg 1206w, https:\/\/dioceseteixeiradefreitas.com.br\/wp-content\/uploads\/2024\/11\/IMG_1020-1608x2048.jpg 1608w, https:\/\/dioceseteixeiradefreitas.com.br\/wp-content\/uploads\/2024\/11\/IMG_1020-scaled.jpg 2010w\" sizes=\"auto, (max-width: 804px) 100vw, 804px\" \/><\/a><\/figure>\n\n\n\n<figure class=\"wp-block-image size-large\"><a href=\"https:\/\/dioceseteixeiradefreitas.com.br\/wp-content\/uploads\/2024\/11\/IMG_0913-scaled.jpg\"><img loading=\"lazy\" decoding=\"async\" width=\"1024\" height=\"683\" data-id=\"23165\" src=\"https:\/\/dioceseteixeiradefreitas.com.br\/wp-content\/uploads\/2024\/11\/IMG_0913-1024x683.jpg\" alt=\"\" class=\"wp-image-23165\" srcset=\"https:\/\/dioceseteixeiradefreitas.com.br\/wp-content\/uploads\/2024\/11\/IMG_0913-1024x683.jpg 1024w, https:\/\/dioceseteixeiradefreitas.com.br\/wp-content\/uploads\/2024\/11\/IMG_0913-300x200.jpg 300w, https:\/\/dioceseteixeiradefreitas.com.br\/wp-content\/uploads\/2024\/11\/IMG_0913-768x512.jpg 768w, https:\/\/dioceseteixeiradefreitas.com.br\/wp-content\/uploads\/2024\/11\/IMG_0913-1536x1024.jpg 1536w, https:\/\/dioceseteixeiradefreitas.com.br\/wp-content\/uploads\/2024\/11\/IMG_0913-2048x1365.jpg 2048w\" sizes=\"auto, (max-width: 1024px) 100vw, 1024px\" \/><\/a><\/figure>\n\n\n\n<figure class=\"wp-block-image size-large\"><a href=\"https:\/\/dioceseteixeiradefreitas.com.br\/wp-content\/uploads\/2024\/11\/IMG_0905-scaled.jpg\"><img loading=\"lazy\" decoding=\"async\" width=\"1024\" height=\"683\" data-id=\"23169\" src=\"https:\/\/dioceseteixeiradefreitas.com.br\/wp-content\/uploads\/2024\/11\/IMG_0905-1024x683.jpg\" alt=\"\" class=\"wp-image-23169\" srcset=\"https:\/\/dioceseteixeiradefreitas.com.br\/wp-content\/uploads\/2024\/11\/IMG_0905-1024x683.jpg 1024w, https:\/\/dioceseteixeiradefreitas.com.br\/wp-content\/uploads\/2024\/11\/IMG_0905-300x200.jpg 300w, https:\/\/dioceseteixeiradefreitas.com.br\/wp-content\/uploads\/2024\/11\/IMG_0905-768x512.jpg 768w, https:\/\/dioceseteixeiradefreitas.com.br\/wp-content\/uploads\/2024\/11\/IMG_0905-1536x1024.jpg 1536w, https:\/\/dioceseteixeiradefreitas.com.br\/wp-content\/uploads\/2024\/11\/IMG_0905-2048x1365.jpg 2048w\" sizes=\"auto, (max-width: 1024px) 100vw, 1024px\" \/><\/a><\/figure>\n\n\n\n<figure class=\"wp-block-image size-large\"><a href=\"https:\/\/dioceseteixeiradefreitas.com.br\/wp-content\/uploads\/2024\/11\/IMG_0881-scaled.jpg\"><img loading=\"lazy\" decoding=\"async\" width=\"1024\" height=\"683\" data-id=\"23159\" src=\"https:\/\/dioceseteixeiradefreitas.com.br\/wp-content\/uploads\/2024\/11\/IMG_0881-1024x683.jpg\" alt=\"\" class=\"wp-image-23159\" srcset=\"https:\/\/dioceseteixeiradefreitas.com.br\/wp-content\/uploads\/2024\/11\/IMG_0881-1024x683.jpg 1024w, https:\/\/dioceseteixeiradefreitas.com.br\/wp-content\/uploads\/2024\/11\/IMG_0881-300x200.jpg 300w, https:\/\/dioceseteixeiradefreitas.com.br\/wp-content\/uploads\/2024\/11\/IMG_0881-768x512.jpg 768w, https:\/\/dioceseteixeiradefreitas.com.br\/wp-content\/uploads\/2024\/11\/IMG_0881-1536x1024.jpg 1536w, https:\/\/dioceseteixeiradefreitas.com.br\/wp-content\/uploads\/2024\/11\/IMG_0881-2048x1365.jpg 2048w\" sizes=\"auto, (max-width: 1024px) 100vw, 1024px\" \/><\/a><\/figure>\n\n\n\n<figure class=\"wp-block-image size-large\"><a href=\"https:\/\/dioceseteixeiradefreitas.com.br\/wp-content\/uploads\/2024\/11\/IMG_0944-scaled.jpg\"><img loading=\"lazy\" decoding=\"async\" width=\"1024\" height=\"683\" data-id=\"23156\" src=\"https:\/\/dioceseteixeiradefreitas.com.br\/wp-content\/uploads\/2024\/11\/IMG_0944-1024x683.jpg\" alt=\"\" class=\"wp-image-23156\" srcset=\"https:\/\/dioceseteixeiradefreitas.com.br\/wp-content\/uploads\/2024\/11\/IMG_0944-1024x683.jpg 1024w, https:\/\/dioceseteixeiradefreitas.com.br\/wp-content\/uploads\/2024\/11\/IMG_0944-300x200.jpg 300w, https:\/\/dioceseteixeiradefreitas.com.br\/wp-content\/uploads\/2024\/11\/IMG_0944-768x512.jpg 768w, https:\/\/dioceseteixeiradefreitas.com.br\/wp-content\/uploads\/2024\/11\/IMG_0944-1536x1024.jpg 1536w, https:\/\/dioceseteixeiradefreitas.com.br\/wp-content\/uploads\/2024\/11\/IMG_0944-2048x1365.jpg 2048w\" sizes=\"auto, (max-width: 1024px) 100vw, 1024px\" \/><\/a><\/figure>\n\n\n\n<figure class=\"wp-block-image size-large\"><a href=\"https:\/\/dioceseteixeiradefreitas.com.br\/wp-content\/uploads\/2024\/11\/IMG_0903-scaled.jpg\"><img loading=\"lazy\" decoding=\"async\" width=\"643\" height=\"1024\" data-id=\"23155\" src=\"https:\/\/dioceseteixeiradefreitas.com.br\/wp-content\/uploads\/2024\/11\/IMG_0903-643x1024.jpg\" alt=\"\" class=\"wp-image-23155\" srcset=\"https:\/\/dioceseteixeiradefreitas.com.br\/wp-content\/uploads\/2024\/11\/IMG_0903-643x1024.jpg 643w, https:\/\/dioceseteixeiradefreitas.com.br\/wp-content\/uploads\/2024\/11\/IMG_0903-188x300.jpg 188w, https:\/\/dioceseteixeiradefreitas.com.br\/wp-content\/uploads\/2024\/11\/IMG_0903-768x1224.jpg 768w, https:\/\/dioceseteixeiradefreitas.com.br\/wp-content\/uploads\/2024\/11\/IMG_0903-964x1536.jpg 964w, https:\/\/dioceseteixeiradefreitas.com.br\/wp-content\/uploads\/2024\/11\/IMG_0903-1285x2048.jpg 1285w, https:\/\/dioceseteixeiradefreitas.com.br\/wp-content\/uploads\/2024\/11\/IMG_0903-scaled.jpg 1606w\" sizes=\"auto, (max-width: 643px) 100vw, 643px\" \/><\/a><\/figure>\n\n\n\n<figure class=\"wp-block-image size-large\"><a href=\"https:\/\/dioceseteixeiradefreitas.com.br\/wp-content\/uploads\/2024\/11\/IMG_0942-scaled.jpg\"><img loading=\"lazy\" decoding=\"async\" width=\"1024\" height=\"683\" data-id=\"23153\" src=\"https:\/\/dioceseteixeiradefreitas.com.br\/wp-content\/uploads\/2024\/11\/IMG_0942-1024x683.jpg\" alt=\"\" class=\"wp-image-23153\" srcset=\"https:\/\/dioceseteixeiradefreitas.com.br\/wp-content\/uploads\/2024\/11\/IMG_0942-1024x683.jpg 1024w, https:\/\/dioceseteixeiradefreitas.com.br\/wp-content\/uploads\/2024\/11\/IMG_0942-300x200.jpg 300w, https:\/\/dioceseteixeiradefreitas.com.br\/wp-content\/uploads\/2024\/11\/IMG_0942-768x512.jpg 768w, https:\/\/dioceseteixeiradefreitas.com.br\/wp-content\/uploads\/2024\/11\/IMG_0942-1536x1024.jpg 1536w, https:\/\/dioceseteixeiradefreitas.com.br\/wp-content\/uploads\/2024\/11\/IMG_0942-2048x1365.jpg 2048w\" sizes=\"auto, (max-width: 1024px) 100vw, 1024px\" \/><\/a><\/figure>\n\n\n\n<figure class=\"wp-block-image size-large\"><a href=\"https:\/\/dioceseteixeiradefreitas.com.br\/wp-content\/uploads\/2024\/11\/IMG_0934-scaled.jpg\"><img loading=\"lazy\" decoding=\"async\" width=\"1024\" height=\"683\" data-id=\"23146\" src=\"https:\/\/dioceseteixeiradefreitas.com.br\/wp-content\/uploads\/2024\/11\/IMG_0934-1024x683.jpg\" alt=\"\" class=\"wp-image-23146\" srcset=\"https:\/\/dioceseteixeiradefreitas.com.br\/wp-content\/uploads\/2024\/11\/IMG_0934-1024x683.jpg 1024w, https:\/\/dioceseteixeiradefreitas.com.br\/wp-content\/uploads\/2024\/11\/IMG_0934-300x200.jpg 300w, https:\/\/dioceseteixeiradefreitas.com.br\/wp-content\/uploads\/2024\/11\/IMG_0934-768x512.jpg 768w, https:\/\/dioceseteixeiradefreitas.com.br\/wp-content\/uploads\/2024\/11\/IMG_0934-1536x1024.jpg 1536w, https:\/\/dioceseteixeiradefreitas.com.br\/wp-content\/uploads\/2024\/11\/IMG_0934-2048x1365.jpg 2048w\" sizes=\"auto, (max-width: 1024px) 100vw, 1024px\" \/><\/a><\/figure>\n\n\n\n<figure class=\"wp-block-image size-large\"><a href=\"https:\/\/dioceseteixeiradefreitas.com.br\/wp-content\/uploads\/2024\/11\/IMG_1008-scaled.jpg\"><img loading=\"lazy\" decoding=\"async\" width=\"734\" height=\"1024\" data-id=\"23148\" src=\"https:\/\/dioceseteixeiradefreitas.com.br\/wp-content\/uploads\/2024\/11\/IMG_1008-734x1024.jpg\" alt=\"\" class=\"wp-image-23148\" srcset=\"https:\/\/dioceseteixeiradefreitas.com.br\/wp-content\/uploads\/2024\/11\/IMG_1008-734x1024.jpg 734w, https:\/\/dioceseteixeiradefreitas.com.br\/wp-content\/uploads\/2024\/11\/IMG_1008-215x300.jpg 215w, https:\/\/dioceseteixeiradefreitas.com.br\/wp-content\/uploads\/2024\/11\/IMG_1008-768x1072.jpg 768w, https:\/\/dioceseteixeiradefreitas.com.br\/wp-content\/uploads\/2024\/11\/IMG_1008-1100x1536.jpg 1100w, https:\/\/dioceseteixeiradefreitas.com.br\/wp-content\/uploads\/2024\/11\/IMG_1008-1467x2048.jpg 1467w, https:\/\/dioceseteixeiradefreitas.com.br\/wp-content\/uploads\/2024\/11\/IMG_1008-scaled.jpg 1834w\" sizes=\"auto, (max-width: 734px) 100vw, 734px\" \/><\/a><\/figure>\n\n\n\n<figure class=\"wp-block-image size-large\"><a href=\"https:\/\/dioceseteixeiradefreitas.com.br\/wp-content\/uploads\/2024\/11\/IMG_0951-scaled.jpg\"><img loading=\"lazy\" decoding=\"async\" width=\"1024\" height=\"683\" data-id=\"23147\" src=\"https:\/\/dioceseteixeiradefreitas.com.br\/wp-content\/uploads\/2024\/11\/IMG_0951-1024x683.jpg\" alt=\"\" class=\"wp-image-23147\" srcset=\"https:\/\/dioceseteixeiradefreitas.com.br\/wp-content\/uploads\/2024\/11\/IMG_0951-1024x683.jpg 1024w, https:\/\/dioceseteixeiradefreitas.com.br\/wp-content\/uploads\/2024\/11\/IMG_0951-300x200.jpg 300w, https:\/\/dioceseteixeiradefreitas.com.br\/wp-content\/uploads\/2024\/11\/IMG_0951-768x512.jpg 768w, https:\/\/dioceseteixeiradefreitas.com.br\/wp-content\/uploads\/2024\/11\/IMG_0951-1536x1024.jpg 1536w, https:\/\/dioceseteixeiradefreitas.com.br\/wp-content\/uploads\/2024\/11\/IMG_0951-2048x1365.jpg 2048w\" sizes=\"auto, (max-width: 1024px) 100vw, 1024px\" \/><\/a><\/figure>\n\n\n\n<figure class=\"wp-block-image size-large\"><a href=\"https:\/\/dioceseteixeiradefreitas.com.br\/wp-content\/uploads\/2024\/11\/IMG_0859-1-scaled.jpg\"><img loading=\"lazy\" decoding=\"async\" width=\"1024\" height=\"683\" data-id=\"23202\" src=\"https:\/\/dioceseteixeiradefreitas.com.br\/wp-content\/uploads\/2024\/11\/IMG_0859-1-1024x683.jpg\" alt=\"\" class=\"wp-image-23202\" srcset=\"https:\/\/dioceseteixeiradefreitas.com.br\/wp-content\/uploads\/2024\/11\/IMG_0859-1-1024x683.jpg 1024w, https:\/\/dioceseteixeiradefreitas.com.br\/wp-content\/uploads\/2024\/11\/IMG_0859-1-300x200.jpg 300w, https:\/\/dioceseteixeiradefreitas.com.br\/wp-content\/uploads\/2024\/11\/IMG_0859-1-768x512.jpg 768w, https:\/\/dioceseteixeiradefreitas.com.br\/wp-content\/uploads\/2024\/11\/IMG_0859-1-1536x1024.jpg 1536w, https:\/\/dioceseteixeiradefreitas.com.br\/wp-content\/uploads\/2024\/11\/IMG_0859-1-2048x1365.jpg 2048w\" sizes=\"auto, (max-width: 1024px) 100vw, 1024px\" \/><\/a><\/figure>\n\n\n\n<figure class=\"wp-block-image size-large\"><a href=\"https:\/\/dioceseteixeiradefreitas.com.br\/wp-content\/uploads\/2024\/11\/IMG_0861-1-scaled.jpg\"><img loading=\"lazy\" decoding=\"async\" width=\"1024\" height=\"683\" data-id=\"23203\" src=\"https:\/\/dioceseteixeiradefreitas.com.br\/wp-content\/uploads\/2024\/11\/IMG_0861-1-1024x683.jpg\" alt=\"\" class=\"wp-image-23203\" srcset=\"https:\/\/dioceseteixeiradefreitas.com.br\/wp-content\/uploads\/2024\/11\/IMG_0861-1-1024x683.jpg 1024w, https:\/\/dioceseteixeiradefreitas.com.br\/wp-content\/uploads\/2024\/11\/IMG_0861-1-300x200.jpg 300w, https:\/\/dioceseteixeiradefreitas.com.br\/wp-content\/uploads\/2024\/11\/IMG_0861-1-768x512.jpg 768w, https:\/\/dioceseteixeiradefreitas.com.br\/wp-content\/uploads\/2024\/11\/IMG_0861-1-1536x1024.jpg 1536w, https:\/\/dioceseteixeiradefreitas.com.br\/wp-content\/uploads\/2024\/11\/IMG_0861-1-2048x1365.jpg 2048w\" sizes=\"auto, (max-width: 1024px) 100vw, 1024px\" \/><\/a><\/figure>\n\n\n\n<figure class=\"wp-block-image size-large\"><a href=\"https:\/\/dioceseteixeiradefreitas.com.br\/wp-content\/uploads\/2024\/11\/IMG_0897-1-scaled.jpg\"><img loading=\"lazy\" decoding=\"async\" width=\"1024\" height=\"683\" data-id=\"23208\" src=\"https:\/\/dioceseteixeiradefreitas.com.br\/wp-content\/uploads\/2024\/11\/IMG_0897-1-1024x683.jpg\" alt=\"\" class=\"wp-image-23208\" srcset=\"https:\/\/dioceseteixeiradefreitas.com.br\/wp-content\/uploads\/2024\/11\/IMG_0897-1-1024x683.jpg 1024w, https:\/\/dioceseteixeiradefreitas.com.br\/wp-content\/uploads\/2024\/11\/IMG_0897-1-300x200.jpg 300w, https:\/\/dioceseteixeiradefreitas.com.br\/wp-content\/uploads\/2024\/11\/IMG_0897-1-768x512.jpg 768w, https:\/\/dioceseteixeiradefreitas.com.br\/wp-content\/uploads\/2024\/11\/IMG_0897-1-1536x1024.jpg 1536w, https:\/\/dioceseteixeiradefreitas.com.br\/wp-content\/uploads\/2024\/11\/IMG_0897-1-2048x1365.jpg 2048w\" sizes=\"auto, (max-width: 1024px) 100vw, 1024px\" \/><\/a><\/figure>\n\n\n\n<figure class=\"wp-block-image size-large\"><a href=\"https:\/\/dioceseteixeiradefreitas.com.br\/wp-content\/uploads\/2024\/11\/IMG_0899-1-scaled.jpg\"><img loading=\"lazy\" decoding=\"async\" width=\"888\" height=\"1024\" data-id=\"23209\" src=\"https:\/\/dioceseteixeiradefreitas.com.br\/wp-content\/uploads\/2024\/11\/IMG_0899-1-888x1024.jpg\" alt=\"\" class=\"wp-image-23209\" srcset=\"https:\/\/dioceseteixeiradefreitas.com.br\/wp-content\/uploads\/2024\/11\/IMG_0899-1-888x1024.jpg 888w, https:\/\/dioceseteixeiradefreitas.com.br\/wp-content\/uploads\/2024\/11\/IMG_0899-1-260x300.jpg 260w, https:\/\/dioceseteixeiradefreitas.com.br\/wp-content\/uploads\/2024\/11\/IMG_0899-1-768x886.jpg 768w, https:\/\/dioceseteixeiradefreitas.com.br\/wp-content\/uploads\/2024\/11\/IMG_0899-1-1332x1536.jpg 1332w, https:\/\/dioceseteixeiradefreitas.com.br\/wp-content\/uploads\/2024\/11\/IMG_0899-1-1776x2048.jpg 1776w\" sizes=\"auto, (max-width: 888px) 100vw, 888px\" \/><\/a><\/figure>\n\n\n\n<figure class=\"wp-block-image size-large\"><a href=\"https:\/\/dioceseteixeiradefreitas.com.br\/wp-content\/uploads\/2024\/11\/IMG_0905-1-scaled.jpg\"><img loading=\"lazy\" decoding=\"async\" width=\"1024\" height=\"683\" data-id=\"23211\" src=\"https:\/\/dioceseteixeiradefreitas.com.br\/wp-content\/uploads\/2024\/11\/IMG_0905-1-1024x683.jpg\" alt=\"\" class=\"wp-image-23211\" srcset=\"https:\/\/dioceseteixeiradefreitas.com.br\/wp-content\/uploads\/2024\/11\/IMG_0905-1-1024x683.jpg 1024w, https:\/\/dioceseteixeiradefreitas.com.br\/wp-content\/uploads\/2024\/11\/IMG_0905-1-300x200.jpg 300w, https:\/\/dioceseteixeiradefreitas.com.br\/wp-content\/uploads\/2024\/11\/IMG_0905-1-768x512.jpg 768w, https:\/\/dioceseteixeiradefreitas.com.br\/wp-content\/uploads\/2024\/11\/IMG_0905-1-1536x1024.jpg 1536w, https:\/\/dioceseteixeiradefreitas.com.br\/wp-content\/uploads\/2024\/11\/IMG_0905-1-2048x1365.jpg 2048w\" sizes=\"auto, (max-width: 1024px) 100vw, 1024px\" \/><\/a><\/figure>\n\n\n\n<figure class=\"wp-block-image size-large\"><a href=\"https:\/\/dioceseteixeiradefreitas.com.br\/wp-content\/uploads\/2024\/11\/IMG_0918-1-scaled.jpg\"><img loading=\"lazy\" decoding=\"async\" width=\"683\" height=\"1024\" data-id=\"23214\" src=\"https:\/\/dioceseteixeiradefreitas.com.br\/wp-content\/uploads\/2024\/11\/IMG_0918-1-683x1024.jpg\" alt=\"\" class=\"wp-image-23214\" srcset=\"https:\/\/dioceseteixeiradefreitas.com.br\/wp-content\/uploads\/2024\/11\/IMG_0918-1-683x1024.jpg 683w, https:\/\/dioceseteixeiradefreitas.com.br\/wp-content\/uploads\/2024\/11\/IMG_0918-1-200x300.jpg 200w, https:\/\/dioceseteixeiradefreitas.com.br\/wp-content\/uploads\/2024\/11\/IMG_0918-1-768x1152.jpg 768w, https:\/\/dioceseteixeiradefreitas.com.br\/wp-content\/uploads\/2024\/11\/IMG_0918-1-1024x1536.jpg 1024w, https:\/\/dioceseteixeiradefreitas.com.br\/wp-content\/uploads\/2024\/11\/IMG_0918-1-1365x2048.jpg 1365w, https:\/\/dioceseteixeiradefreitas.com.br\/wp-content\/uploads\/2024\/11\/IMG_0918-1-scaled.jpg 1707w\" sizes=\"auto, (max-width: 683px) 100vw, 683px\" \/><\/a><\/figure>\n\n\n\n<figure class=\"wp-block-image size-large\"><a href=\"https:\/\/dioceseteixeiradefreitas.com.br\/wp-content\/uploads\/2024\/11\/IMG_0920-1-scaled.jpg\"><img loading=\"lazy\" decoding=\"async\" width=\"1024\" height=\"693\" data-id=\"23215\" src=\"https:\/\/dioceseteixeiradefreitas.com.br\/wp-content\/uploads\/2024\/11\/IMG_0920-1-1024x693.jpg\" alt=\"\" class=\"wp-image-23215\" srcset=\"https:\/\/dioceseteixeiradefreitas.com.br\/wp-content\/uploads\/2024\/11\/IMG_0920-1-1024x693.jpg 1024w, https:\/\/dioceseteixeiradefreitas.com.br\/wp-content\/uploads\/2024\/11\/IMG_0920-1-300x203.jpg 300w, https:\/\/dioceseteixeiradefreitas.com.br\/wp-content\/uploads\/2024\/11\/IMG_0920-1-768x520.jpg 768w, https:\/\/dioceseteixeiradefreitas.com.br\/wp-content\/uploads\/2024\/11\/IMG_0920-1-1536x1040.jpg 1536w, https:\/\/dioceseteixeiradefreitas.com.br\/wp-content\/uploads\/2024\/11\/IMG_0920-1-2048x1387.jpg 2048w, https:\/\/dioceseteixeiradefreitas.com.br\/wp-content\/uploads\/2024\/11\/IMG_0920-1-220x150.jpg 220w\" sizes=\"auto, (max-width: 1024px) 100vw, 1024px\" \/><\/a><\/figure>\n\n\n\n<figure class=\"wp-block-image size-large\"><a href=\"https:\/\/dioceseteixeiradefreitas.com.br\/wp-content\/uploads\/2024\/11\/IMG_0955-1-scaled.jpg\"><img loading=\"lazy\" decoding=\"async\" width=\"1024\" height=\"780\" data-id=\"23222\" src=\"https:\/\/dioceseteixeiradefreitas.com.br\/wp-content\/uploads\/2024\/11\/IMG_0955-1-1024x780.jpg\" alt=\"\" class=\"wp-image-23222\" srcset=\"https:\/\/dioceseteixeiradefreitas.com.br\/wp-content\/uploads\/2024\/11\/IMG_0955-1-1024x780.jpg 1024w, https:\/\/dioceseteixeiradefreitas.com.br\/wp-content\/uploads\/2024\/11\/IMG_0955-1-300x229.jpg 300w, https:\/\/dioceseteixeiradefreitas.com.br\/wp-content\/uploads\/2024\/11\/IMG_0955-1-768x585.jpg 768w, https:\/\/dioceseteixeiradefreitas.com.br\/wp-content\/uploads\/2024\/11\/IMG_0955-1-1536x1171.jpg 1536w, https:\/\/dioceseteixeiradefreitas.com.br\/wp-content\/uploads\/2024\/11\/IMG_0955-1-2048x1561.jpg 2048w\" sizes=\"auto, (max-width: 1024px) 100vw, 1024px\" \/><\/a><\/figure>\n\n\n\n<figure class=\"wp-block-image size-large\"><a href=\"https:\/\/dioceseteixeiradefreitas.com.br\/wp-content\/uploads\/2024\/11\/IMG_0959-1-scaled.jpg\"><img loading=\"lazy\" decoding=\"async\" width=\"1024\" height=\"805\" data-id=\"23223\" src=\"https:\/\/dioceseteixeiradefreitas.com.br\/wp-content\/uploads\/2024\/11\/IMG_0959-1-1024x805.jpg\" alt=\"\" class=\"wp-image-23223\" srcset=\"https:\/\/dioceseteixeiradefreitas.com.br\/wp-content\/uploads\/2024\/11\/IMG_0959-1-1024x805.jpg 1024w, https:\/\/dioceseteixeiradefreitas.com.br\/wp-content\/uploads\/2024\/11\/IMG_0959-1-300x236.jpg 300w, https:\/\/dioceseteixeiradefreitas.com.br\/wp-content\/uploads\/2024\/11\/IMG_0959-1-768x604.jpg 768w, https:\/\/dioceseteixeiradefreitas.com.br\/wp-content\/uploads\/2024\/11\/IMG_0959-1-1536x1207.jpg 1536w, https:\/\/dioceseteixeiradefreitas.com.br\/wp-content\/uploads\/2024\/11\/IMG_0959-1-2048x1609.jpg 2048w\" sizes=\"auto, (max-width: 1024px) 100vw, 1024px\" \/><\/a><\/figure>\n<\/figure>\n","protected":false},"excerpt":{"rendered":"<p>No dia 10 de novembro de 2024, Os Irm\u00e3os e Irm\u00e3s da Vida Consagrada reuniram-se para a Celebra\u00e7\u00e3o da santa missa em A\u00e7\u00e3o de Gra\u00e7as pelos cinquenta anos de Vida Consagrada da Irm\u00e3 Maria No\u00eamia Schneider, seguida de uma fraterna e linda de confraterniza\u00e7\u00e3o. Celebrar 50 anos de consagrada \u00e9 tamb\u00e9m renovar o compromisso assumido &hellip;<\/p>\n","protected":false},"author":33,"featured_media":23236,"comment_status":"closed","ping_status":"closed","sticky":false,"template":"","format":"standard","meta":{"footnotes":""},"categories":[100],"tags":[125,451,57,434,906],"class_list":["post-23137","post","type-post","status-publish","format-standard","has-post-thumbnail","hentry","category-noticias-diocesanas","tag-diocese","tag-diocese-de-teixeira-de-freitas-caravelas","tag-forania-sao-pedro","tag-pascom-diocesana","tag-religiosas"],"_links":{"self":[{"href":"https:\/\/dioceseteixeiradefreitas.com.br\/index.php?rest_route=\/wp\/v2\/posts\/23137","targetHints":{"allow":["GET"]}}],"collection":[{"href":"https:\/\/dioceseteixeiradefreitas.com.br\/index.php?rest_route=\/wp\/v2\/posts"}],"about":[{"href":"https:\/\/dioceseteixeiradefreitas.com.br\/index.php?rest_route=\/wp\/v2\/types\/post"}],"author":[{"embeddable":true,"href":"https:\/\/dioceseteixeiradefreitas.com.br\/index.php?rest_route=\/wp\/v2\/users\/33"}],"replies":[{"embeddable":true,"href":"https:\/\/dioceseteixeiradefreitas.com.br\/index.php?rest_route=%2Fwp%2Fv2%2Fcomments&post=23137"}],"version-history":[{"count":3,"href":"https:\/\/dioceseteixeiradefreitas.com.br\/index.php?rest_route=\/wp\/v2\/posts\/23137\/revisions"}],"predecessor-version":[{"id":23243,"href":"https:\/\/dioceseteixeiradefreitas.com.br\/index.php?rest_route=\/wp\/v2\/posts\/23137\/revisions\/23243"}],"wp:featuredmedia":[{"embeddable":true,"href":"https:\/\/dioceseteixeiradefreitas.com.br\/index.php?rest_route=\/wp\/v2\/media\/23236"}],"wp:attachment":[{"href":"https:\/\/dioceseteixeiradefreitas.com.br\/index.php?rest_route=%2Fwp%2Fv2%2Fmedia&parent=23137"}],"wp:term":[{"taxonomy":"category","embeddable":true,"href":"https:\/\/dioceseteixeiradefreitas.com.br\/index.php?rest_route=%2Fwp%2Fv2%2Fcategories&post=23137"},{"taxonomy":"post_tag","embeddable":true,"href":"https:\/\/dioceseteixeiradefreitas.com.br\/index.php?rest_route=%2Fwp%2Fv2%2Ftags&post=23137"}],"curies":[{"name":"wp","href":"https:\/\/api.w.org\/{rel}","templated":true}]}}