{"id":23247,"date":"2024-12-09T16:12:33","date_gmt":"2024-12-09T19:12:33","guid":{"rendered":"https:\/\/dioceseteixeiradefreitas.com.br\/?p=23247"},"modified":"2024-12-09T16:12:33","modified_gmt":"2024-12-09T19:12:33","slug":"nota-oficial-decreto-do-ano-jubilar","status":"publish","type":"post","link":"https:\/\/dioceseteixeiradefreitas.com.br\/?p=23247","title":{"rendered":"Nota Oficial &#8211; Decreto do Ano Jubilar"},"content":{"rendered":"\n<p class=\"has-text-align-center\"><strong>DOM JAILTON DE OLIVEIRA LINO, PSDP<\/strong><\/p>\n\n\n\n<p class=\"has-text-align-center\">Por Merc\u00ea de Deus e da S\u00e9 Apost\u00f3lica<br>Bispo Diocesano de Teixeira de Freitas\/Caravelas<\/p>\n\n\n\n<p class=\"has-text-align-center\"><strong>Aos que este Decreto virem, sauda\u00e7\u00e3o e b\u00ean\u00e7\u00e3o no Senhor!<\/strong><\/p>\n\n\n\n<p class=\"has-text-align-center\"><strong>CONSIDERANDO<\/strong><\/p>\n\n\n\n<p>Que a cada vinte e cinco anos a Santa Igreja promove o Ano Santo, como tempo da gra\u00e7a do Senhor;<br>Que, conforme assim citou o Papa Francisco na Bula de Proclama\u00e7\u00e3o do Ano Jubilar 2025,\u00a0<em>Spes non confundit<\/em>\u00a0\u2013 a esperan\u00e7a n\u00e3o engana (Rm 5,5): \u201cPenso em todos os\u00a0<em>peregrinos de esperan\u00e7a<\/em>, que (\u2026), n\u00e3o podendo vir \u00e0 Cidade dos ap\u00f3stolos Pedro e Paulo, v\u00e3o celebr\u00e1-lo nas Igrejas particulares.\u201d (<em>Spes non confundit<\/em>, 1);<br>\u201cQue a vida crist\u00e3 \u00e9\u00a0<em>um caminho<\/em>, que precisa tamb\u00e9m de\u00a0<em>momentos fortes<\/em>\u00a0para nutrir e robustecer a esperan\u00e7a, insubstitu\u00edvel companheira que permite vislumbrar a meta: o encontro com o Senhor Jesus.\u201d (<em>Spes non confundit<\/em>, 5);<br>\u201cQue\u00a0<em>a peregrina\u00e7\u00e3o<\/em>\u00a0representa um elemento fundamental de todo o evento jubilar. P\u00f4r-se a caminho \u00e9 t\u00edpico de quem anda \u00e0 procura do sentido da vida. A peregrina\u00e7\u00e3o favorece muito a redescoberta do valor do sil\u00eancio, do esfor\u00e7o, da essencialidade. Tamb\u00e9m no pr\u00f3ximo ano, os\u00a0<em>peregrinos de esperan\u00e7a<\/em>\u00a0n\u00e3o deixar\u00e3o de percorrer caminhos antigos e modernos para viver intensamente a experi\u00eancia jubilar.\u201d (<em>Spes non confundit<\/em>, 5);<br>Que, conforme determina o Decreto da Penitenciaria Apost\u00f3lica, de 13 de maio de 2024, o Bispo Diocesano pode determinar os lugares de peregrina\u00e7\u00e3o;<\/p>\n\n\n\n<p class=\"has-text-align-center\"><strong>DECRETO<\/strong><\/p>\n\n\n\n<p><strong>Que as Igrejas da Diocese de Teixeira de Freitas\/Caravelas nas quais os fi\u00e9is poder\u00e3o peregrinar para ganhar as Indulg\u00eancias no Ano Jubilar 2025 ser\u00e3o:<\/strong><\/p>\n\n\n\n<p>1 \u2013 A Catedral Diocesana de S\u00e3o Pedro, em Teixeira de Freitas;<br>2 \u2013 A Co-Catedral Santo Ant\u00f4nio, em Caravelas.<\/p>\n\n\n\n<p><strong>Comunico ainda que, conforme est\u00e1 determinado no Decreto emitido pela Penitenciaria Apost\u00f3lica, em 13 de maio de 2024:<\/strong><\/p>\n\n\n\n<p>\u201cDurante o Jubileu Ordin\u00e1rio de 2025, permanecem em vigor todas as outras concess\u00f5es de Indulg\u00eancia. Todos os fi\u00e9is verdadeiramente arrependidos, excluindo qualquer apego ao pecado (cf.&nbsp;<em>Enchiridion Indulgentiarum<\/em>, IV ed., norm. 20, \u00a7 1) e movidos por um esp\u00edrito de caridade, e que, no decurso do Ano Santo, purificados pelo sacramento da penit\u00eancia e revigorados pela Sagrada Comunh\u00e3o, rezem segundo as inten\u00e7\u00f5es do Sumo Pont\u00edfice, poder\u00e3o obter do tesouro da Igreja plen\u00edssima Indulg\u00eancia, remiss\u00e3o e perd\u00e3o dos seus pecados, que se pode aplicar \u00e0s almas do Purgat\u00f3rio sob a forma de sufr\u00e1gio;<\/p>\n\n\n\n<p>Os fi\u00e9is, peregrinos de esperan\u00e7a, poder\u00e3o obter a Indulg\u00eancia Jubilar concedida pelo Santo Padre se empreenderem uma piedosa peregrina\u00e7\u00e3o a qualquer lugar sagrado do Jubileu, ai participando devotamente na Santa Missa (sempre que as normas lit\u00fargicas o permitam, poder\u00e1 recorrer-se especialmente \u00e0 Missa pr\u00f3pria para o Jubileu ou \u00e0 Missa votiva: pela reconcilia\u00e7\u00e3o, pelo perd\u00e3o dos pecados, para pedir a virtude da caridade e para promover a conc\u00f3rdia); numa Missa ritual para conferir os sacramentos da inicia\u00e7\u00e3o crist\u00e3 ou a Un\u00e7\u00e3o dos Enfermos; na celebra\u00e7\u00e3o da Palavra de Deus; na Liturgia das Horas (Of\u00edcio de Leituras, Laudes, V\u00e9speras), na Via-Sacra, no Ros\u00e1rio Mariano, numa celebra\u00e7\u00e3o penitencial, que termine com as confiss\u00f5es individuais dos penitentes, como est\u00e1 estabelecido no Rito da Penit\u00eancia (forma II);<\/p>\n\n\n\n<p>Ademais, os fi\u00e9is poder\u00e3o obter a Indulg\u00eancia jubilar se, individualmente ou em grupo, visitarem devotamente qualquer lugar jubilar e a\u00ed dedicarem um c\u00f4ngruo per\u00edodo de tempo a adora\u00e7\u00e3o eucar\u00edstica e \u00e0 medita\u00e7\u00e3o, concluindo com o Pai Nosso, a Profiss\u00e3o de F\u00e9 em qualquer forma leg\u00edtima e invoca\u00e7\u00f5es a Maria, M\u00e3e de Deus, para que, neste Ano Santo, todos possam \u201cexperimentar a proximidade da mais afetuosa das m\u00e3es, que nunca abandona os seus filhos\u201d (Spes non confundit, 24).\u201d<\/p>\n\n\n\n<p>As par\u00f3quias ou grupos que queiram fazer peregrina\u00e7\u00e3o \u00e0s igrejas jubilares dever\u00e3o entrar em contato diretamente com as secretarias das igrejas jubilares procurando informa\u00e7\u00f5es sobre as atividades celebrativas.<\/p>\n\n\n\n<p>A abertura solene do Ano Jubilar nas dioceses, conforme estabelece a Bula de Proclama\u00e7\u00e3o do Jubileu, ser\u00e1 no domingo, dia 29 de dezembro de 2024, festa da Sagrada Fam\u00edlia. Em nossa Diocese, a celebra\u00e7\u00e3o solene de abertura do Jubileu se dar\u00e1:<\/p>\n\n\n\n<ol class=\"wp-block-list\">\n<li>Pela manh\u00e3, em Caravelas, \u00e0s 09:00h com concentra\u00e7\u00e3o na Igreja de santa Efig\u00eania, \u00e0s 08:30 horas seguida de peregrina\u00e7\u00e3o at\u00e9 a Co-Catedral onde ser\u00e1 celebrada a Eucaristia. Esta abertura ser\u00e1 para toda a Forania Santo Ant\u00f4nio. Portanto, durante a manh\u00e3 do dia 29\/12\/2024 n\u00e3o deve acontecer, pela parte da manh\u00e3, nenhum ato lit\u00fargico nas igrejas da Forania Santo Ant\u00f4nio, para que todos possam se concentrar em Caravelas;<\/li>\n\n\n\n<li>\u00c0 tarde, em Teixeira de Freitas, \u00e0s 17:00h com concentra\u00e7\u00e3o na Pra\u00e7a dos Le\u00f5es seguida dee peregrina\u00e7\u00e3o at\u00e9 a Catedral Diocesana onde acontecer\u00e1 a missa estacional. Nas Foranias: S\u00e3o Pedro, Imaculada Concei\u00e7\u00e3o, S\u00e3o Jos\u00e9 e S\u00e3o Cosme e Dami\u00e3o n\u00e3o devem acontecer nenhum ato lit\u00fargico \u00e0 tarde para que os fi\u00e9is possam participar da abertura do Jubileu na Catedral.<\/li>\n<\/ol>\n\n\n\n<p>Este Decreto \u00e9 v\u00e1lido por todo Ano Jubilar, a saber de 29 de dezembro de 2024 a 28 de dezembro de 2025.<\/p>\n\n\n\n<p>Dado e passado na C\u00faria Diocesana de Teixeira de Freitas\/Caravelas, aos 08 de dezembro de 2024, Solenidade da Imaculada Concei\u00e7\u00e3o da Bem-Aventurada Virgem Maria, sob o selo de nossas armas.<\/p>\n\n\n\n<p class=\"has-text-align-center\"><strong>Dom Jailton e Oliveira Lino, psdp<\/strong><br><em>Bispo Diocesano<\/em><\/p>\n\n\n\n<p class=\"has-text-align-center\"><strong>Pe. Ariston Domingues de Ara\u00fajo<\/strong><br>Chanceler da C\u00faria<\/p>\n\n\n\n<p>Prot. n<sup>o<\/sup>. 061\/2024<\/p>\n","protected":false},"excerpt":{"rendered":"<p>DOM JAILTON DE OLIVEIRA LINO, PSDP Por Merc\u00ea de Deus e da S\u00e9 Apost\u00f3licaBispo Diocesano de Teixeira de Freitas\/Caravelas Aos que este Decreto virem, sauda\u00e7\u00e3o e b\u00ean\u00e7\u00e3o no Senhor! CONSIDERANDO Que a cada vinte e cinco anos a Santa Igreja promove o Ano Santo, como tempo da gra\u00e7a do Senhor;Que, conforme assim citou o Papa &hellip;<\/p>\n","protected":false},"author":2,"featured_media":6129,"comment_status":"closed","ping_status":"closed","sticky":false,"template":"","format":"standard","meta":{"footnotes":""},"categories":[51,100],"tags":[],"class_list":["post-23247","post","type-post","status-publish","format-standard","has-post-thumbnail","hentry","category-notas","category-noticias-diocesanas"],"_links":{"self":[{"href":"https:\/\/dioceseteixeiradefreitas.com.br\/index.php?rest_route=\/wp\/v2\/posts\/23247","targetHints":{"allow":["GET"]}}],"collection":[{"href":"https:\/\/dioceseteixeiradefreitas.com.br\/index.php?rest_route=\/wp\/v2\/posts"}],"about":[{"href":"https:\/\/dioceseteixeiradefreitas.com.br\/index.php?rest_route=\/wp\/v2\/types\/post"}],"author":[{"embeddable":true,"href":"https:\/\/dioceseteixeiradefreitas.com.br\/index.php?rest_route=\/wp\/v2\/users\/2"}],"replies":[{"embeddable":true,"href":"https:\/\/dioceseteixeiradefreitas.com.br\/index.php?rest_route=%2Fwp%2Fv2%2Fcomments&post=23247"}],"version-history":[{"count":1,"href":"https:\/\/dioceseteixeiradefreitas.com.br\/index.php?rest_route=\/wp\/v2\/posts\/23247\/revisions"}],"predecessor-version":[{"id":23248,"href":"https:\/\/dioceseteixeiradefreitas.com.br\/index.php?rest_route=\/wp\/v2\/posts\/23247\/revisions\/23248"}],"wp:featuredmedia":[{"embeddable":true,"href":"https:\/\/dioceseteixeiradefreitas.com.br\/index.php?rest_route=\/wp\/v2\/media\/6129"}],"wp:attachment":[{"href":"https:\/\/dioceseteixeiradefreitas.com.br\/index.php?rest_route=%2Fwp%2Fv2%2Fmedia&parent=23247"}],"wp:term":[{"taxonomy":"category","embeddable":true,"href":"https:\/\/dioceseteixeiradefreitas.com.br\/index.php?rest_route=%2Fwp%2Fv2%2Fcategories&post=23247"},{"taxonomy":"post_tag","embeddable":true,"href":"https:\/\/dioceseteixeiradefreitas.com.br\/index.php?rest_route=%2Fwp%2Fv2%2Ftags&post=23247"}],"curies":[{"name":"wp","href":"https:\/\/api.w.org\/{rel}","templated":true}]}}