{"id":23254,"date":"2024-12-15T16:15:30","date_gmt":"2024-12-15T19:15:30","guid":{"rendered":"https:\/\/dioceseteixeiradefreitas.com.br\/?p=23254"},"modified":"2024-12-15T16:16:07","modified_gmt":"2024-12-15T19:16:07","slug":"convite-ordenacao-diaconal-do-seminarista-vitor-leite-da-silva","status":"publish","type":"post","link":"https:\/\/dioceseteixeiradefreitas.com.br\/?p=23254","title":{"rendered":"Convite: Ordena\u00e7\u00e3o Diaconal do Seminarista Vitor Leite da Silva."},"content":{"rendered":"\n<figure class=\"wp-block-image size-large\"><a href=\"https:\/\/dioceseteixeiradefreitas.com.br\/wp-content\/uploads\/2024\/12\/3d901475-5c7a-4a6c-877e-f275bb884f4a-scaled.jpeg\"><img loading=\"lazy\" decoding=\"async\" width=\"576\" height=\"1024\" src=\"https:\/\/dioceseteixeiradefreitas.com.br\/wp-content\/uploads\/2024\/12\/3d901475-5c7a-4a6c-877e-f275bb884f4a-576x1024.jpeg\" alt=\"\" class=\"wp-image-23255\" srcset=\"https:\/\/dioceseteixeiradefreitas.com.br\/wp-content\/uploads\/2024\/12\/3d901475-5c7a-4a6c-877e-f275bb884f4a-576x1024.jpeg 576w, https:\/\/dioceseteixeiradefreitas.com.br\/wp-content\/uploads\/2024\/12\/3d901475-5c7a-4a6c-877e-f275bb884f4a-169x300.jpeg 169w, https:\/\/dioceseteixeiradefreitas.com.br\/wp-content\/uploads\/2024\/12\/3d901475-5c7a-4a6c-877e-f275bb884f4a-768x1365.jpeg 768w, https:\/\/dioceseteixeiradefreitas.com.br\/wp-content\/uploads\/2024\/12\/3d901475-5c7a-4a6c-877e-f275bb884f4a-864x1536.jpeg 864w, https:\/\/dioceseteixeiradefreitas.com.br\/wp-content\/uploads\/2024\/12\/3d901475-5c7a-4a6c-877e-f275bb884f4a-1152x2048.jpeg 1152w, https:\/\/dioceseteixeiradefreitas.com.br\/wp-content\/uploads\/2024\/12\/3d901475-5c7a-4a6c-877e-f275bb884f4a-scaled.jpeg 1440w\" sizes=\"auto, (max-width: 576px) 100vw, 576px\" \/><\/a><\/figure>\n\n\n\n<p>\u00a0A Diocese de Teixeira de Freitas\/Caravelas, juntamente com o Semin\u00e1rio S\u00e3o Jo\u00e3o Paulo II, tem a alegria de convidar todos os fi\u00e9is para a Solene Celebra\u00e7\u00e3o Eucar\u00edstica, na qual o seminarista Vitor Leite da Silva ser\u00e1 ordenado Di\u00e1cono para a Santa Igreja Cat\u00f3lica. <br>A ordena\u00e7\u00e3o ser\u00e1 realizada por meio da imposi\u00e7\u00e3o das m\u00e3os e prece de ordena\u00e7\u00e3o de Sua Excel\u00eancia Reverend\u00edssima, Dom Jailton de Oliveira Lino, PSDP.<br><\/p>\n\n\n\n<figure class=\"wp-block-image size-large\"><a href=\"https:\/\/dioceseteixeiradefreitas.com.br\/wp-content\/uploads\/2024\/12\/3023b4aa-4257-47dd-9b44-dedbb7101819-scaled.jpeg\"><img loading=\"lazy\" decoding=\"async\" width=\"1024\" height=\"731\" src=\"https:\/\/dioceseteixeiradefreitas.com.br\/wp-content\/uploads\/2024\/12\/3023b4aa-4257-47dd-9b44-dedbb7101819-1024x731.jpeg\" alt=\"\" class=\"wp-image-23256\" srcset=\"https:\/\/dioceseteixeiradefreitas.com.br\/wp-content\/uploads\/2024\/12\/3023b4aa-4257-47dd-9b44-dedbb7101819-1024x731.jpeg 1024w, https:\/\/dioceseteixeiradefreitas.com.br\/wp-content\/uploads\/2024\/12\/3023b4aa-4257-47dd-9b44-dedbb7101819-300x214.jpeg 300w, https:\/\/dioceseteixeiradefreitas.com.br\/wp-content\/uploads\/2024\/12\/3023b4aa-4257-47dd-9b44-dedbb7101819-768x548.jpeg 768w, https:\/\/dioceseteixeiradefreitas.com.br\/wp-content\/uploads\/2024\/12\/3023b4aa-4257-47dd-9b44-dedbb7101819-1536x1097.jpeg 1536w, https:\/\/dioceseteixeiradefreitas.com.br\/wp-content\/uploads\/2024\/12\/3023b4aa-4257-47dd-9b44-dedbb7101819-2048x1463.jpeg 2048w\" sizes=\"auto, (max-width: 1024px) 100vw, 1024px\" \/><\/a><\/figure>\n\n\n\n<p>A celebra\u00e7\u00e3o ocorrer\u00e1 no dia <strong>20 de dezembro de 2024, sexta-feira<\/strong>, \u00e0s <strong>19h00<\/strong>, na Igreja Matriz de Nossa Senhora das Gra\u00e7as, Lajed\u00e3o- Ba. <\/p>\n\n\n\n<p>Convidamos todos a se unirem a n\u00f3s em ora\u00e7\u00e3o e a participar deste momento de grande alegria para a Diocese e para a Igreja.<\/p>\n","protected":false},"excerpt":{"rendered":"<p>\u00a0A Diocese de Teixeira de Freitas\/Caravelas, juntamente com o Semin\u00e1rio S\u00e3o Jo\u00e3o Paulo II, tem a alegria de convidar todos os fi\u00e9is para a Solene Celebra\u00e7\u00e3o Eucar\u00edstica, na qual o seminarista Vitor Leite da Silva ser\u00e1 ordenado Di\u00e1cono para a Santa Igreja Cat\u00f3lica. A ordena\u00e7\u00e3o ser\u00e1 realizada por meio da imposi\u00e7\u00e3o das m\u00e3os e prece &hellip;<\/p>\n","protected":false},"author":32,"featured_media":23255,"comment_status":"closed","ping_status":"closed","sticky":false,"template":"","format":"standard","meta":{"footnotes":""},"categories":[100,41],"tags":[],"class_list":["post-23254","post","type-post","status-publish","format-standard","has-post-thumbnail","hentry","category-noticias-diocesanas","category-noticias_destaque"],"_links":{"self":[{"href":"https:\/\/dioceseteixeiradefreitas.com.br\/index.php?rest_route=\/wp\/v2\/posts\/23254","targetHints":{"allow":["GET"]}}],"collection":[{"href":"https:\/\/dioceseteixeiradefreitas.com.br\/index.php?rest_route=\/wp\/v2\/posts"}],"about":[{"href":"https:\/\/dioceseteixeiradefreitas.com.br\/index.php?rest_route=\/wp\/v2\/types\/post"}],"author":[{"embeddable":true,"href":"https:\/\/dioceseteixeiradefreitas.com.br\/index.php?rest_route=\/wp\/v2\/users\/32"}],"replies":[{"embeddable":true,"href":"https:\/\/dioceseteixeiradefreitas.com.br\/index.php?rest_route=%2Fwp%2Fv2%2Fcomments&post=23254"}],"version-history":[{"count":2,"href":"https:\/\/dioceseteixeiradefreitas.com.br\/index.php?rest_route=\/wp\/v2\/posts\/23254\/revisions"}],"predecessor-version":[{"id":23258,"href":"https:\/\/dioceseteixeiradefreitas.com.br\/index.php?rest_route=\/wp\/v2\/posts\/23254\/revisions\/23258"}],"wp:featuredmedia":[{"embeddable":true,"href":"https:\/\/dioceseteixeiradefreitas.com.br\/index.php?rest_route=\/wp\/v2\/media\/23255"}],"wp:attachment":[{"href":"https:\/\/dioceseteixeiradefreitas.com.br\/index.php?rest_route=%2Fwp%2Fv2%2Fmedia&parent=23254"}],"wp:term":[{"taxonomy":"category","embeddable":true,"href":"https:\/\/dioceseteixeiradefreitas.com.br\/index.php?rest_route=%2Fwp%2Fv2%2Fcategories&post=23254"},{"taxonomy":"post_tag","embeddable":true,"href":"https:\/\/dioceseteixeiradefreitas.com.br\/index.php?rest_route=%2Fwp%2Fv2%2Ftags&post=23254"}],"curies":[{"name":"wp","href":"https:\/\/api.w.org\/{rel}","templated":true}]}}