{"id":23259,"date":"2024-12-15T16:22:46","date_gmt":"2024-12-15T19:22:46","guid":{"rendered":"https:\/\/dioceseteixeiradefreitas.com.br\/?p=23259"},"modified":"2024-12-15T16:22:46","modified_gmt":"2024-12-15T19:22:46","slug":"convite-instituicao-dos-ministerios-de-leitor-e-acolito","status":"publish","type":"post","link":"https:\/\/dioceseteixeiradefreitas.com.br\/?p=23259","title":{"rendered":"Convite: Institui\u00e7\u00e3o dos Minist\u00e9rios de Leitor e Ac\u00f3lito."},"content":{"rendered":"\n<p>\u201dE chamou-os para si os que Ele quis\u201d &#8211; Mc 3,13<\/p>\n\n\n\n<figure class=\"wp-block-image size-large\"><a href=\"https:\/\/dioceseteixeiradefreitas.com.br\/wp-content\/uploads\/2024\/12\/6613bbd7-c32c-463f-8eba-cdd09656a2e9-scaled.jpeg\"><img loading=\"lazy\" decoding=\"async\" width=\"819\" height=\"1024\" src=\"https:\/\/dioceseteixeiradefreitas.com.br\/wp-content\/uploads\/2024\/12\/6613bbd7-c32c-463f-8eba-cdd09656a2e9-819x1024.jpeg\" alt=\"\" class=\"wp-image-23260\" srcset=\"https:\/\/dioceseteixeiradefreitas.com.br\/wp-content\/uploads\/2024\/12\/6613bbd7-c32c-463f-8eba-cdd09656a2e9-819x1024.jpeg 819w, https:\/\/dioceseteixeiradefreitas.com.br\/wp-content\/uploads\/2024\/12\/6613bbd7-c32c-463f-8eba-cdd09656a2e9-240x300.jpeg 240w, https:\/\/dioceseteixeiradefreitas.com.br\/wp-content\/uploads\/2024\/12\/6613bbd7-c32c-463f-8eba-cdd09656a2e9-768x960.jpeg 768w, https:\/\/dioceseteixeiradefreitas.com.br\/wp-content\/uploads\/2024\/12\/6613bbd7-c32c-463f-8eba-cdd09656a2e9-1229x1536.jpeg 1229w, https:\/\/dioceseteixeiradefreitas.com.br\/wp-content\/uploads\/2024\/12\/6613bbd7-c32c-463f-8eba-cdd09656a2e9-1638x2048.jpeg 1638w, https:\/\/dioceseteixeiradefreitas.com.br\/wp-content\/uploads\/2024\/12\/6613bbd7-c32c-463f-8eba-cdd09656a2e9-scaled.jpeg 2048w\" sizes=\"auto, (max-width: 819px) 100vw, 819px\" \/><\/a><\/figure>\n\n\n\n<p>Com grande j\u00fabilo e o cora\u00e7\u00e3o pleno de alegria, o Semin\u00e1rio Maior S\u00e3o Jo\u00e3o Paulo II tem a honra de convidar todos os fi\u00e9is para participarem da Missa com rito de Institui\u00e7\u00e3o dos Minist\u00e9rios de Leitor e Ac\u00f3lito, dos nossos irm\u00e3os.<\/p>\n\n\n\n<p>Este momento significativo marca o compromisso dos nossos irm\u00e3os seminaristas com os minist\u00e9rios que os preparam para o servi\u00e7o futuro da Palavra e do Altar. Conforme a tradi\u00e7\u00e3o da Igreja, \u201cos candidatos ao Diaconado e ao Sacerd\u00f3cio devem receber os Minist\u00e9rios de Leitor e de Ac\u00f3lito, caso j\u00e1 n\u00e3o os tenham recebido, devendo exerc\u00ea-los por per\u00edodo conveniente, a fim de melhor se prepararem para o futuro servi\u00e7o da Palavra e do Altar\u201d (Pontifical Romano, p. 247, XI).<\/p>\n\n\n\n<p>Contamos com a vossa presen\u00e7a e ainda mais com vossas ora\u00e7\u00f5es.<\/p>\n\n\n\n<figure class=\"wp-block-gallery has-nested-images columns-default is-cropped wp-block-gallery-1 is-layout-flex wp-block-gallery-is-layout-flex\">\n<figure class=\"wp-block-image size-large\"><a href=\"https:\/\/dioceseteixeiradefreitas.com.br\/wp-content\/uploads\/2024\/12\/1c60b174-70e9-4039-ad84-8f8c7bf7de43-scaled.jpeg\"><img loading=\"lazy\" decoding=\"async\" width=\"819\" height=\"1024\" data-id=\"23261\" src=\"https:\/\/dioceseteixeiradefreitas.com.br\/wp-content\/uploads\/2024\/12\/1c60b174-70e9-4039-ad84-8f8c7bf7de43-819x1024.jpeg\" alt=\"\" class=\"wp-image-23261\" srcset=\"https:\/\/dioceseteixeiradefreitas.com.br\/wp-content\/uploads\/2024\/12\/1c60b174-70e9-4039-ad84-8f8c7bf7de43-819x1024.jpeg 819w, https:\/\/dioceseteixeiradefreitas.com.br\/wp-content\/uploads\/2024\/12\/1c60b174-70e9-4039-ad84-8f8c7bf7de43-240x300.jpeg 240w, https:\/\/dioceseteixeiradefreitas.com.br\/wp-content\/uploads\/2024\/12\/1c60b174-70e9-4039-ad84-8f8c7bf7de43-768x960.jpeg 768w, https:\/\/dioceseteixeiradefreitas.com.br\/wp-content\/uploads\/2024\/12\/1c60b174-70e9-4039-ad84-8f8c7bf7de43-1229x1536.jpeg 1229w, https:\/\/dioceseteixeiradefreitas.com.br\/wp-content\/uploads\/2024\/12\/1c60b174-70e9-4039-ad84-8f8c7bf7de43-1638x2048.jpeg 1638w, https:\/\/dioceseteixeiradefreitas.com.br\/wp-content\/uploads\/2024\/12\/1c60b174-70e9-4039-ad84-8f8c7bf7de43-scaled.jpeg 2048w\" sizes=\"auto, (max-width: 819px) 100vw, 819px\" \/><\/a><\/figure>\n\n\n\n<figure class=\"wp-block-image size-large\"><a href=\"https:\/\/dioceseteixeiradefreitas.com.br\/wp-content\/uploads\/2024\/12\/c72da6a3-082c-4fd2-8cfd-a1e5c52147c5-scaled.jpeg\"><img loading=\"lazy\" decoding=\"async\" width=\"819\" height=\"1024\" data-id=\"23262\" src=\"https:\/\/dioceseteixeiradefreitas.com.br\/wp-content\/uploads\/2024\/12\/c72da6a3-082c-4fd2-8cfd-a1e5c52147c5-819x1024.jpeg\" alt=\"\" class=\"wp-image-23262\" srcset=\"https:\/\/dioceseteixeiradefreitas.com.br\/wp-content\/uploads\/2024\/12\/c72da6a3-082c-4fd2-8cfd-a1e5c52147c5-819x1024.jpeg 819w, https:\/\/dioceseteixeiradefreitas.com.br\/wp-content\/uploads\/2024\/12\/c72da6a3-082c-4fd2-8cfd-a1e5c52147c5-240x300.jpeg 240w, https:\/\/dioceseteixeiradefreitas.com.br\/wp-content\/uploads\/2024\/12\/c72da6a3-082c-4fd2-8cfd-a1e5c52147c5-768x960.jpeg 768w, https:\/\/dioceseteixeiradefreitas.com.br\/wp-content\/uploads\/2024\/12\/c72da6a3-082c-4fd2-8cfd-a1e5c52147c5-1229x1536.jpeg 1229w, https:\/\/dioceseteixeiradefreitas.com.br\/wp-content\/uploads\/2024\/12\/c72da6a3-082c-4fd2-8cfd-a1e5c52147c5-1638x2048.jpeg 1638w, https:\/\/dioceseteixeiradefreitas.com.br\/wp-content\/uploads\/2024\/12\/c72da6a3-082c-4fd2-8cfd-a1e5c52147c5-scaled.jpeg 2048w\" sizes=\"auto, (max-width: 819px) 100vw, 819px\" \/><\/a><\/figure>\n<\/figure>\n","protected":false},"excerpt":{"rendered":"<p>\u201dE chamou-os para si os que Ele quis\u201d &#8211; Mc 3,13 Com grande j\u00fabilo e o cora\u00e7\u00e3o pleno de alegria, o Semin\u00e1rio Maior S\u00e3o Jo\u00e3o Paulo II tem a honra de convidar todos os fi\u00e9is para participarem da Missa com rito de Institui\u00e7\u00e3o dos Minist\u00e9rios de Leitor e Ac\u00f3lito, dos nossos irm\u00e3os. Este momento significativo &hellip;<\/p>\n","protected":false},"author":32,"featured_media":23260,"comment_status":"closed","ping_status":"closed","sticky":false,"template":"","format":"standard","meta":{"footnotes":""},"categories":[100,41],"tags":[],"class_list":["post-23259","post","type-post","status-publish","format-standard","has-post-thumbnail","hentry","category-noticias-diocesanas","category-noticias_destaque"],"_links":{"self":[{"href":"https:\/\/dioceseteixeiradefreitas.com.br\/index.php?rest_route=\/wp\/v2\/posts\/23259","targetHints":{"allow":["GET"]}}],"collection":[{"href":"https:\/\/dioceseteixeiradefreitas.com.br\/index.php?rest_route=\/wp\/v2\/posts"}],"about":[{"href":"https:\/\/dioceseteixeiradefreitas.com.br\/index.php?rest_route=\/wp\/v2\/types\/post"}],"author":[{"embeddable":true,"href":"https:\/\/dioceseteixeiradefreitas.com.br\/index.php?rest_route=\/wp\/v2\/users\/32"}],"replies":[{"embeddable":true,"href":"https:\/\/dioceseteixeiradefreitas.com.br\/index.php?rest_route=%2Fwp%2Fv2%2Fcomments&post=23259"}],"version-history":[{"count":1,"href":"https:\/\/dioceseteixeiradefreitas.com.br\/index.php?rest_route=\/wp\/v2\/posts\/23259\/revisions"}],"predecessor-version":[{"id":23263,"href":"https:\/\/dioceseteixeiradefreitas.com.br\/index.php?rest_route=\/wp\/v2\/posts\/23259\/revisions\/23263"}],"wp:featuredmedia":[{"embeddable":true,"href":"https:\/\/dioceseteixeiradefreitas.com.br\/index.php?rest_route=\/wp\/v2\/media\/23260"}],"wp:attachment":[{"href":"https:\/\/dioceseteixeiradefreitas.com.br\/index.php?rest_route=%2Fwp%2Fv2%2Fmedia&parent=23259"}],"wp:term":[{"taxonomy":"category","embeddable":true,"href":"https:\/\/dioceseteixeiradefreitas.com.br\/index.php?rest_route=%2Fwp%2Fv2%2Fcategories&post=23259"},{"taxonomy":"post_tag","embeddable":true,"href":"https:\/\/dioceseteixeiradefreitas.com.br\/index.php?rest_route=%2Fwp%2Fv2%2Ftags&post=23259"}],"curies":[{"name":"wp","href":"https:\/\/api.w.org\/{rel}","templated":true}]}}