{"id":23264,"date":"2024-12-15T19:09:13","date_gmt":"2024-12-15T22:09:13","guid":{"rendered":"https:\/\/dioceseteixeiradefreitas.com.br\/?p=23264"},"modified":"2024-12-15T19:11:40","modified_gmt":"2024-12-15T22:11:40","slug":"dia-29-12-abertura-do-jubileu-da-esperanca-2025","status":"publish","type":"post","link":"https:\/\/dioceseteixeiradefreitas.com.br\/?p=23264","title":{"rendered":"Dia 29\/12: abertura do Jubileu da Esperan\u00e7a 2025"},"content":{"rendered":"\n<p>Em prepara\u00e7\u00e3o ao Ano Santo 2025, o bispo diocesano Dom Jailton de Oliveira Lino, PSDP, promulgou um <a href=\"https:\/\/dioceseteixeiradefreitas.com.br\/?p=23247\">decreto <\/a>detalhando as diretrizes para celebra\u00e7\u00f5es, peregrina\u00e7\u00f5es e a obten\u00e7\u00e3o de indulg\u00eancias plen\u00e1rias na Diocese de Teixeira de Freitas\/Caravelas. Com o tema &#8220;<em>Spes non confundit \u2013 A esperan\u00e7a n\u00e3o engana<\/em>&#8221; (Rm 5,5), inspirado pela bula de proclama\u00e7\u00e3o do Papa Francisco, o Ano Jubilar ser\u00e1 um momento de renova\u00e7\u00e3o espiritual e aprofundamento da f\u00e9 para os fi\u00e9is.<\/p>\n\n\n\n<figure class=\"wp-block-image size-large\"><a href=\"https:\/\/dioceseteixeiradefreitas.com.br\/wp-content\/uploads\/2024\/12\/abertura.png\"><img loading=\"lazy\" decoding=\"async\" width=\"1024\" height=\"1024\" src=\"https:\/\/dioceseteixeiradefreitas.com.br\/wp-content\/uploads\/2024\/12\/abertura-1024x1024.png\" alt=\"\" class=\"wp-image-23265\" srcset=\"https:\/\/dioceseteixeiradefreitas.com.br\/wp-content\/uploads\/2024\/12\/abertura-1024x1024.png 1024w, https:\/\/dioceseteixeiradefreitas.com.br\/wp-content\/uploads\/2024\/12\/abertura-300x300.png 300w, https:\/\/dioceseteixeiradefreitas.com.br\/wp-content\/uploads\/2024\/12\/abertura-150x150.png 150w, https:\/\/dioceseteixeiradefreitas.com.br\/wp-content\/uploads\/2024\/12\/abertura-768x768.png 768w, https:\/\/dioceseteixeiradefreitas.com.br\/wp-content\/uploads\/2024\/12\/abertura.png 1080w\" sizes=\"auto, (max-width: 1024px) 100vw, 1024px\" \/><\/a><\/figure>\n\n\n\n<p><strong>Lugares de Peregrina\u00e7\u00e3o e Indulg\u00eancias<\/strong><br>Conforme o decreto, os locais sagrados escolhidos para peregrina\u00e7\u00e3o na diocese s\u00e3o:<\/p>\n\n\n\n<ol class=\"wp-block-list\">\n<li>Catedral Diocesana de S\u00e3o Pedro, em Teixeira de Freitas.<\/li>\n\n\n\n<li>Co-Catedral Santo Ant\u00f4nio, em Caravelas.<\/li>\n<\/ol>\n\n\n\n<p>Os fi\u00e9is que visitarem esses locais, participarem de celebra\u00e7\u00f5es lit\u00fargicas e cumprirem as condi\u00e7\u00f5es estabelecidas pela Igreja \u2013 como a confiss\u00e3o sacramental, comunh\u00e3o eucar\u00edstica e ora\u00e7\u00e3o pelas inten\u00e7\u00f5es do Santo Padre \u2013 poder\u00e3o obter a indulg\u00eancia plen\u00e1ria. Essa remiss\u00e3o total das penas temporais dos pecados tamb\u00e9m pode ser aplicada \u00e0s almas do purgat\u00f3rio.<\/p>\n\n\n\n<p><strong>Abertura Solene<\/strong><br>A abertura do Ano Jubilar na diocese ser\u00e1 celebrada em dois momentos no dia 29 de dezembro de 2024, festa da Sagrada Fam\u00edlia:<\/p>\n\n\n\n<ul class=\"wp-block-list\">\n<li>Caravelas (Forania Santo Ant\u00f4nio): Concentra\u00e7\u00e3o \u00e0s 08h30 na Igreja de Santa Efig\u00eania, seguida de peregrina\u00e7\u00e3o at\u00e9 a Co-Catedral Santo Ant\u00f4nio, onde ser\u00e1 celebrada a Eucaristia \u00e0s 09h.<\/li>\n\n\n\n<li>Teixeira de Freitas (demais Foranias): Concentra\u00e7\u00e3o \u00e0s 17h na Pra\u00e7a dos Le\u00f5es, com peregrina\u00e7\u00e3o at\u00e9 a Catedral Diocesana de S\u00e3o Pedro, culminando na missa.<\/li>\n<\/ul>\n\n\n\n<p>O bispo determinou que, nos hor\u00e1rios das celebra\u00e7\u00f5es, n\u00e3o sejam realizados atos lit\u00fargicos nas igrejas das respectivas foranias, para garantir a participa\u00e7\u00e3o massiva dos fi\u00e9is.<\/p>\n\n\n\n<p>Acompanhe as pr\u00f3ximas postagens no site e redes sociais da Diocese de Teixeira de Freitas\/Caravelas para compreender mais sobre o Ano do Jubileu e suas atividades em nossa Diocese.<\/p>\n\n\n\n<p>Por PASCOM DIOCESANA.<\/p>\n","protected":false},"excerpt":{"rendered":"<p>Em prepara\u00e7\u00e3o ao Ano Santo 2025, o bispo diocesano Dom Jailton de Oliveira Lino, PSDP, promulgou um decreto detalhando as diretrizes para celebra\u00e7\u00f5es, peregrina\u00e7\u00f5es e a obten\u00e7\u00e3o de indulg\u00eancias plen\u00e1rias na Diocese de Teixeira de Freitas\/Caravelas. Com o tema &#8220;Spes non confundit \u2013 A esperan\u00e7a n\u00e3o engana&#8221; (Rm 5,5), inspirado pela bula de proclama\u00e7\u00e3o do &hellip;<\/p>\n","protected":false},"author":2,"featured_media":23267,"comment_status":"closed","ping_status":"closed","sticky":false,"template":"","format":"standard","meta":{"footnotes":""},"categories":[1231,100],"tags":[],"class_list":["post-23264","post","type-post","status-publish","format-standard","has-post-thumbnail","hentry","category-jubileu-da-esperanca-2025","category-noticias-diocesanas"],"_links":{"self":[{"href":"https:\/\/dioceseteixeiradefreitas.com.br\/index.php?rest_route=\/wp\/v2\/posts\/23264","targetHints":{"allow":["GET"]}}],"collection":[{"href":"https:\/\/dioceseteixeiradefreitas.com.br\/index.php?rest_route=\/wp\/v2\/posts"}],"about":[{"href":"https:\/\/dioceseteixeiradefreitas.com.br\/index.php?rest_route=\/wp\/v2\/types\/post"}],"author":[{"embeddable":true,"href":"https:\/\/dioceseteixeiradefreitas.com.br\/index.php?rest_route=\/wp\/v2\/users\/2"}],"replies":[{"embeddable":true,"href":"https:\/\/dioceseteixeiradefreitas.com.br\/index.php?rest_route=%2Fwp%2Fv2%2Fcomments&post=23264"}],"version-history":[{"count":1,"href":"https:\/\/dioceseteixeiradefreitas.com.br\/index.php?rest_route=\/wp\/v2\/posts\/23264\/revisions"}],"predecessor-version":[{"id":23266,"href":"https:\/\/dioceseteixeiradefreitas.com.br\/index.php?rest_route=\/wp\/v2\/posts\/23264\/revisions\/23266"}],"wp:featuredmedia":[{"embeddable":true,"href":"https:\/\/dioceseteixeiradefreitas.com.br\/index.php?rest_route=\/wp\/v2\/media\/23267"}],"wp:attachment":[{"href":"https:\/\/dioceseteixeiradefreitas.com.br\/index.php?rest_route=%2Fwp%2Fv2%2Fmedia&parent=23264"}],"wp:term":[{"taxonomy":"category","embeddable":true,"href":"https:\/\/dioceseteixeiradefreitas.com.br\/index.php?rest_route=%2Fwp%2Fv2%2Fcategories&post=23264"},{"taxonomy":"post_tag","embeddable":true,"href":"https:\/\/dioceseteixeiradefreitas.com.br\/index.php?rest_route=%2Fwp%2Fv2%2Ftags&post=23264"}],"curies":[{"name":"wp","href":"https:\/\/api.w.org\/{rel}","templated":true}]}}