{"id":23268,"date":"2024-12-17T15:01:03","date_gmt":"2024-12-17T18:01:03","guid":{"rendered":"https:\/\/dioceseteixeiradefreitas.com.br\/?p=23268"},"modified":"2024-12-17T15:05:47","modified_gmt":"2024-12-17T18:05:47","slug":"hino-oficial-do-jubileu-2025-um-canto-de-esperanca-e-renovacao","status":"publish","type":"post","link":"https:\/\/dioceseteixeiradefreitas.com.br\/?p=23268","title":{"rendered":"Hino Oficial do Jubileu 2025: Um Canto de Esperan\u00e7a e Renova\u00e7\u00e3o"},"content":{"rendered":"\n<figure class=\"wp-block-gallery has-nested-images columns-default is-cropped wp-block-gallery-1 is-layout-flex wp-block-gallery-is-layout-flex\">\n<figure class=\"wp-block-image size-large\"><a href=\"https:\/\/dioceseteixeiradefreitas.com.br\/wp-content\/uploads\/2024\/12\/IMG_4014.png\"><img loading=\"lazy\" decoding=\"async\" width=\"1024\" height=\"1024\" data-id=\"23269\" src=\"https:\/\/dioceseteixeiradefreitas.com.br\/wp-content\/uploads\/2024\/12\/IMG_4014-1024x1024.png\" alt=\"\" class=\"wp-image-23269\" srcset=\"https:\/\/dioceseteixeiradefreitas.com.br\/wp-content\/uploads\/2024\/12\/IMG_4014-1024x1024.png 1024w, https:\/\/dioceseteixeiradefreitas.com.br\/wp-content\/uploads\/2024\/12\/IMG_4014-300x300.png 300w, https:\/\/dioceseteixeiradefreitas.com.br\/wp-content\/uploads\/2024\/12\/IMG_4014-150x150.png 150w, https:\/\/dioceseteixeiradefreitas.com.br\/wp-content\/uploads\/2024\/12\/IMG_4014-768x768.png 768w, https:\/\/dioceseteixeiradefreitas.com.br\/wp-content\/uploads\/2024\/12\/IMG_4014.png 1080w\" sizes=\"auto, (max-width: 1024px) 100vw, 1024px\" \/><\/a><\/figure>\n<\/figure>\n\n\n\n<p>\u00c9 com grande alegria e f\u00e9 que a Diocese apresenta o Hino Oficial do Jubileu 2025, um momento marcante de nossa caminhada crist\u00e3 rumo \u00e0 celebra\u00e7\u00e3o da luz de Cristo que guia os nossos passos. O hino, entoado com as palavras \u201cChama viva da minha esperan\u00e7a, este canto suba para Ti!\u201d, nos convida a renovar nossa esperan\u00e7a e a nos unir em uma ora\u00e7\u00e3o de confian\u00e7a no futuro prometido por Jesus.<\/p>\n\n\n\n<p>Em cada verso, somos chamados a refletir sobre a for\u00e7a que a Palavra de Deus oferece a todos os povos, independente de l\u00edngua ou na\u00e7\u00e3o, para que possamos seguir em frente com f\u00e9 e coragem. \u201cNovos C\u00e9us, Terra feita nova\u201d \u2013 o hino ressoa como um lembrete da promessa de renova\u00e7\u00e3o e reden\u00e7\u00e3o que Jesus nos oferece, e que se reflete na viv\u00eancia do Jubileu.<\/p>\n\n\n\n<p>Este canto nos inspira a preparar nossos cora\u00e7\u00f5es para o grande Jubileu, celebrando a chama viva da f\u00e9 que mant\u00e9m acesa a nossa esperan\u00e7a. Em comunh\u00e3o, vamos seguir firmes no caminho do amor de Deus, encontrando nele a verdadeira vida e transforma\u00e7\u00e3o.<\/p>\n\n\n\n<p>Que o Hino do Jubileu 2025 nos fortale\u00e7a, movendo-nos a uma jornada de f\u00e9 mais profunda e unida, para vivermos com confian\u00e7a e alegria o grande evento que est\u00e1 por vir.<\/p>\n\n\n\n<p>Juntos, com a chama viva da f\u00e9, vamos trilhar o caminho da renova\u00e7\u00e3o e da esperan\u00e7a, com os olhos voltados para a promessa de um futuro novo em Cristo.<\/p>\n\n\n\n<figure class=\"wp-block-image size-large\"><a href=\"https:\/\/dioceseteixeiradefreitas.com.br\/wp-content\/uploads\/2024\/12\/abertura.png\"><img loading=\"lazy\" decoding=\"async\" width=\"1024\" height=\"1024\" src=\"https:\/\/dioceseteixeiradefreitas.com.br\/wp-content\/uploads\/2024\/12\/abertura-1024x1024.png\" alt=\"\" class=\"wp-image-23265\" srcset=\"https:\/\/dioceseteixeiradefreitas.com.br\/wp-content\/uploads\/2024\/12\/abertura-1024x1024.png 1024w, https:\/\/dioceseteixeiradefreitas.com.br\/wp-content\/uploads\/2024\/12\/abertura-300x300.png 300w, https:\/\/dioceseteixeiradefreitas.com.br\/wp-content\/uploads\/2024\/12\/abertura-150x150.png 150w, https:\/\/dioceseteixeiradefreitas.com.br\/wp-content\/uploads\/2024\/12\/abertura-768x768.png 768w, https:\/\/dioceseteixeiradefreitas.com.br\/wp-content\/uploads\/2024\/12\/abertura.png 1080w\" sizes=\"auto, (max-width: 1024px) 100vw, 1024px\" \/><\/a><\/figure>\n\n\n\n<p><strong>Hino Oficial Jubileu 2025 &#8211; Peregrinos De Esperan\u00e7a<\/strong><\/p>\n\n\n\n<p>Texto de Pierangelo Sequeri<\/p>\n\n\n\n<p>Texto vers\u00e3o portuguesa: Ant\u00f3nio Cartageno<\/p>\n\n\n\n<p><strong>Chama viva da minha esperan\u00e7a,<br>este canto suba para Ti!<br>Seio eterno de infinita vida,<br>no caminho eu confio em Ti!<\/strong><\/p>\n\n\n\n<p>Toda a l\u00edngua, povo e na\u00e7\u00e3o<br>tua luz encontra na Palavra.<br>Os teus filhos, fr\u00e1geis e dispersos<br>se re\u00fanem no teu Filho amado.<\/p>\n\n\n\n<p><strong>Chama viva da minha esperan\u00e7a,<br>este canto suba para Ti!<br>Seio eterno de infinita vida,<br>no caminho eu confio em Ti!<\/strong><\/p>\n\n\n\n<p>Deus nos olha, terno e paciente:<br>nasce a aurora de um futuro novo.<br>Novos C\u00e9us, Terra feita nova:<br>passa os muros, \u2018Spirito de vida.<\/p>\n\n\n\n<p><strong>Chama viva da minha esperan\u00e7a,<br>este canto suba para Ti!<br>Seio eterno de infinita vida,<br>no caminho eu confio em Ti!<\/strong><\/p>\n\n\n\n<p>Ergue os olhos, move-te com o vento,<br>n\u00e3o te atrases: chega Deus, no tempo.<br>Jesus Cristo por ti se fez Homem:<br>aos milhares seguem o Caminho.<\/p>\n\n\n\n<p><strong>Chama viva da minha esperan\u00e7a,<br>este canto suba para Ti!<br>Seio eterno de infinita vida,<br>no caminho eu confio em Ti!<\/strong><\/p>\n","protected":false},"excerpt":{"rendered":"<p>\u00c9 com grande alegria e f\u00e9 que a Diocese apresenta o Hino Oficial do Jubileu 2025, um momento marcante de nossa caminhada crist\u00e3 rumo \u00e0 celebra\u00e7\u00e3o da luz de Cristo que guia os nossos passos. O hino, entoado com as palavras \u201cChama viva da minha esperan\u00e7a, este canto suba para Ti!\u201d, nos convida a renovar &hellip;<\/p>\n","protected":false},"author":32,"featured_media":23269,"comment_status":"closed","ping_status":"closed","sticky":false,"template":"","format":"standard","meta":{"footnotes":""},"categories":[1231,100,41],"tags":[],"class_list":["post-23268","post","type-post","status-publish","format-standard","has-post-thumbnail","hentry","category-jubileu-da-esperanca-2025","category-noticias-diocesanas","category-noticias_destaque"],"_links":{"self":[{"href":"https:\/\/dioceseteixeiradefreitas.com.br\/index.php?rest_route=\/wp\/v2\/posts\/23268","targetHints":{"allow":["GET"]}}],"collection":[{"href":"https:\/\/dioceseteixeiradefreitas.com.br\/index.php?rest_route=\/wp\/v2\/posts"}],"about":[{"href":"https:\/\/dioceseteixeiradefreitas.com.br\/index.php?rest_route=\/wp\/v2\/types\/post"}],"author":[{"embeddable":true,"href":"https:\/\/dioceseteixeiradefreitas.com.br\/index.php?rest_route=\/wp\/v2\/users\/32"}],"replies":[{"embeddable":true,"href":"https:\/\/dioceseteixeiradefreitas.com.br\/index.php?rest_route=%2Fwp%2Fv2%2Fcomments&post=23268"}],"version-history":[{"count":2,"href":"https:\/\/dioceseteixeiradefreitas.com.br\/index.php?rest_route=\/wp\/v2\/posts\/23268\/revisions"}],"predecessor-version":[{"id":23272,"href":"https:\/\/dioceseteixeiradefreitas.com.br\/index.php?rest_route=\/wp\/v2\/posts\/23268\/revisions\/23272"}],"wp:featuredmedia":[{"embeddable":true,"href":"https:\/\/dioceseteixeiradefreitas.com.br\/index.php?rest_route=\/wp\/v2\/media\/23269"}],"wp:attachment":[{"href":"https:\/\/dioceseteixeiradefreitas.com.br\/index.php?rest_route=%2Fwp%2Fv2%2Fmedia&parent=23268"}],"wp:term":[{"taxonomy":"category","embeddable":true,"href":"https:\/\/dioceseteixeiradefreitas.com.br\/index.php?rest_route=%2Fwp%2Fv2%2Fcategories&post=23268"},{"taxonomy":"post_tag","embeddable":true,"href":"https:\/\/dioceseteixeiradefreitas.com.br\/index.php?rest_route=%2Fwp%2Fv2%2Ftags&post=23268"}],"curies":[{"name":"wp","href":"https:\/\/api.w.org\/{rel}","templated":true}]}}