{"id":23596,"date":"2024-12-29T23:09:56","date_gmt":"2024-12-30T02:09:56","guid":{"rendered":"https:\/\/dioceseteixeiradefreitas.com.br\/?p=23596"},"modified":"2024-12-29T23:40:57","modified_gmt":"2024-12-30T02:40:57","slug":"abertura-do-jubileu-na-co-catedral-santo-antonio-de-caravelas-uma-jornada-de-fe-e-renovacao","status":"publish","type":"post","link":"https:\/\/dioceseteixeiradefreitas.com.br\/?p=23596","title":{"rendered":"Abertura do Jubileu na Co-Catedral Santo Ant\u00f4nio de Caravelas: Caminhamos como Peregrinos da Esperan\u00e7a."},"content":{"rendered":"\n<figure class=\"wp-block-image size-large\"><a href=\"https:\/\/dioceseteixeiradefreitas.com.br\/wp-content\/uploads\/2024\/12\/IMG_4463-scaled.jpeg\"><img loading=\"lazy\" decoding=\"async\" width=\"768\" height=\"1024\" src=\"https:\/\/dioceseteixeiradefreitas.com.br\/wp-content\/uploads\/2024\/12\/IMG_4463-768x1024.jpeg\" alt=\"\" class=\"wp-image-23597\" srcset=\"https:\/\/dioceseteixeiradefreitas.com.br\/wp-content\/uploads\/2024\/12\/IMG_4463-768x1024.jpeg 768w, https:\/\/dioceseteixeiradefreitas.com.br\/wp-content\/uploads\/2024\/12\/IMG_4463-225x300.jpeg 225w, https:\/\/dioceseteixeiradefreitas.com.br\/wp-content\/uploads\/2024\/12\/IMG_4463-1152x1536.jpeg 1152w, https:\/\/dioceseteixeiradefreitas.com.br\/wp-content\/uploads\/2024\/12\/IMG_4463-1536x2048.jpeg 1536w, https:\/\/dioceseteixeiradefreitas.com.br\/wp-content\/uploads\/2024\/12\/IMG_4463-scaled.jpeg 1920w\" sizes=\"auto, (max-width: 768px) 100vw, 768px\" \/><\/a><\/figure>\n\n\n\n<p>Neste Domingo, 29 de Dezembro de 2024, a Co-Catedral Santo Ant\u00f4nio de Caravelas foi palco de uma celebra\u00e7\u00e3o hist\u00f3rica que tocou o cora\u00e7\u00e3o de fi\u00e9is de toda a regi\u00e3o. A abertura do Jubileu da Esperan\u00e7a, evento que acontece a cada 25 anos, trouxe um forte testemunho de f\u00e9, esperan\u00e7a e uni\u00e3o para a nossa comunidade.<\/p>\n\n\n\n<p>A cerim\u00f4nia teve in\u00edcio na capela de Santa Efig\u00eania, onde padres e fi\u00e9is se reuniram para o rito de abertura. Em seguida, uma caminhada de peregrina\u00e7\u00e3o cheia de significado conduziu os fieis at\u00e9 a Co-Catedral Santo Ant\u00f4nio. L\u00e1, a simbologia tomou conta do momento: as portas da igreja estavam fechadas, simbolizando a espera e o acolhimento da gra\u00e7a divina.<\/p>\n\n\n\n<figure class=\"wp-block-image size-large\"><a href=\"https:\/\/dioceseteixeiradefreitas.com.br\/wp-content\/uploads\/2024\/12\/bf090540-cfac-4d61-9308-775fea801fec.jpeg\"><img loading=\"lazy\" decoding=\"async\" width=\"1024\" height=\"681\" src=\"https:\/\/dioceseteixeiradefreitas.com.br\/wp-content\/uploads\/2024\/12\/bf090540-cfac-4d61-9308-775fea801fec-1024x681.jpeg\" alt=\"\" class=\"wp-image-23634\" srcset=\"https:\/\/dioceseteixeiradefreitas.com.br\/wp-content\/uploads\/2024\/12\/bf090540-cfac-4d61-9308-775fea801fec-1024x681.jpeg 1024w, https:\/\/dioceseteixeiradefreitas.com.br\/wp-content\/uploads\/2024\/12\/bf090540-cfac-4d61-9308-775fea801fec-300x199.jpeg 300w, https:\/\/dioceseteixeiradefreitas.com.br\/wp-content\/uploads\/2024\/12\/bf090540-cfac-4d61-9308-775fea801fec-768x511.jpeg 768w, https:\/\/dioceseteixeiradefreitas.com.br\/wp-content\/uploads\/2024\/12\/bf090540-cfac-4d61-9308-775fea801fec.jpeg 1280w\" sizes=\"auto, (max-width: 1024px) 100vw, 1024px\" \/><\/a><\/figure>\n\n\n\n<p>O momento mais emocionante ocorreu quando o padre que presidiu a Santa Missa abriu a porta principal da Co-Catedral, tomou a cruz e, em prociss\u00e3o, levou-a at\u00e9 o altar. Os fi\u00e9is, tomados de emo\u00e7\u00e3o, entoaram a aclama\u00e7\u00e3o: \u201cSalve, Cruz de Cristo, \u00danica Esperan\u00e7a\u201d. Este gesto, profundamente simb\u00f3lico, marcou o in\u00edcio do Jubileu em nossa comunidade, com a cruz sendo colocada ao lado do altar como sinal de renova\u00e7\u00e3o espiritual.<\/p>\n\n\n\n<p>A celebra\u00e7\u00e3o seguiu com a b\u00ean\u00e7\u00e3o da \u00e1gua, que foi aspergida sobre os fi\u00e9is, simbolizando a purifica\u00e7\u00e3o e a renova\u00e7\u00e3o da f\u00e9. Ap\u00f3s o momento da Liturgia da Palavra, Liturgia Eucar\u00edstica e o rito da Comunh\u00e3o, houve a b\u00ean\u00e7\u00e3o das velas do Jubileu, destinadas \u00e0s comunidades locais, refor\u00e7ando o compromisso de levar a luz de Cristo adiante.<\/p>\n\n\n\n<figure class=\"wp-block-image size-large\"><a href=\"https:\/\/dioceseteixeiradefreitas.com.br\/wp-content\/uploads\/2024\/12\/423de411-4fe0-44e3-957a-1439197f6d45.jpeg\"><img loading=\"lazy\" decoding=\"async\" width=\"768\" height=\"1024\" src=\"https:\/\/dioceseteixeiradefreitas.com.br\/wp-content\/uploads\/2024\/12\/423de411-4fe0-44e3-957a-1439197f6d45-768x1024.jpeg\" alt=\"\" class=\"wp-image-23612\" srcset=\"https:\/\/dioceseteixeiradefreitas.com.br\/wp-content\/uploads\/2024\/12\/423de411-4fe0-44e3-957a-1439197f6d45-768x1024.jpeg 768w, https:\/\/dioceseteixeiradefreitas.com.br\/wp-content\/uploads\/2024\/12\/423de411-4fe0-44e3-957a-1439197f6d45-225x300.jpeg 225w, https:\/\/dioceseteixeiradefreitas.com.br\/wp-content\/uploads\/2024\/12\/423de411-4fe0-44e3-957a-1439197f6d45-1152x1536.jpeg 1152w, https:\/\/dioceseteixeiradefreitas.com.br\/wp-content\/uploads\/2024\/12\/423de411-4fe0-44e3-957a-1439197f6d45.jpeg 1200w\" sizes=\"auto, (max-width: 768px) 100vw, 768px\" \/><\/a><\/figure>\n\n\n\n<p>O Significado do Jubileu<\/p>\n\n\n\n<p>O Jubileu \u00e9 uma das tradi\u00e7\u00f5es mais marcantes da Igreja Cat\u00f3lica, reunindo milh\u00f5es de crist\u00e3os ao redor do mundo. Trata-se de um tempo de gra\u00e7a e reflex\u00e3o, uma oportunidade para renovar a f\u00e9, buscar a reconcilia\u00e7\u00e3o com Deus e estreitar os la\u00e7os com a comunidade.<\/p>\n\n\n\n<p>Hoje, em Caravelas, esse esp\u00edrito de unidade e renova\u00e7\u00e3o ficou evidente. A presen\u00e7a de fi\u00e9is das cidades vizinhas como Alcoba\u00e7a, S\u00e3o Jos\u00e9, Prado e das comunidades de Juerana, Aparaju, Ponta de Areia e Barra refor\u00e7ou o significado universal do Jubileu. Cada passo dado na peregrina\u00e7\u00e3o foi um s\u00edmbolo de f\u00e9 compartilhada, esperan\u00e7a renovada e amor comunit\u00e1rio.<\/p>\n\n\n\n<figure class=\"wp-block-image size-large\"><a href=\"https:\/\/dioceseteixeiradefreitas.com.br\/wp-content\/uploads\/2024\/12\/b79e07ec-856a-40b2-a659-536716f19ec4.jpeg\"><img loading=\"lazy\" decoding=\"async\" width=\"1024\" height=\"681\" src=\"https:\/\/dioceseteixeiradefreitas.com.br\/wp-content\/uploads\/2024\/12\/b79e07ec-856a-40b2-a659-536716f19ec4-1024x681.jpeg\" alt=\"\" class=\"wp-image-23638\" srcset=\"https:\/\/dioceseteixeiradefreitas.com.br\/wp-content\/uploads\/2024\/12\/b79e07ec-856a-40b2-a659-536716f19ec4-1024x681.jpeg 1024w, https:\/\/dioceseteixeiradefreitas.com.br\/wp-content\/uploads\/2024\/12\/b79e07ec-856a-40b2-a659-536716f19ec4-300x199.jpeg 300w, https:\/\/dioceseteixeiradefreitas.com.br\/wp-content\/uploads\/2024\/12\/b79e07ec-856a-40b2-a659-536716f19ec4-768x511.jpeg 768w, https:\/\/dioceseteixeiradefreitas.com.br\/wp-content\/uploads\/2024\/12\/b79e07ec-856a-40b2-a659-536716f19ec4.jpeg 1280w\" sizes=\"auto, (max-width: 1024px) 100vw, 1024px\" \/><\/a><\/figure>\n\n\n\n<p>O Jubileu da Esperan\u00e7a n\u00e3o \u00e9 apenas um marco no calend\u00e1rio da Igreja, mas um chamado para refletir, renovar e caminhar juntos em dire\u00e7\u00e3o a um futuro repleto de esperan\u00e7a. Que esta celebra\u00e7\u00e3o inspire todos n\u00f3s a carregar adiante a luz de Cristo, fazendo-a brilhar em nossas comunidades e no mundo.<\/p>\n\n\n\n<figure class=\"wp-block-gallery has-nested-images columns-default is-cropped wp-block-gallery-1 is-layout-flex wp-block-gallery-is-layout-flex\">\n<figure class=\"wp-block-image size-large\"><a href=\"https:\/\/dioceseteixeiradefreitas.com.br\/wp-content\/uploads\/2024\/12\/b476916f-a71c-44c7-90b8-6c2581b00c69.jpeg\"><img loading=\"lazy\" decoding=\"async\" width=\"1024\" height=\"768\" data-id=\"23616\" src=\"https:\/\/dioceseteixeiradefreitas.com.br\/wp-content\/uploads\/2024\/12\/b476916f-a71c-44c7-90b8-6c2581b00c69-1024x768.jpeg\" alt=\"\" class=\"wp-image-23616\" srcset=\"https:\/\/dioceseteixeiradefreitas.com.br\/wp-content\/uploads\/2024\/12\/b476916f-a71c-44c7-90b8-6c2581b00c69-1024x768.jpeg 1024w, https:\/\/dioceseteixeiradefreitas.com.br\/wp-content\/uploads\/2024\/12\/b476916f-a71c-44c7-90b8-6c2581b00c69-300x225.jpeg 300w, https:\/\/dioceseteixeiradefreitas.com.br\/wp-content\/uploads\/2024\/12\/b476916f-a71c-44c7-90b8-6c2581b00c69-768x576.jpeg 768w, https:\/\/dioceseteixeiradefreitas.com.br\/wp-content\/uploads\/2024\/12\/b476916f-a71c-44c7-90b8-6c2581b00c69-1536x1152.jpeg 1536w, https:\/\/dioceseteixeiradefreitas.com.br\/wp-content\/uploads\/2024\/12\/b476916f-a71c-44c7-90b8-6c2581b00c69.jpeg 1600w\" sizes=\"auto, (max-width: 1024px) 100vw, 1024px\" \/><\/a><\/figure>\n\n\n\n<figure class=\"wp-block-image size-large\"><a href=\"https:\/\/dioceseteixeiradefreitas.com.br\/wp-content\/uploads\/2024\/12\/545758ff-1032-4bfa-b95d-f7146d3bb681.jpeg\"><img loading=\"lazy\" decoding=\"async\" width=\"768\" height=\"1024\" data-id=\"23611\" src=\"https:\/\/dioceseteixeiradefreitas.com.br\/wp-content\/uploads\/2024\/12\/545758ff-1032-4bfa-b95d-f7146d3bb681-768x1024.jpeg\" alt=\"\" class=\"wp-image-23611\" srcset=\"https:\/\/dioceseteixeiradefreitas.com.br\/wp-content\/uploads\/2024\/12\/545758ff-1032-4bfa-b95d-f7146d3bb681-768x1024.jpeg 768w, https:\/\/dioceseteixeiradefreitas.com.br\/wp-content\/uploads\/2024\/12\/545758ff-1032-4bfa-b95d-f7146d3bb681-225x300.jpeg 225w, https:\/\/dioceseteixeiradefreitas.com.br\/wp-content\/uploads\/2024\/12\/545758ff-1032-4bfa-b95d-f7146d3bb681-1152x1536.jpeg 1152w, https:\/\/dioceseteixeiradefreitas.com.br\/wp-content\/uploads\/2024\/12\/545758ff-1032-4bfa-b95d-f7146d3bb681.jpeg 1200w\" sizes=\"auto, (max-width: 768px) 100vw, 768px\" \/><\/a><\/figure>\n\n\n\n<figure class=\"wp-block-image size-large\"><a href=\"https:\/\/dioceseteixeiradefreitas.com.br\/wp-content\/uploads\/2024\/12\/6c8cb57e-9f51-45d0-821d-cffbb7a47373.jpeg\"><img loading=\"lazy\" decoding=\"async\" width=\"1024\" height=\"768\" data-id=\"23609\" src=\"https:\/\/dioceseteixeiradefreitas.com.br\/wp-content\/uploads\/2024\/12\/6c8cb57e-9f51-45d0-821d-cffbb7a47373-1024x768.jpeg\" alt=\"\" class=\"wp-image-23609\" srcset=\"https:\/\/dioceseteixeiradefreitas.com.br\/wp-content\/uploads\/2024\/12\/6c8cb57e-9f51-45d0-821d-cffbb7a47373-1024x768.jpeg 1024w, https:\/\/dioceseteixeiradefreitas.com.br\/wp-content\/uploads\/2024\/12\/6c8cb57e-9f51-45d0-821d-cffbb7a47373-300x225.jpeg 300w, https:\/\/dioceseteixeiradefreitas.com.br\/wp-content\/uploads\/2024\/12\/6c8cb57e-9f51-45d0-821d-cffbb7a47373-768x576.jpeg 768w, https:\/\/dioceseteixeiradefreitas.com.br\/wp-content\/uploads\/2024\/12\/6c8cb57e-9f51-45d0-821d-cffbb7a47373-1536x1152.jpeg 1536w, https:\/\/dioceseteixeiradefreitas.com.br\/wp-content\/uploads\/2024\/12\/6c8cb57e-9f51-45d0-821d-cffbb7a47373.jpeg 1600w\" sizes=\"auto, (max-width: 1024px) 100vw, 1024px\" \/><\/a><\/figure>\n\n\n\n<figure class=\"wp-block-image size-large\"><a href=\"https:\/\/dioceseteixeiradefreitas.com.br\/wp-content\/uploads\/2024\/12\/423de411-4fe0-44e3-957a-1439197f6d45.jpeg\"><img loading=\"lazy\" decoding=\"async\" width=\"768\" height=\"1024\" data-id=\"23612\" src=\"https:\/\/dioceseteixeiradefreitas.com.br\/wp-content\/uploads\/2024\/12\/423de411-4fe0-44e3-957a-1439197f6d45-768x1024.jpeg\" alt=\"\" class=\"wp-image-23612\" srcset=\"https:\/\/dioceseteixeiradefreitas.com.br\/wp-content\/uploads\/2024\/12\/423de411-4fe0-44e3-957a-1439197f6d45-768x1024.jpeg 768w, https:\/\/dioceseteixeiradefreitas.com.br\/wp-content\/uploads\/2024\/12\/423de411-4fe0-44e3-957a-1439197f6d45-225x300.jpeg 225w, https:\/\/dioceseteixeiradefreitas.com.br\/wp-content\/uploads\/2024\/12\/423de411-4fe0-44e3-957a-1439197f6d45-1152x1536.jpeg 1152w, https:\/\/dioceseteixeiradefreitas.com.br\/wp-content\/uploads\/2024\/12\/423de411-4fe0-44e3-957a-1439197f6d45.jpeg 1200w\" sizes=\"auto, (max-width: 768px) 100vw, 768px\" \/><\/a><\/figure>\n\n\n\n<figure class=\"wp-block-image size-large\"><a href=\"https:\/\/dioceseteixeiradefreitas.com.br\/wp-content\/uploads\/2024\/12\/df8657af-4966-461a-be6f-c0966c418939.jpeg\"><img loading=\"lazy\" decoding=\"async\" width=\"768\" height=\"1024\" data-id=\"23613\" src=\"https:\/\/dioceseteixeiradefreitas.com.br\/wp-content\/uploads\/2024\/12\/df8657af-4966-461a-be6f-c0966c418939-768x1024.jpeg\" alt=\"\" class=\"wp-image-23613\" srcset=\"https:\/\/dioceseteixeiradefreitas.com.br\/wp-content\/uploads\/2024\/12\/df8657af-4966-461a-be6f-c0966c418939-768x1024.jpeg 768w, https:\/\/dioceseteixeiradefreitas.com.br\/wp-content\/uploads\/2024\/12\/df8657af-4966-461a-be6f-c0966c418939-225x300.jpeg 225w, https:\/\/dioceseteixeiradefreitas.com.br\/wp-content\/uploads\/2024\/12\/df8657af-4966-461a-be6f-c0966c418939-1152x1536.jpeg 1152w, https:\/\/dioceseteixeiradefreitas.com.br\/wp-content\/uploads\/2024\/12\/df8657af-4966-461a-be6f-c0966c418939.jpeg 1200w\" sizes=\"auto, (max-width: 768px) 100vw, 768px\" \/><\/a><\/figure>\n\n\n\n<figure class=\"wp-block-image size-large\"><a href=\"https:\/\/dioceseteixeiradefreitas.com.br\/wp-content\/uploads\/2024\/12\/0efb11b0-ef0d-4992-b78b-b2658392bb1e.jpeg\"><img loading=\"lazy\" decoding=\"async\" width=\"768\" height=\"1024\" data-id=\"23604\" src=\"https:\/\/dioceseteixeiradefreitas.com.br\/wp-content\/uploads\/2024\/12\/0efb11b0-ef0d-4992-b78b-b2658392bb1e-768x1024.jpeg\" alt=\"\" class=\"wp-image-23604\" srcset=\"https:\/\/dioceseteixeiradefreitas.com.br\/wp-content\/uploads\/2024\/12\/0efb11b0-ef0d-4992-b78b-b2658392bb1e-768x1024.jpeg 768w, https:\/\/dioceseteixeiradefreitas.com.br\/wp-content\/uploads\/2024\/12\/0efb11b0-ef0d-4992-b78b-b2658392bb1e-225x300.jpeg 225w, https:\/\/dioceseteixeiradefreitas.com.br\/wp-content\/uploads\/2024\/12\/0efb11b0-ef0d-4992-b78b-b2658392bb1e-1152x1536.jpeg 1152w, https:\/\/dioceseteixeiradefreitas.com.br\/wp-content\/uploads\/2024\/12\/0efb11b0-ef0d-4992-b78b-b2658392bb1e.jpeg 1200w\" sizes=\"auto, (max-width: 768px) 100vw, 768px\" \/><\/a><\/figure>\n\n\n\n<figure class=\"wp-block-image size-large\"><a href=\"https:\/\/dioceseteixeiradefreitas.com.br\/wp-content\/uploads\/2024\/12\/afa1f646-3835-4787-9a8b-2a8e79b013cd.jpeg\"><img loading=\"lazy\" decoding=\"async\" width=\"768\" height=\"1024\" data-id=\"23617\" src=\"https:\/\/dioceseteixeiradefreitas.com.br\/wp-content\/uploads\/2024\/12\/afa1f646-3835-4787-9a8b-2a8e79b013cd-768x1024.jpeg\" alt=\"\" class=\"wp-image-23617\" srcset=\"https:\/\/dioceseteixeiradefreitas.com.br\/wp-content\/uploads\/2024\/12\/afa1f646-3835-4787-9a8b-2a8e79b013cd-768x1024.jpeg 768w, https:\/\/dioceseteixeiradefreitas.com.br\/wp-content\/uploads\/2024\/12\/afa1f646-3835-4787-9a8b-2a8e79b013cd-225x300.jpeg 225w, https:\/\/dioceseteixeiradefreitas.com.br\/wp-content\/uploads\/2024\/12\/afa1f646-3835-4787-9a8b-2a8e79b013cd-1152x1536.jpeg 1152w, https:\/\/dioceseteixeiradefreitas.com.br\/wp-content\/uploads\/2024\/12\/afa1f646-3835-4787-9a8b-2a8e79b013cd.jpeg 1200w\" sizes=\"auto, (max-width: 768px) 100vw, 768px\" \/><\/a><\/figure>\n\n\n\n<figure class=\"wp-block-image size-large\"><a href=\"https:\/\/dioceseteixeiradefreitas.com.br\/wp-content\/uploads\/2024\/12\/76fe2103-37ed-4fd2-87b5-24e9b8b20787.jpeg\"><img loading=\"lazy\" decoding=\"async\" width=\"768\" height=\"1024\" data-id=\"23615\" src=\"https:\/\/dioceseteixeiradefreitas.com.br\/wp-content\/uploads\/2024\/12\/76fe2103-37ed-4fd2-87b5-24e9b8b20787-768x1024.jpeg\" alt=\"\" class=\"wp-image-23615\" srcset=\"https:\/\/dioceseteixeiradefreitas.com.br\/wp-content\/uploads\/2024\/12\/76fe2103-37ed-4fd2-87b5-24e9b8b20787-768x1024.jpeg 768w, https:\/\/dioceseteixeiradefreitas.com.br\/wp-content\/uploads\/2024\/12\/76fe2103-37ed-4fd2-87b5-24e9b8b20787-225x300.jpeg 225w, https:\/\/dioceseteixeiradefreitas.com.br\/wp-content\/uploads\/2024\/12\/76fe2103-37ed-4fd2-87b5-24e9b8b20787-1152x1536.jpeg 1152w, https:\/\/dioceseteixeiradefreitas.com.br\/wp-content\/uploads\/2024\/12\/76fe2103-37ed-4fd2-87b5-24e9b8b20787.jpeg 1200w\" sizes=\"auto, (max-width: 768px) 100vw, 768px\" \/><\/a><\/figure>\n\n\n\n<figure class=\"wp-block-image size-large\"><a href=\"https:\/\/dioceseteixeiradefreitas.com.br\/wp-content\/uploads\/2024\/12\/f5cb1b8b-10f8-4c1f-8cac-5f6b21850874.jpeg\"><img loading=\"lazy\" decoding=\"async\" width=\"768\" height=\"1024\" data-id=\"23614\" src=\"https:\/\/dioceseteixeiradefreitas.com.br\/wp-content\/uploads\/2024\/12\/f5cb1b8b-10f8-4c1f-8cac-5f6b21850874-768x1024.jpeg\" alt=\"\" class=\"wp-image-23614\" srcset=\"https:\/\/dioceseteixeiradefreitas.com.br\/wp-content\/uploads\/2024\/12\/f5cb1b8b-10f8-4c1f-8cac-5f6b21850874-768x1024.jpeg 768w, https:\/\/dioceseteixeiradefreitas.com.br\/wp-content\/uploads\/2024\/12\/f5cb1b8b-10f8-4c1f-8cac-5f6b21850874-225x300.jpeg 225w, https:\/\/dioceseteixeiradefreitas.com.br\/wp-content\/uploads\/2024\/12\/f5cb1b8b-10f8-4c1f-8cac-5f6b21850874-1152x1536.jpeg 1152w, https:\/\/dioceseteixeiradefreitas.com.br\/wp-content\/uploads\/2024\/12\/f5cb1b8b-10f8-4c1f-8cac-5f6b21850874.jpeg 1200w\" sizes=\"auto, (max-width: 768px) 100vw, 768px\" \/><\/a><\/figure>\n\n\n\n<figure class=\"wp-block-image size-large\"><a href=\"https:\/\/dioceseteixeiradefreitas.com.br\/wp-content\/uploads\/2024\/12\/01fcdef7-2651-49ad-8364-5fc74b56bfaf.jpeg\"><img loading=\"lazy\" decoding=\"async\" width=\"768\" height=\"1024\" data-id=\"23606\" src=\"https:\/\/dioceseteixeiradefreitas.com.br\/wp-content\/uploads\/2024\/12\/01fcdef7-2651-49ad-8364-5fc74b56bfaf-768x1024.jpeg\" alt=\"\" class=\"wp-image-23606\" srcset=\"https:\/\/dioceseteixeiradefreitas.com.br\/wp-content\/uploads\/2024\/12\/01fcdef7-2651-49ad-8364-5fc74b56bfaf-768x1024.jpeg 768w, https:\/\/dioceseteixeiradefreitas.com.br\/wp-content\/uploads\/2024\/12\/01fcdef7-2651-49ad-8364-5fc74b56bfaf-225x300.jpeg 225w, https:\/\/dioceseteixeiradefreitas.com.br\/wp-content\/uploads\/2024\/12\/01fcdef7-2651-49ad-8364-5fc74b56bfaf-1152x1536.jpeg 1152w, https:\/\/dioceseteixeiradefreitas.com.br\/wp-content\/uploads\/2024\/12\/01fcdef7-2651-49ad-8364-5fc74b56bfaf.jpeg 1200w\" sizes=\"auto, (max-width: 768px) 100vw, 768px\" \/><\/a><\/figure>\n\n\n\n<figure class=\"wp-block-image size-large\"><a href=\"https:\/\/dioceseteixeiradefreitas.com.br\/wp-content\/uploads\/2024\/12\/6de33646-e77a-444e-966e-3067bb326f75.jpeg\"><img loading=\"lazy\" decoding=\"async\" width=\"768\" height=\"1024\" data-id=\"23602\" src=\"https:\/\/dioceseteixeiradefreitas.com.br\/wp-content\/uploads\/2024\/12\/6de33646-e77a-444e-966e-3067bb326f75-768x1024.jpeg\" alt=\"\" class=\"wp-image-23602\" srcset=\"https:\/\/dioceseteixeiradefreitas.com.br\/wp-content\/uploads\/2024\/12\/6de33646-e77a-444e-966e-3067bb326f75-768x1024.jpeg 768w, https:\/\/dioceseteixeiradefreitas.com.br\/wp-content\/uploads\/2024\/12\/6de33646-e77a-444e-966e-3067bb326f75-225x300.jpeg 225w, https:\/\/dioceseteixeiradefreitas.com.br\/wp-content\/uploads\/2024\/12\/6de33646-e77a-444e-966e-3067bb326f75-1152x1536.jpeg 1152w, https:\/\/dioceseteixeiradefreitas.com.br\/wp-content\/uploads\/2024\/12\/6de33646-e77a-444e-966e-3067bb326f75.jpeg 1200w\" sizes=\"auto, (max-width: 768px) 100vw, 768px\" \/><\/a><\/figure>\n\n\n\n<figure class=\"wp-block-image size-large\"><a href=\"https:\/\/dioceseteixeiradefreitas.com.br\/wp-content\/uploads\/2024\/12\/eceda251-9fdf-479b-8618-a02ce4d1e78d.jpeg\"><img loading=\"lazy\" decoding=\"async\" width=\"768\" height=\"1024\" data-id=\"23601\" src=\"https:\/\/dioceseteixeiradefreitas.com.br\/wp-content\/uploads\/2024\/12\/eceda251-9fdf-479b-8618-a02ce4d1e78d-768x1024.jpeg\" alt=\"\" class=\"wp-image-23601\" srcset=\"https:\/\/dioceseteixeiradefreitas.com.br\/wp-content\/uploads\/2024\/12\/eceda251-9fdf-479b-8618-a02ce4d1e78d-768x1024.jpeg 768w, https:\/\/dioceseteixeiradefreitas.com.br\/wp-content\/uploads\/2024\/12\/eceda251-9fdf-479b-8618-a02ce4d1e78d-225x300.jpeg 225w, https:\/\/dioceseteixeiradefreitas.com.br\/wp-content\/uploads\/2024\/12\/eceda251-9fdf-479b-8618-a02ce4d1e78d-1152x1536.jpeg 1152w, https:\/\/dioceseteixeiradefreitas.com.br\/wp-content\/uploads\/2024\/12\/eceda251-9fdf-479b-8618-a02ce4d1e78d.jpeg 1200w\" sizes=\"auto, (max-width: 768px) 100vw, 768px\" \/><\/a><\/figure>\n\n\n\n<figure class=\"wp-block-image size-large\"><a href=\"https:\/\/dioceseteixeiradefreitas.com.br\/wp-content\/uploads\/2024\/12\/dea14bc2-2d5e-47af-8245-77cf76909c25.jpeg\"><img loading=\"lazy\" decoding=\"async\" width=\"768\" height=\"1024\" data-id=\"23603\" src=\"https:\/\/dioceseteixeiradefreitas.com.br\/wp-content\/uploads\/2024\/12\/dea14bc2-2d5e-47af-8245-77cf76909c25-768x1024.jpeg\" alt=\"\" class=\"wp-image-23603\" srcset=\"https:\/\/dioceseteixeiradefreitas.com.br\/wp-content\/uploads\/2024\/12\/dea14bc2-2d5e-47af-8245-77cf76909c25-768x1024.jpeg 768w, https:\/\/dioceseteixeiradefreitas.com.br\/wp-content\/uploads\/2024\/12\/dea14bc2-2d5e-47af-8245-77cf76909c25-225x300.jpeg 225w, https:\/\/dioceseteixeiradefreitas.com.br\/wp-content\/uploads\/2024\/12\/dea14bc2-2d5e-47af-8245-77cf76909c25-1152x1536.jpeg 1152w, https:\/\/dioceseteixeiradefreitas.com.br\/wp-content\/uploads\/2024\/12\/dea14bc2-2d5e-47af-8245-77cf76909c25.jpeg 1200w\" sizes=\"auto, (max-width: 768px) 100vw, 768px\" \/><\/a><\/figure>\n\n\n\n<figure class=\"wp-block-image size-large\"><a href=\"https:\/\/dioceseteixeiradefreitas.com.br\/wp-content\/uploads\/2024\/12\/247f1e57-0053-4d37-a91e-5b2894615e86.jpeg\"><img loading=\"lazy\" decoding=\"async\" width=\"768\" height=\"1024\" data-id=\"23605\" src=\"https:\/\/dioceseteixeiradefreitas.com.br\/wp-content\/uploads\/2024\/12\/247f1e57-0053-4d37-a91e-5b2894615e86-768x1024.jpeg\" alt=\"\" class=\"wp-image-23605\" srcset=\"https:\/\/dioceseteixeiradefreitas.com.br\/wp-content\/uploads\/2024\/12\/247f1e57-0053-4d37-a91e-5b2894615e86-768x1024.jpeg 768w, https:\/\/dioceseteixeiradefreitas.com.br\/wp-content\/uploads\/2024\/12\/247f1e57-0053-4d37-a91e-5b2894615e86-225x300.jpeg 225w, https:\/\/dioceseteixeiradefreitas.com.br\/wp-content\/uploads\/2024\/12\/247f1e57-0053-4d37-a91e-5b2894615e86-1152x1536.jpeg 1152w, https:\/\/dioceseteixeiradefreitas.com.br\/wp-content\/uploads\/2024\/12\/247f1e57-0053-4d37-a91e-5b2894615e86.jpeg 1200w\" sizes=\"auto, (max-width: 768px) 100vw, 768px\" \/><\/a><\/figure>\n\n\n\n<figure class=\"wp-block-image size-large\"><a href=\"https:\/\/dioceseteixeiradefreitas.com.br\/wp-content\/uploads\/2024\/12\/959289ee-a670-4907-bceb-3734f88816b8.jpeg\"><img loading=\"lazy\" decoding=\"async\" width=\"768\" height=\"1024\" data-id=\"23607\" src=\"https:\/\/dioceseteixeiradefreitas.com.br\/wp-content\/uploads\/2024\/12\/959289ee-a670-4907-bceb-3734f88816b8-768x1024.jpeg\" alt=\"\" class=\"wp-image-23607\" srcset=\"https:\/\/dioceseteixeiradefreitas.com.br\/wp-content\/uploads\/2024\/12\/959289ee-a670-4907-bceb-3734f88816b8-768x1024.jpeg 768w, https:\/\/dioceseteixeiradefreitas.com.br\/wp-content\/uploads\/2024\/12\/959289ee-a670-4907-bceb-3734f88816b8-225x300.jpeg 225w, https:\/\/dioceseteixeiradefreitas.com.br\/wp-content\/uploads\/2024\/12\/959289ee-a670-4907-bceb-3734f88816b8-1152x1536.jpeg 1152w, https:\/\/dioceseteixeiradefreitas.com.br\/wp-content\/uploads\/2024\/12\/959289ee-a670-4907-bceb-3734f88816b8.jpeg 1200w\" sizes=\"auto, (max-width: 768px) 100vw, 768px\" \/><\/a><\/figure>\n\n\n\n<figure class=\"wp-block-image size-large\"><a href=\"https:\/\/dioceseteixeiradefreitas.com.br\/wp-content\/uploads\/2024\/12\/1466f0d2-3b66-4c66-bbd9-6e7817cafdd7.jpeg\"><img loading=\"lazy\" decoding=\"async\" width=\"768\" height=\"1024\" data-id=\"23608\" src=\"https:\/\/dioceseteixeiradefreitas.com.br\/wp-content\/uploads\/2024\/12\/1466f0d2-3b66-4c66-bbd9-6e7817cafdd7-768x1024.jpeg\" alt=\"\" class=\"wp-image-23608\" srcset=\"https:\/\/dioceseteixeiradefreitas.com.br\/wp-content\/uploads\/2024\/12\/1466f0d2-3b66-4c66-bbd9-6e7817cafdd7-768x1024.jpeg 768w, https:\/\/dioceseteixeiradefreitas.com.br\/wp-content\/uploads\/2024\/12\/1466f0d2-3b66-4c66-bbd9-6e7817cafdd7-225x300.jpeg 225w, https:\/\/dioceseteixeiradefreitas.com.br\/wp-content\/uploads\/2024\/12\/1466f0d2-3b66-4c66-bbd9-6e7817cafdd7-1152x1536.jpeg 1152w, https:\/\/dioceseteixeiradefreitas.com.br\/wp-content\/uploads\/2024\/12\/1466f0d2-3b66-4c66-bbd9-6e7817cafdd7.jpeg 1200w\" sizes=\"auto, (max-width: 768px) 100vw, 768px\" \/><\/a><\/figure>\n\n\n\n<figure class=\"wp-block-image size-large\"><a href=\"https:\/\/dioceseteixeiradefreitas.com.br\/wp-content\/uploads\/2024\/12\/56478aa2-f7d9-48a5-a27c-2971d249ceaa.jpeg\"><img loading=\"lazy\" decoding=\"async\" width=\"768\" height=\"1024\" data-id=\"23610\" src=\"https:\/\/dioceseteixeiradefreitas.com.br\/wp-content\/uploads\/2024\/12\/56478aa2-f7d9-48a5-a27c-2971d249ceaa-768x1024.jpeg\" alt=\"\" class=\"wp-image-23610\" srcset=\"https:\/\/dioceseteixeiradefreitas.com.br\/wp-content\/uploads\/2024\/12\/56478aa2-f7d9-48a5-a27c-2971d249ceaa-768x1024.jpeg 768w, https:\/\/dioceseteixeiradefreitas.com.br\/wp-content\/uploads\/2024\/12\/56478aa2-f7d9-48a5-a27c-2971d249ceaa-225x300.jpeg 225w, https:\/\/dioceseteixeiradefreitas.com.br\/wp-content\/uploads\/2024\/12\/56478aa2-f7d9-48a5-a27c-2971d249ceaa-1152x1536.jpeg 1152w, https:\/\/dioceseteixeiradefreitas.com.br\/wp-content\/uploads\/2024\/12\/56478aa2-f7d9-48a5-a27c-2971d249ceaa.jpeg 1200w\" sizes=\"auto, (max-width: 768px) 100vw, 768px\" \/><\/a><\/figure>\n\n\n\n<figure class=\"wp-block-image size-large\"><a href=\"https:\/\/dioceseteixeiradefreitas.com.br\/wp-content\/uploads\/2024\/12\/IMG_4468-1-scaled.jpeg\"><img loading=\"lazy\" decoding=\"async\" width=\"768\" height=\"1024\" data-id=\"23622\" src=\"https:\/\/dioceseteixeiradefreitas.com.br\/wp-content\/uploads\/2024\/12\/IMG_4468-1-768x1024.jpeg\" alt=\"\" class=\"wp-image-23622\" srcset=\"https:\/\/dioceseteixeiradefreitas.com.br\/wp-content\/uploads\/2024\/12\/IMG_4468-1-768x1024.jpeg 768w, https:\/\/dioceseteixeiradefreitas.com.br\/wp-content\/uploads\/2024\/12\/IMG_4468-1-225x300.jpeg 225w, https:\/\/dioceseteixeiradefreitas.com.br\/wp-content\/uploads\/2024\/12\/IMG_4468-1-1152x1536.jpeg 1152w, https:\/\/dioceseteixeiradefreitas.com.br\/wp-content\/uploads\/2024\/12\/IMG_4468-1-1536x2048.jpeg 1536w, https:\/\/dioceseteixeiradefreitas.com.br\/wp-content\/uploads\/2024\/12\/IMG_4468-1-scaled.jpeg 1920w\" sizes=\"auto, (max-width: 768px) 100vw, 768px\" \/><\/a><\/figure>\n\n\n\n<figure class=\"wp-block-image size-large\"><a href=\"https:\/\/dioceseteixeiradefreitas.com.br\/wp-content\/uploads\/2024\/12\/IMG_4468-2-scaled.jpeg\"><img loading=\"lazy\" decoding=\"async\" width=\"768\" height=\"1024\" data-id=\"23623\" src=\"https:\/\/dioceseteixeiradefreitas.com.br\/wp-content\/uploads\/2024\/12\/IMG_4468-2-768x1024.jpeg\" alt=\"\" class=\"wp-image-23623\" srcset=\"https:\/\/dioceseteixeiradefreitas.com.br\/wp-content\/uploads\/2024\/12\/IMG_4468-2-768x1024.jpeg 768w, https:\/\/dioceseteixeiradefreitas.com.br\/wp-content\/uploads\/2024\/12\/IMG_4468-2-225x300.jpeg 225w, https:\/\/dioceseteixeiradefreitas.com.br\/wp-content\/uploads\/2024\/12\/IMG_4468-2-1152x1536.jpeg 1152w, https:\/\/dioceseteixeiradefreitas.com.br\/wp-content\/uploads\/2024\/12\/IMG_4468-2-1536x2048.jpeg 1536w, https:\/\/dioceseteixeiradefreitas.com.br\/wp-content\/uploads\/2024\/12\/IMG_4468-2-scaled.jpeg 1920w\" sizes=\"auto, (max-width: 768px) 100vw, 768px\" \/><\/a><\/figure>\n\n\n\n<figure class=\"wp-block-image size-large\"><a href=\"https:\/\/dioceseteixeiradefreitas.com.br\/wp-content\/uploads\/2024\/12\/IMG_4465-scaled.jpeg\"><img loading=\"lazy\" decoding=\"async\" width=\"768\" height=\"1024\" data-id=\"23619\" src=\"https:\/\/dioceseteixeiradefreitas.com.br\/wp-content\/uploads\/2024\/12\/IMG_4465-768x1024.jpeg\" alt=\"\" class=\"wp-image-23619\" srcset=\"https:\/\/dioceseteixeiradefreitas.com.br\/wp-content\/uploads\/2024\/12\/IMG_4465-768x1024.jpeg 768w, https:\/\/dioceseteixeiradefreitas.com.br\/wp-content\/uploads\/2024\/12\/IMG_4465-225x300.jpeg 225w, https:\/\/dioceseteixeiradefreitas.com.br\/wp-content\/uploads\/2024\/12\/IMG_4465-1152x1536.jpeg 1152w, https:\/\/dioceseteixeiradefreitas.com.br\/wp-content\/uploads\/2024\/12\/IMG_4465-1536x2048.jpeg 1536w, https:\/\/dioceseteixeiradefreitas.com.br\/wp-content\/uploads\/2024\/12\/IMG_4465-scaled.jpeg 1920w\" sizes=\"auto, (max-width: 768px) 100vw, 768px\" \/><\/a><\/figure>\n\n\n\n<figure class=\"wp-block-image size-large\"><a href=\"https:\/\/dioceseteixeiradefreitas.com.br\/wp-content\/uploads\/2024\/12\/IMG_4466-scaled.jpeg\"><img loading=\"lazy\" decoding=\"async\" width=\"768\" height=\"1024\" data-id=\"23621\" src=\"https:\/\/dioceseteixeiradefreitas.com.br\/wp-content\/uploads\/2024\/12\/IMG_4466-768x1024.jpeg\" alt=\"\" class=\"wp-image-23621\" srcset=\"https:\/\/dioceseteixeiradefreitas.com.br\/wp-content\/uploads\/2024\/12\/IMG_4466-768x1024.jpeg 768w, https:\/\/dioceseteixeiradefreitas.com.br\/wp-content\/uploads\/2024\/12\/IMG_4466-225x300.jpeg 225w, https:\/\/dioceseteixeiradefreitas.com.br\/wp-content\/uploads\/2024\/12\/IMG_4466-1152x1536.jpeg 1152w, https:\/\/dioceseteixeiradefreitas.com.br\/wp-content\/uploads\/2024\/12\/IMG_4466-1536x2048.jpeg 1536w, https:\/\/dioceseteixeiradefreitas.com.br\/wp-content\/uploads\/2024\/12\/IMG_4466-scaled.jpeg 1920w\" sizes=\"auto, (max-width: 768px) 100vw, 768px\" \/><\/a><\/figure>\n\n\n\n<figure class=\"wp-block-image size-large\"><a href=\"https:\/\/dioceseteixeiradefreitas.com.br\/wp-content\/uploads\/2024\/12\/IMG_4467-scaled.jpeg\"><img loading=\"lazy\" decoding=\"async\" width=\"768\" height=\"1024\" data-id=\"23618\" src=\"https:\/\/dioceseteixeiradefreitas.com.br\/wp-content\/uploads\/2024\/12\/IMG_4467-768x1024.jpeg\" alt=\"\" class=\"wp-image-23618\" srcset=\"https:\/\/dioceseteixeiradefreitas.com.br\/wp-content\/uploads\/2024\/12\/IMG_4467-768x1024.jpeg 768w, https:\/\/dioceseteixeiradefreitas.com.br\/wp-content\/uploads\/2024\/12\/IMG_4467-225x300.jpeg 225w, https:\/\/dioceseteixeiradefreitas.com.br\/wp-content\/uploads\/2024\/12\/IMG_4467-1152x1536.jpeg 1152w, https:\/\/dioceseteixeiradefreitas.com.br\/wp-content\/uploads\/2024\/12\/IMG_4467-1536x2048.jpeg 1536w, https:\/\/dioceseteixeiradefreitas.com.br\/wp-content\/uploads\/2024\/12\/IMG_4467-scaled.jpeg 1920w\" sizes=\"auto, (max-width: 768px) 100vw, 768px\" \/><\/a><\/figure>\n\n\n\n<figure class=\"wp-block-image size-large\"><a href=\"https:\/\/dioceseteixeiradefreitas.com.br\/wp-content\/uploads\/2024\/12\/IMG_4462-scaled.jpeg\"><img loading=\"lazy\" decoding=\"async\" width=\"768\" height=\"1024\" data-id=\"23625\" src=\"https:\/\/dioceseteixeiradefreitas.com.br\/wp-content\/uploads\/2024\/12\/IMG_4462-768x1024.jpeg\" alt=\"\" class=\"wp-image-23625\" srcset=\"https:\/\/dioceseteixeiradefreitas.com.br\/wp-content\/uploads\/2024\/12\/IMG_4462-768x1024.jpeg 768w, https:\/\/dioceseteixeiradefreitas.com.br\/wp-content\/uploads\/2024\/12\/IMG_4462-225x300.jpeg 225w, https:\/\/dioceseteixeiradefreitas.com.br\/wp-content\/uploads\/2024\/12\/IMG_4462-1152x1536.jpeg 1152w, https:\/\/dioceseteixeiradefreitas.com.br\/wp-content\/uploads\/2024\/12\/IMG_4462-1536x2048.jpeg 1536w, https:\/\/dioceseteixeiradefreitas.com.br\/wp-content\/uploads\/2024\/12\/IMG_4462-scaled.jpeg 1920w\" sizes=\"auto, (max-width: 768px) 100vw, 768px\" \/><\/a><\/figure>\n\n\n\n<figure class=\"wp-block-image size-large\"><a href=\"https:\/\/dioceseteixeiradefreitas.com.br\/wp-content\/uploads\/2024\/12\/IMG_4463-1-scaled.jpeg\"><img loading=\"lazy\" decoding=\"async\" width=\"768\" height=\"1024\" data-id=\"23624\" src=\"https:\/\/dioceseteixeiradefreitas.com.br\/wp-content\/uploads\/2024\/12\/IMG_4463-1-768x1024.jpeg\" alt=\"\" class=\"wp-image-23624\" srcset=\"https:\/\/dioceseteixeiradefreitas.com.br\/wp-content\/uploads\/2024\/12\/IMG_4463-1-768x1024.jpeg 768w, https:\/\/dioceseteixeiradefreitas.com.br\/wp-content\/uploads\/2024\/12\/IMG_4463-1-225x300.jpeg 225w, https:\/\/dioceseteixeiradefreitas.com.br\/wp-content\/uploads\/2024\/12\/IMG_4463-1-1152x1536.jpeg 1152w, https:\/\/dioceseteixeiradefreitas.com.br\/wp-content\/uploads\/2024\/12\/IMG_4463-1-1536x2048.jpeg 1536w, https:\/\/dioceseteixeiradefreitas.com.br\/wp-content\/uploads\/2024\/12\/IMG_4463-1-scaled.jpeg 1920w\" sizes=\"auto, (max-width: 768px) 100vw, 768px\" \/><\/a><\/figure>\n\n\n\n<figure class=\"wp-block-image size-large\"><a href=\"https:\/\/dioceseteixeiradefreitas.com.br\/wp-content\/uploads\/2024\/12\/IMG_4464-scaled.jpeg\"><img loading=\"lazy\" decoding=\"async\" width=\"768\" height=\"1024\" data-id=\"23620\" src=\"https:\/\/dioceseteixeiradefreitas.com.br\/wp-content\/uploads\/2024\/12\/IMG_4464-768x1024.jpeg\" alt=\"\" class=\"wp-image-23620\" srcset=\"https:\/\/dioceseteixeiradefreitas.com.br\/wp-content\/uploads\/2024\/12\/IMG_4464-768x1024.jpeg 768w, https:\/\/dioceseteixeiradefreitas.com.br\/wp-content\/uploads\/2024\/12\/IMG_4464-225x300.jpeg 225w, https:\/\/dioceseteixeiradefreitas.com.br\/wp-content\/uploads\/2024\/12\/IMG_4464-1152x1536.jpeg 1152w, https:\/\/dioceseteixeiradefreitas.com.br\/wp-content\/uploads\/2024\/12\/IMG_4464-1536x2048.jpeg 1536w, https:\/\/dioceseteixeiradefreitas.com.br\/wp-content\/uploads\/2024\/12\/IMG_4464-scaled.jpeg 1920w\" sizes=\"auto, (max-width: 768px) 100vw, 768px\" \/><\/a><\/figure>\n\n\n\n<figure class=\"wp-block-image size-large\"><a href=\"https:\/\/dioceseteixeiradefreitas.com.br\/wp-content\/uploads\/2024\/12\/bf090540-cfac-4d61-9308-775fea801fec.jpeg\"><img loading=\"lazy\" decoding=\"async\" width=\"1024\" height=\"681\" data-id=\"23634\" src=\"https:\/\/dioceseteixeiradefreitas.com.br\/wp-content\/uploads\/2024\/12\/bf090540-cfac-4d61-9308-775fea801fec-1024x681.jpeg\" alt=\"\" class=\"wp-image-23634\" srcset=\"https:\/\/dioceseteixeiradefreitas.com.br\/wp-content\/uploads\/2024\/12\/bf090540-cfac-4d61-9308-775fea801fec-1024x681.jpeg 1024w, https:\/\/dioceseteixeiradefreitas.com.br\/wp-content\/uploads\/2024\/12\/bf090540-cfac-4d61-9308-775fea801fec-300x199.jpeg 300w, https:\/\/dioceseteixeiradefreitas.com.br\/wp-content\/uploads\/2024\/12\/bf090540-cfac-4d61-9308-775fea801fec-768x511.jpeg 768w, https:\/\/dioceseteixeiradefreitas.com.br\/wp-content\/uploads\/2024\/12\/bf090540-cfac-4d61-9308-775fea801fec.jpeg 1280w\" sizes=\"auto, (max-width: 1024px) 100vw, 1024px\" \/><\/a><\/figure>\n\n\n\n<figure class=\"wp-block-image size-large\"><a href=\"https:\/\/dioceseteixeiradefreitas.com.br\/wp-content\/uploads\/2024\/12\/e5e2699a-b92d-4d1a-974a-ad825b59e6d2.jpeg\"><img loading=\"lazy\" decoding=\"async\" width=\"1024\" height=\"681\" data-id=\"23636\" src=\"https:\/\/dioceseteixeiradefreitas.com.br\/wp-content\/uploads\/2024\/12\/e5e2699a-b92d-4d1a-974a-ad825b59e6d2-1024x681.jpeg\" alt=\"\" class=\"wp-image-23636\" srcset=\"https:\/\/dioceseteixeiradefreitas.com.br\/wp-content\/uploads\/2024\/12\/e5e2699a-b92d-4d1a-974a-ad825b59e6d2-1024x681.jpeg 1024w, https:\/\/dioceseteixeiradefreitas.com.br\/wp-content\/uploads\/2024\/12\/e5e2699a-b92d-4d1a-974a-ad825b59e6d2-300x199.jpeg 300w, https:\/\/dioceseteixeiradefreitas.com.br\/wp-content\/uploads\/2024\/12\/e5e2699a-b92d-4d1a-974a-ad825b59e6d2-768x511.jpeg 768w, https:\/\/dioceseteixeiradefreitas.com.br\/wp-content\/uploads\/2024\/12\/e5e2699a-b92d-4d1a-974a-ad825b59e6d2.jpeg 1280w\" sizes=\"auto, (max-width: 1024px) 100vw, 1024px\" \/><\/a><\/figure>\n<\/figure>\n\n\n\n<figure class=\"wp-block-image size-large\"><a href=\"https:\/\/dioceseteixeiradefreitas.com.br\/wp-content\/uploads\/2024\/12\/badf972e-38f9-4edb-bacf-8b9c472e6a6a.jpeg\"><img loading=\"lazy\" decoding=\"async\" width=\"1024\" height=\"681\" src=\"https:\/\/dioceseteixeiradefreitas.com.br\/wp-content\/uploads\/2024\/12\/badf972e-38f9-4edb-bacf-8b9c472e6a6a-1024x681.jpeg\" alt=\"\" class=\"wp-image-23640\" srcset=\"https:\/\/dioceseteixeiradefreitas.com.br\/wp-content\/uploads\/2024\/12\/badf972e-38f9-4edb-bacf-8b9c472e6a6a-1024x681.jpeg 1024w, https:\/\/dioceseteixeiradefreitas.com.br\/wp-content\/uploads\/2024\/12\/badf972e-38f9-4edb-bacf-8b9c472e6a6a-300x199.jpeg 300w, https:\/\/dioceseteixeiradefreitas.com.br\/wp-content\/uploads\/2024\/12\/badf972e-38f9-4edb-bacf-8b9c472e6a6a-768x511.jpeg 768w, https:\/\/dioceseteixeiradefreitas.com.br\/wp-content\/uploads\/2024\/12\/badf972e-38f9-4edb-bacf-8b9c472e6a6a.jpeg 1280w\" sizes=\"auto, (max-width: 1024px) 100vw, 1024px\" \/><\/a><\/figure>\n\n\n\n<figure class=\"wp-block-image size-large\"><a href=\"https:\/\/dioceseteixeiradefreitas.com.br\/wp-content\/uploads\/2024\/12\/b79e07ec-856a-40b2-a659-536716f19ec4.jpeg\"><img loading=\"lazy\" decoding=\"async\" width=\"1024\" height=\"681\" src=\"https:\/\/dioceseteixeiradefreitas.com.br\/wp-content\/uploads\/2024\/12\/b79e07ec-856a-40b2-a659-536716f19ec4-1024x681.jpeg\" alt=\"\" class=\"wp-image-23638\" srcset=\"https:\/\/dioceseteixeiradefreitas.com.br\/wp-content\/uploads\/2024\/12\/b79e07ec-856a-40b2-a659-536716f19ec4-1024x681.jpeg 1024w, https:\/\/dioceseteixeiradefreitas.com.br\/wp-content\/uploads\/2024\/12\/b79e07ec-856a-40b2-a659-536716f19ec4-300x199.jpeg 300w, https:\/\/dioceseteixeiradefreitas.com.br\/wp-content\/uploads\/2024\/12\/b79e07ec-856a-40b2-a659-536716f19ec4-768x511.jpeg 768w, https:\/\/dioceseteixeiradefreitas.com.br\/wp-content\/uploads\/2024\/12\/b79e07ec-856a-40b2-a659-536716f19ec4.jpeg 1280w\" sizes=\"auto, (max-width: 1024px) 100vw, 1024px\" \/><\/a><\/figure>\n","protected":false},"excerpt":{"rendered":"<p>Neste Domingo, 29 de Dezembro de 2024, a Co-Catedral Santo Ant\u00f4nio de Caravelas foi palco de uma celebra\u00e7\u00e3o hist\u00f3rica que tocou o cora\u00e7\u00e3o de fi\u00e9is de toda a regi\u00e3o. A abertura do Jubileu da Esperan\u00e7a, evento que acontece a cada 25 anos, trouxe um forte testemunho de f\u00e9, esperan\u00e7a e uni\u00e3o para a nossa comunidade. &hellip;<\/p>\n","protected":false},"author":32,"featured_media":23624,"comment_status":"closed","ping_status":"closed","sticky":false,"template":"","format":"standard","meta":{"footnotes":""},"categories":[1231,41],"tags":[],"class_list":["post-23596","post","type-post","status-publish","format-standard","has-post-thumbnail","hentry","category-jubileu-da-esperanca-2025","category-noticias_destaque"],"_links":{"self":[{"href":"https:\/\/dioceseteixeiradefreitas.com.br\/index.php?rest_route=\/wp\/v2\/posts\/23596","targetHints":{"allow":["GET"]}}],"collection":[{"href":"https:\/\/dioceseteixeiradefreitas.com.br\/index.php?rest_route=\/wp\/v2\/posts"}],"about":[{"href":"https:\/\/dioceseteixeiradefreitas.com.br\/index.php?rest_route=\/wp\/v2\/types\/post"}],"author":[{"embeddable":true,"href":"https:\/\/dioceseteixeiradefreitas.com.br\/index.php?rest_route=\/wp\/v2\/users\/32"}],"replies":[{"embeddable":true,"href":"https:\/\/dioceseteixeiradefreitas.com.br\/index.php?rest_route=%2Fwp%2Fv2%2Fcomments&post=23596"}],"version-history":[{"count":8,"href":"https:\/\/dioceseteixeiradefreitas.com.br\/index.php?rest_route=\/wp\/v2\/posts\/23596\/revisions"}],"predecessor-version":[{"id":23648,"href":"https:\/\/dioceseteixeiradefreitas.com.br\/index.php?rest_route=\/wp\/v2\/posts\/23596\/revisions\/23648"}],"wp:featuredmedia":[{"embeddable":true,"href":"https:\/\/dioceseteixeiradefreitas.com.br\/index.php?rest_route=\/wp\/v2\/media\/23624"}],"wp:attachment":[{"href":"https:\/\/dioceseteixeiradefreitas.com.br\/index.php?rest_route=%2Fwp%2Fv2%2Fmedia&parent=23596"}],"wp:term":[{"taxonomy":"category","embeddable":true,"href":"https:\/\/dioceseteixeiradefreitas.com.br\/index.php?rest_route=%2Fwp%2Fv2%2Fcategories&post=23596"},{"taxonomy":"post_tag","embeddable":true,"href":"https:\/\/dioceseteixeiradefreitas.com.br\/index.php?rest_route=%2Fwp%2Fv2%2Ftags&post=23596"}],"curies":[{"name":"wp","href":"https:\/\/api.w.org\/{rel}","templated":true}]}}