{"id":23649,"date":"2024-12-30T18:02:59","date_gmt":"2024-12-30T21:02:59","guid":{"rendered":"https:\/\/dioceseteixeiradefreitas.com.br\/?p=23649"},"modified":"2025-01-01T13:14:57","modified_gmt":"2025-01-01T16:14:57","slug":"diocese-de-teixeira-de-freitas-caravelas-inicia-o-jubileu-peregrinos-da-esperanca","status":"publish","type":"post","link":"https:\/\/dioceseteixeiradefreitas.com.br\/?p=23649","title":{"rendered":"DIOCESE DE TEIXEIRA DE FREITAS-CARAVELAS INICIA O JUBILEU PEREGRINOS DA ESPERAN\u00c7A"},"content":{"rendered":"\n<figure class=\"wp-block-image size-large\"><a href=\"https:\/\/dioceseteixeiradefreitas.com.br\/wp-content\/uploads\/2024\/12\/59de9858-160c-433e-9357-ae2ed2e9bdec.jpeg\"><img loading=\"lazy\" decoding=\"async\" width=\"1024\" height=\"682\" src=\"https:\/\/dioceseteixeiradefreitas.com.br\/wp-content\/uploads\/2024\/12\/59de9858-160c-433e-9357-ae2ed2e9bdec-1024x682.jpeg\" alt=\"\" class=\"wp-image-23650\" srcset=\"https:\/\/dioceseteixeiradefreitas.com.br\/wp-content\/uploads\/2024\/12\/59de9858-160c-433e-9357-ae2ed2e9bdec-1024x682.jpeg 1024w, https:\/\/dioceseteixeiradefreitas.com.br\/wp-content\/uploads\/2024\/12\/59de9858-160c-433e-9357-ae2ed2e9bdec-300x200.jpeg 300w, https:\/\/dioceseteixeiradefreitas.com.br\/wp-content\/uploads\/2024\/12\/59de9858-160c-433e-9357-ae2ed2e9bdec-768x512.jpeg 768w, https:\/\/dioceseteixeiradefreitas.com.br\/wp-content\/uploads\/2024\/12\/59de9858-160c-433e-9357-ae2ed2e9bdec-1536x1023.jpeg 1536w, https:\/\/dioceseteixeiradefreitas.com.br\/wp-content\/uploads\/2024\/12\/59de9858-160c-433e-9357-ae2ed2e9bdec.jpeg 1600w\" sizes=\"auto, (max-width: 1024px) 100vw, 1024px\" \/><\/a><\/figure>\n\n\n\n<p><br>Neste domingo, 29 de dezembro, a Diocese de Teixeira de Freitas-Caravelas celebrou um momento marcante em comunh\u00e3o com a Igreja universal: a abertura do Jubileu Peregrinos da Esperan\u00e7a, convocado pelo Papa Francisco. A celebra\u00e7\u00e3o aconteceu em dois momentos distintos, mobilizando os fi\u00e9is nas foranias Santo Ant\u00f4nio, em Caravelas, e S\u00e3o Pedro, em Teixeira de Freitas.<\/p>\n\n\n\n<p>CELEBRA\u00c7\u00d5ES EM CARAVELAS<br>Em Caravelas, a concentra\u00e7\u00e3o teve in\u00edcio \u00e0s 08h30 na Igreja de Santa Efig\u00eania, de onde os fi\u00e9is seguiram em peregrina\u00e7\u00e3o at\u00e9 a Co-Catedral Santo Ant\u00f4nio. Na chegada, \u00e0s 09h, foi celebrada a Santa Missa, reunindo a comunidade local em ora\u00e7\u00e3o e reflex\u00e3o sobre o significado deste ano jubilar.<\/p>\n\n\n\n<p>ABERTURA EM TEIXEIRA DE FREITAS<br>No per\u00edodo da tarde, \u00e0s 17h, a Par\u00f3quia S\u00e3o Pedro, em Teixeira de Freitas, recebeu os fi\u00e9is para o rito de abertura do Jubileu, presidido pelo bispo da diocese, Dom Jailton de Oliveira Lino. Ap\u00f3s o rito, os participantes seguiram em caminhada at\u00e9 a Catedral S\u00e3o Pedro, onde Dom Jailton presidiu a Santa Missa, concelebrada pelos padres da diocese.<\/p>\n\n\n\n<figure class=\"wp-block-image size-large\"><a href=\"https:\/\/dioceseteixeiradefreitas.com.br\/wp-content\/uploads\/2024\/12\/270aa68a-54e6-4772-9d2c-1a50733d3266.jpeg\"><img loading=\"lazy\" decoding=\"async\" width=\"1024\" height=\"682\" src=\"https:\/\/dioceseteixeiradefreitas.com.br\/wp-content\/uploads\/2024\/12\/270aa68a-54e6-4772-9d2c-1a50733d3266-1024x682.jpeg\" alt=\"\" class=\"wp-image-23652\" srcset=\"https:\/\/dioceseteixeiradefreitas.com.br\/wp-content\/uploads\/2024\/12\/270aa68a-54e6-4772-9d2c-1a50733d3266-1024x682.jpeg 1024w, https:\/\/dioceseteixeiradefreitas.com.br\/wp-content\/uploads\/2024\/12\/270aa68a-54e6-4772-9d2c-1a50733d3266-300x200.jpeg 300w, https:\/\/dioceseteixeiradefreitas.com.br\/wp-content\/uploads\/2024\/12\/270aa68a-54e6-4772-9d2c-1a50733d3266-768x512.jpeg 768w, https:\/\/dioceseteixeiradefreitas.com.br\/wp-content\/uploads\/2024\/12\/270aa68a-54e6-4772-9d2c-1a50733d3266-1536x1023.jpeg 1536w, https:\/\/dioceseteixeiradefreitas.com.br\/wp-content\/uploads\/2024\/12\/270aa68a-54e6-4772-9d2c-1a50733d3266.jpeg 1600w\" sizes=\"auto, (max-width: 1024px) 100vw, 1024px\" \/><\/a><\/figure>\n\n\n\n<p>MENSAGEM DE ESPERAN\u00c7A<br>Durante a homilia, Dom Jailton destacou o significado profundo do Jubileu. \u201cO jubileu \u00e9 uma oportunidade de deixar para tr\u00e1s tudo aquilo que nos aprisiona, ressentimentos, divis\u00f5es internas e externas, medos, e \u00e9 um convite muito contundente a recome\u00e7ar um novo ano, com novo entusiasmo, com nova disposi\u00e7\u00e3o,\u201d afirmou. Ele tamb\u00e9m refor\u00e7ou o chamado para que todos sejam \u201cperegrinos da esperan\u00e7a\u201d: \u201cCaminhar com coragem mesmo quando a estrada parece \u00e1rdua, mesmo quando somos incompreendidos ou sofremos a dor do abandono. Ele est\u00e1 conosco, e eu quero caminhar na esperan\u00e7a Dele.\u201d<\/p>\n\n\n\n<figure class=\"wp-block-image size-large\"><a href=\"https:\/\/dioceseteixeiradefreitas.com.br\/wp-content\/uploads\/2024\/12\/e7d42258-9c6c-4b96-96ec-c411f413714e.jpeg\"><img loading=\"lazy\" decoding=\"async\" width=\"1024\" height=\"682\" src=\"https:\/\/dioceseteixeiradefreitas.com.br\/wp-content\/uploads\/2024\/12\/e7d42258-9c6c-4b96-96ec-c411f413714e-1024x682.jpeg\" alt=\"\" class=\"wp-image-23651\" srcset=\"https:\/\/dioceseteixeiradefreitas.com.br\/wp-content\/uploads\/2024\/12\/e7d42258-9c6c-4b96-96ec-c411f413714e-1024x682.jpeg 1024w, https:\/\/dioceseteixeiradefreitas.com.br\/wp-content\/uploads\/2024\/12\/e7d42258-9c6c-4b96-96ec-c411f413714e-300x200.jpeg 300w, https:\/\/dioceseteixeiradefreitas.com.br\/wp-content\/uploads\/2024\/12\/e7d42258-9c6c-4b96-96ec-c411f413714e-768x512.jpeg 768w, https:\/\/dioceseteixeiradefreitas.com.br\/wp-content\/uploads\/2024\/12\/e7d42258-9c6c-4b96-96ec-c411f413714e-1536x1023.jpeg 1536w, https:\/\/dioceseteixeiradefreitas.com.br\/wp-content\/uploads\/2024\/12\/e7d42258-9c6c-4b96-96ec-c411f413714e.jpeg 1600w\" sizes=\"auto, (max-width: 1024px) 100vw, 1024px\" \/><\/a><\/figure>\n\n\n\n<p>LOCAIS DE PEREGRINA\u00c7\u00c3O E INDULG\u00caNCIA PLEN\u00c1RIA<br>Conforme o decreto promulgado por Dom Jailton, dois locais sagrados na diocese foram designados para peregrina\u00e7\u00e3o durante o Jubileu:<\/p>\n\n\n\n<ol class=\"wp-block-list\">\n<li>Catedral S\u00e3o Pedro, em Teixeira de Freitas.<\/li>\n\n\n\n<li>Co-Catedral Santo Ant\u00f4nio, em Caravelas.<br>Os fi\u00e9is que visitarem esses locais, participarem de celebra\u00e7\u00f5es lit\u00fargicas e cumprirem as condi\u00e7\u00f5es estabelecidas pela Igreja \u2013 confiss\u00e3o sacramental, comunh\u00e3o eucar\u00edstica e ora\u00e7\u00e3o pelas inten\u00e7\u00f5es do Santo Padre \u2013 poder\u00e3o obter a indulg\u00eancia plen\u00e1ria. Esta gra\u00e7a tamb\u00e9m pode ser aplicada \u00e0s almas do purgat\u00f3rio.<\/li>\n<\/ol>\n\n\n\n<p>CONTEXTO HIST\u00d3RICO DO JUBILEU<br>De acordo com a tradi\u00e7\u00e3o da Igreja, os jubileus ordin\u00e1rios s\u00e3o convocados a cada 25 anos para celebrar a Encarna\u00e7\u00e3o de Nosso Senhor Jesus Cristo. O \u00faltimo Jubileu Ordin\u00e1rio ocorreu no ano 2000, sob a orienta\u00e7\u00e3o do Papa S\u00e3o Jo\u00e3o Paulo II, marcando a entrada no novo mil\u00eanio. O Jubileu da Esperan\u00e7a, em 2025, proporcionar\u00e1 um ano inteiro de peregrina\u00e7\u00f5es, celebra\u00e7\u00f5es sacramentais e oportunidades de crescimento espiritual.<\/p>\n\n\n\n<figure class=\"wp-block-image size-large\"><a href=\"https:\/\/dioceseteixeiradefreitas.com.br\/wp-content\/uploads\/2024\/12\/5c9ffe3a-4a95-4c5d-849e-2d9cc60d483b.jpeg\"><img loading=\"lazy\" decoding=\"async\" width=\"1024\" height=\"684\" src=\"https:\/\/dioceseteixeiradefreitas.com.br\/wp-content\/uploads\/2024\/12\/5c9ffe3a-4a95-4c5d-849e-2d9cc60d483b-1024x684.jpeg\" alt=\"\" class=\"wp-image-23653\" srcset=\"https:\/\/dioceseteixeiradefreitas.com.br\/wp-content\/uploads\/2024\/12\/5c9ffe3a-4a95-4c5d-849e-2d9cc60d483b-1024x684.jpeg 1024w, https:\/\/dioceseteixeiradefreitas.com.br\/wp-content\/uploads\/2024\/12\/5c9ffe3a-4a95-4c5d-849e-2d9cc60d483b-300x200.jpeg 300w, https:\/\/dioceseteixeiradefreitas.com.br\/wp-content\/uploads\/2024\/12\/5c9ffe3a-4a95-4c5d-849e-2d9cc60d483b-768x513.jpeg 768w, https:\/\/dioceseteixeiradefreitas.com.br\/wp-content\/uploads\/2024\/12\/5c9ffe3a-4a95-4c5d-849e-2d9cc60d483b-1536x1025.jpeg 1536w, https:\/\/dioceseteixeiradefreitas.com.br\/wp-content\/uploads\/2024\/12\/5c9ffe3a-4a95-4c5d-849e-2d9cc60d483b.jpeg 1600w\" sizes=\"auto, (max-width: 1024px) 100vw, 1024px\" \/><\/a><\/figure>\n\n\n\n<p>ABERTURA EM ROMA<br>As celebra\u00e7\u00f5es jubilares tiveram in\u00edcio em Roma, na \u00faltima ter\u00e7a-feira, 24 de dezembro, com a abertura da Porta Santa na Bas\u00edlica de S\u00e3o Pedro. Nos dias seguintes, outras Portas Santas foram abertas nas bas\u00edlicas de Santa Maria Maior, S\u00e3o Jo\u00e3o do Latr\u00e3o e S\u00e3o Paulo Fora dos Muros. Em um gesto simb\u00f3lico, o Papa Francisco tamb\u00e9m abriu uma Porta Santa em uma penitenci\u00e1ria de Roma.<br>Com este Jubileu, a Diocese de Teixeira de Freitas-Caravelas se une \u00e0 Igreja no mundo inteiro para vivenciar um tempo de gra\u00e7a, reconcilia\u00e7\u00e3o e esperan\u00e7a.<\/p>\n\n\n\n<figure class=\"wp-block-gallery has-nested-images columns-default is-cropped wp-block-gallery-1 is-layout-flex wp-block-gallery-is-layout-flex\">\n<figure class=\"wp-block-image size-large\"><a href=\"https:\/\/dioceseteixeiradefreitas.com.br\/wp-content\/uploads\/2024\/12\/51dfa3b5-7328-4111-87e1-77580fc4ed27.jpeg\"><img loading=\"lazy\" decoding=\"async\" width=\"1024\" height=\"682\" data-id=\"23664\" src=\"https:\/\/dioceseteixeiradefreitas.com.br\/wp-content\/uploads\/2024\/12\/51dfa3b5-7328-4111-87e1-77580fc4ed27-1024x682.jpeg\" alt=\"\" class=\"wp-image-23664\" srcset=\"https:\/\/dioceseteixeiradefreitas.com.br\/wp-content\/uploads\/2024\/12\/51dfa3b5-7328-4111-87e1-77580fc4ed27-1024x682.jpeg 1024w, https:\/\/dioceseteixeiradefreitas.com.br\/wp-content\/uploads\/2024\/12\/51dfa3b5-7328-4111-87e1-77580fc4ed27-300x200.jpeg 300w, https:\/\/dioceseteixeiradefreitas.com.br\/wp-content\/uploads\/2024\/12\/51dfa3b5-7328-4111-87e1-77580fc4ed27-768x512.jpeg 768w, https:\/\/dioceseteixeiradefreitas.com.br\/wp-content\/uploads\/2024\/12\/51dfa3b5-7328-4111-87e1-77580fc4ed27-1536x1023.jpeg 1536w, https:\/\/dioceseteixeiradefreitas.com.br\/wp-content\/uploads\/2024\/12\/51dfa3b5-7328-4111-87e1-77580fc4ed27.jpeg 1600w\" sizes=\"auto, (max-width: 1024px) 100vw, 1024px\" \/><\/a><\/figure>\n\n\n\n<figure class=\"wp-block-image size-large\"><a href=\"https:\/\/dioceseteixeiradefreitas.com.br\/wp-content\/uploads\/2024\/12\/8e2b2476-a54f-4a09-8e25-fe0b8da8463f.jpeg\"><img loading=\"lazy\" decoding=\"async\" width=\"1024\" height=\"682\" data-id=\"23697\" src=\"https:\/\/dioceseteixeiradefreitas.com.br\/wp-content\/uploads\/2024\/12\/8e2b2476-a54f-4a09-8e25-fe0b8da8463f-1024x682.jpeg\" alt=\"\" class=\"wp-image-23697\" srcset=\"https:\/\/dioceseteixeiradefreitas.com.br\/wp-content\/uploads\/2024\/12\/8e2b2476-a54f-4a09-8e25-fe0b8da8463f-1024x682.jpeg 1024w, https:\/\/dioceseteixeiradefreitas.com.br\/wp-content\/uploads\/2024\/12\/8e2b2476-a54f-4a09-8e25-fe0b8da8463f-300x200.jpeg 300w, https:\/\/dioceseteixeiradefreitas.com.br\/wp-content\/uploads\/2024\/12\/8e2b2476-a54f-4a09-8e25-fe0b8da8463f-768x512.jpeg 768w, https:\/\/dioceseteixeiradefreitas.com.br\/wp-content\/uploads\/2024\/12\/8e2b2476-a54f-4a09-8e25-fe0b8da8463f-1536x1023.jpeg 1536w, https:\/\/dioceseteixeiradefreitas.com.br\/wp-content\/uploads\/2024\/12\/8e2b2476-a54f-4a09-8e25-fe0b8da8463f.jpeg 1600w\" sizes=\"auto, (max-width: 1024px) 100vw, 1024px\" \/><\/a><\/figure>\n\n\n\n<figure class=\"wp-block-image size-large\"><a href=\"https:\/\/dioceseteixeiradefreitas.com.br\/wp-content\/uploads\/2024\/12\/2be5247a-2ab6-45e4-a4f6-d61a8f4a25f4.jpeg\"><img loading=\"lazy\" decoding=\"async\" width=\"1024\" height=\"682\" data-id=\"23658\" src=\"https:\/\/dioceseteixeiradefreitas.com.br\/wp-content\/uploads\/2024\/12\/2be5247a-2ab6-45e4-a4f6-d61a8f4a25f4-1024x682.jpeg\" alt=\"\" class=\"wp-image-23658\" srcset=\"https:\/\/dioceseteixeiradefreitas.com.br\/wp-content\/uploads\/2024\/12\/2be5247a-2ab6-45e4-a4f6-d61a8f4a25f4-1024x682.jpeg 1024w, https:\/\/dioceseteixeiradefreitas.com.br\/wp-content\/uploads\/2024\/12\/2be5247a-2ab6-45e4-a4f6-d61a8f4a25f4-300x200.jpeg 300w, https:\/\/dioceseteixeiradefreitas.com.br\/wp-content\/uploads\/2024\/12\/2be5247a-2ab6-45e4-a4f6-d61a8f4a25f4-768x512.jpeg 768w, https:\/\/dioceseteixeiradefreitas.com.br\/wp-content\/uploads\/2024\/12\/2be5247a-2ab6-45e4-a4f6-d61a8f4a25f4-1536x1023.jpeg 1536w, https:\/\/dioceseteixeiradefreitas.com.br\/wp-content\/uploads\/2024\/12\/2be5247a-2ab6-45e4-a4f6-d61a8f4a25f4.jpeg 1600w\" sizes=\"auto, (max-width: 1024px) 100vw, 1024px\" \/><\/a><\/figure>\n\n\n\n<figure class=\"wp-block-image size-large\"><a href=\"https:\/\/dioceseteixeiradefreitas.com.br\/wp-content\/uploads\/2024\/12\/8c63851c-059b-43a6-83ed-192f0ceed8e1.jpeg\"><img loading=\"lazy\" decoding=\"async\" width=\"1024\" height=\"682\" data-id=\"23659\" src=\"https:\/\/dioceseteixeiradefreitas.com.br\/wp-content\/uploads\/2024\/12\/8c63851c-059b-43a6-83ed-192f0ceed8e1-1024x682.jpeg\" alt=\"\" class=\"wp-image-23659\" srcset=\"https:\/\/dioceseteixeiradefreitas.com.br\/wp-content\/uploads\/2024\/12\/8c63851c-059b-43a6-83ed-192f0ceed8e1-1024x682.jpeg 1024w, https:\/\/dioceseteixeiradefreitas.com.br\/wp-content\/uploads\/2024\/12\/8c63851c-059b-43a6-83ed-192f0ceed8e1-300x200.jpeg 300w, https:\/\/dioceseteixeiradefreitas.com.br\/wp-content\/uploads\/2024\/12\/8c63851c-059b-43a6-83ed-192f0ceed8e1-768x512.jpeg 768w, https:\/\/dioceseteixeiradefreitas.com.br\/wp-content\/uploads\/2024\/12\/8c63851c-059b-43a6-83ed-192f0ceed8e1-1536x1023.jpeg 1536w, https:\/\/dioceseteixeiradefreitas.com.br\/wp-content\/uploads\/2024\/12\/8c63851c-059b-43a6-83ed-192f0ceed8e1.jpeg 1600w\" sizes=\"auto, (max-width: 1024px) 100vw, 1024px\" \/><\/a><\/figure>\n\n\n\n<figure class=\"wp-block-image size-large\"><a href=\"https:\/\/dioceseteixeiradefreitas.com.br\/wp-content\/uploads\/2024\/12\/59de9858-160c-433e-9357-ae2ed2e9bdec-1.jpeg\"><img loading=\"lazy\" decoding=\"async\" width=\"1024\" height=\"682\" data-id=\"23688\" src=\"https:\/\/dioceseteixeiradefreitas.com.br\/wp-content\/uploads\/2024\/12\/59de9858-160c-433e-9357-ae2ed2e9bdec-1-1024x682.jpeg\" alt=\"\" class=\"wp-image-23688\" srcset=\"https:\/\/dioceseteixeiradefreitas.com.br\/wp-content\/uploads\/2024\/12\/59de9858-160c-433e-9357-ae2ed2e9bdec-1-1024x682.jpeg 1024w, https:\/\/dioceseteixeiradefreitas.com.br\/wp-content\/uploads\/2024\/12\/59de9858-160c-433e-9357-ae2ed2e9bdec-1-300x200.jpeg 300w, https:\/\/dioceseteixeiradefreitas.com.br\/wp-content\/uploads\/2024\/12\/59de9858-160c-433e-9357-ae2ed2e9bdec-1-768x512.jpeg 768w, https:\/\/dioceseteixeiradefreitas.com.br\/wp-content\/uploads\/2024\/12\/59de9858-160c-433e-9357-ae2ed2e9bdec-1-1536x1023.jpeg 1536w, https:\/\/dioceseteixeiradefreitas.com.br\/wp-content\/uploads\/2024\/12\/59de9858-160c-433e-9357-ae2ed2e9bdec-1.jpeg 1600w\" sizes=\"auto, (max-width: 1024px) 100vw, 1024px\" \/><\/a><\/figure>\n\n\n\n<figure class=\"wp-block-image size-large\"><a href=\"https:\/\/dioceseteixeiradefreitas.com.br\/wp-content\/uploads\/2024\/12\/01754be2-f40c-4eb3-9ab3-37077ea0ea24.jpeg\"><img loading=\"lazy\" decoding=\"async\" width=\"1024\" height=\"682\" data-id=\"23677\" src=\"https:\/\/dioceseteixeiradefreitas.com.br\/wp-content\/uploads\/2024\/12\/01754be2-f40c-4eb3-9ab3-37077ea0ea24-1024x682.jpeg\" alt=\"\" class=\"wp-image-23677\" srcset=\"https:\/\/dioceseteixeiradefreitas.com.br\/wp-content\/uploads\/2024\/12\/01754be2-f40c-4eb3-9ab3-37077ea0ea24-1024x682.jpeg 1024w, https:\/\/dioceseteixeiradefreitas.com.br\/wp-content\/uploads\/2024\/12\/01754be2-f40c-4eb3-9ab3-37077ea0ea24-300x200.jpeg 300w, https:\/\/dioceseteixeiradefreitas.com.br\/wp-content\/uploads\/2024\/12\/01754be2-f40c-4eb3-9ab3-37077ea0ea24-768x512.jpeg 768w, https:\/\/dioceseteixeiradefreitas.com.br\/wp-content\/uploads\/2024\/12\/01754be2-f40c-4eb3-9ab3-37077ea0ea24-1536x1023.jpeg 1536w, https:\/\/dioceseteixeiradefreitas.com.br\/wp-content\/uploads\/2024\/12\/01754be2-f40c-4eb3-9ab3-37077ea0ea24.jpeg 1600w\" sizes=\"auto, (max-width: 1024px) 100vw, 1024px\" \/><\/a><\/figure>\n\n\n\n<figure class=\"wp-block-image size-large\"><a href=\"https:\/\/dioceseteixeiradefreitas.com.br\/wp-content\/uploads\/2024\/12\/fb4377b7-b3d4-498c-9663-3fa6452b95da.jpeg\"><img loading=\"lazy\" decoding=\"async\" width=\"1024\" height=\"682\" data-id=\"23690\" src=\"https:\/\/dioceseteixeiradefreitas.com.br\/wp-content\/uploads\/2024\/12\/fb4377b7-b3d4-498c-9663-3fa6452b95da-1024x682.jpeg\" alt=\"\" class=\"wp-image-23690\" srcset=\"https:\/\/dioceseteixeiradefreitas.com.br\/wp-content\/uploads\/2024\/12\/fb4377b7-b3d4-498c-9663-3fa6452b95da-1024x682.jpeg 1024w, https:\/\/dioceseteixeiradefreitas.com.br\/wp-content\/uploads\/2024\/12\/fb4377b7-b3d4-498c-9663-3fa6452b95da-300x200.jpeg 300w, https:\/\/dioceseteixeiradefreitas.com.br\/wp-content\/uploads\/2024\/12\/fb4377b7-b3d4-498c-9663-3fa6452b95da-768x512.jpeg 768w, https:\/\/dioceseteixeiradefreitas.com.br\/wp-content\/uploads\/2024\/12\/fb4377b7-b3d4-498c-9663-3fa6452b95da-1536x1023.jpeg 1536w, https:\/\/dioceseteixeiradefreitas.com.br\/wp-content\/uploads\/2024\/12\/fb4377b7-b3d4-498c-9663-3fa6452b95da.jpeg 1600w\" sizes=\"auto, (max-width: 1024px) 100vw, 1024px\" \/><\/a><\/figure>\n\n\n\n<figure class=\"wp-block-image size-large\"><a href=\"https:\/\/dioceseteixeiradefreitas.com.br\/wp-content\/uploads\/2024\/12\/6e0d37f8-cce8-407a-bb8b-045beb7423d0.jpeg\"><img loading=\"lazy\" decoding=\"async\" width=\"1024\" height=\"682\" data-id=\"23672\" src=\"https:\/\/dioceseteixeiradefreitas.com.br\/wp-content\/uploads\/2024\/12\/6e0d37f8-cce8-407a-bb8b-045beb7423d0-1024x682.jpeg\" alt=\"\" class=\"wp-image-23672\" srcset=\"https:\/\/dioceseteixeiradefreitas.com.br\/wp-content\/uploads\/2024\/12\/6e0d37f8-cce8-407a-bb8b-045beb7423d0-1024x682.jpeg 1024w, https:\/\/dioceseteixeiradefreitas.com.br\/wp-content\/uploads\/2024\/12\/6e0d37f8-cce8-407a-bb8b-045beb7423d0-300x200.jpeg 300w, https:\/\/dioceseteixeiradefreitas.com.br\/wp-content\/uploads\/2024\/12\/6e0d37f8-cce8-407a-bb8b-045beb7423d0-768x512.jpeg 768w, https:\/\/dioceseteixeiradefreitas.com.br\/wp-content\/uploads\/2024\/12\/6e0d37f8-cce8-407a-bb8b-045beb7423d0-1536x1023.jpeg 1536w, https:\/\/dioceseteixeiradefreitas.com.br\/wp-content\/uploads\/2024\/12\/6e0d37f8-cce8-407a-bb8b-045beb7423d0.jpeg 1600w\" sizes=\"auto, (max-width: 1024px) 100vw, 1024px\" \/><\/a><\/figure>\n\n\n\n<figure class=\"wp-block-image size-large\"><a href=\"https:\/\/dioceseteixeiradefreitas.com.br\/wp-content\/uploads\/2024\/12\/a5252b62-1d7c-40b5-84b1-9e36199b0669.jpeg\"><img loading=\"lazy\" decoding=\"async\" width=\"1024\" height=\"682\" data-id=\"23680\" src=\"https:\/\/dioceseteixeiradefreitas.com.br\/wp-content\/uploads\/2024\/12\/a5252b62-1d7c-40b5-84b1-9e36199b0669-1024x682.jpeg\" alt=\"\" class=\"wp-image-23680\" srcset=\"https:\/\/dioceseteixeiradefreitas.com.br\/wp-content\/uploads\/2024\/12\/a5252b62-1d7c-40b5-84b1-9e36199b0669-1024x682.jpeg 1024w, https:\/\/dioceseteixeiradefreitas.com.br\/wp-content\/uploads\/2024\/12\/a5252b62-1d7c-40b5-84b1-9e36199b0669-300x200.jpeg 300w, https:\/\/dioceseteixeiradefreitas.com.br\/wp-content\/uploads\/2024\/12\/a5252b62-1d7c-40b5-84b1-9e36199b0669-768x512.jpeg 768w, https:\/\/dioceseteixeiradefreitas.com.br\/wp-content\/uploads\/2024\/12\/a5252b62-1d7c-40b5-84b1-9e36199b0669-1536x1023.jpeg 1536w, https:\/\/dioceseteixeiradefreitas.com.br\/wp-content\/uploads\/2024\/12\/a5252b62-1d7c-40b5-84b1-9e36199b0669.jpeg 1600w\" sizes=\"auto, (max-width: 1024px) 100vw, 1024px\" \/><\/a><\/figure>\n\n\n\n<figure class=\"wp-block-image size-large\"><a href=\"https:\/\/dioceseteixeiradefreitas.com.br\/wp-content\/uploads\/2024\/12\/a91d825b-56ee-4459-bf07-d13fdc529958.jpeg\"><img loading=\"lazy\" decoding=\"async\" width=\"1024\" height=\"682\" data-id=\"23692\" src=\"https:\/\/dioceseteixeiradefreitas.com.br\/wp-content\/uploads\/2024\/12\/a91d825b-56ee-4459-bf07-d13fdc529958-1024x682.jpeg\" alt=\"\" class=\"wp-image-23692\" srcset=\"https:\/\/dioceseteixeiradefreitas.com.br\/wp-content\/uploads\/2024\/12\/a91d825b-56ee-4459-bf07-d13fdc529958-1024x682.jpeg 1024w, https:\/\/dioceseteixeiradefreitas.com.br\/wp-content\/uploads\/2024\/12\/a91d825b-56ee-4459-bf07-d13fdc529958-300x200.jpeg 300w, https:\/\/dioceseteixeiradefreitas.com.br\/wp-content\/uploads\/2024\/12\/a91d825b-56ee-4459-bf07-d13fdc529958-768x512.jpeg 768w, https:\/\/dioceseteixeiradefreitas.com.br\/wp-content\/uploads\/2024\/12\/a91d825b-56ee-4459-bf07-d13fdc529958-1536x1023.jpeg 1536w, https:\/\/dioceseteixeiradefreitas.com.br\/wp-content\/uploads\/2024\/12\/a91d825b-56ee-4459-bf07-d13fdc529958.jpeg 1600w\" sizes=\"auto, (max-width: 1024px) 100vw, 1024px\" \/><\/a><\/figure>\n\n\n\n<figure class=\"wp-block-image size-large\"><a href=\"https:\/\/dioceseteixeiradefreitas.com.br\/wp-content\/uploads\/2024\/12\/ee359f8c-e340-4ac2-876a-0189456013b3.jpeg\"><img loading=\"lazy\" decoding=\"async\" width=\"1024\" height=\"682\" data-id=\"23661\" src=\"https:\/\/dioceseteixeiradefreitas.com.br\/wp-content\/uploads\/2024\/12\/ee359f8c-e340-4ac2-876a-0189456013b3-1024x682.jpeg\" alt=\"\" class=\"wp-image-23661\" srcset=\"https:\/\/dioceseteixeiradefreitas.com.br\/wp-content\/uploads\/2024\/12\/ee359f8c-e340-4ac2-876a-0189456013b3-1024x682.jpeg 1024w, https:\/\/dioceseteixeiradefreitas.com.br\/wp-content\/uploads\/2024\/12\/ee359f8c-e340-4ac2-876a-0189456013b3-300x200.jpeg 300w, https:\/\/dioceseteixeiradefreitas.com.br\/wp-content\/uploads\/2024\/12\/ee359f8c-e340-4ac2-876a-0189456013b3-768x512.jpeg 768w, https:\/\/dioceseteixeiradefreitas.com.br\/wp-content\/uploads\/2024\/12\/ee359f8c-e340-4ac2-876a-0189456013b3-1536x1023.jpeg 1536w, https:\/\/dioceseteixeiradefreitas.com.br\/wp-content\/uploads\/2024\/12\/ee359f8c-e340-4ac2-876a-0189456013b3.jpeg 1600w\" sizes=\"auto, (max-width: 1024px) 100vw, 1024px\" \/><\/a><\/figure>\n\n\n\n<figure class=\"wp-block-image size-large\"><a href=\"https:\/\/dioceseteixeiradefreitas.com.br\/wp-content\/uploads\/2024\/12\/50128f6f-680e-4492-947a-168893c558a3.jpeg\"><img loading=\"lazy\" decoding=\"async\" width=\"1024\" height=\"682\" data-id=\"23698\" src=\"https:\/\/dioceseteixeiradefreitas.com.br\/wp-content\/uploads\/2024\/12\/50128f6f-680e-4492-947a-168893c558a3-1024x682.jpeg\" alt=\"\" class=\"wp-image-23698\" srcset=\"https:\/\/dioceseteixeiradefreitas.com.br\/wp-content\/uploads\/2024\/12\/50128f6f-680e-4492-947a-168893c558a3-1024x682.jpeg 1024w, https:\/\/dioceseteixeiradefreitas.com.br\/wp-content\/uploads\/2024\/12\/50128f6f-680e-4492-947a-168893c558a3-300x200.jpeg 300w, https:\/\/dioceseteixeiradefreitas.com.br\/wp-content\/uploads\/2024\/12\/50128f6f-680e-4492-947a-168893c558a3-768x512.jpeg 768w, https:\/\/dioceseteixeiradefreitas.com.br\/wp-content\/uploads\/2024\/12\/50128f6f-680e-4492-947a-168893c558a3-1536x1023.jpeg 1536w, https:\/\/dioceseteixeiradefreitas.com.br\/wp-content\/uploads\/2024\/12\/50128f6f-680e-4492-947a-168893c558a3.jpeg 1600w\" sizes=\"auto, (max-width: 1024px) 100vw, 1024px\" \/><\/a><\/figure>\n\n\n\n<figure class=\"wp-block-image size-large\"><a href=\"https:\/\/dioceseteixeiradefreitas.com.br\/wp-content\/uploads\/2024\/12\/c63957c0-4aac-4499-a8a3-0e71e2ac659e.jpeg\"><img loading=\"lazy\" decoding=\"async\" width=\"1024\" height=\"682\" data-id=\"23699\" src=\"https:\/\/dioceseteixeiradefreitas.com.br\/wp-content\/uploads\/2024\/12\/c63957c0-4aac-4499-a8a3-0e71e2ac659e-1024x682.jpeg\" alt=\"\" class=\"wp-image-23699\" srcset=\"https:\/\/dioceseteixeiradefreitas.com.br\/wp-content\/uploads\/2024\/12\/c63957c0-4aac-4499-a8a3-0e71e2ac659e-1024x682.jpeg 1024w, https:\/\/dioceseteixeiradefreitas.com.br\/wp-content\/uploads\/2024\/12\/c63957c0-4aac-4499-a8a3-0e71e2ac659e-300x200.jpeg 300w, https:\/\/dioceseteixeiradefreitas.com.br\/wp-content\/uploads\/2024\/12\/c63957c0-4aac-4499-a8a3-0e71e2ac659e-768x512.jpeg 768w, https:\/\/dioceseteixeiradefreitas.com.br\/wp-content\/uploads\/2024\/12\/c63957c0-4aac-4499-a8a3-0e71e2ac659e-1536x1023.jpeg 1536w, https:\/\/dioceseteixeiradefreitas.com.br\/wp-content\/uploads\/2024\/12\/c63957c0-4aac-4499-a8a3-0e71e2ac659e.jpeg 1600w\" sizes=\"auto, (max-width: 1024px) 100vw, 1024px\" \/><\/a><\/figure>\n\n\n\n<figure class=\"wp-block-image size-large\"><a href=\"https:\/\/dioceseteixeiradefreitas.com.br\/wp-content\/uploads\/2024\/12\/3de693c0-7d2a-42d4-9bb2-6a573b480a13.jpeg\"><img loading=\"lazy\" decoding=\"async\" width=\"1024\" height=\"682\" data-id=\"23687\" src=\"https:\/\/dioceseteixeiradefreitas.com.br\/wp-content\/uploads\/2024\/12\/3de693c0-7d2a-42d4-9bb2-6a573b480a13-1024x682.jpeg\" alt=\"\" class=\"wp-image-23687\" srcset=\"https:\/\/dioceseteixeiradefreitas.com.br\/wp-content\/uploads\/2024\/12\/3de693c0-7d2a-42d4-9bb2-6a573b480a13-1024x682.jpeg 1024w, https:\/\/dioceseteixeiradefreitas.com.br\/wp-content\/uploads\/2024\/12\/3de693c0-7d2a-42d4-9bb2-6a573b480a13-300x200.jpeg 300w, https:\/\/dioceseteixeiradefreitas.com.br\/wp-content\/uploads\/2024\/12\/3de693c0-7d2a-42d4-9bb2-6a573b480a13-768x512.jpeg 768w, https:\/\/dioceseteixeiradefreitas.com.br\/wp-content\/uploads\/2024\/12\/3de693c0-7d2a-42d4-9bb2-6a573b480a13-1536x1023.jpeg 1536w, https:\/\/dioceseteixeiradefreitas.com.br\/wp-content\/uploads\/2024\/12\/3de693c0-7d2a-42d4-9bb2-6a573b480a13.jpeg 1600w\" sizes=\"auto, (max-width: 1024px) 100vw, 1024px\" \/><\/a><\/figure>\n\n\n\n<figure class=\"wp-block-image size-large\"><a href=\"https:\/\/dioceseteixeiradefreitas.com.br\/wp-content\/uploads\/2024\/12\/fd409677-c221-4e59-a22f-0b5846c9f9da.jpeg\"><img loading=\"lazy\" decoding=\"async\" width=\"1024\" height=\"682\" data-id=\"23686\" src=\"https:\/\/dioceseteixeiradefreitas.com.br\/wp-content\/uploads\/2024\/12\/fd409677-c221-4e59-a22f-0b5846c9f9da-1024x682.jpeg\" alt=\"\" class=\"wp-image-23686\" srcset=\"https:\/\/dioceseteixeiradefreitas.com.br\/wp-content\/uploads\/2024\/12\/fd409677-c221-4e59-a22f-0b5846c9f9da-1024x682.jpeg 1024w, https:\/\/dioceseteixeiradefreitas.com.br\/wp-content\/uploads\/2024\/12\/fd409677-c221-4e59-a22f-0b5846c9f9da-300x200.jpeg 300w, https:\/\/dioceseteixeiradefreitas.com.br\/wp-content\/uploads\/2024\/12\/fd409677-c221-4e59-a22f-0b5846c9f9da-768x512.jpeg 768w, https:\/\/dioceseteixeiradefreitas.com.br\/wp-content\/uploads\/2024\/12\/fd409677-c221-4e59-a22f-0b5846c9f9da-1536x1023.jpeg 1536w, https:\/\/dioceseteixeiradefreitas.com.br\/wp-content\/uploads\/2024\/12\/fd409677-c221-4e59-a22f-0b5846c9f9da.jpeg 1600w\" sizes=\"auto, (max-width: 1024px) 100vw, 1024px\" \/><\/a><\/figure>\n\n\n\n<figure class=\"wp-block-image size-large\"><a href=\"https:\/\/dioceseteixeiradefreitas.com.br\/wp-content\/uploads\/2024\/12\/b632d3c0-27fd-4777-b2d9-a9ec9aeef90b.jpeg\"><img loading=\"lazy\" decoding=\"async\" width=\"1024\" height=\"682\" data-id=\"23700\" src=\"https:\/\/dioceseteixeiradefreitas.com.br\/wp-content\/uploads\/2024\/12\/b632d3c0-27fd-4777-b2d9-a9ec9aeef90b-1024x682.jpeg\" alt=\"\" class=\"wp-image-23700\" srcset=\"https:\/\/dioceseteixeiradefreitas.com.br\/wp-content\/uploads\/2024\/12\/b632d3c0-27fd-4777-b2d9-a9ec9aeef90b-1024x682.jpeg 1024w, https:\/\/dioceseteixeiradefreitas.com.br\/wp-content\/uploads\/2024\/12\/b632d3c0-27fd-4777-b2d9-a9ec9aeef90b-300x200.jpeg 300w, https:\/\/dioceseteixeiradefreitas.com.br\/wp-content\/uploads\/2024\/12\/b632d3c0-27fd-4777-b2d9-a9ec9aeef90b-768x512.jpeg 768w, https:\/\/dioceseteixeiradefreitas.com.br\/wp-content\/uploads\/2024\/12\/b632d3c0-27fd-4777-b2d9-a9ec9aeef90b-1536x1023.jpeg 1536w, https:\/\/dioceseteixeiradefreitas.com.br\/wp-content\/uploads\/2024\/12\/b632d3c0-27fd-4777-b2d9-a9ec9aeef90b.jpeg 1600w\" sizes=\"auto, (max-width: 1024px) 100vw, 1024px\" \/><\/a><\/figure>\n\n\n\n<figure class=\"wp-block-image size-large\"><a href=\"https:\/\/dioceseteixeiradefreitas.com.br\/wp-content\/uploads\/2024\/12\/a20dfe5a-cad8-4842-b0d6-5b5cda0e0f19.jpeg\"><img loading=\"lazy\" decoding=\"async\" width=\"1024\" height=\"682\" data-id=\"23689\" src=\"https:\/\/dioceseteixeiradefreitas.com.br\/wp-content\/uploads\/2024\/12\/a20dfe5a-cad8-4842-b0d6-5b5cda0e0f19-1024x682.jpeg\" alt=\"\" class=\"wp-image-23689\" srcset=\"https:\/\/dioceseteixeiradefreitas.com.br\/wp-content\/uploads\/2024\/12\/a20dfe5a-cad8-4842-b0d6-5b5cda0e0f19-1024x682.jpeg 1024w, https:\/\/dioceseteixeiradefreitas.com.br\/wp-content\/uploads\/2024\/12\/a20dfe5a-cad8-4842-b0d6-5b5cda0e0f19-300x200.jpeg 300w, https:\/\/dioceseteixeiradefreitas.com.br\/wp-content\/uploads\/2024\/12\/a20dfe5a-cad8-4842-b0d6-5b5cda0e0f19-768x512.jpeg 768w, https:\/\/dioceseteixeiradefreitas.com.br\/wp-content\/uploads\/2024\/12\/a20dfe5a-cad8-4842-b0d6-5b5cda0e0f19-1536x1023.jpeg 1536w, https:\/\/dioceseteixeiradefreitas.com.br\/wp-content\/uploads\/2024\/12\/a20dfe5a-cad8-4842-b0d6-5b5cda0e0f19.jpeg 1600w\" sizes=\"auto, (max-width: 1024px) 100vw, 1024px\" \/><\/a><\/figure>\n\n\n\n<figure class=\"wp-block-image size-large\"><a href=\"https:\/\/dioceseteixeiradefreitas.com.br\/wp-content\/uploads\/2024\/12\/101d1af0-c8d3-48fd-acbb-a41159666c57.jpeg\"><img loading=\"lazy\" decoding=\"async\" width=\"1024\" height=\"682\" data-id=\"23681\" src=\"https:\/\/dioceseteixeiradefreitas.com.br\/wp-content\/uploads\/2024\/12\/101d1af0-c8d3-48fd-acbb-a41159666c57-1024x682.jpeg\" alt=\"\" class=\"wp-image-23681\" srcset=\"https:\/\/dioceseteixeiradefreitas.com.br\/wp-content\/uploads\/2024\/12\/101d1af0-c8d3-48fd-acbb-a41159666c57-1024x682.jpeg 1024w, https:\/\/dioceseteixeiradefreitas.com.br\/wp-content\/uploads\/2024\/12\/101d1af0-c8d3-48fd-acbb-a41159666c57-300x200.jpeg 300w, https:\/\/dioceseteixeiradefreitas.com.br\/wp-content\/uploads\/2024\/12\/101d1af0-c8d3-48fd-acbb-a41159666c57-768x512.jpeg 768w, https:\/\/dioceseteixeiradefreitas.com.br\/wp-content\/uploads\/2024\/12\/101d1af0-c8d3-48fd-acbb-a41159666c57-1536x1023.jpeg 1536w, https:\/\/dioceseteixeiradefreitas.com.br\/wp-content\/uploads\/2024\/12\/101d1af0-c8d3-48fd-acbb-a41159666c57.jpeg 1600w\" sizes=\"auto, (max-width: 1024px) 100vw, 1024px\" \/><\/a><\/figure>\n\n\n\n<figure class=\"wp-block-image size-large\"><a href=\"https:\/\/dioceseteixeiradefreitas.com.br\/wp-content\/uploads\/2024\/12\/7e81e97f-a6ad-486e-98fb-9fdc56dc4452.jpeg\"><img loading=\"lazy\" decoding=\"async\" width=\"1024\" height=\"682\" data-id=\"23674\" src=\"https:\/\/dioceseteixeiradefreitas.com.br\/wp-content\/uploads\/2024\/12\/7e81e97f-a6ad-486e-98fb-9fdc56dc4452-1024x682.jpeg\" alt=\"\" class=\"wp-image-23674\" srcset=\"https:\/\/dioceseteixeiradefreitas.com.br\/wp-content\/uploads\/2024\/12\/7e81e97f-a6ad-486e-98fb-9fdc56dc4452-1024x682.jpeg 1024w, https:\/\/dioceseteixeiradefreitas.com.br\/wp-content\/uploads\/2024\/12\/7e81e97f-a6ad-486e-98fb-9fdc56dc4452-300x200.jpeg 300w, https:\/\/dioceseteixeiradefreitas.com.br\/wp-content\/uploads\/2024\/12\/7e81e97f-a6ad-486e-98fb-9fdc56dc4452-768x512.jpeg 768w, https:\/\/dioceseteixeiradefreitas.com.br\/wp-content\/uploads\/2024\/12\/7e81e97f-a6ad-486e-98fb-9fdc56dc4452-1536x1023.jpeg 1536w, https:\/\/dioceseteixeiradefreitas.com.br\/wp-content\/uploads\/2024\/12\/7e81e97f-a6ad-486e-98fb-9fdc56dc4452.jpeg 1600w\" sizes=\"auto, (max-width: 1024px) 100vw, 1024px\" \/><\/a><\/figure>\n\n\n\n<figure class=\"wp-block-image size-large\"><a href=\"https:\/\/dioceseteixeiradefreitas.com.br\/wp-content\/uploads\/2024\/12\/e23428d1-0dce-4070-8477-3d30225aa387.jpeg\"><img loading=\"lazy\" decoding=\"async\" width=\"1024\" height=\"682\" data-id=\"23668\" src=\"https:\/\/dioceseteixeiradefreitas.com.br\/wp-content\/uploads\/2024\/12\/e23428d1-0dce-4070-8477-3d30225aa387-1024x682.jpeg\" alt=\"\" class=\"wp-image-23668\" srcset=\"https:\/\/dioceseteixeiradefreitas.com.br\/wp-content\/uploads\/2024\/12\/e23428d1-0dce-4070-8477-3d30225aa387-1024x682.jpeg 1024w, https:\/\/dioceseteixeiradefreitas.com.br\/wp-content\/uploads\/2024\/12\/e23428d1-0dce-4070-8477-3d30225aa387-300x200.jpeg 300w, https:\/\/dioceseteixeiradefreitas.com.br\/wp-content\/uploads\/2024\/12\/e23428d1-0dce-4070-8477-3d30225aa387-768x512.jpeg 768w, https:\/\/dioceseteixeiradefreitas.com.br\/wp-content\/uploads\/2024\/12\/e23428d1-0dce-4070-8477-3d30225aa387-1536x1023.jpeg 1536w, https:\/\/dioceseteixeiradefreitas.com.br\/wp-content\/uploads\/2024\/12\/e23428d1-0dce-4070-8477-3d30225aa387.jpeg 1600w\" sizes=\"auto, (max-width: 1024px) 100vw, 1024px\" \/><\/a><\/figure>\n\n\n\n<figure class=\"wp-block-image size-large\"><a href=\"https:\/\/dioceseteixeiradefreitas.com.br\/wp-content\/uploads\/2024\/12\/d7b1ddda-68a3-41f0-965c-8d95b1c96313.jpeg\"><img loading=\"lazy\" decoding=\"async\" width=\"1024\" height=\"682\" data-id=\"23701\" src=\"https:\/\/dioceseteixeiradefreitas.com.br\/wp-content\/uploads\/2024\/12\/d7b1ddda-68a3-41f0-965c-8d95b1c96313-1024x682.jpeg\" alt=\"\" class=\"wp-image-23701\" srcset=\"https:\/\/dioceseteixeiradefreitas.com.br\/wp-content\/uploads\/2024\/12\/d7b1ddda-68a3-41f0-965c-8d95b1c96313-1024x682.jpeg 1024w, https:\/\/dioceseteixeiradefreitas.com.br\/wp-content\/uploads\/2024\/12\/d7b1ddda-68a3-41f0-965c-8d95b1c96313-300x200.jpeg 300w, https:\/\/dioceseteixeiradefreitas.com.br\/wp-content\/uploads\/2024\/12\/d7b1ddda-68a3-41f0-965c-8d95b1c96313-768x512.jpeg 768w, https:\/\/dioceseteixeiradefreitas.com.br\/wp-content\/uploads\/2024\/12\/d7b1ddda-68a3-41f0-965c-8d95b1c96313-1536x1024.jpeg 1536w, https:\/\/dioceseteixeiradefreitas.com.br\/wp-content\/uploads\/2024\/12\/d7b1ddda-68a3-41f0-965c-8d95b1c96313-2048x1365.jpeg 2048w\" sizes=\"auto, (max-width: 1024px) 100vw, 1024px\" \/><\/a><\/figure>\n\n\n\n<figure class=\"wp-block-image size-large\"><a href=\"https:\/\/dioceseteixeiradefreitas.com.br\/wp-content\/uploads\/2024\/12\/d6090b79-2a87-4005-bc54-a285d569642f.jpeg\"><img loading=\"lazy\" decoding=\"async\" width=\"1024\" height=\"682\" data-id=\"23694\" src=\"https:\/\/dioceseteixeiradefreitas.com.br\/wp-content\/uploads\/2024\/12\/d6090b79-2a87-4005-bc54-a285d569642f-1024x682.jpeg\" alt=\"\" class=\"wp-image-23694\" srcset=\"https:\/\/dioceseteixeiradefreitas.com.br\/wp-content\/uploads\/2024\/12\/d6090b79-2a87-4005-bc54-a285d569642f-1024x682.jpeg 1024w, https:\/\/dioceseteixeiradefreitas.com.br\/wp-content\/uploads\/2024\/12\/d6090b79-2a87-4005-bc54-a285d569642f-300x200.jpeg 300w, https:\/\/dioceseteixeiradefreitas.com.br\/wp-content\/uploads\/2024\/12\/d6090b79-2a87-4005-bc54-a285d569642f-768x512.jpeg 768w, https:\/\/dioceseteixeiradefreitas.com.br\/wp-content\/uploads\/2024\/12\/d6090b79-2a87-4005-bc54-a285d569642f-1536x1023.jpeg 1536w, https:\/\/dioceseteixeiradefreitas.com.br\/wp-content\/uploads\/2024\/12\/d6090b79-2a87-4005-bc54-a285d569642f.jpeg 1600w\" sizes=\"auto, (max-width: 1024px) 100vw, 1024px\" \/><\/a><\/figure>\n\n\n\n<figure class=\"wp-block-image size-large\"><a href=\"https:\/\/dioceseteixeiradefreitas.com.br\/wp-content\/uploads\/2024\/12\/17485493-0fc6-4054-8a18-6a58a4aee7aa.jpeg\"><img loading=\"lazy\" decoding=\"async\" width=\"1024\" height=\"682\" data-id=\"23685\" src=\"https:\/\/dioceseteixeiradefreitas.com.br\/wp-content\/uploads\/2024\/12\/17485493-0fc6-4054-8a18-6a58a4aee7aa-1024x682.jpeg\" alt=\"\" class=\"wp-image-23685\" srcset=\"https:\/\/dioceseteixeiradefreitas.com.br\/wp-content\/uploads\/2024\/12\/17485493-0fc6-4054-8a18-6a58a4aee7aa-1024x682.jpeg 1024w, https:\/\/dioceseteixeiradefreitas.com.br\/wp-content\/uploads\/2024\/12\/17485493-0fc6-4054-8a18-6a58a4aee7aa-300x200.jpeg 300w, https:\/\/dioceseteixeiradefreitas.com.br\/wp-content\/uploads\/2024\/12\/17485493-0fc6-4054-8a18-6a58a4aee7aa-768x512.jpeg 768w, https:\/\/dioceseteixeiradefreitas.com.br\/wp-content\/uploads\/2024\/12\/17485493-0fc6-4054-8a18-6a58a4aee7aa-1536x1023.jpeg 1536w, https:\/\/dioceseteixeiradefreitas.com.br\/wp-content\/uploads\/2024\/12\/17485493-0fc6-4054-8a18-6a58a4aee7aa.jpeg 1600w\" sizes=\"auto, (max-width: 1024px) 100vw, 1024px\" \/><\/a><\/figure>\n\n\n\n<figure class=\"wp-block-image size-large\"><a href=\"https:\/\/dioceseteixeiradefreitas.com.br\/wp-content\/uploads\/2024\/12\/733d4013-2b4a-4a9a-9b0e-d7527b778bf7.jpeg\"><img loading=\"lazy\" decoding=\"async\" width=\"1024\" height=\"682\" data-id=\"23695\" src=\"https:\/\/dioceseteixeiradefreitas.com.br\/wp-content\/uploads\/2024\/12\/733d4013-2b4a-4a9a-9b0e-d7527b778bf7-1024x682.jpeg\" alt=\"\" class=\"wp-image-23695\" srcset=\"https:\/\/dioceseteixeiradefreitas.com.br\/wp-content\/uploads\/2024\/12\/733d4013-2b4a-4a9a-9b0e-d7527b778bf7-1024x682.jpeg 1024w, https:\/\/dioceseteixeiradefreitas.com.br\/wp-content\/uploads\/2024\/12\/733d4013-2b4a-4a9a-9b0e-d7527b778bf7-300x200.jpeg 300w, https:\/\/dioceseteixeiradefreitas.com.br\/wp-content\/uploads\/2024\/12\/733d4013-2b4a-4a9a-9b0e-d7527b778bf7-768x512.jpeg 768w, https:\/\/dioceseteixeiradefreitas.com.br\/wp-content\/uploads\/2024\/12\/733d4013-2b4a-4a9a-9b0e-d7527b778bf7-1536x1023.jpeg 1536w, https:\/\/dioceseteixeiradefreitas.com.br\/wp-content\/uploads\/2024\/12\/733d4013-2b4a-4a9a-9b0e-d7527b778bf7.jpeg 1600w\" sizes=\"auto, (max-width: 1024px) 100vw, 1024px\" \/><\/a><\/figure>\n\n\n\n<figure class=\"wp-block-image size-large\"><a href=\"https:\/\/dioceseteixeiradefreitas.com.br\/wp-content\/uploads\/2024\/12\/11a14280-dc53-463c-b877-0f8f6841eadb.jpeg\"><img loading=\"lazy\" decoding=\"async\" width=\"1024\" height=\"682\" data-id=\"23684\" src=\"https:\/\/dioceseteixeiradefreitas.com.br\/wp-content\/uploads\/2024\/12\/11a14280-dc53-463c-b877-0f8f6841eadb-1024x682.jpeg\" alt=\"\" class=\"wp-image-23684\" srcset=\"https:\/\/dioceseteixeiradefreitas.com.br\/wp-content\/uploads\/2024\/12\/11a14280-dc53-463c-b877-0f8f6841eadb-1024x682.jpeg 1024w, https:\/\/dioceseteixeiradefreitas.com.br\/wp-content\/uploads\/2024\/12\/11a14280-dc53-463c-b877-0f8f6841eadb-300x200.jpeg 300w, https:\/\/dioceseteixeiradefreitas.com.br\/wp-content\/uploads\/2024\/12\/11a14280-dc53-463c-b877-0f8f6841eadb-768x512.jpeg 768w, https:\/\/dioceseteixeiradefreitas.com.br\/wp-content\/uploads\/2024\/12\/11a14280-dc53-463c-b877-0f8f6841eadb-1536x1023.jpeg 1536w, https:\/\/dioceseteixeiradefreitas.com.br\/wp-content\/uploads\/2024\/12\/11a14280-dc53-463c-b877-0f8f6841eadb.jpeg 1600w\" sizes=\"auto, (max-width: 1024px) 100vw, 1024px\" \/><\/a><\/figure>\n\n\n\n<figure class=\"wp-block-image size-large\"><a href=\"https:\/\/dioceseteixeiradefreitas.com.br\/wp-content\/uploads\/2024\/12\/5e4057e3-8bda-4b06-8109-7fd032980982.jpeg\"><img loading=\"lazy\" decoding=\"async\" width=\"1024\" height=\"682\" data-id=\"23679\" src=\"https:\/\/dioceseteixeiradefreitas.com.br\/wp-content\/uploads\/2024\/12\/5e4057e3-8bda-4b06-8109-7fd032980982-1024x682.jpeg\" alt=\"\" class=\"wp-image-23679\" srcset=\"https:\/\/dioceseteixeiradefreitas.com.br\/wp-content\/uploads\/2024\/12\/5e4057e3-8bda-4b06-8109-7fd032980982-1024x682.jpeg 1024w, https:\/\/dioceseteixeiradefreitas.com.br\/wp-content\/uploads\/2024\/12\/5e4057e3-8bda-4b06-8109-7fd032980982-300x200.jpeg 300w, https:\/\/dioceseteixeiradefreitas.com.br\/wp-content\/uploads\/2024\/12\/5e4057e3-8bda-4b06-8109-7fd032980982-768x512.jpeg 768w, https:\/\/dioceseteixeiradefreitas.com.br\/wp-content\/uploads\/2024\/12\/5e4057e3-8bda-4b06-8109-7fd032980982-1536x1023.jpeg 1536w, https:\/\/dioceseteixeiradefreitas.com.br\/wp-content\/uploads\/2024\/12\/5e4057e3-8bda-4b06-8109-7fd032980982.jpeg 1600w\" sizes=\"auto, (max-width: 1024px) 100vw, 1024px\" \/><\/a><\/figure>\n\n\n\n<figure class=\"wp-block-image size-large\"><a href=\"https:\/\/dioceseteixeiradefreitas.com.br\/wp-content\/uploads\/2024\/12\/82214608-5fda-41ce-9d8b-0bdf3c57a312.jpeg\"><img loading=\"lazy\" decoding=\"async\" width=\"1024\" height=\"682\" data-id=\"23678\" src=\"https:\/\/dioceseteixeiradefreitas.com.br\/wp-content\/uploads\/2024\/12\/82214608-5fda-41ce-9d8b-0bdf3c57a312-1024x682.jpeg\" alt=\"\" class=\"wp-image-23678\" srcset=\"https:\/\/dioceseteixeiradefreitas.com.br\/wp-content\/uploads\/2024\/12\/82214608-5fda-41ce-9d8b-0bdf3c57a312-1024x682.jpeg 1024w, https:\/\/dioceseteixeiradefreitas.com.br\/wp-content\/uploads\/2024\/12\/82214608-5fda-41ce-9d8b-0bdf3c57a312-300x200.jpeg 300w, https:\/\/dioceseteixeiradefreitas.com.br\/wp-content\/uploads\/2024\/12\/82214608-5fda-41ce-9d8b-0bdf3c57a312-768x512.jpeg 768w, https:\/\/dioceseteixeiradefreitas.com.br\/wp-content\/uploads\/2024\/12\/82214608-5fda-41ce-9d8b-0bdf3c57a312-1536x1023.jpeg 1536w, https:\/\/dioceseteixeiradefreitas.com.br\/wp-content\/uploads\/2024\/12\/82214608-5fda-41ce-9d8b-0bdf3c57a312.jpeg 1600w\" sizes=\"auto, (max-width: 1024px) 100vw, 1024px\" \/><\/a><\/figure>\n\n\n\n<figure class=\"wp-block-image size-large\"><a href=\"https:\/\/dioceseteixeiradefreitas.com.br\/wp-content\/uploads\/2024\/12\/632fb3b9-5be1-4243-bcf8-8d1dc0e2b931.jpeg\"><img loading=\"lazy\" decoding=\"async\" width=\"1024\" height=\"682\" data-id=\"23667\" src=\"https:\/\/dioceseteixeiradefreitas.com.br\/wp-content\/uploads\/2024\/12\/632fb3b9-5be1-4243-bcf8-8d1dc0e2b931-1024x682.jpeg\" alt=\"\" class=\"wp-image-23667\" srcset=\"https:\/\/dioceseteixeiradefreitas.com.br\/wp-content\/uploads\/2024\/12\/632fb3b9-5be1-4243-bcf8-8d1dc0e2b931-1024x682.jpeg 1024w, https:\/\/dioceseteixeiradefreitas.com.br\/wp-content\/uploads\/2024\/12\/632fb3b9-5be1-4243-bcf8-8d1dc0e2b931-300x200.jpeg 300w, https:\/\/dioceseteixeiradefreitas.com.br\/wp-content\/uploads\/2024\/12\/632fb3b9-5be1-4243-bcf8-8d1dc0e2b931-768x512.jpeg 768w, https:\/\/dioceseteixeiradefreitas.com.br\/wp-content\/uploads\/2024\/12\/632fb3b9-5be1-4243-bcf8-8d1dc0e2b931-1536x1023.jpeg 1536w, https:\/\/dioceseteixeiradefreitas.com.br\/wp-content\/uploads\/2024\/12\/632fb3b9-5be1-4243-bcf8-8d1dc0e2b931.jpeg 1600w\" sizes=\"auto, (max-width: 1024px) 100vw, 1024px\" \/><\/a><\/figure>\n\n\n\n<figure class=\"wp-block-image size-large\"><a href=\"https:\/\/dioceseteixeiradefreitas.com.br\/wp-content\/uploads\/2024\/12\/09ad089c-5d35-49cb-a3ed-4e4552b709e0.jpeg\"><img loading=\"lazy\" decoding=\"async\" width=\"1024\" height=\"682\" data-id=\"23662\" src=\"https:\/\/dioceseteixeiradefreitas.com.br\/wp-content\/uploads\/2024\/12\/09ad089c-5d35-49cb-a3ed-4e4552b709e0-1024x682.jpeg\" alt=\"\" class=\"wp-image-23662\" srcset=\"https:\/\/dioceseteixeiradefreitas.com.br\/wp-content\/uploads\/2024\/12\/09ad089c-5d35-49cb-a3ed-4e4552b709e0-1024x682.jpeg 1024w, https:\/\/dioceseteixeiradefreitas.com.br\/wp-content\/uploads\/2024\/12\/09ad089c-5d35-49cb-a3ed-4e4552b709e0-300x200.jpeg 300w, https:\/\/dioceseteixeiradefreitas.com.br\/wp-content\/uploads\/2024\/12\/09ad089c-5d35-49cb-a3ed-4e4552b709e0-768x512.jpeg 768w, https:\/\/dioceseteixeiradefreitas.com.br\/wp-content\/uploads\/2024\/12\/09ad089c-5d35-49cb-a3ed-4e4552b709e0-1536x1023.jpeg 1536w, https:\/\/dioceseteixeiradefreitas.com.br\/wp-content\/uploads\/2024\/12\/09ad089c-5d35-49cb-a3ed-4e4552b709e0.jpeg 1600w\" sizes=\"auto, (max-width: 1024px) 100vw, 1024px\" \/><\/a><\/figure>\n\n\n\n<figure class=\"wp-block-image size-large\"><a href=\"https:\/\/dioceseteixeiradefreitas.com.br\/wp-content\/uploads\/2024\/12\/415e6ec1-4fa1-4d83-b62a-e596101c9fe0.jpeg\"><img loading=\"lazy\" decoding=\"async\" width=\"1024\" height=\"682\" data-id=\"23656\" src=\"https:\/\/dioceseteixeiradefreitas.com.br\/wp-content\/uploads\/2024\/12\/415e6ec1-4fa1-4d83-b62a-e596101c9fe0-1024x682.jpeg\" alt=\"\" class=\"wp-image-23656\" srcset=\"https:\/\/dioceseteixeiradefreitas.com.br\/wp-content\/uploads\/2024\/12\/415e6ec1-4fa1-4d83-b62a-e596101c9fe0-1024x682.jpeg 1024w, https:\/\/dioceseteixeiradefreitas.com.br\/wp-content\/uploads\/2024\/12\/415e6ec1-4fa1-4d83-b62a-e596101c9fe0-300x200.jpeg 300w, https:\/\/dioceseteixeiradefreitas.com.br\/wp-content\/uploads\/2024\/12\/415e6ec1-4fa1-4d83-b62a-e596101c9fe0-768x512.jpeg 768w, https:\/\/dioceseteixeiradefreitas.com.br\/wp-content\/uploads\/2024\/12\/415e6ec1-4fa1-4d83-b62a-e596101c9fe0-1536x1023.jpeg 1536w, https:\/\/dioceseteixeiradefreitas.com.br\/wp-content\/uploads\/2024\/12\/415e6ec1-4fa1-4d83-b62a-e596101c9fe0.jpeg 1600w\" sizes=\"auto, (max-width: 1024px) 100vw, 1024px\" \/><\/a><\/figure>\n\n\n\n<figure class=\"wp-block-image size-large\"><a href=\"https:\/\/dioceseteixeiradefreitas.com.br\/wp-content\/uploads\/2024\/12\/5ef09c99-1e76-4bd8-a8a1-d3fe05c6cd37.jpeg\"><img loading=\"lazy\" decoding=\"async\" width=\"1024\" height=\"682\" data-id=\"23691\" src=\"https:\/\/dioceseteixeiradefreitas.com.br\/wp-content\/uploads\/2024\/12\/5ef09c99-1e76-4bd8-a8a1-d3fe05c6cd37-1024x682.jpeg\" alt=\"\" class=\"wp-image-23691\" srcset=\"https:\/\/dioceseteixeiradefreitas.com.br\/wp-content\/uploads\/2024\/12\/5ef09c99-1e76-4bd8-a8a1-d3fe05c6cd37-1024x682.jpeg 1024w, https:\/\/dioceseteixeiradefreitas.com.br\/wp-content\/uploads\/2024\/12\/5ef09c99-1e76-4bd8-a8a1-d3fe05c6cd37-300x200.jpeg 300w, https:\/\/dioceseteixeiradefreitas.com.br\/wp-content\/uploads\/2024\/12\/5ef09c99-1e76-4bd8-a8a1-d3fe05c6cd37-768x512.jpeg 768w, https:\/\/dioceseteixeiradefreitas.com.br\/wp-content\/uploads\/2024\/12\/5ef09c99-1e76-4bd8-a8a1-d3fe05c6cd37-1536x1023.jpeg 1536w, https:\/\/dioceseteixeiradefreitas.com.br\/wp-content\/uploads\/2024\/12\/5ef09c99-1e76-4bd8-a8a1-d3fe05c6cd37.jpeg 1600w\" sizes=\"auto, (max-width: 1024px) 100vw, 1024px\" \/><\/a><\/figure>\n\n\n\n<figure class=\"wp-block-image size-large\"><a href=\"https:\/\/dioceseteixeiradefreitas.com.br\/wp-content\/uploads\/2024\/12\/8630d168-ee93-42f6-b931-55ce5342d6a2.jpeg\"><img loading=\"lazy\" decoding=\"async\" width=\"1024\" height=\"682\" data-id=\"23682\" src=\"https:\/\/dioceseteixeiradefreitas.com.br\/wp-content\/uploads\/2024\/12\/8630d168-ee93-42f6-b931-55ce5342d6a2-1024x682.jpeg\" alt=\"\" class=\"wp-image-23682\" srcset=\"https:\/\/dioceseteixeiradefreitas.com.br\/wp-content\/uploads\/2024\/12\/8630d168-ee93-42f6-b931-55ce5342d6a2-1024x682.jpeg 1024w, https:\/\/dioceseteixeiradefreitas.com.br\/wp-content\/uploads\/2024\/12\/8630d168-ee93-42f6-b931-55ce5342d6a2-300x200.jpeg 300w, https:\/\/dioceseteixeiradefreitas.com.br\/wp-content\/uploads\/2024\/12\/8630d168-ee93-42f6-b931-55ce5342d6a2-768x512.jpeg 768w, https:\/\/dioceseteixeiradefreitas.com.br\/wp-content\/uploads\/2024\/12\/8630d168-ee93-42f6-b931-55ce5342d6a2-1536x1023.jpeg 1536w, https:\/\/dioceseteixeiradefreitas.com.br\/wp-content\/uploads\/2024\/12\/8630d168-ee93-42f6-b931-55ce5342d6a2.jpeg 1600w\" sizes=\"auto, (max-width: 1024px) 100vw, 1024px\" \/><\/a><\/figure>\n\n\n\n<figure class=\"wp-block-image size-large\"><a href=\"https:\/\/dioceseteixeiradefreitas.com.br\/wp-content\/uploads\/2024\/12\/17407d80-6493-44d5-bd55-7f8f0c27cd66.jpeg\"><img loading=\"lazy\" decoding=\"async\" width=\"1024\" height=\"682\" data-id=\"23683\" src=\"https:\/\/dioceseteixeiradefreitas.com.br\/wp-content\/uploads\/2024\/12\/17407d80-6493-44d5-bd55-7f8f0c27cd66-1024x682.jpeg\" alt=\"\" class=\"wp-image-23683\" srcset=\"https:\/\/dioceseteixeiradefreitas.com.br\/wp-content\/uploads\/2024\/12\/17407d80-6493-44d5-bd55-7f8f0c27cd66-1024x682.jpeg 1024w, https:\/\/dioceseteixeiradefreitas.com.br\/wp-content\/uploads\/2024\/12\/17407d80-6493-44d5-bd55-7f8f0c27cd66-300x200.jpeg 300w, https:\/\/dioceseteixeiradefreitas.com.br\/wp-content\/uploads\/2024\/12\/17407d80-6493-44d5-bd55-7f8f0c27cd66-768x512.jpeg 768w, https:\/\/dioceseteixeiradefreitas.com.br\/wp-content\/uploads\/2024\/12\/17407d80-6493-44d5-bd55-7f8f0c27cd66-1536x1023.jpeg 1536w, https:\/\/dioceseteixeiradefreitas.com.br\/wp-content\/uploads\/2024\/12\/17407d80-6493-44d5-bd55-7f8f0c27cd66.jpeg 1600w\" sizes=\"auto, (max-width: 1024px) 100vw, 1024px\" \/><\/a><\/figure>\n\n\n\n<figure class=\"wp-block-image size-large\"><a href=\"https:\/\/dioceseteixeiradefreitas.com.br\/wp-content\/uploads\/2024\/12\/a404dc39-0504-4f2c-9dae-5ceef42fd5ef.jpeg\"><img loading=\"lazy\" decoding=\"async\" width=\"1024\" height=\"682\" data-id=\"23675\" src=\"https:\/\/dioceseteixeiradefreitas.com.br\/wp-content\/uploads\/2024\/12\/a404dc39-0504-4f2c-9dae-5ceef42fd5ef-1024x682.jpeg\" alt=\"\" class=\"wp-image-23675\" srcset=\"https:\/\/dioceseteixeiradefreitas.com.br\/wp-content\/uploads\/2024\/12\/a404dc39-0504-4f2c-9dae-5ceef42fd5ef-1024x682.jpeg 1024w, https:\/\/dioceseteixeiradefreitas.com.br\/wp-content\/uploads\/2024\/12\/a404dc39-0504-4f2c-9dae-5ceef42fd5ef-300x200.jpeg 300w, https:\/\/dioceseteixeiradefreitas.com.br\/wp-content\/uploads\/2024\/12\/a404dc39-0504-4f2c-9dae-5ceef42fd5ef-768x512.jpeg 768w, https:\/\/dioceseteixeiradefreitas.com.br\/wp-content\/uploads\/2024\/12\/a404dc39-0504-4f2c-9dae-5ceef42fd5ef-1536x1023.jpeg 1536w, https:\/\/dioceseteixeiradefreitas.com.br\/wp-content\/uploads\/2024\/12\/a404dc39-0504-4f2c-9dae-5ceef42fd5ef.jpeg 1600w\" sizes=\"auto, (max-width: 1024px) 100vw, 1024px\" \/><\/a><\/figure>\n\n\n\n<figure class=\"wp-block-image size-large\"><a href=\"https:\/\/dioceseteixeiradefreitas.com.br\/wp-content\/uploads\/2024\/12\/4b9186a4-dbef-42ee-a54e-bc2c21231da9.jpeg\"><img loading=\"lazy\" decoding=\"async\" width=\"1024\" height=\"682\" data-id=\"23676\" src=\"https:\/\/dioceseteixeiradefreitas.com.br\/wp-content\/uploads\/2024\/12\/4b9186a4-dbef-42ee-a54e-bc2c21231da9-1024x682.jpeg\" alt=\"\" class=\"wp-image-23676\" srcset=\"https:\/\/dioceseteixeiradefreitas.com.br\/wp-content\/uploads\/2024\/12\/4b9186a4-dbef-42ee-a54e-bc2c21231da9-1024x682.jpeg 1024w, https:\/\/dioceseteixeiradefreitas.com.br\/wp-content\/uploads\/2024\/12\/4b9186a4-dbef-42ee-a54e-bc2c21231da9-300x200.jpeg 300w, https:\/\/dioceseteixeiradefreitas.com.br\/wp-content\/uploads\/2024\/12\/4b9186a4-dbef-42ee-a54e-bc2c21231da9-768x512.jpeg 768w, https:\/\/dioceseteixeiradefreitas.com.br\/wp-content\/uploads\/2024\/12\/4b9186a4-dbef-42ee-a54e-bc2c21231da9-1536x1023.jpeg 1536w, https:\/\/dioceseteixeiradefreitas.com.br\/wp-content\/uploads\/2024\/12\/4b9186a4-dbef-42ee-a54e-bc2c21231da9.jpeg 1600w\" sizes=\"auto, (max-width: 1024px) 100vw, 1024px\" \/><\/a><\/figure>\n\n\n\n<figure class=\"wp-block-image size-large\"><a href=\"https:\/\/dioceseteixeiradefreitas.com.br\/wp-content\/uploads\/2024\/12\/505e0b88-db03-4722-8985-2d71a5254843.jpeg\"><img loading=\"lazy\" decoding=\"async\" width=\"1024\" height=\"682\" data-id=\"23666\" src=\"https:\/\/dioceseteixeiradefreitas.com.br\/wp-content\/uploads\/2024\/12\/505e0b88-db03-4722-8985-2d71a5254843-1024x682.jpeg\" alt=\"\" class=\"wp-image-23666\" srcset=\"https:\/\/dioceseteixeiradefreitas.com.br\/wp-content\/uploads\/2024\/12\/505e0b88-db03-4722-8985-2d71a5254843-1024x682.jpeg 1024w, https:\/\/dioceseteixeiradefreitas.com.br\/wp-content\/uploads\/2024\/12\/505e0b88-db03-4722-8985-2d71a5254843-300x200.jpeg 300w, https:\/\/dioceseteixeiradefreitas.com.br\/wp-content\/uploads\/2024\/12\/505e0b88-db03-4722-8985-2d71a5254843-768x512.jpeg 768w, https:\/\/dioceseteixeiradefreitas.com.br\/wp-content\/uploads\/2024\/12\/505e0b88-db03-4722-8985-2d71a5254843-1536x1023.jpeg 1536w, https:\/\/dioceseteixeiradefreitas.com.br\/wp-content\/uploads\/2024\/12\/505e0b88-db03-4722-8985-2d71a5254843.jpeg 1600w\" sizes=\"auto, (max-width: 1024px) 100vw, 1024px\" \/><\/a><\/figure>\n\n\n\n<figure class=\"wp-block-image size-large\"><a href=\"https:\/\/dioceseteixeiradefreitas.com.br\/wp-content\/uploads\/2024\/12\/4c418d2e-2288-42e0-9a5d-7572b66293c8.jpeg\"><img loading=\"lazy\" decoding=\"async\" width=\"1024\" height=\"682\" data-id=\"23669\" src=\"https:\/\/dioceseteixeiradefreitas.com.br\/wp-content\/uploads\/2024\/12\/4c418d2e-2288-42e0-9a5d-7572b66293c8-1024x682.jpeg\" alt=\"\" class=\"wp-image-23669\" srcset=\"https:\/\/dioceseteixeiradefreitas.com.br\/wp-content\/uploads\/2024\/12\/4c418d2e-2288-42e0-9a5d-7572b66293c8-1024x682.jpeg 1024w, https:\/\/dioceseteixeiradefreitas.com.br\/wp-content\/uploads\/2024\/12\/4c418d2e-2288-42e0-9a5d-7572b66293c8-300x200.jpeg 300w, https:\/\/dioceseteixeiradefreitas.com.br\/wp-content\/uploads\/2024\/12\/4c418d2e-2288-42e0-9a5d-7572b66293c8-768x512.jpeg 768w, https:\/\/dioceseteixeiradefreitas.com.br\/wp-content\/uploads\/2024\/12\/4c418d2e-2288-42e0-9a5d-7572b66293c8-1536x1023.jpeg 1536w, https:\/\/dioceseteixeiradefreitas.com.br\/wp-content\/uploads\/2024\/12\/4c418d2e-2288-42e0-9a5d-7572b66293c8.jpeg 1600w\" sizes=\"auto, (max-width: 1024px) 100vw, 1024px\" \/><\/a><\/figure>\n\n\n\n<figure class=\"wp-block-image size-large\"><a href=\"https:\/\/dioceseteixeiradefreitas.com.br\/wp-content\/uploads\/2024\/12\/ff6cd2e3-0d8f-48b3-8570-4d4b7f22d3f0.jpeg\"><img loading=\"lazy\" decoding=\"async\" width=\"1024\" height=\"682\" data-id=\"23670\" src=\"https:\/\/dioceseteixeiradefreitas.com.br\/wp-content\/uploads\/2024\/12\/ff6cd2e3-0d8f-48b3-8570-4d4b7f22d3f0-1024x682.jpeg\" alt=\"\" class=\"wp-image-23670\" srcset=\"https:\/\/dioceseteixeiradefreitas.com.br\/wp-content\/uploads\/2024\/12\/ff6cd2e3-0d8f-48b3-8570-4d4b7f22d3f0-1024x682.jpeg 1024w, https:\/\/dioceseteixeiradefreitas.com.br\/wp-content\/uploads\/2024\/12\/ff6cd2e3-0d8f-48b3-8570-4d4b7f22d3f0-300x200.jpeg 300w, https:\/\/dioceseteixeiradefreitas.com.br\/wp-content\/uploads\/2024\/12\/ff6cd2e3-0d8f-48b3-8570-4d4b7f22d3f0-768x512.jpeg 768w, https:\/\/dioceseteixeiradefreitas.com.br\/wp-content\/uploads\/2024\/12\/ff6cd2e3-0d8f-48b3-8570-4d4b7f22d3f0-1536x1023.jpeg 1536w, https:\/\/dioceseteixeiradefreitas.com.br\/wp-content\/uploads\/2024\/12\/ff6cd2e3-0d8f-48b3-8570-4d4b7f22d3f0.jpeg 1600w\" sizes=\"auto, (max-width: 1024px) 100vw, 1024px\" \/><\/a><\/figure>\n\n\n\n<figure class=\"wp-block-image size-large\"><a href=\"https:\/\/dioceseteixeiradefreitas.com.br\/wp-content\/uploads\/2024\/12\/270aa68a-54e6-4772-9d2c-1a50733d3266-1.jpeg\"><img loading=\"lazy\" decoding=\"async\" width=\"1024\" height=\"682\" data-id=\"23671\" src=\"https:\/\/dioceseteixeiradefreitas.com.br\/wp-content\/uploads\/2024\/12\/270aa68a-54e6-4772-9d2c-1a50733d3266-1-1024x682.jpeg\" alt=\"\" class=\"wp-image-23671\" srcset=\"https:\/\/dioceseteixeiradefreitas.com.br\/wp-content\/uploads\/2024\/12\/270aa68a-54e6-4772-9d2c-1a50733d3266-1-1024x682.jpeg 1024w, https:\/\/dioceseteixeiradefreitas.com.br\/wp-content\/uploads\/2024\/12\/270aa68a-54e6-4772-9d2c-1a50733d3266-1-300x200.jpeg 300w, https:\/\/dioceseteixeiradefreitas.com.br\/wp-content\/uploads\/2024\/12\/270aa68a-54e6-4772-9d2c-1a50733d3266-1-768x512.jpeg 768w, https:\/\/dioceseteixeiradefreitas.com.br\/wp-content\/uploads\/2024\/12\/270aa68a-54e6-4772-9d2c-1a50733d3266-1-1536x1023.jpeg 1536w, https:\/\/dioceseteixeiradefreitas.com.br\/wp-content\/uploads\/2024\/12\/270aa68a-54e6-4772-9d2c-1a50733d3266-1.jpeg 1600w\" sizes=\"auto, (max-width: 1024px) 100vw, 1024px\" \/><\/a><\/figure>\n\n\n\n<figure class=\"wp-block-image size-large\"><a href=\"https:\/\/dioceseteixeiradefreitas.com.br\/wp-content\/uploads\/2024\/12\/ad5bd54a-3ed8-4a59-8fe5-48d2d9ca37b9.jpeg\"><img loading=\"lazy\" decoding=\"async\" width=\"1024\" height=\"682\" data-id=\"23660\" src=\"https:\/\/dioceseteixeiradefreitas.com.br\/wp-content\/uploads\/2024\/12\/ad5bd54a-3ed8-4a59-8fe5-48d2d9ca37b9-1024x682.jpeg\" alt=\"\" class=\"wp-image-23660\" srcset=\"https:\/\/dioceseteixeiradefreitas.com.br\/wp-content\/uploads\/2024\/12\/ad5bd54a-3ed8-4a59-8fe5-48d2d9ca37b9-1024x682.jpeg 1024w, https:\/\/dioceseteixeiradefreitas.com.br\/wp-content\/uploads\/2024\/12\/ad5bd54a-3ed8-4a59-8fe5-48d2d9ca37b9-300x200.jpeg 300w, https:\/\/dioceseteixeiradefreitas.com.br\/wp-content\/uploads\/2024\/12\/ad5bd54a-3ed8-4a59-8fe5-48d2d9ca37b9-768x512.jpeg 768w, https:\/\/dioceseteixeiradefreitas.com.br\/wp-content\/uploads\/2024\/12\/ad5bd54a-3ed8-4a59-8fe5-48d2d9ca37b9-1536x1023.jpeg 1536w, https:\/\/dioceseteixeiradefreitas.com.br\/wp-content\/uploads\/2024\/12\/ad5bd54a-3ed8-4a59-8fe5-48d2d9ca37b9.jpeg 1600w\" sizes=\"auto, (max-width: 1024px) 100vw, 1024px\" \/><\/a><\/figure>\n\n\n\n<figure class=\"wp-block-image size-large\"><a href=\"https:\/\/dioceseteixeiradefreitas.com.br\/wp-content\/uploads\/2024\/12\/597b6324-d505-4e4a-8665-d8aa848ef731.jpeg\"><img loading=\"lazy\" decoding=\"async\" width=\"1024\" height=\"682\" data-id=\"23673\" src=\"https:\/\/dioceseteixeiradefreitas.com.br\/wp-content\/uploads\/2024\/12\/597b6324-d505-4e4a-8665-d8aa848ef731-1024x682.jpeg\" alt=\"\" class=\"wp-image-23673\" srcset=\"https:\/\/dioceseteixeiradefreitas.com.br\/wp-content\/uploads\/2024\/12\/597b6324-d505-4e4a-8665-d8aa848ef731-1024x682.jpeg 1024w, https:\/\/dioceseteixeiradefreitas.com.br\/wp-content\/uploads\/2024\/12\/597b6324-d505-4e4a-8665-d8aa848ef731-300x200.jpeg 300w, https:\/\/dioceseteixeiradefreitas.com.br\/wp-content\/uploads\/2024\/12\/597b6324-d505-4e4a-8665-d8aa848ef731-768x512.jpeg 768w, https:\/\/dioceseteixeiradefreitas.com.br\/wp-content\/uploads\/2024\/12\/597b6324-d505-4e4a-8665-d8aa848ef731-1536x1023.jpeg 1536w, https:\/\/dioceseteixeiradefreitas.com.br\/wp-content\/uploads\/2024\/12\/597b6324-d505-4e4a-8665-d8aa848ef731.jpeg 1600w\" sizes=\"auto, (max-width: 1024px) 100vw, 1024px\" \/><\/a><\/figure>\n\n\n\n<figure class=\"wp-block-image size-large\"><a href=\"https:\/\/dioceseteixeiradefreitas.com.br\/wp-content\/uploads\/2024\/12\/f81919ba-5e73-4031-be01-d8535749941f.jpeg\"><img loading=\"lazy\" decoding=\"async\" width=\"1024\" height=\"682\" data-id=\"23657\" src=\"https:\/\/dioceseteixeiradefreitas.com.br\/wp-content\/uploads\/2024\/12\/f81919ba-5e73-4031-be01-d8535749941f-1024x682.jpeg\" alt=\"\" class=\"wp-image-23657\" srcset=\"https:\/\/dioceseteixeiradefreitas.com.br\/wp-content\/uploads\/2024\/12\/f81919ba-5e73-4031-be01-d8535749941f-1024x682.jpeg 1024w, https:\/\/dioceseteixeiradefreitas.com.br\/wp-content\/uploads\/2024\/12\/f81919ba-5e73-4031-be01-d8535749941f-300x200.jpeg 300w, https:\/\/dioceseteixeiradefreitas.com.br\/wp-content\/uploads\/2024\/12\/f81919ba-5e73-4031-be01-d8535749941f-768x512.jpeg 768w, https:\/\/dioceseteixeiradefreitas.com.br\/wp-content\/uploads\/2024\/12\/f81919ba-5e73-4031-be01-d8535749941f-1536x1023.jpeg 1536w, https:\/\/dioceseteixeiradefreitas.com.br\/wp-content\/uploads\/2024\/12\/f81919ba-5e73-4031-be01-d8535749941f.jpeg 1600w\" sizes=\"auto, (max-width: 1024px) 100vw, 1024px\" \/><\/a><\/figure>\n\n\n\n<figure class=\"wp-block-image size-large\"><a href=\"https:\/\/dioceseteixeiradefreitas.com.br\/wp-content\/uploads\/2024\/12\/7dac4144-2927-41b9-a7aa-8206354a8647.jpeg\"><img loading=\"lazy\" decoding=\"async\" width=\"1024\" height=\"682\" data-id=\"23655\" src=\"https:\/\/dioceseteixeiradefreitas.com.br\/wp-content\/uploads\/2024\/12\/7dac4144-2927-41b9-a7aa-8206354a8647-1024x682.jpeg\" alt=\"\" class=\"wp-image-23655\" srcset=\"https:\/\/dioceseteixeiradefreitas.com.br\/wp-content\/uploads\/2024\/12\/7dac4144-2927-41b9-a7aa-8206354a8647-1024x682.jpeg 1024w, https:\/\/dioceseteixeiradefreitas.com.br\/wp-content\/uploads\/2024\/12\/7dac4144-2927-41b9-a7aa-8206354a8647-300x200.jpeg 300w, https:\/\/dioceseteixeiradefreitas.com.br\/wp-content\/uploads\/2024\/12\/7dac4144-2927-41b9-a7aa-8206354a8647-768x512.jpeg 768w, https:\/\/dioceseteixeiradefreitas.com.br\/wp-content\/uploads\/2024\/12\/7dac4144-2927-41b9-a7aa-8206354a8647-1536x1023.jpeg 1536w, https:\/\/dioceseteixeiradefreitas.com.br\/wp-content\/uploads\/2024\/12\/7dac4144-2927-41b9-a7aa-8206354a8647.jpeg 1600w\" sizes=\"auto, (max-width: 1024px) 100vw, 1024px\" \/><\/a><\/figure>\n\n\n\n<figure class=\"wp-block-image size-large\"><a href=\"https:\/\/dioceseteixeiradefreitas.com.br\/wp-content\/uploads\/2024\/12\/427941d0-6f5f-455f-919c-b0b05541a742.jpeg\"><img loading=\"lazy\" decoding=\"async\" width=\"1024\" height=\"682\" data-id=\"23693\" src=\"https:\/\/dioceseteixeiradefreitas.com.br\/wp-content\/uploads\/2024\/12\/427941d0-6f5f-455f-919c-b0b05541a742-1024x682.jpeg\" alt=\"\" class=\"wp-image-23693\" srcset=\"https:\/\/dioceseteixeiradefreitas.com.br\/wp-content\/uploads\/2024\/12\/427941d0-6f5f-455f-919c-b0b05541a742-1024x682.jpeg 1024w, https:\/\/dioceseteixeiradefreitas.com.br\/wp-content\/uploads\/2024\/12\/427941d0-6f5f-455f-919c-b0b05541a742-300x200.jpeg 300w, https:\/\/dioceseteixeiradefreitas.com.br\/wp-content\/uploads\/2024\/12\/427941d0-6f5f-455f-919c-b0b05541a742-768x512.jpeg 768w, https:\/\/dioceseteixeiradefreitas.com.br\/wp-content\/uploads\/2024\/12\/427941d0-6f5f-455f-919c-b0b05541a742-1536x1023.jpeg 1536w, https:\/\/dioceseteixeiradefreitas.com.br\/wp-content\/uploads\/2024\/12\/427941d0-6f5f-455f-919c-b0b05541a742.jpeg 1600w\" sizes=\"auto, (max-width: 1024px) 100vw, 1024px\" \/><\/a><\/figure>\n\n\n\n<figure class=\"wp-block-image size-large\"><a href=\"https:\/\/dioceseteixeiradefreitas.com.br\/wp-content\/uploads\/2024\/12\/5ceaae3e-6f59-4353-88d0-1cb4999f6737.jpeg\"><img loading=\"lazy\" decoding=\"async\" width=\"1024\" height=\"682\" data-id=\"23665\" src=\"https:\/\/dioceseteixeiradefreitas.com.br\/wp-content\/uploads\/2024\/12\/5ceaae3e-6f59-4353-88d0-1cb4999f6737-1024x682.jpeg\" alt=\"\" class=\"wp-image-23665\" srcset=\"https:\/\/dioceseteixeiradefreitas.com.br\/wp-content\/uploads\/2024\/12\/5ceaae3e-6f59-4353-88d0-1cb4999f6737-1024x682.jpeg 1024w, https:\/\/dioceseteixeiradefreitas.com.br\/wp-content\/uploads\/2024\/12\/5ceaae3e-6f59-4353-88d0-1cb4999f6737-300x200.jpeg 300w, https:\/\/dioceseteixeiradefreitas.com.br\/wp-content\/uploads\/2024\/12\/5ceaae3e-6f59-4353-88d0-1cb4999f6737-768x512.jpeg 768w, https:\/\/dioceseteixeiradefreitas.com.br\/wp-content\/uploads\/2024\/12\/5ceaae3e-6f59-4353-88d0-1cb4999f6737-1536x1023.jpeg 1536w, https:\/\/dioceseteixeiradefreitas.com.br\/wp-content\/uploads\/2024\/12\/5ceaae3e-6f59-4353-88d0-1cb4999f6737.jpeg 1600w\" sizes=\"auto, (max-width: 1024px) 100vw, 1024px\" \/><\/a><\/figure>\n\n\n\n<figure class=\"wp-block-image size-large\"><a href=\"https:\/\/dioceseteixeiradefreitas.com.br\/wp-content\/uploads\/2024\/12\/a9779229-bce2-48ce-971a-a5dabe4ff338.jpeg\"><img loading=\"lazy\" decoding=\"async\" width=\"1024\" height=\"682\" data-id=\"23663\" src=\"https:\/\/dioceseteixeiradefreitas.com.br\/wp-content\/uploads\/2024\/12\/a9779229-bce2-48ce-971a-a5dabe4ff338-1024x682.jpeg\" alt=\"\" class=\"wp-image-23663\" srcset=\"https:\/\/dioceseteixeiradefreitas.com.br\/wp-content\/uploads\/2024\/12\/a9779229-bce2-48ce-971a-a5dabe4ff338-1024x682.jpeg 1024w, https:\/\/dioceseteixeiradefreitas.com.br\/wp-content\/uploads\/2024\/12\/a9779229-bce2-48ce-971a-a5dabe4ff338-300x200.jpeg 300w, https:\/\/dioceseteixeiradefreitas.com.br\/wp-content\/uploads\/2024\/12\/a9779229-bce2-48ce-971a-a5dabe4ff338-768x512.jpeg 768w, https:\/\/dioceseteixeiradefreitas.com.br\/wp-content\/uploads\/2024\/12\/a9779229-bce2-48ce-971a-a5dabe4ff338-1536x1023.jpeg 1536w, https:\/\/dioceseteixeiradefreitas.com.br\/wp-content\/uploads\/2024\/12\/a9779229-bce2-48ce-971a-a5dabe4ff338.jpeg 1600w\" sizes=\"auto, (max-width: 1024px) 100vw, 1024px\" \/><\/a><\/figure>\n\n\n\n<figure class=\"wp-block-image size-large\"><a href=\"https:\/\/dioceseteixeiradefreitas.com.br\/wp-content\/uploads\/2024\/12\/e7d42258-9c6c-4b96-96ec-c411f413714e-1.jpeg\"><img loading=\"lazy\" decoding=\"async\" width=\"1024\" height=\"682\" data-id=\"23696\" src=\"https:\/\/dioceseteixeiradefreitas.com.br\/wp-content\/uploads\/2024\/12\/e7d42258-9c6c-4b96-96ec-c411f413714e-1-1024x682.jpeg\" alt=\"\" class=\"wp-image-23696\" srcset=\"https:\/\/dioceseteixeiradefreitas.com.br\/wp-content\/uploads\/2024\/12\/e7d42258-9c6c-4b96-96ec-c411f413714e-1-1024x682.jpeg 1024w, https:\/\/dioceseteixeiradefreitas.com.br\/wp-content\/uploads\/2024\/12\/e7d42258-9c6c-4b96-96ec-c411f413714e-1-300x200.jpeg 300w, https:\/\/dioceseteixeiradefreitas.com.br\/wp-content\/uploads\/2024\/12\/e7d42258-9c6c-4b96-96ec-c411f413714e-1-768x512.jpeg 768w, https:\/\/dioceseteixeiradefreitas.com.br\/wp-content\/uploads\/2024\/12\/e7d42258-9c6c-4b96-96ec-c411f413714e-1-1536x1023.jpeg 1536w, https:\/\/dioceseteixeiradefreitas.com.br\/wp-content\/uploads\/2024\/12\/e7d42258-9c6c-4b96-96ec-c411f413714e-1.jpeg 1600w\" sizes=\"auto, (max-width: 1024px) 100vw, 1024px\" \/><\/a><\/figure>\n<\/figure>\n\n\n\n<figure class=\"wp-block-image size-large\"><a href=\"https:\/\/dioceseteixeiradefreitas.com.br\/wp-content\/uploads\/2024\/12\/12f352bc-7b77-4177-b5f9-a753712e4b55.jpeg\"><img loading=\"lazy\" decoding=\"async\" width=\"1024\" height=\"682\" src=\"https:\/\/dioceseteixeiradefreitas.com.br\/wp-content\/uploads\/2024\/12\/12f352bc-7b77-4177-b5f9-a753712e4b55-1024x682.jpeg\" alt=\"\" class=\"wp-image-23702\" srcset=\"https:\/\/dioceseteixeiradefreitas.com.br\/wp-content\/uploads\/2024\/12\/12f352bc-7b77-4177-b5f9-a753712e4b55-1024x682.jpeg 1024w, https:\/\/dioceseteixeiradefreitas.com.br\/wp-content\/uploads\/2024\/12\/12f352bc-7b77-4177-b5f9-a753712e4b55-300x200.jpeg 300w, https:\/\/dioceseteixeiradefreitas.com.br\/wp-content\/uploads\/2024\/12\/12f352bc-7b77-4177-b5f9-a753712e4b55-768x512.jpeg 768w, https:\/\/dioceseteixeiradefreitas.com.br\/wp-content\/uploads\/2024\/12\/12f352bc-7b77-4177-b5f9-a753712e4b55-1536x1023.jpeg 1536w, https:\/\/dioceseteixeiradefreitas.com.br\/wp-content\/uploads\/2024\/12\/12f352bc-7b77-4177-b5f9-a753712e4b55.jpeg 1600w\" sizes=\"auto, (max-width: 1024px) 100vw, 1024px\" \/><\/a><\/figure>\n\n\n\n<figure class=\"wp-block-embed is-type-video is-provider-youtube wp-block-embed-youtube wp-embed-aspect-16-9 wp-has-aspect-ratio\"><div class=\"wp-block-embed__wrapper\">\n<iframe loading=\"lazy\" title=\"Dom Jailton de Oliveira Lino fala sobre a abertura do Jubileu da Esperan\u00e7a\" width=\"500\" height=\"281\" src=\"https:\/\/www.youtube.com\/embed\/2_eLeNvKZ18?feature=oembed\" frameborder=\"0\" allow=\"accelerometer; autoplay; clipboard-write; encrypted-media; gyroscope; picture-in-picture; web-share\" referrerpolicy=\"strict-origin-when-cross-origin\" allowfullscreen><\/iframe>\n<\/div><\/figure>\n","protected":false},"excerpt":{"rendered":"<p>Neste domingo, 29 de dezembro, a Diocese de Teixeira de Freitas-Caravelas celebrou um momento marcante em comunh\u00e3o com a Igreja universal: a abertura do Jubileu Peregrinos da Esperan\u00e7a, convocado pelo Papa Francisco. A celebra\u00e7\u00e3o aconteceu em dois momentos distintos, mobilizando os fi\u00e9is nas foranias Santo Ant\u00f4nio, em Caravelas, e S\u00e3o Pedro, em Teixeira de Freitas. &hellip;<\/p>\n","protected":false},"author":32,"featured_media":23688,"comment_status":"closed","ping_status":"closed","sticky":false,"template":"","format":"standard","meta":{"footnotes":""},"categories":[1231,100],"tags":[],"class_list":["post-23649","post","type-post","status-publish","format-standard","has-post-thumbnail","hentry","category-jubileu-da-esperanca-2025","category-noticias-diocesanas"],"_links":{"self":[{"href":"https:\/\/dioceseteixeiradefreitas.com.br\/index.php?rest_route=\/wp\/v2\/posts\/23649","targetHints":{"allow":["GET"]}}],"collection":[{"href":"https:\/\/dioceseteixeiradefreitas.com.br\/index.php?rest_route=\/wp\/v2\/posts"}],"about":[{"href":"https:\/\/dioceseteixeiradefreitas.com.br\/index.php?rest_route=\/wp\/v2\/types\/post"}],"author":[{"embeddable":true,"href":"https:\/\/dioceseteixeiradefreitas.com.br\/index.php?rest_route=\/wp\/v2\/users\/32"}],"replies":[{"embeddable":true,"href":"https:\/\/dioceseteixeiradefreitas.com.br\/index.php?rest_route=%2Fwp%2Fv2%2Fcomments&post=23649"}],"version-history":[{"count":3,"href":"https:\/\/dioceseteixeiradefreitas.com.br\/index.php?rest_route=\/wp\/v2\/posts\/23649\/revisions"}],"predecessor-version":[{"id":23707,"href":"https:\/\/dioceseteixeiradefreitas.com.br\/index.php?rest_route=\/wp\/v2\/posts\/23649\/revisions\/23707"}],"wp:featuredmedia":[{"embeddable":true,"href":"https:\/\/dioceseteixeiradefreitas.com.br\/index.php?rest_route=\/wp\/v2\/media\/23688"}],"wp:attachment":[{"href":"https:\/\/dioceseteixeiradefreitas.com.br\/index.php?rest_route=%2Fwp%2Fv2%2Fmedia&parent=23649"}],"wp:term":[{"taxonomy":"category","embeddable":true,"href":"https:\/\/dioceseteixeiradefreitas.com.br\/index.php?rest_route=%2Fwp%2Fv2%2Fcategories&post=23649"},{"taxonomy":"post_tag","embeddable":true,"href":"https:\/\/dioceseteixeiradefreitas.com.br\/index.php?rest_route=%2Fwp%2Fv2%2Ftags&post=23649"}],"curies":[{"name":"wp","href":"https:\/\/api.w.org\/{rel}","templated":true}]}}