{"id":23709,"date":"2025-01-12T19:19:46","date_gmt":"2025-01-12T22:19:46","guid":{"rendered":"https:\/\/dioceseteixeiradefreitas.com.br\/?p=23709"},"modified":"2025-01-12T19:19:47","modified_gmt":"2025-01-12T22:19:47","slug":"ordenacao-sacerdotal-de-diacono-david-oliveira-dos-anjos-em-itamaraju","status":"publish","type":"post","link":"https:\/\/dioceseteixeiradefreitas.com.br\/?p=23709","title":{"rendered":"Ordena\u00e7\u00e3o Sacerdotal de Di\u00e1cono David Oliveira dos Anjos em Itamaraju."},"content":{"rendered":"\n<figure class=\"wp-block-image size-large\"><a href=\"https:\/\/dioceseteixeiradefreitas.com.br\/wp-content\/uploads\/2025\/01\/IMG_4776.jpeg\"><img loading=\"lazy\" decoding=\"async\" width=\"716\" height=\"1024\" src=\"https:\/\/dioceseteixeiradefreitas.com.br\/wp-content\/uploads\/2025\/01\/IMG_4776-716x1024.jpeg\" alt=\"\" class=\"wp-image-23712\" srcset=\"https:\/\/dioceseteixeiradefreitas.com.br\/wp-content\/uploads\/2025\/01\/IMG_4776-716x1024.jpeg 716w, https:\/\/dioceseteixeiradefreitas.com.br\/wp-content\/uploads\/2025\/01\/IMG_4776-210x300.jpeg 210w, https:\/\/dioceseteixeiradefreitas.com.br\/wp-content\/uploads\/2025\/01\/IMG_4776-768x1098.jpeg 768w, https:\/\/dioceseteixeiradefreitas.com.br\/wp-content\/uploads\/2025\/01\/IMG_4776-1074x1536.jpeg 1074w, https:\/\/dioceseteixeiradefreitas.com.br\/wp-content\/uploads\/2025\/01\/IMG_4776.jpeg 1179w\" sizes=\"auto, (max-width: 716px) 100vw, 716px\" \/><\/a><figcaption class=\"wp-element-caption\">Screenshot<\/figcaption><\/figure>\n\n\n\n<p>A Diocese de Teixeira de Freitas se prepara para um momento de grande alegria e celebra\u00e7\u00e3o: a ordena\u00e7\u00e3o sacerdotal do Di\u00e1cono David Oliveira dos Anjos. <strong>A cerim\u00f4nia acontecer\u00e1 no dia 8 de fevereiro, \u00e0s 17h, na Igreja Matriz de Nossa Senhora de F\u00e1tima, em Itamaraju (BA).<\/strong><\/p>\n\n\n\n<p>O Di\u00e1cono David, que tem como lema sacerdo\u201c<strong>Ad Iesum per Mariam<\/strong>\u201d \u2013 \u201cA Jesus por Maria\u201d, reflete em sua voca\u00e7\u00e3o o profundo desejo de seguir a Cristo com a intercess\u00e3o de Nossa Senhora, que sempre o acompanhou em sua jornada de f\u00e9. O lema \u00e9 uma express\u00e3o da sua confian\u00e7a em Maria, M\u00e3e que o guia at\u00e9 Jesus, e serve de inspira\u00e7\u00e3o para seu futuro minist\u00e9rio sacerdotal.<\/p>\n\n\n\n<p>A Diocese convida todos a se unirem em ora\u00e7\u00e3o para este momento t\u00e3o significativo, pedindo a Deus que aben\u00e7oe o novo sacerdote em sua miss\u00e3o de servir e anunciar o Evangelho. Que Nossa Senhora de F\u00e1tima, intercessora fiel, continue a guiar o Di\u00e1cono David em sua caminhada como padre, sempre fiel ao chamado de Cristo.<\/p>\n\n\n\n<p>A celebra\u00e7\u00e3o de ordena\u00e7\u00e3o ser\u00e1 um momento de gratid\u00e3o, f\u00e9 e alegria para todos. <strong>Esperamos todos na Igreja Matriz de Nossa Senhora de F\u00e1tima, em Itamaraju, no dia 8 de fevereiro<\/strong>, para testemunharmos juntos essa grande gra\u00e7a para nossa Diocese.<\/p>\n","protected":false},"excerpt":{"rendered":"<p>Screenshot A Diocese de Teixeira de Freitas se prepara para um momento de grande alegria e celebra\u00e7\u00e3o: a ordena\u00e7\u00e3o sacerdotal do Di\u00e1cono David Oliveira dos Anjos. A cerim\u00f4nia acontecer\u00e1 no dia 8 de fevereiro, \u00e0s 17h, na Igreja Matriz de Nossa Senhora de F\u00e1tima, em Itamaraju (BA). O Di\u00e1cono David, que tem como lema sacerdo\u201cAd &hellip;<\/p>\n","protected":false},"author":32,"featured_media":23712,"comment_status":"closed","ping_status":"closed","sticky":false,"template":"","format":"standard","meta":{"footnotes":""},"categories":[100,41],"tags":[],"class_list":["post-23709","post","type-post","status-publish","format-standard","has-post-thumbnail","hentry","category-noticias-diocesanas","category-noticias_destaque"],"_links":{"self":[{"href":"https:\/\/dioceseteixeiradefreitas.com.br\/index.php?rest_route=\/wp\/v2\/posts\/23709","targetHints":{"allow":["GET"]}}],"collection":[{"href":"https:\/\/dioceseteixeiradefreitas.com.br\/index.php?rest_route=\/wp\/v2\/posts"}],"about":[{"href":"https:\/\/dioceseteixeiradefreitas.com.br\/index.php?rest_route=\/wp\/v2\/types\/post"}],"author":[{"embeddable":true,"href":"https:\/\/dioceseteixeiradefreitas.com.br\/index.php?rest_route=\/wp\/v2\/users\/32"}],"replies":[{"embeddable":true,"href":"https:\/\/dioceseteixeiradefreitas.com.br\/index.php?rest_route=%2Fwp%2Fv2%2Fcomments&post=23709"}],"version-history":[{"count":1,"href":"https:\/\/dioceseteixeiradefreitas.com.br\/index.php?rest_route=\/wp\/v2\/posts\/23709\/revisions"}],"predecessor-version":[{"id":23713,"href":"https:\/\/dioceseteixeiradefreitas.com.br\/index.php?rest_route=\/wp\/v2\/posts\/23709\/revisions\/23713"}],"wp:featuredmedia":[{"embeddable":true,"href":"https:\/\/dioceseteixeiradefreitas.com.br\/index.php?rest_route=\/wp\/v2\/media\/23712"}],"wp:attachment":[{"href":"https:\/\/dioceseteixeiradefreitas.com.br\/index.php?rest_route=%2Fwp%2Fv2%2Fmedia&parent=23709"}],"wp:term":[{"taxonomy":"category","embeddable":true,"href":"https:\/\/dioceseteixeiradefreitas.com.br\/index.php?rest_route=%2Fwp%2Fv2%2Fcategories&post=23709"},{"taxonomy":"post_tag","embeddable":true,"href":"https:\/\/dioceseteixeiradefreitas.com.br\/index.php?rest_route=%2Fwp%2Fv2%2Ftags&post=23709"}],"curies":[{"name":"wp","href":"https:\/\/api.w.org\/{rel}","templated":true}]}}