{"id":23714,"date":"2025-01-16T20:40:56","date_gmt":"2025-01-16T23:40:56","guid":{"rendered":"https:\/\/dioceseteixeiradefreitas.com.br\/?p=23714"},"modified":"2025-01-17T10:04:50","modified_gmt":"2025-01-17T13:04:50","slug":"reuniao-formativa-com-o-revmo-pe-renato-leite-a-mediacao-de-nossa-senhora-na-salvacao-dos-homens","status":"publish","type":"post","link":"https:\/\/dioceseteixeiradefreitas.com.br\/?p=23714","title":{"rendered":"Reuni\u00e3o Formativa com o Revmo. Pe. Renato Leite: A Media\u00e7\u00e3o de Nossa Senhora na Salva\u00e7\u00e3o dos Homens."},"content":{"rendered":"\n<figure class=\"wp-block-image size-large\"><a href=\"https:\/\/dioceseteixeiradefreitas.com.br\/wp-content\/uploads\/2025\/01\/84fa0f39-d619-4edf-80c0-9e6901532cf5.jpeg\"><img loading=\"lazy\" decoding=\"async\" width=\"1024\" height=\"1024\" src=\"https:\/\/dioceseteixeiradefreitas.com.br\/wp-content\/uploads\/2025\/01\/84fa0f39-d619-4edf-80c0-9e6901532cf5-1024x1024.jpeg\" alt=\"\" class=\"wp-image-23715\" srcset=\"https:\/\/dioceseteixeiradefreitas.com.br\/wp-content\/uploads\/2025\/01\/84fa0f39-d619-4edf-80c0-9e6901532cf5-1024x1024.jpeg 1024w, https:\/\/dioceseteixeiradefreitas.com.br\/wp-content\/uploads\/2025\/01\/84fa0f39-d619-4edf-80c0-9e6901532cf5-300x300.jpeg 300w, https:\/\/dioceseteixeiradefreitas.com.br\/wp-content\/uploads\/2025\/01\/84fa0f39-d619-4edf-80c0-9e6901532cf5-150x150.jpeg 150w, https:\/\/dioceseteixeiradefreitas.com.br\/wp-content\/uploads\/2025\/01\/84fa0f39-d619-4edf-80c0-9e6901532cf5-768x768.jpeg 768w, https:\/\/dioceseteixeiradefreitas.com.br\/wp-content\/uploads\/2025\/01\/84fa0f39-d619-4edf-80c0-9e6901532cf5.jpeg 1080w\" sizes=\"auto, (max-width: 1024px) 100vw, 1024px\" \/><\/a><\/figure>\n\n\n\n<p>No pr\u00f3ximo dia 11 de fevereiro, ter\u00e7a-feira, a Par\u00f3quia Nossa Senhora das Gra\u00e7as ter\u00e1 o privil\u00e9gio de acolher uma reuni\u00e3o formativa especial com o Revmo. Pe. Renato Leite. O tema que ser\u00e1 abordado nesta noite de reflex\u00e3o e aprofundamento espiritual \u00e9 de extrema relev\u00e2ncia para a vida crist\u00e3: <strong>\u201cA Media\u00e7\u00e3o de Nossa Senhora na Salva\u00e7\u00e3o dos Homens\u201d<\/strong>.<\/p>\n\n\n\n<p>Inspirado nas palavras do evangelho de S\u00e3o Lucas (1, 38): <em>\u201cEis aqui a escrava do Senhor, fa\u00e7a-se em mim segundo a tua palavra\u201d<\/em>, o encontro buscar\u00e1 iluminar a import\u00e2ncia da intercess\u00e3o de Maria, que, com sua humildade e obedi\u00eancia, se torna a mediadora das gra\u00e7as divinas para a humanidade. A entrega total de Maria ao plano de Deus reflete um modelo de f\u00e9 e confian\u00e7a que todos somos chamados a viver em nosso cotidiano.<br><\/p>\n\n\n\n<p>A reuni\u00e3o formativa acontecer\u00e1 \u00e0s 19h30, na Par\u00f3quia Nossa Senhora das Gra\u00e7as, e ser\u00e1 um convite aberto a todos que desejam aprofundar a compreens\u00e3o sobre o papel de Maria na salva\u00e7\u00e3o e na nossa rela\u00e7\u00e3o com Deus.<\/p>\n\n\n\n<p>N\u00e3o perca a oportunidade de vivenciar esta noite de ora\u00e7\u00e3o, aprendizado e devo\u00e7\u00e3o, onde, juntos, buscaremos seguir o exemplo de Maria em nossa pr\u00f3pria vida de f\u00e9.<\/p>\n\n\n\n<p><strong>\u2022 Data: 11 de fevereiro (ter\u00e7a-feira)<\/strong><\/p>\n\n\n\n<p>\u2022 <strong>Hora<\/strong>: <strong>19h30<\/strong><\/p>\n\n\n\n<p><strong>\u2022 Local: Par\u00f3quia Nossa Senhora das Gra\u00e7as<\/strong><\/p>\n\n\n\n<p><strong>\u2022 Organiza\u00e7\u00e3o: Congrega\u00e7\u00e3o Mariana de Nossa Senhora Medianeira de Todas as Gra\u00e7as e S\u00e3o Jos\u00e9<\/strong>.<\/p>\n\n\n\n<p>Venha, participe e experimente a gra\u00e7a de estar mais pr\u00f3ximo de Nossa Senhora e de seu Filho, Jesus Cristo.<\/p>\n\n\n\n<p><br><\/p>\n","protected":false},"excerpt":{"rendered":"<p>No pr\u00f3ximo dia 11 de fevereiro, ter\u00e7a-feira, a Par\u00f3quia Nossa Senhora das Gra\u00e7as ter\u00e1 o privil\u00e9gio de acolher uma reuni\u00e3o formativa especial com o Revmo. Pe. Renato Leite. O tema que ser\u00e1 abordado nesta noite de reflex\u00e3o e aprofundamento espiritual \u00e9 de extrema relev\u00e2ncia para a vida crist\u00e3: \u201cA Media\u00e7\u00e3o de Nossa Senhora na Salva\u00e7\u00e3o &hellip;<\/p>\n","protected":false},"author":32,"featured_media":23715,"comment_status":"closed","ping_status":"closed","sticky":false,"template":"","format":"standard","meta":{"footnotes":""},"categories":[100,41],"tags":[],"class_list":["post-23714","post","type-post","status-publish","format-standard","has-post-thumbnail","hentry","category-noticias-diocesanas","category-noticias_destaque"],"_links":{"self":[{"href":"https:\/\/dioceseteixeiradefreitas.com.br\/index.php?rest_route=\/wp\/v2\/posts\/23714","targetHints":{"allow":["GET"]}}],"collection":[{"href":"https:\/\/dioceseteixeiradefreitas.com.br\/index.php?rest_route=\/wp\/v2\/posts"}],"about":[{"href":"https:\/\/dioceseteixeiradefreitas.com.br\/index.php?rest_route=\/wp\/v2\/types\/post"}],"author":[{"embeddable":true,"href":"https:\/\/dioceseteixeiradefreitas.com.br\/index.php?rest_route=\/wp\/v2\/users\/32"}],"replies":[{"embeddable":true,"href":"https:\/\/dioceseteixeiradefreitas.com.br\/index.php?rest_route=%2Fwp%2Fv2%2Fcomments&post=23714"}],"version-history":[{"count":2,"href":"https:\/\/dioceseteixeiradefreitas.com.br\/index.php?rest_route=\/wp\/v2\/posts\/23714\/revisions"}],"predecessor-version":[{"id":23717,"href":"https:\/\/dioceseteixeiradefreitas.com.br\/index.php?rest_route=\/wp\/v2\/posts\/23714\/revisions\/23717"}],"wp:featuredmedia":[{"embeddable":true,"href":"https:\/\/dioceseteixeiradefreitas.com.br\/index.php?rest_route=\/wp\/v2\/media\/23715"}],"wp:attachment":[{"href":"https:\/\/dioceseteixeiradefreitas.com.br\/index.php?rest_route=%2Fwp%2Fv2%2Fmedia&parent=23714"}],"wp:term":[{"taxonomy":"category","embeddable":true,"href":"https:\/\/dioceseteixeiradefreitas.com.br\/index.php?rest_route=%2Fwp%2Fv2%2Fcategories&post=23714"},{"taxonomy":"post_tag","embeddable":true,"href":"https:\/\/dioceseteixeiradefreitas.com.br\/index.php?rest_route=%2Fwp%2Fv2%2Ftags&post=23714"}],"curies":[{"name":"wp","href":"https:\/\/api.w.org\/{rel}","templated":true}]}}