{"id":23719,"date":"2025-01-24T07:49:34","date_gmt":"2025-01-24T10:49:34","guid":{"rendered":"https:\/\/dioceseteixeiradefreitas.com.br\/?p=23719"},"modified":"2025-01-24T07:50:10","modified_gmt":"2025-01-24T10:50:10","slug":"formacao-da-pascom-na-forania-cosme-e-damiao-uma-tarde-de-aprendizado-e-compromisso","status":"publish","type":"post","link":"https:\/\/dioceseteixeiradefreitas.com.br\/?p=23719","title":{"rendered":"Forma\u00e7\u00e3o da Pascom na Forania Cosme e Dami\u00e3o: Uma Tarde de Aprendizado e Compromisso."},"content":{"rendered":"\n<figure class=\"wp-block-image size-large\"><a href=\"https:\/\/dioceseteixeiradefreitas.com.br\/wp-content\/uploads\/2025\/01\/02675ca6-40df-4610-86d3-b4502bab352f.jpeg\"><img loading=\"lazy\" decoding=\"async\" width=\"1024\" height=\"769\" src=\"https:\/\/dioceseteixeiradefreitas.com.br\/wp-content\/uploads\/2025\/01\/02675ca6-40df-4610-86d3-b4502bab352f-1024x769.jpeg\" alt=\"\" class=\"wp-image-23720\" srcset=\"https:\/\/dioceseteixeiradefreitas.com.br\/wp-content\/uploads\/2025\/01\/02675ca6-40df-4610-86d3-b4502bab352f-1024x769.jpeg 1024w, https:\/\/dioceseteixeiradefreitas.com.br\/wp-content\/uploads\/2025\/01\/02675ca6-40df-4610-86d3-b4502bab352f-300x225.jpeg 300w, https:\/\/dioceseteixeiradefreitas.com.br\/wp-content\/uploads\/2025\/01\/02675ca6-40df-4610-86d3-b4502bab352f-768x576.jpeg 768w, https:\/\/dioceseteixeiradefreitas.com.br\/wp-content\/uploads\/2025\/01\/02675ca6-40df-4610-86d3-b4502bab352f-1536x1153.jpeg 1536w, https:\/\/dioceseteixeiradefreitas.com.br\/wp-content\/uploads\/2025\/01\/02675ca6-40df-4610-86d3-b4502bab352f.jpeg 1600w\" sizes=\"auto, (max-width: 1024px) 100vw, 1024px\" \/><\/a><\/figure>\n\n\n\n<p>No dia 18 de janeiro, aconteceu em Itamaraju uma importante forma\u00e7\u00e3o para a Pastoral da Comunica\u00e7\u00e3o (Pascom) na Forania Cosme e Dami\u00e3o, da Diocese de Teixeira de Freitas-Caravelas. A tarde foi repleta de aprendizado e partilha, com o objetivo de alinhar e refor\u00e7ar as diretrizes da Pascom para os pr\u00f3ximos desafios.<\/p>\n\n\n\n<p>O coordenador diocesano da Pascom, Julian, foi o respons\u00e1vel pela condu\u00e7\u00e3o da forma\u00e7\u00e3o. Ele detalhou as orienta\u00e7\u00f5es do Diret\u00f3rio da Pascom, explicando como as diretrizes devem ser aplicadas no dia a dia da pastoral, especialmente no uso das m\u00eddias sociais para anunciar o Evangelho e catequizar. \u201cA Pascom tem a miss\u00e3o de evangelizar atrav\u00e9s da comunica\u00e7\u00e3o, utilizando as m\u00eddias sociais de maneira respons\u00e1vel e eficaz\u201d, afirmou Julian.<\/p>\n\n\n\n<p>Entre os temas abordados, o coordenador tamb\u00e9m explicou a Lei Geral de Prote\u00e7\u00e3o de Dados (LGPD) e a necessidade de cuidados com fotografias e transmiss\u00f5es ao vivo durante as atividades da pastoral. \u201cDevemos ser cuidadosos com as imagens e dados compartilhados, respeitando sempre a privacidade das pessoas e a seguran\u00e7a das informa\u00e7\u00f5es\u201d, ressaltou.<\/p>\n\n\n\n<p>Julian tamb\u00e9m destacou a import\u00e2ncia de termos um cuidado especial com a Igreja e com o uso das m\u00eddias digitais. Ele alertou para a necessidade de sempre manter o respeito e a seriedade na comunica\u00e7\u00e3o, evitando cair em modismos ou tend\u00eancias passageiras da internet que possam desvirtuar a miss\u00e3o da Igreja. \u201cNosso trabalho deve ser uma express\u00e3o aut\u00eantica da f\u00e9 e da verdade, sempre alinhada com os princ\u00edpios da Igreja\u201d, afirmou o coordenador.<\/p>\n\n\n\n<figure class=\"wp-block-image size-large\"><a href=\"https:\/\/dioceseteixeiradefreitas.com.br\/wp-content\/uploads\/2025\/01\/IMG_5194-scaled.jpeg\"><img loading=\"lazy\" decoding=\"async\" width=\"1024\" height=\"768\" src=\"https:\/\/dioceseteixeiradefreitas.com.br\/wp-content\/uploads\/2025\/01\/IMG_5194-1024x768.jpeg\" alt=\"\" class=\"wp-image-23721\" srcset=\"https:\/\/dioceseteixeiradefreitas.com.br\/wp-content\/uploads\/2025\/01\/IMG_5194-1024x768.jpeg 1024w, https:\/\/dioceseteixeiradefreitas.com.br\/wp-content\/uploads\/2025\/01\/IMG_5194-300x225.jpeg 300w, https:\/\/dioceseteixeiradefreitas.com.br\/wp-content\/uploads\/2025\/01\/IMG_5194-768x576.jpeg 768w, https:\/\/dioceseteixeiradefreitas.com.br\/wp-content\/uploads\/2025\/01\/IMG_5194-1536x1152.jpeg 1536w, https:\/\/dioceseteixeiradefreitas.com.br\/wp-content\/uploads\/2025\/01\/IMG_5194-2048x1536.jpeg 2048w\" sizes=\"auto, (max-width: 1024px) 100vw, 1024px\" \/><\/a><\/figure>\n\n\n\n<p>Um ponto de grande relev\u00e2ncia tamb\u00e9m foi a import\u00e2ncia das legendas explicativas nas publica\u00e7\u00f5es. \u201cA Igreja \u00e9 muito rica em s\u00edmbolos e ritos, e \u00e9 nosso dever catequizar atrav\u00e9s das nossas postagens\u201d, lembrou Julian. Ele enfatizou que \u00e9 fundamental que as legendas expliquem o que est\u00e1 acontecendo em cada momento lit\u00fargico, ajudando o p\u00fablico a entender os gestos e significados por tr\u00e1s de cada a\u00e7\u00e3o. Ao adicionar essas explica\u00e7\u00f5es, as postagens n\u00e3o apenas informam, mas tamb\u00e9m educam, permitindo que os fi\u00e9is, tanto os que est\u00e3o presentes quanto os que acompanham \u00e0 dist\u00e2ncia, possam vivenciar mais profundamente a experi\u00eancia da f\u00e9.<\/p>\n\n\n\n<p>A tarde de forma\u00e7\u00e3o foi, sem d\u00favida, um momento de grande aprendizado, onde os participantes puderam compartilhar experi\u00eancias, refletir sobre o papel da Pascom e se comprometer ainda mais com a miss\u00e3o de evangelizar.<br>Que Deus aben\u00e7oe o servi\u00e7o de cada agente de pastoral, para que, juntos, possamos levar o Evangelho a tantas almas, com responsabilidade, respeito e zelo pela Igreja.<\/p>\n\n\n\n<figure class=\"wp-block-gallery has-nested-images columns-default is-cropped wp-block-gallery-1 is-layout-flex wp-block-gallery-is-layout-flex\">\n<figure class=\"wp-block-image size-large\"><a href=\"https:\/\/dioceseteixeiradefreitas.com.br\/wp-content\/uploads\/2025\/01\/IMG_5195-scaled.jpeg\"><img loading=\"lazy\" decoding=\"async\" width=\"1024\" height=\"768\" data-id=\"23722\" src=\"https:\/\/dioceseteixeiradefreitas.com.br\/wp-content\/uploads\/2025\/01\/IMG_5195-1024x768.jpeg\" alt=\"\" class=\"wp-image-23722\" srcset=\"https:\/\/dioceseteixeiradefreitas.com.br\/wp-content\/uploads\/2025\/01\/IMG_5195-1024x768.jpeg 1024w, https:\/\/dioceseteixeiradefreitas.com.br\/wp-content\/uploads\/2025\/01\/IMG_5195-300x225.jpeg 300w, https:\/\/dioceseteixeiradefreitas.com.br\/wp-content\/uploads\/2025\/01\/IMG_5195-768x576.jpeg 768w, https:\/\/dioceseteixeiradefreitas.com.br\/wp-content\/uploads\/2025\/01\/IMG_5195-1536x1152.jpeg 1536w, https:\/\/dioceseteixeiradefreitas.com.br\/wp-content\/uploads\/2025\/01\/IMG_5195-2048x1536.jpeg 2048w\" sizes=\"auto, (max-width: 1024px) 100vw, 1024px\" \/><\/a><\/figure>\n\n\n\n<figure class=\"wp-block-image size-large\"><a href=\"https:\/\/dioceseteixeiradefreitas.com.br\/wp-content\/uploads\/2025\/01\/IMG_5192-scaled.jpeg\"><img loading=\"lazy\" decoding=\"async\" width=\"768\" height=\"1024\" data-id=\"23723\" src=\"https:\/\/dioceseteixeiradefreitas.com.br\/wp-content\/uploads\/2025\/01\/IMG_5192-768x1024.jpeg\" alt=\"\" class=\"wp-image-23723\" srcset=\"https:\/\/dioceseteixeiradefreitas.com.br\/wp-content\/uploads\/2025\/01\/IMG_5192-768x1024.jpeg 768w, https:\/\/dioceseteixeiradefreitas.com.br\/wp-content\/uploads\/2025\/01\/IMG_5192-225x300.jpeg 225w, https:\/\/dioceseteixeiradefreitas.com.br\/wp-content\/uploads\/2025\/01\/IMG_5192-1152x1536.jpeg 1152w, https:\/\/dioceseteixeiradefreitas.com.br\/wp-content\/uploads\/2025\/01\/IMG_5192-1536x2048.jpeg 1536w, https:\/\/dioceseteixeiradefreitas.com.br\/wp-content\/uploads\/2025\/01\/IMG_5192-scaled.jpeg 1920w\" sizes=\"auto, (max-width: 768px) 100vw, 768px\" \/><\/a><\/figure>\n\n\n\n<figure class=\"wp-block-image size-large\"><a href=\"https:\/\/dioceseteixeiradefreitas.com.br\/wp-content\/uploads\/2025\/01\/IMG_5190-scaled.jpeg\"><img loading=\"lazy\" decoding=\"async\" width=\"1024\" height=\"768\" data-id=\"23724\" src=\"https:\/\/dioceseteixeiradefreitas.com.br\/wp-content\/uploads\/2025\/01\/IMG_5190-1024x768.jpeg\" alt=\"\" class=\"wp-image-23724\" srcset=\"https:\/\/dioceseteixeiradefreitas.com.br\/wp-content\/uploads\/2025\/01\/IMG_5190-1024x768.jpeg 1024w, https:\/\/dioceseteixeiradefreitas.com.br\/wp-content\/uploads\/2025\/01\/IMG_5190-300x225.jpeg 300w, https:\/\/dioceseteixeiradefreitas.com.br\/wp-content\/uploads\/2025\/01\/IMG_5190-768x576.jpeg 768w, https:\/\/dioceseteixeiradefreitas.com.br\/wp-content\/uploads\/2025\/01\/IMG_5190-1536x1152.jpeg 1536w, https:\/\/dioceseteixeiradefreitas.com.br\/wp-content\/uploads\/2025\/01\/IMG_5190-2048x1536.jpeg 2048w\" sizes=\"auto, (max-width: 1024px) 100vw, 1024px\" \/><\/a><\/figure>\n\n\n\n<figure class=\"wp-block-image size-large\"><a href=\"https:\/\/dioceseteixeiradefreitas.com.br\/wp-content\/uploads\/2025\/01\/IMG_5188-scaled.jpeg\"><img loading=\"lazy\" decoding=\"async\" width=\"1024\" height=\"768\" data-id=\"23726\" src=\"https:\/\/dioceseteixeiradefreitas.com.br\/wp-content\/uploads\/2025\/01\/IMG_5188-1024x768.jpeg\" alt=\"\" class=\"wp-image-23726\" srcset=\"https:\/\/dioceseteixeiradefreitas.com.br\/wp-content\/uploads\/2025\/01\/IMG_5188-1024x768.jpeg 1024w, https:\/\/dioceseteixeiradefreitas.com.br\/wp-content\/uploads\/2025\/01\/IMG_5188-300x225.jpeg 300w, https:\/\/dioceseteixeiradefreitas.com.br\/wp-content\/uploads\/2025\/01\/IMG_5188-768x576.jpeg 768w, https:\/\/dioceseteixeiradefreitas.com.br\/wp-content\/uploads\/2025\/01\/IMG_5188-1536x1152.jpeg 1536w, https:\/\/dioceseteixeiradefreitas.com.br\/wp-content\/uploads\/2025\/01\/IMG_5188-2048x1536.jpeg 2048w\" sizes=\"auto, (max-width: 1024px) 100vw, 1024px\" \/><\/a><\/figure>\n\n\n\n<figure class=\"wp-block-image size-large\"><a href=\"https:\/\/dioceseteixeiradefreitas.com.br\/wp-content\/uploads\/2025\/01\/IMG_5185-scaled.jpeg\"><img loading=\"lazy\" decoding=\"async\" width=\"768\" height=\"1024\" data-id=\"23725\" src=\"https:\/\/dioceseteixeiradefreitas.com.br\/wp-content\/uploads\/2025\/01\/IMG_5185-768x1024.jpeg\" alt=\"\" class=\"wp-image-23725\" srcset=\"https:\/\/dioceseteixeiradefreitas.com.br\/wp-content\/uploads\/2025\/01\/IMG_5185-768x1024.jpeg 768w, https:\/\/dioceseteixeiradefreitas.com.br\/wp-content\/uploads\/2025\/01\/IMG_5185-225x300.jpeg 225w, https:\/\/dioceseteixeiradefreitas.com.br\/wp-content\/uploads\/2025\/01\/IMG_5185-1152x1536.jpeg 1152w, https:\/\/dioceseteixeiradefreitas.com.br\/wp-content\/uploads\/2025\/01\/IMG_5185-1536x2048.jpeg 1536w, https:\/\/dioceseteixeiradefreitas.com.br\/wp-content\/uploads\/2025\/01\/IMG_5185-scaled.jpeg 1920w\" sizes=\"auto, (max-width: 768px) 100vw, 768px\" \/><\/a><\/figure>\n<\/figure>\n","protected":false},"excerpt":{"rendered":"<p>No dia 18 de janeiro, aconteceu em Itamaraju uma importante forma\u00e7\u00e3o para a Pastoral da Comunica\u00e7\u00e3o (Pascom) na Forania Cosme e Dami\u00e3o, da Diocese de Teixeira de Freitas-Caravelas. A tarde foi repleta de aprendizado e partilha, com o objetivo de alinhar e refor\u00e7ar as diretrizes da Pascom para os pr\u00f3ximos desafios. O coordenador diocesano da &hellip;<\/p>\n","protected":false},"author":32,"featured_media":23720,"comment_status":"closed","ping_status":"closed","sticky":false,"template":"","format":"standard","meta":{"footnotes":""},"categories":[100,41],"tags":[],"class_list":["post-23719","post","type-post","status-publish","format-standard","has-post-thumbnail","hentry","category-noticias-diocesanas","category-noticias_destaque"],"_links":{"self":[{"href":"https:\/\/dioceseteixeiradefreitas.com.br\/index.php?rest_route=\/wp\/v2\/posts\/23719","targetHints":{"allow":["GET"]}}],"collection":[{"href":"https:\/\/dioceseteixeiradefreitas.com.br\/index.php?rest_route=\/wp\/v2\/posts"}],"about":[{"href":"https:\/\/dioceseteixeiradefreitas.com.br\/index.php?rest_route=\/wp\/v2\/types\/post"}],"author":[{"embeddable":true,"href":"https:\/\/dioceseteixeiradefreitas.com.br\/index.php?rest_route=\/wp\/v2\/users\/32"}],"replies":[{"embeddable":true,"href":"https:\/\/dioceseteixeiradefreitas.com.br\/index.php?rest_route=%2Fwp%2Fv2%2Fcomments&post=23719"}],"version-history":[{"count":2,"href":"https:\/\/dioceseteixeiradefreitas.com.br\/index.php?rest_route=\/wp\/v2\/posts\/23719\/revisions"}],"predecessor-version":[{"id":23728,"href":"https:\/\/dioceseteixeiradefreitas.com.br\/index.php?rest_route=\/wp\/v2\/posts\/23719\/revisions\/23728"}],"wp:featuredmedia":[{"embeddable":true,"href":"https:\/\/dioceseteixeiradefreitas.com.br\/index.php?rest_route=\/wp\/v2\/media\/23720"}],"wp:attachment":[{"href":"https:\/\/dioceseteixeiradefreitas.com.br\/index.php?rest_route=%2Fwp%2Fv2%2Fmedia&parent=23719"}],"wp:term":[{"taxonomy":"category","embeddable":true,"href":"https:\/\/dioceseteixeiradefreitas.com.br\/index.php?rest_route=%2Fwp%2Fv2%2Fcategories&post=23719"},{"taxonomy":"post_tag","embeddable":true,"href":"https:\/\/dioceseteixeiradefreitas.com.br\/index.php?rest_route=%2Fwp%2Fv2%2Ftags&post=23719"}],"curies":[{"name":"wp","href":"https:\/\/api.w.org\/{rel}","templated":true}]}}