{"id":23729,"date":"2025-02-02T06:48:16","date_gmt":"2025-02-02T09:48:16","guid":{"rendered":"https:\/\/dioceseteixeiradefreitas.com.br\/?p=23729"},"modified":"2025-02-02T06:48:17","modified_gmt":"2025-02-02T09:48:17","slug":"convite-para-a-abertura-solene-do-ano-judicial-2025","status":"publish","type":"post","link":"https:\/\/dioceseteixeiradefreitas.com.br\/?p=23729","title":{"rendered":"Convite para a Abertura Solene do Ano Judicial 2025."},"content":{"rendered":"\n<figure class=\"wp-block-image size-large\"><a href=\"https:\/\/dioceseteixeiradefreitas.com.br\/wp-content\/uploads\/2025\/02\/3e1b6ee1-ecb6-4561-88c8-08c39d16d6a8.jpeg\"><img loading=\"lazy\" decoding=\"async\" width=\"726\" height=\"1024\" src=\"https:\/\/dioceseteixeiradefreitas.com.br\/wp-content\/uploads\/2025\/02\/3e1b6ee1-ecb6-4561-88c8-08c39d16d6a8-726x1024.jpeg\" alt=\"\" class=\"wp-image-23730\" srcset=\"https:\/\/dioceseteixeiradefreitas.com.br\/wp-content\/uploads\/2025\/02\/3e1b6ee1-ecb6-4561-88c8-08c39d16d6a8-726x1024.jpeg 726w, https:\/\/dioceseteixeiradefreitas.com.br\/wp-content\/uploads\/2025\/02\/3e1b6ee1-ecb6-4561-88c8-08c39d16d6a8-213x300.jpeg 213w, https:\/\/dioceseteixeiradefreitas.com.br\/wp-content\/uploads\/2025\/02\/3e1b6ee1-ecb6-4561-88c8-08c39d16d6a8-768x1083.jpeg 768w, https:\/\/dioceseteixeiradefreitas.com.br\/wp-content\/uploads\/2025\/02\/3e1b6ee1-ecb6-4561-88c8-08c39d16d6a8-1090x1536.jpeg 1090w, https:\/\/dioceseteixeiradefreitas.com.br\/wp-content\/uploads\/2025\/02\/3e1b6ee1-ecb6-4561-88c8-08c39d16d6a8.jpeg 1240w\" sizes=\"auto, (max-width: 726px) 100vw, 726px\" \/><\/a><\/figure>\n\n\n\n<p>Com alegria e devo\u00e7\u00e3o, o Vig\u00e1rio Judicial , Padre Vanderley, convida o clero, religiosos, religiosas e todos os fi\u00e9is das Dioceses de Eun\u00e1polis, Itabuna e Teixeira de Freitas para a Sess\u00e3o Solene de Abertura do Ano Judicial de 2025.<\/p>\n\n\n\n<p>O evento acontecer\u00e1 no dia <strong>20 de fevereiro de 2025, quinta-feira, \u00e0s 15h, na Igreja Matriz da Par\u00f3quia S\u00e3o Pedro, em Teixeira de Freitas<\/strong>.<\/p>\n\n\n\n<p>Este momento ser\u00e1 enriquecido com uma reflex\u00e3o sobre o tema:<strong> \u201cO Poder Judici\u00e1rio na Igreja: A Necessidade e o Sentido da Justi\u00e7a Eclesi\u00e1stica Can\u00f4nica\u201d<\/strong>, que nos ajudar\u00e1 a compreender melhor a aplica\u00e7\u00e3o da justi\u00e7a na Igreja e sua relev\u00e2ncia no contexto da f\u00e9.<\/p>\n\n\n\n<p>Contamos com sua presen\u00e7a para, juntos, darmos in\u00edcio a este novo ano judicial.<\/p>\n","protected":false},"excerpt":{"rendered":"<p>Com alegria e devo\u00e7\u00e3o, o Vig\u00e1rio Judicial , Padre Vanderley, convida o clero, religiosos, religiosas e todos os fi\u00e9is das Dioceses de Eun\u00e1polis, Itabuna e Teixeira de Freitas para a Sess\u00e3o Solene de Abertura do Ano Judicial de 2025. O evento acontecer\u00e1 no dia 20 de fevereiro de 2025, quinta-feira, \u00e0s 15h, na Igreja Matriz &hellip;<\/p>\n","protected":false},"author":32,"featured_media":23730,"comment_status":"closed","ping_status":"closed","sticky":false,"template":"","format":"standard","meta":{"footnotes":""},"categories":[100,41],"tags":[],"class_list":["post-23729","post","type-post","status-publish","format-standard","has-post-thumbnail","hentry","category-noticias-diocesanas","category-noticias_destaque"],"_links":{"self":[{"href":"https:\/\/dioceseteixeiradefreitas.com.br\/index.php?rest_route=\/wp\/v2\/posts\/23729","targetHints":{"allow":["GET"]}}],"collection":[{"href":"https:\/\/dioceseteixeiradefreitas.com.br\/index.php?rest_route=\/wp\/v2\/posts"}],"about":[{"href":"https:\/\/dioceseteixeiradefreitas.com.br\/index.php?rest_route=\/wp\/v2\/types\/post"}],"author":[{"embeddable":true,"href":"https:\/\/dioceseteixeiradefreitas.com.br\/index.php?rest_route=\/wp\/v2\/users\/32"}],"replies":[{"embeddable":true,"href":"https:\/\/dioceseteixeiradefreitas.com.br\/index.php?rest_route=%2Fwp%2Fv2%2Fcomments&post=23729"}],"version-history":[{"count":1,"href":"https:\/\/dioceseteixeiradefreitas.com.br\/index.php?rest_route=\/wp\/v2\/posts\/23729\/revisions"}],"predecessor-version":[{"id":23731,"href":"https:\/\/dioceseteixeiradefreitas.com.br\/index.php?rest_route=\/wp\/v2\/posts\/23729\/revisions\/23731"}],"wp:featuredmedia":[{"embeddable":true,"href":"https:\/\/dioceseteixeiradefreitas.com.br\/index.php?rest_route=\/wp\/v2\/media\/23730"}],"wp:attachment":[{"href":"https:\/\/dioceseteixeiradefreitas.com.br\/index.php?rest_route=%2Fwp%2Fv2%2Fmedia&parent=23729"}],"wp:term":[{"taxonomy":"category","embeddable":true,"href":"https:\/\/dioceseteixeiradefreitas.com.br\/index.php?rest_route=%2Fwp%2Fv2%2Fcategories&post=23729"},{"taxonomy":"post_tag","embeddable":true,"href":"https:\/\/dioceseteixeiradefreitas.com.br\/index.php?rest_route=%2Fwp%2Fv2%2Ftags&post=23729"}],"curies":[{"name":"wp","href":"https:\/\/api.w.org\/{rel}","templated":true}]}}