{"id":23741,"date":"2025-02-09T15:52:54","date_gmt":"2025-02-09T18:52:54","guid":{"rendered":"https:\/\/dioceseteixeiradefreitas.com.br\/?p=23741"},"modified":"2025-02-09T20:20:26","modified_gmt":"2025-02-09T23:20:26","slug":"ordenacao-presbiteral-de-david-oliveira-um-momento-de-fe-e-renovacao-em-itamaraju","status":"publish","type":"post","link":"https:\/\/dioceseteixeiradefreitas.com.br\/?p=23741","title":{"rendered":"Ordena\u00e7\u00e3o Presbiteral de David Oliveira: Um Momento de F\u00e9 e Renova\u00e7\u00e3o em Itamaraju."},"content":{"rendered":"\n<figure class=\"wp-block-image size-large\"><a href=\"https:\/\/dioceseteixeiradefreitas.com.br\/wp-content\/uploads\/2025\/02\/WhatsApp-Image-2025-02-09-at-09.41.35.jpeg\"><img loading=\"lazy\" decoding=\"async\" width=\"768\" height=\"1024\" src=\"https:\/\/dioceseteixeiradefreitas.com.br\/wp-content\/uploads\/2025\/02\/WhatsApp-Image-2025-02-09-at-09.41.35-768x1024.jpeg\" alt=\"\" class=\"wp-image-23742\" srcset=\"https:\/\/dioceseteixeiradefreitas.com.br\/wp-content\/uploads\/2025\/02\/WhatsApp-Image-2025-02-09-at-09.41.35-768x1024.jpeg 768w, https:\/\/dioceseteixeiradefreitas.com.br\/wp-content\/uploads\/2025\/02\/WhatsApp-Image-2025-02-09-at-09.41.35-225x300.jpeg 225w, https:\/\/dioceseteixeiradefreitas.com.br\/wp-content\/uploads\/2025\/02\/WhatsApp-Image-2025-02-09-at-09.41.35-1152x1536.jpeg 1152w, https:\/\/dioceseteixeiradefreitas.com.br\/wp-content\/uploads\/2025\/02\/WhatsApp-Image-2025-02-09-at-09.41.35.jpeg 1200w\" sizes=\"auto, (max-width: 768px) 100vw, 768px\" \/><\/a><\/figure>\n\n\n\n<p>No dia 08 de fevereiro de 2025, a Igreja Nossa Senhora de F\u00e1tima, em Itamaraju, viveu um momento de profunda emo\u00e7\u00e3o e renova\u00e7\u00e3o espiritual. Durante a celebra\u00e7\u00e3o da Eucaristia, a comunidade se reuniu para testemunhar a ordena\u00e7\u00e3o presbiteral de David Oliveira, um acontecimento que marca o in\u00edcio de uma nova etapa no servi\u00e7o pastoral da Diocese.<br><em>O Lema Sacerdotal: A Jesus por Maria<\/em><\/p>\n\n\n\n<p>O Di\u00e1cono David, que tem como lema sacerdotal <em>\u201cAd Iesum per Mariam\u201d<\/em> \u2013 \u201cA Jesus por Maria\u201d, reflete em sua voca\u00e7\u00e3o o profundo desejo de seguir a Cristo com a intercess\u00e3o de Nossa Senhora, que sempre o acompanhou em sua jornada de f\u00e9. O lema \u00e9 uma express\u00e3o da sua confian\u00e7a em Maria, M\u00e3e que o guia at\u00e9 Jesus, e serve de inspira\u00e7\u00e3o para seu futuro minist\u00e9rio sacerdotal.<br><em>A Celebra\u00e7\u00e3o da Ordena\u00e7\u00e3o<\/em><\/p>\n\n\n\n<p>A ordena\u00e7\u00e3o presbiteral ocorre no contexto da liturgia eucar\u00edstica, onde, ap\u00f3s a Liturgia da Palavra, inicia-se o rito de ordena\u00e7\u00e3o. Nesta cerim\u00f4nia solene, David Oliveira foi apresentado ao Bispo Diocesano Dom Ja\u00edlton Lino. Em um gesto de humildade e respeito, o candidato dirigiu-se ao bispo e beijou-lhe a m\u00e3o, simbolizando sua entrega total ao chamado divino e \u00e0 miss\u00e3o de servir o povo de Deus.<\/p>\n\n\n\n<p><em>Apresenta\u00e7\u00e3o do Candidato<\/em><\/p>\n\n\n\n<p>Presidida por Dom Ja\u00edlton Lino, a cerim\u00f4nia iniciou com a un\u00e7\u00e3o e a imposi\u00e7\u00e3o das m\u00e3os sobre David Oliveira. Este gesto sagrado, que consagra o minist\u00e9rio sacerdotal, representou a transmiss\u00e3o da responsabilidade e da gra\u00e7a que acompanham o dom de ser sacerdote. Assim, David ingressou na vida ativa do sacerd\u00f3cio, comprometido em viver e propagar os ensinamentos do Evangelho com amor e dedica\u00e7\u00e3o.<\/p>\n\n\n\n<p><em>Homilia Inspiradora<\/em><\/p>\n\n\n\n<p>Em sua homilia, o bispo Dom Ja\u00edlton Lino dirigiu palavras emocionantes ao Di\u00e1cono David, ressaltando sua trajet\u00f3ria vocacional e a import\u00e2ncia do sacerd\u00f3cio:<\/p>\n\n\n\n<blockquote class=\"wp-block-quote is-layout-flow wp-block-quote-is-layout-flow\">\n<p><em>\u201cCaro Di\u00e1cono David! Avan\u00e7as hoje, pela imposi\u00e7\u00e3o de nossas m\u00e3os e pela prece da Igreja, do diaconato ao presbiterato. Di\u00e1cono em um dia, sacerdote daqui a pouco\u2026 Mas sempre servidor de Deus.<\/em><br><em>Hoje estamos nesta igreja, neste bairro que voc\u00ea conhece bem, onde cresceste. Aqui aprendeste as coisas de Deus, deste os primeiros passos na f\u00e9, no engajamento comunit\u00e1rio e serviste como colaborador de alguns padres que passaram por esta par\u00f3quia.<\/em><br><em>E hoje voltas, como Jesus, ao local onde foste criado. Entras na Igreja de F\u00e1tima em um s\u00e1bado e, em breve, levantar-te-\u00e1s para dizer que queres o grau de presb\u00edtero, um fiel colaborador da ordem episcopal, apascentando o rebanho do Senhor sob a dire\u00e7\u00e3o do Esp\u00edrito Santo.\u201d<\/em><\/p>\n<\/blockquote>\n\n\n\n<p>O bispo ainda destacou a miss\u00e3o sacerdotal de David Oliveira ao citar as palavras de Jesus na sinagoga de Nazar\u00e9, refor\u00e7ando que essa passagem deve ser um fundamento para sua vida e minist\u00e9rio:<\/p>\n\n\n\n<blockquote class=\"wp-block-quote is-layout-flow wp-block-quote-is-layout-flow\">\n<p><em>&#8220;O Esp\u00edrito do Senhor est\u00e1 sobre mim, porque Ele me consagrou com a un\u00e7\u00e3o&#8221; \u2013 proclamou Jesus nas sinagogas de Nazar\u00e9 \u2013 &#8220;Me ungiu com a un\u00e7\u00e3o para anunciar a Boa Nova aos pobres, enviou-me para proclamar a liberta\u00e7\u00e3o aos cativos e aos cegos a recupera\u00e7\u00e3o da vista, para libertar os oprimidos e para proclamar o ano aceit\u00e1vel do Senhor&#8221; (cf. Lc 4,18-19).<\/em><\/p>\n<\/blockquote>\n\n\n\n<p>O bispo concluiu afirmando que essa passagem, que marcou o minist\u00e9rio de Cristo, deve ser uma realidade concreta no sacerd\u00f3cio de David, e n\u00e3o apenas algo abstrato.<\/p>\n\n\n\n<p><em>Ladainha de Ora\u00e7\u00f5es<\/em><\/p>\n\n\n\n<p>Seguindo o rito, o bispo convidou a comunidade a elevar preces intercessoras, rogando a Deus que derramasse sobre David Oliveira a gra\u00e7a e a fortaleza necess\u00e1rias para seu novo minist\u00e9rio. Enquanto o candidato se entregava \u00e0 ora\u00e7\u00e3o, os fi\u00e9is entoaram uma ladainha, unindo suas vozes em um clamor pela b\u00ean\u00e7\u00e3o do Esp\u00edrito Santo. Ao final deste momento, Dom Ja\u00edlton Lino rezou pedindo que a gra\u00e7a sacerdotal se fizesse presente em cada a\u00e7\u00e3o e palavra do novo presb\u00edtero.<\/p>\n\n\n\n<p><em>O In\u00edcio do Minist\u00e9rio Presbiteral<\/em><\/p>\n\n\n\n<p>A celebra\u00e7\u00e3o prosseguiu com a continua\u00e7\u00e3o da liturgia eucar\u00edstica, na qual David Oliveira exerceu, pela primeira vez, seu minist\u00e9rio sacerdotal. Ao concelebrar com o bispo e os demais presb\u00edteros, o novo sacerdote reafirmou seu compromisso de ser um instrumento vivo da paz, da miseric\u00f3rdia e da evangeliza\u00e7\u00e3o.<\/p>\n\n\n\n<p>Agora, como presb\u00edtero, David Oliveira assume a miss\u00e3o de conduzir as celebra\u00e7\u00f5es sacramentais, cuidar da alma dos fi\u00e9is e trabalhar em prol da comunidade, especialmente dos necessitados. Este momento representa um passo importante em sua voca\u00e7\u00e3o, abrindo caminho para uma trajet\u00f3ria de servi\u00e7o, amor e dedica\u00e7\u00e3o \u00e0 Santa M\u00e3e Igreja.<\/p>\n\n\n\n<p>A ordena\u00e7\u00e3o presbiteral de David Oliveira, ocorrida na Igreja Nossa Senhora de F\u00e1tima em Itamaraju, foi um momento singular de gra\u00e7a e esperan\u00e7a. A cerim\u00f4nia, repleta de ritos e ora\u00e7\u00f5es, n\u00e3o apenas consagrou um novo ministro do Evangelho, mas tamb\u00e9m renovou o esp\u00edrito da comunidade, reafirmando o compromisso da Igreja em ser luz e orienta\u00e7\u00e3o em meio aos desafios do mundo contempor\u00e2neo.<\/p>\n\n\n\n<p>Que o Esp\u00edrito Santo acompanhe cada passo do minist\u00e9rio de David Oliveira, iluminando sua jornada e fortalecendo a f\u00e9 de todos os que encontram nele um verdadeiro pastor e amigo.<\/p>\n\n\n\n<p><strong>Fotos<\/strong> : Pascom Nossa Senhora de F\u00e1tima<br><strong>Mat\u00e9ria<\/strong> : Luiza Bomgestab<br><strong>Transmiss\u00e3o<\/strong>: Pascom Nossa Senhora de F\u00e1tima<\/p>\n\n\n\n<figure class=\"wp-block-gallery has-nested-images columns-default is-cropped wp-block-gallery-1 is-layout-flex wp-block-gallery-is-layout-flex\">\n<figure class=\"wp-block-image size-large\"><a href=\"https:\/\/dioceseteixeiradefreitas.com.br\/wp-content\/uploads\/2025\/02\/WhatsApp-Image-2025-02-09-at-09.41.57-4.jpeg\"><img loading=\"lazy\" decoding=\"async\" width=\"768\" height=\"1024\" data-id=\"23743\" src=\"https:\/\/dioceseteixeiradefreitas.com.br\/wp-content\/uploads\/2025\/02\/WhatsApp-Image-2025-02-09-at-09.41.57-4-768x1024.jpeg\" alt=\"\" class=\"wp-image-23743\" srcset=\"https:\/\/dioceseteixeiradefreitas.com.br\/wp-content\/uploads\/2025\/02\/WhatsApp-Image-2025-02-09-at-09.41.57-4-768x1024.jpeg 768w, https:\/\/dioceseteixeiradefreitas.com.br\/wp-content\/uploads\/2025\/02\/WhatsApp-Image-2025-02-09-at-09.41.57-4-225x300.jpeg 225w, https:\/\/dioceseteixeiradefreitas.com.br\/wp-content\/uploads\/2025\/02\/WhatsApp-Image-2025-02-09-at-09.41.57-4-1152x1536.jpeg 1152w, https:\/\/dioceseteixeiradefreitas.com.br\/wp-content\/uploads\/2025\/02\/WhatsApp-Image-2025-02-09-at-09.41.57-4.jpeg 1200w\" sizes=\"auto, (max-width: 768px) 100vw, 768px\" \/><\/a><\/figure>\n\n\n\n<figure class=\"wp-block-image size-large\"><a href=\"https:\/\/dioceseteixeiradefreitas.com.br\/wp-content\/uploads\/2025\/02\/WhatsApp-Image-2025-02-09-at-09.41.57-2.jpeg\"><img loading=\"lazy\" decoding=\"async\" width=\"768\" height=\"1024\" data-id=\"23744\" src=\"https:\/\/dioceseteixeiradefreitas.com.br\/wp-content\/uploads\/2025\/02\/WhatsApp-Image-2025-02-09-at-09.41.57-2-768x1024.jpeg\" alt=\"\" class=\"wp-image-23744\" srcset=\"https:\/\/dioceseteixeiradefreitas.com.br\/wp-content\/uploads\/2025\/02\/WhatsApp-Image-2025-02-09-at-09.41.57-2-768x1024.jpeg 768w, https:\/\/dioceseteixeiradefreitas.com.br\/wp-content\/uploads\/2025\/02\/WhatsApp-Image-2025-02-09-at-09.41.57-2-225x300.jpeg 225w, https:\/\/dioceseteixeiradefreitas.com.br\/wp-content\/uploads\/2025\/02\/WhatsApp-Image-2025-02-09-at-09.41.57-2-1152x1536.jpeg 1152w, https:\/\/dioceseteixeiradefreitas.com.br\/wp-content\/uploads\/2025\/02\/WhatsApp-Image-2025-02-09-at-09.41.57-2.jpeg 1200w\" sizes=\"auto, (max-width: 768px) 100vw, 768px\" \/><\/a><\/figure>\n\n\n\n<figure class=\"wp-block-image size-large\"><a href=\"https:\/\/dioceseteixeiradefreitas.com.br\/wp-content\/uploads\/2025\/02\/WhatsApp-Image-2025-02-09-at-09.41.56-1.jpeg\"><img loading=\"lazy\" decoding=\"async\" width=\"576\" height=\"1024\" data-id=\"23763\" src=\"https:\/\/dioceseteixeiradefreitas.com.br\/wp-content\/uploads\/2025\/02\/WhatsApp-Image-2025-02-09-at-09.41.56-1-576x1024.jpeg\" alt=\"\" class=\"wp-image-23763\" srcset=\"https:\/\/dioceseteixeiradefreitas.com.br\/wp-content\/uploads\/2025\/02\/WhatsApp-Image-2025-02-09-at-09.41.56-1-576x1024.jpeg 576w, https:\/\/dioceseteixeiradefreitas.com.br\/wp-content\/uploads\/2025\/02\/WhatsApp-Image-2025-02-09-at-09.41.56-1-169x300.jpeg 169w, https:\/\/dioceseteixeiradefreitas.com.br\/wp-content\/uploads\/2025\/02\/WhatsApp-Image-2025-02-09-at-09.41.56-1-768x1365.jpeg 768w, https:\/\/dioceseteixeiradefreitas.com.br\/wp-content\/uploads\/2025\/02\/WhatsApp-Image-2025-02-09-at-09.41.56-1-864x1536.jpeg 864w, https:\/\/dioceseteixeiradefreitas.com.br\/wp-content\/uploads\/2025\/02\/WhatsApp-Image-2025-02-09-at-09.41.56-1.jpeg 900w\" sizes=\"auto, (max-width: 576px) 100vw, 576px\" \/><\/a><\/figure>\n\n\n\n<figure class=\"wp-block-image size-large\"><a href=\"https:\/\/dioceseteixeiradefreitas.com.br\/wp-content\/uploads\/2025\/02\/WhatsApp-Image-2025-02-09-at-09.41.56.jpeg\"><img loading=\"lazy\" decoding=\"async\" width=\"768\" height=\"1024\" data-id=\"23764\" src=\"https:\/\/dioceseteixeiradefreitas.com.br\/wp-content\/uploads\/2025\/02\/WhatsApp-Image-2025-02-09-at-09.41.56-768x1024.jpeg\" alt=\"\" class=\"wp-image-23764\" srcset=\"https:\/\/dioceseteixeiradefreitas.com.br\/wp-content\/uploads\/2025\/02\/WhatsApp-Image-2025-02-09-at-09.41.56-768x1024.jpeg 768w, https:\/\/dioceseteixeiradefreitas.com.br\/wp-content\/uploads\/2025\/02\/WhatsApp-Image-2025-02-09-at-09.41.56-225x300.jpeg 225w, https:\/\/dioceseteixeiradefreitas.com.br\/wp-content\/uploads\/2025\/02\/WhatsApp-Image-2025-02-09-at-09.41.56-1152x1536.jpeg 1152w, https:\/\/dioceseteixeiradefreitas.com.br\/wp-content\/uploads\/2025\/02\/WhatsApp-Image-2025-02-09-at-09.41.56.jpeg 1200w\" sizes=\"auto, (max-width: 768px) 100vw, 768px\" \/><\/a><\/figure>\n\n\n\n<figure class=\"wp-block-image size-large\"><a href=\"https:\/\/dioceseteixeiradefreitas.com.br\/wp-content\/uploads\/2025\/02\/WhatsApp-Image-2025-02-09-at-09.41.55-2.jpeg\"><img loading=\"lazy\" decoding=\"async\" width=\"768\" height=\"1024\" data-id=\"23778\" src=\"https:\/\/dioceseteixeiradefreitas.com.br\/wp-content\/uploads\/2025\/02\/WhatsApp-Image-2025-02-09-at-09.41.55-2-768x1024.jpeg\" alt=\"\" class=\"wp-image-23778\" srcset=\"https:\/\/dioceseteixeiradefreitas.com.br\/wp-content\/uploads\/2025\/02\/WhatsApp-Image-2025-02-09-at-09.41.55-2-768x1024.jpeg 768w, https:\/\/dioceseteixeiradefreitas.com.br\/wp-content\/uploads\/2025\/02\/WhatsApp-Image-2025-02-09-at-09.41.55-2-225x300.jpeg 225w, https:\/\/dioceseteixeiradefreitas.com.br\/wp-content\/uploads\/2025\/02\/WhatsApp-Image-2025-02-09-at-09.41.55-2-1152x1536.jpeg 1152w, https:\/\/dioceseteixeiradefreitas.com.br\/wp-content\/uploads\/2025\/02\/WhatsApp-Image-2025-02-09-at-09.41.55-2.jpeg 1200w\" sizes=\"auto, (max-width: 768px) 100vw, 768px\" \/><\/a><\/figure>\n\n\n\n<figure class=\"wp-block-image size-large\"><a href=\"https:\/\/dioceseteixeiradefreitas.com.br\/wp-content\/uploads\/2025\/02\/WhatsApp-Image-2025-02-09-at-09.41.55-1.jpeg\"><img loading=\"lazy\" decoding=\"async\" width=\"768\" height=\"1024\" data-id=\"23792\" src=\"https:\/\/dioceseteixeiradefreitas.com.br\/wp-content\/uploads\/2025\/02\/WhatsApp-Image-2025-02-09-at-09.41.55-1-768x1024.jpeg\" alt=\"\" class=\"wp-image-23792\" srcset=\"https:\/\/dioceseteixeiradefreitas.com.br\/wp-content\/uploads\/2025\/02\/WhatsApp-Image-2025-02-09-at-09.41.55-1-768x1024.jpeg 768w, https:\/\/dioceseteixeiradefreitas.com.br\/wp-content\/uploads\/2025\/02\/WhatsApp-Image-2025-02-09-at-09.41.55-1-225x300.jpeg 225w, https:\/\/dioceseteixeiradefreitas.com.br\/wp-content\/uploads\/2025\/02\/WhatsApp-Image-2025-02-09-at-09.41.55-1-1152x1536.jpeg 1152w, https:\/\/dioceseteixeiradefreitas.com.br\/wp-content\/uploads\/2025\/02\/WhatsApp-Image-2025-02-09-at-09.41.55-1.jpeg 1200w\" sizes=\"auto, (max-width: 768px) 100vw, 768px\" \/><\/a><\/figure>\n\n\n\n<figure class=\"wp-block-image size-large\"><a href=\"https:\/\/dioceseteixeiradefreitas.com.br\/wp-content\/uploads\/2025\/02\/WhatsApp-Image-2025-02-09-at-09.41.55.jpeg\"><img loading=\"lazy\" decoding=\"async\" width=\"768\" height=\"1024\" data-id=\"23781\" src=\"https:\/\/dioceseteixeiradefreitas.com.br\/wp-content\/uploads\/2025\/02\/WhatsApp-Image-2025-02-09-at-09.41.55-768x1024.jpeg\" alt=\"\" class=\"wp-image-23781\" srcset=\"https:\/\/dioceseteixeiradefreitas.com.br\/wp-content\/uploads\/2025\/02\/WhatsApp-Image-2025-02-09-at-09.41.55-768x1024.jpeg 768w, https:\/\/dioceseteixeiradefreitas.com.br\/wp-content\/uploads\/2025\/02\/WhatsApp-Image-2025-02-09-at-09.41.55-225x300.jpeg 225w, https:\/\/dioceseteixeiradefreitas.com.br\/wp-content\/uploads\/2025\/02\/WhatsApp-Image-2025-02-09-at-09.41.55-1152x1536.jpeg 1152w, https:\/\/dioceseteixeiradefreitas.com.br\/wp-content\/uploads\/2025\/02\/WhatsApp-Image-2025-02-09-at-09.41.55.jpeg 1200w\" sizes=\"auto, (max-width: 768px) 100vw, 768px\" \/><\/a><\/figure>\n\n\n\n<figure class=\"wp-block-image size-large\"><a href=\"https:\/\/dioceseteixeiradefreitas.com.br\/wp-content\/uploads\/2025\/02\/WhatsApp-Image-2025-02-09-at-09.41.54-3.jpeg\"><img loading=\"lazy\" decoding=\"async\" width=\"768\" height=\"1024\" data-id=\"23773\" src=\"https:\/\/dioceseteixeiradefreitas.com.br\/wp-content\/uploads\/2025\/02\/WhatsApp-Image-2025-02-09-at-09.41.54-3-768x1024.jpeg\" alt=\"\" class=\"wp-image-23773\" srcset=\"https:\/\/dioceseteixeiradefreitas.com.br\/wp-content\/uploads\/2025\/02\/WhatsApp-Image-2025-02-09-at-09.41.54-3-768x1024.jpeg 768w, https:\/\/dioceseteixeiradefreitas.com.br\/wp-content\/uploads\/2025\/02\/WhatsApp-Image-2025-02-09-at-09.41.54-3-225x300.jpeg 225w, https:\/\/dioceseteixeiradefreitas.com.br\/wp-content\/uploads\/2025\/02\/WhatsApp-Image-2025-02-09-at-09.41.54-3-1152x1536.jpeg 1152w, https:\/\/dioceseteixeiradefreitas.com.br\/wp-content\/uploads\/2025\/02\/WhatsApp-Image-2025-02-09-at-09.41.54-3.jpeg 1200w\" sizes=\"auto, (max-width: 768px) 100vw, 768px\" \/><\/a><\/figure>\n\n\n\n<figure class=\"wp-block-image size-large\"><a href=\"https:\/\/dioceseteixeiradefreitas.com.br\/wp-content\/uploads\/2025\/02\/WhatsApp-Image-2025-02-09-at-09.41.54-2.jpeg\"><img loading=\"lazy\" decoding=\"async\" width=\"576\" height=\"1024\" data-id=\"23779\" src=\"https:\/\/dioceseteixeiradefreitas.com.br\/wp-content\/uploads\/2025\/02\/WhatsApp-Image-2025-02-09-at-09.41.54-2-576x1024.jpeg\" alt=\"\" class=\"wp-image-23779\" srcset=\"https:\/\/dioceseteixeiradefreitas.com.br\/wp-content\/uploads\/2025\/02\/WhatsApp-Image-2025-02-09-at-09.41.54-2-576x1024.jpeg 576w, https:\/\/dioceseteixeiradefreitas.com.br\/wp-content\/uploads\/2025\/02\/WhatsApp-Image-2025-02-09-at-09.41.54-2-169x300.jpeg 169w, https:\/\/dioceseteixeiradefreitas.com.br\/wp-content\/uploads\/2025\/02\/WhatsApp-Image-2025-02-09-at-09.41.54-2-768x1365.jpeg 768w, https:\/\/dioceseteixeiradefreitas.com.br\/wp-content\/uploads\/2025\/02\/WhatsApp-Image-2025-02-09-at-09.41.54-2-864x1536.jpeg 864w, https:\/\/dioceseteixeiradefreitas.com.br\/wp-content\/uploads\/2025\/02\/WhatsApp-Image-2025-02-09-at-09.41.54-2.jpeg 900w\" sizes=\"auto, (max-width: 576px) 100vw, 576px\" \/><\/a><\/figure>\n\n\n\n<figure class=\"wp-block-image size-large\"><a href=\"https:\/\/dioceseteixeiradefreitas.com.br\/wp-content\/uploads\/2025\/02\/WhatsApp-Image-2025-02-09-at-09.41.54-1.jpeg\"><img loading=\"lazy\" decoding=\"async\" width=\"576\" height=\"1024\" data-id=\"23774\" src=\"https:\/\/dioceseteixeiradefreitas.com.br\/wp-content\/uploads\/2025\/02\/WhatsApp-Image-2025-02-09-at-09.41.54-1-576x1024.jpeg\" alt=\"\" class=\"wp-image-23774\" srcset=\"https:\/\/dioceseteixeiradefreitas.com.br\/wp-content\/uploads\/2025\/02\/WhatsApp-Image-2025-02-09-at-09.41.54-1-576x1024.jpeg 576w, https:\/\/dioceseteixeiradefreitas.com.br\/wp-content\/uploads\/2025\/02\/WhatsApp-Image-2025-02-09-at-09.41.54-1-169x300.jpeg 169w, https:\/\/dioceseteixeiradefreitas.com.br\/wp-content\/uploads\/2025\/02\/WhatsApp-Image-2025-02-09-at-09.41.54-1-768x1365.jpeg 768w, https:\/\/dioceseteixeiradefreitas.com.br\/wp-content\/uploads\/2025\/02\/WhatsApp-Image-2025-02-09-at-09.41.54-1-864x1536.jpeg 864w, https:\/\/dioceseteixeiradefreitas.com.br\/wp-content\/uploads\/2025\/02\/WhatsApp-Image-2025-02-09-at-09.41.54-1.jpeg 900w\" sizes=\"auto, (max-width: 576px) 100vw, 576px\" \/><\/a><\/figure>\n\n\n\n<figure class=\"wp-block-image size-large\"><a href=\"https:\/\/dioceseteixeiradefreitas.com.br\/wp-content\/uploads\/2025\/02\/WhatsApp-Image-2025-02-09-at-09.41.39-2.jpeg\"><img loading=\"lazy\" decoding=\"async\" width=\"768\" height=\"1024\" data-id=\"23793\" src=\"https:\/\/dioceseteixeiradefreitas.com.br\/wp-content\/uploads\/2025\/02\/WhatsApp-Image-2025-02-09-at-09.41.39-2-768x1024.jpeg\" alt=\"\" class=\"wp-image-23793\" srcset=\"https:\/\/dioceseteixeiradefreitas.com.br\/wp-content\/uploads\/2025\/02\/WhatsApp-Image-2025-02-09-at-09.41.39-2-768x1024.jpeg 768w, https:\/\/dioceseteixeiradefreitas.com.br\/wp-content\/uploads\/2025\/02\/WhatsApp-Image-2025-02-09-at-09.41.39-2-225x300.jpeg 225w, https:\/\/dioceseteixeiradefreitas.com.br\/wp-content\/uploads\/2025\/02\/WhatsApp-Image-2025-02-09-at-09.41.39-2-1152x1536.jpeg 1152w, https:\/\/dioceseteixeiradefreitas.com.br\/wp-content\/uploads\/2025\/02\/WhatsApp-Image-2025-02-09-at-09.41.39-2.jpeg 1200w\" sizes=\"auto, (max-width: 768px) 100vw, 768px\" \/><\/a><\/figure>\n\n\n\n<figure class=\"wp-block-image size-large\"><a href=\"https:\/\/dioceseteixeiradefreitas.com.br\/wp-content\/uploads\/2025\/02\/WhatsApp-Image-2025-02-09-at-09.41.39-1.jpeg\"><img loading=\"lazy\" decoding=\"async\" width=\"768\" height=\"1024\" data-id=\"23794\" src=\"https:\/\/dioceseteixeiradefreitas.com.br\/wp-content\/uploads\/2025\/02\/WhatsApp-Image-2025-02-09-at-09.41.39-1-768x1024.jpeg\" alt=\"\" class=\"wp-image-23794\" srcset=\"https:\/\/dioceseteixeiradefreitas.com.br\/wp-content\/uploads\/2025\/02\/WhatsApp-Image-2025-02-09-at-09.41.39-1-768x1024.jpeg 768w, https:\/\/dioceseteixeiradefreitas.com.br\/wp-content\/uploads\/2025\/02\/WhatsApp-Image-2025-02-09-at-09.41.39-1-225x300.jpeg 225w, https:\/\/dioceseteixeiradefreitas.com.br\/wp-content\/uploads\/2025\/02\/WhatsApp-Image-2025-02-09-at-09.41.39-1-1152x1536.jpeg 1152w, https:\/\/dioceseteixeiradefreitas.com.br\/wp-content\/uploads\/2025\/02\/WhatsApp-Image-2025-02-09-at-09.41.39-1.jpeg 1200w\" sizes=\"auto, (max-width: 768px) 100vw, 768px\" \/><\/a><\/figure>\n\n\n\n<figure class=\"wp-block-image size-large\"><a href=\"https:\/\/dioceseteixeiradefreitas.com.br\/wp-content\/uploads\/2025\/02\/WhatsApp-Image-2025-02-09-at-09.41.39.jpeg\"><img loading=\"lazy\" decoding=\"async\" width=\"768\" height=\"1024\" data-id=\"23795\" src=\"https:\/\/dioceseteixeiradefreitas.com.br\/wp-content\/uploads\/2025\/02\/WhatsApp-Image-2025-02-09-at-09.41.39-768x1024.jpeg\" alt=\"\" class=\"wp-image-23795\" srcset=\"https:\/\/dioceseteixeiradefreitas.com.br\/wp-content\/uploads\/2025\/02\/WhatsApp-Image-2025-02-09-at-09.41.39-768x1024.jpeg 768w, https:\/\/dioceseteixeiradefreitas.com.br\/wp-content\/uploads\/2025\/02\/WhatsApp-Image-2025-02-09-at-09.41.39-225x300.jpeg 225w, https:\/\/dioceseteixeiradefreitas.com.br\/wp-content\/uploads\/2025\/02\/WhatsApp-Image-2025-02-09-at-09.41.39-1152x1536.jpeg 1152w, https:\/\/dioceseteixeiradefreitas.com.br\/wp-content\/uploads\/2025\/02\/WhatsApp-Image-2025-02-09-at-09.41.39.jpeg 1200w\" sizes=\"auto, (max-width: 768px) 100vw, 768px\" \/><\/a><\/figure>\n\n\n\n<figure class=\"wp-block-image size-large\"><a href=\"https:\/\/dioceseteixeiradefreitas.com.br\/wp-content\/uploads\/2025\/02\/WhatsApp-Image-2025-02-09-at-09.41.38-2.jpeg\"><img loading=\"lazy\" decoding=\"async\" width=\"768\" height=\"1024\" data-id=\"23785\" src=\"https:\/\/dioceseteixeiradefreitas.com.br\/wp-content\/uploads\/2025\/02\/WhatsApp-Image-2025-02-09-at-09.41.38-2-768x1024.jpeg\" alt=\"\" class=\"wp-image-23785\" srcset=\"https:\/\/dioceseteixeiradefreitas.com.br\/wp-content\/uploads\/2025\/02\/WhatsApp-Image-2025-02-09-at-09.41.38-2-768x1024.jpeg 768w, https:\/\/dioceseteixeiradefreitas.com.br\/wp-content\/uploads\/2025\/02\/WhatsApp-Image-2025-02-09-at-09.41.38-2-225x300.jpeg 225w, https:\/\/dioceseteixeiradefreitas.com.br\/wp-content\/uploads\/2025\/02\/WhatsApp-Image-2025-02-09-at-09.41.38-2-1152x1536.jpeg 1152w, https:\/\/dioceseteixeiradefreitas.com.br\/wp-content\/uploads\/2025\/02\/WhatsApp-Image-2025-02-09-at-09.41.38-2.jpeg 1200w\" sizes=\"auto, (max-width: 768px) 100vw, 768px\" \/><\/a><\/figure>\n\n\n\n<figure class=\"wp-block-image size-large\"><a href=\"https:\/\/dioceseteixeiradefreitas.com.br\/wp-content\/uploads\/2025\/02\/WhatsApp-Image-2025-02-09-at-09.41.38-1.jpeg\"><img loading=\"lazy\" decoding=\"async\" width=\"768\" height=\"1024\" data-id=\"23801\" src=\"https:\/\/dioceseteixeiradefreitas.com.br\/wp-content\/uploads\/2025\/02\/WhatsApp-Image-2025-02-09-at-09.41.38-1-768x1024.jpeg\" alt=\"\" class=\"wp-image-23801\" srcset=\"https:\/\/dioceseteixeiradefreitas.com.br\/wp-content\/uploads\/2025\/02\/WhatsApp-Image-2025-02-09-at-09.41.38-1-768x1024.jpeg 768w, https:\/\/dioceseteixeiradefreitas.com.br\/wp-content\/uploads\/2025\/02\/WhatsApp-Image-2025-02-09-at-09.41.38-1-225x300.jpeg 225w, https:\/\/dioceseteixeiradefreitas.com.br\/wp-content\/uploads\/2025\/02\/WhatsApp-Image-2025-02-09-at-09.41.38-1-1152x1536.jpeg 1152w, https:\/\/dioceseteixeiradefreitas.com.br\/wp-content\/uploads\/2025\/02\/WhatsApp-Image-2025-02-09-at-09.41.38-1.jpeg 1200w\" sizes=\"auto, (max-width: 768px) 100vw, 768px\" \/><\/a><\/figure>\n\n\n\n<figure class=\"wp-block-image size-large\"><a href=\"https:\/\/dioceseteixeiradefreitas.com.br\/wp-content\/uploads\/2025\/02\/WhatsApp-Image-2025-02-09-at-09.41.37-2.jpeg\"><img loading=\"lazy\" decoding=\"async\" width=\"768\" height=\"1024\" data-id=\"23802\" src=\"https:\/\/dioceseteixeiradefreitas.com.br\/wp-content\/uploads\/2025\/02\/WhatsApp-Image-2025-02-09-at-09.41.37-2-768x1024.jpeg\" alt=\"\" class=\"wp-image-23802\" srcset=\"https:\/\/dioceseteixeiradefreitas.com.br\/wp-content\/uploads\/2025\/02\/WhatsApp-Image-2025-02-09-at-09.41.37-2-768x1024.jpeg 768w, https:\/\/dioceseteixeiradefreitas.com.br\/wp-content\/uploads\/2025\/02\/WhatsApp-Image-2025-02-09-at-09.41.37-2-225x300.jpeg 225w, https:\/\/dioceseteixeiradefreitas.com.br\/wp-content\/uploads\/2025\/02\/WhatsApp-Image-2025-02-09-at-09.41.37-2-1152x1536.jpeg 1152w, https:\/\/dioceseteixeiradefreitas.com.br\/wp-content\/uploads\/2025\/02\/WhatsApp-Image-2025-02-09-at-09.41.37-2.jpeg 1200w\" sizes=\"auto, (max-width: 768px) 100vw, 768px\" \/><\/a><\/figure>\n\n\n\n<figure class=\"wp-block-image size-large\"><a href=\"https:\/\/dioceseteixeiradefreitas.com.br\/wp-content\/uploads\/2025\/02\/WhatsApp-Image-2025-02-09-at-09.41.36-1.jpeg\"><img loading=\"lazy\" decoding=\"async\" width=\"768\" height=\"1024\" data-id=\"23800\" src=\"https:\/\/dioceseteixeiradefreitas.com.br\/wp-content\/uploads\/2025\/02\/WhatsApp-Image-2025-02-09-at-09.41.36-1-768x1024.jpeg\" alt=\"\" class=\"wp-image-23800\" srcset=\"https:\/\/dioceseteixeiradefreitas.com.br\/wp-content\/uploads\/2025\/02\/WhatsApp-Image-2025-02-09-at-09.41.36-1-768x1024.jpeg 768w, https:\/\/dioceseteixeiradefreitas.com.br\/wp-content\/uploads\/2025\/02\/WhatsApp-Image-2025-02-09-at-09.41.36-1-225x300.jpeg 225w, https:\/\/dioceseteixeiradefreitas.com.br\/wp-content\/uploads\/2025\/02\/WhatsApp-Image-2025-02-09-at-09.41.36-1-1152x1536.jpeg 1152w, https:\/\/dioceseteixeiradefreitas.com.br\/wp-content\/uploads\/2025\/02\/WhatsApp-Image-2025-02-09-at-09.41.36-1.jpeg 1200w\" sizes=\"auto, (max-width: 768px) 100vw, 768px\" \/><\/a><\/figure>\n\n\n\n<figure class=\"wp-block-image size-large\"><a href=\"https:\/\/dioceseteixeiradefreitas.com.br\/wp-content\/uploads\/2025\/02\/WhatsApp-Image-2025-02-09-at-09.41.36.jpeg\"><img loading=\"lazy\" decoding=\"async\" width=\"768\" height=\"1024\" data-id=\"23787\" src=\"https:\/\/dioceseteixeiradefreitas.com.br\/wp-content\/uploads\/2025\/02\/WhatsApp-Image-2025-02-09-at-09.41.36-768x1024.jpeg\" alt=\"\" class=\"wp-image-23787\" srcset=\"https:\/\/dioceseteixeiradefreitas.com.br\/wp-content\/uploads\/2025\/02\/WhatsApp-Image-2025-02-09-at-09.41.36-768x1024.jpeg 768w, https:\/\/dioceseteixeiradefreitas.com.br\/wp-content\/uploads\/2025\/02\/WhatsApp-Image-2025-02-09-at-09.41.36-225x300.jpeg 225w, https:\/\/dioceseteixeiradefreitas.com.br\/wp-content\/uploads\/2025\/02\/WhatsApp-Image-2025-02-09-at-09.41.36-1152x1536.jpeg 1152w, https:\/\/dioceseteixeiradefreitas.com.br\/wp-content\/uploads\/2025\/02\/WhatsApp-Image-2025-02-09-at-09.41.36.jpeg 1200w\" sizes=\"auto, (max-width: 768px) 100vw, 768px\" \/><\/a><\/figure>\n\n\n\n<figure class=\"wp-block-image size-large\"><a href=\"https:\/\/dioceseteixeiradefreitas.com.br\/wp-content\/uploads\/2025\/02\/WhatsApp-Image-2025-02-09-at-09.41.35-3.jpeg\"><img loading=\"lazy\" decoding=\"async\" width=\"768\" height=\"1024\" data-id=\"23799\" src=\"https:\/\/dioceseteixeiradefreitas.com.br\/wp-content\/uploads\/2025\/02\/WhatsApp-Image-2025-02-09-at-09.41.35-3-768x1024.jpeg\" alt=\"\" class=\"wp-image-23799\" srcset=\"https:\/\/dioceseteixeiradefreitas.com.br\/wp-content\/uploads\/2025\/02\/WhatsApp-Image-2025-02-09-at-09.41.35-3-768x1024.jpeg 768w, https:\/\/dioceseteixeiradefreitas.com.br\/wp-content\/uploads\/2025\/02\/WhatsApp-Image-2025-02-09-at-09.41.35-3-225x300.jpeg 225w, https:\/\/dioceseteixeiradefreitas.com.br\/wp-content\/uploads\/2025\/02\/WhatsApp-Image-2025-02-09-at-09.41.35-3-1152x1536.jpeg 1152w, https:\/\/dioceseteixeiradefreitas.com.br\/wp-content\/uploads\/2025\/02\/WhatsApp-Image-2025-02-09-at-09.41.35-3.jpeg 1200w\" sizes=\"auto, (max-width: 768px) 100vw, 768px\" \/><\/a><\/figure>\n\n\n\n<figure class=\"wp-block-image size-large\"><a href=\"https:\/\/dioceseteixeiradefreitas.com.br\/wp-content\/uploads\/2025\/02\/WhatsApp-Image-2025-02-09-at-09.41.35-1.jpeg\"><img loading=\"lazy\" decoding=\"async\" width=\"768\" height=\"1024\" data-id=\"23804\" src=\"https:\/\/dioceseteixeiradefreitas.com.br\/wp-content\/uploads\/2025\/02\/WhatsApp-Image-2025-02-09-at-09.41.35-1-768x1024.jpeg\" alt=\"\" class=\"wp-image-23804\" srcset=\"https:\/\/dioceseteixeiradefreitas.com.br\/wp-content\/uploads\/2025\/02\/WhatsApp-Image-2025-02-09-at-09.41.35-1-768x1024.jpeg 768w, https:\/\/dioceseteixeiradefreitas.com.br\/wp-content\/uploads\/2025\/02\/WhatsApp-Image-2025-02-09-at-09.41.35-1-225x300.jpeg 225w, https:\/\/dioceseteixeiradefreitas.com.br\/wp-content\/uploads\/2025\/02\/WhatsApp-Image-2025-02-09-at-09.41.35-1-1152x1536.jpeg 1152w, https:\/\/dioceseteixeiradefreitas.com.br\/wp-content\/uploads\/2025\/02\/WhatsApp-Image-2025-02-09-at-09.41.35-1.jpeg 1200w\" sizes=\"auto, (max-width: 768px) 100vw, 768px\" \/><\/a><\/figure>\n\n\n\n<figure class=\"wp-block-image size-large\"><a href=\"https:\/\/dioceseteixeiradefreitas.com.br\/wp-content\/uploads\/2025\/02\/WhatsApp-Image-2025-02-09-at-09.41.35-2.jpeg\"><img loading=\"lazy\" decoding=\"async\" width=\"768\" height=\"1024\" data-id=\"23806\" src=\"https:\/\/dioceseteixeiradefreitas.com.br\/wp-content\/uploads\/2025\/02\/WhatsApp-Image-2025-02-09-at-09.41.35-2-768x1024.jpeg\" alt=\"\" class=\"wp-image-23806\" srcset=\"https:\/\/dioceseteixeiradefreitas.com.br\/wp-content\/uploads\/2025\/02\/WhatsApp-Image-2025-02-09-at-09.41.35-2-768x1024.jpeg 768w, https:\/\/dioceseteixeiradefreitas.com.br\/wp-content\/uploads\/2025\/02\/WhatsApp-Image-2025-02-09-at-09.41.35-2-225x300.jpeg 225w, https:\/\/dioceseteixeiradefreitas.com.br\/wp-content\/uploads\/2025\/02\/WhatsApp-Image-2025-02-09-at-09.41.35-2-1152x1536.jpeg 1152w, https:\/\/dioceseteixeiradefreitas.com.br\/wp-content\/uploads\/2025\/02\/WhatsApp-Image-2025-02-09-at-09.41.35-2.jpeg 1200w\" sizes=\"auto, (max-width: 768px) 100vw, 768px\" \/><\/a><\/figure>\n\n\n\n<figure class=\"wp-block-image size-large\"><a href=\"https:\/\/dioceseteixeiradefreitas.com.br\/wp-content\/uploads\/2025\/02\/WhatsApp-Image-2025-02-09-at-09.41.34.jpeg\"><img loading=\"lazy\" decoding=\"async\" width=\"768\" height=\"1024\" data-id=\"23805\" src=\"https:\/\/dioceseteixeiradefreitas.com.br\/wp-content\/uploads\/2025\/02\/WhatsApp-Image-2025-02-09-at-09.41.34-768x1024.jpeg\" alt=\"\" class=\"wp-image-23805\" srcset=\"https:\/\/dioceseteixeiradefreitas.com.br\/wp-content\/uploads\/2025\/02\/WhatsApp-Image-2025-02-09-at-09.41.34-768x1024.jpeg 768w, https:\/\/dioceseteixeiradefreitas.com.br\/wp-content\/uploads\/2025\/02\/WhatsApp-Image-2025-02-09-at-09.41.34-225x300.jpeg 225w, https:\/\/dioceseteixeiradefreitas.com.br\/wp-content\/uploads\/2025\/02\/WhatsApp-Image-2025-02-09-at-09.41.34-1152x1536.jpeg 1152w, https:\/\/dioceseteixeiradefreitas.com.br\/wp-content\/uploads\/2025\/02\/WhatsApp-Image-2025-02-09-at-09.41.34.jpeg 1200w\" sizes=\"auto, (max-width: 768px) 100vw, 768px\" \/><\/a><\/figure>\n\n\n\n<figure class=\"wp-block-image size-large\"><a href=\"https:\/\/dioceseteixeiradefreitas.com.br\/wp-content\/uploads\/2025\/02\/WhatsApp-Image-2025-02-09-at-09.41.08.jpeg\"><img loading=\"lazy\" decoding=\"async\" width=\"716\" height=\"1024\" data-id=\"23777\" src=\"https:\/\/dioceseteixeiradefreitas.com.br\/wp-content\/uploads\/2025\/02\/WhatsApp-Image-2025-02-09-at-09.41.08-716x1024.jpeg\" alt=\"\" class=\"wp-image-23777\" srcset=\"https:\/\/dioceseteixeiradefreitas.com.br\/wp-content\/uploads\/2025\/02\/WhatsApp-Image-2025-02-09-at-09.41.08-716x1024.jpeg 716w, https:\/\/dioceseteixeiradefreitas.com.br\/wp-content\/uploads\/2025\/02\/WhatsApp-Image-2025-02-09-at-09.41.08-210x300.jpeg 210w, https:\/\/dioceseteixeiradefreitas.com.br\/wp-content\/uploads\/2025\/02\/WhatsApp-Image-2025-02-09-at-09.41.08-768x1098.jpeg 768w, https:\/\/dioceseteixeiradefreitas.com.br\/wp-content\/uploads\/2025\/02\/WhatsApp-Image-2025-02-09-at-09.41.08.jpeg 895w\" sizes=\"auto, (max-width: 716px) 100vw, 716px\" \/><\/a><\/figure>\n\n\n\n<figure class=\"wp-block-image size-large\"><a href=\"https:\/\/dioceseteixeiradefreitas.com.br\/wp-content\/uploads\/2025\/02\/WhatsApp-Image-2025-02-09-at-09.40.46-3.jpeg\"><img loading=\"lazy\" decoding=\"async\" width=\"666\" height=\"1024\" data-id=\"23772\" src=\"https:\/\/dioceseteixeiradefreitas.com.br\/wp-content\/uploads\/2025\/02\/WhatsApp-Image-2025-02-09-at-09.40.46-3-666x1024.jpeg\" alt=\"\" class=\"wp-image-23772\" srcset=\"https:\/\/dioceseteixeiradefreitas.com.br\/wp-content\/uploads\/2025\/02\/WhatsApp-Image-2025-02-09-at-09.40.46-3-666x1024.jpeg 666w, https:\/\/dioceseteixeiradefreitas.com.br\/wp-content\/uploads\/2025\/02\/WhatsApp-Image-2025-02-09-at-09.40.46-3-195x300.jpeg 195w, https:\/\/dioceseteixeiradefreitas.com.br\/wp-content\/uploads\/2025\/02\/WhatsApp-Image-2025-02-09-at-09.40.46-3-768x1182.jpeg 768w, https:\/\/dioceseteixeiradefreitas.com.br\/wp-content\/uploads\/2025\/02\/WhatsApp-Image-2025-02-09-at-09.40.46-3.jpeg 832w\" sizes=\"auto, (max-width: 666px) 100vw, 666px\" \/><\/a><\/figure>\n\n\n\n<figure class=\"wp-block-image size-large\"><a href=\"https:\/\/dioceseteixeiradefreitas.com.br\/wp-content\/uploads\/2025\/02\/WhatsApp-Image-2025-02-09-at-09.40.46-2.jpeg\"><img loading=\"lazy\" decoding=\"async\" width=\"732\" height=\"1024\" data-id=\"23762\" src=\"https:\/\/dioceseteixeiradefreitas.com.br\/wp-content\/uploads\/2025\/02\/WhatsApp-Image-2025-02-09-at-09.40.46-2-732x1024.jpeg\" alt=\"\" class=\"wp-image-23762\" srcset=\"https:\/\/dioceseteixeiradefreitas.com.br\/wp-content\/uploads\/2025\/02\/WhatsApp-Image-2025-02-09-at-09.40.46-2-732x1024.jpeg 732w, https:\/\/dioceseteixeiradefreitas.com.br\/wp-content\/uploads\/2025\/02\/WhatsApp-Image-2025-02-09-at-09.40.46-2-214x300.jpeg 214w, https:\/\/dioceseteixeiradefreitas.com.br\/wp-content\/uploads\/2025\/02\/WhatsApp-Image-2025-02-09-at-09.40.46-2-768x1074.jpeg 768w, https:\/\/dioceseteixeiradefreitas.com.br\/wp-content\/uploads\/2025\/02\/WhatsApp-Image-2025-02-09-at-09.40.46-2.jpeg 915w\" sizes=\"auto, (max-width: 732px) 100vw, 732px\" \/><\/a><\/figure>\n\n\n\n<figure class=\"wp-block-image size-large\"><a href=\"https:\/\/dioceseteixeiradefreitas.com.br\/wp-content\/uploads\/2025\/02\/WhatsApp-Image-2025-02-09-at-09.40.46-1.jpeg\"><img loading=\"lazy\" decoding=\"async\" width=\"768\" height=\"1024\" data-id=\"23758\" src=\"https:\/\/dioceseteixeiradefreitas.com.br\/wp-content\/uploads\/2025\/02\/WhatsApp-Image-2025-02-09-at-09.40.46-1-768x1024.jpeg\" alt=\"\" class=\"wp-image-23758\" srcset=\"https:\/\/dioceseteixeiradefreitas.com.br\/wp-content\/uploads\/2025\/02\/WhatsApp-Image-2025-02-09-at-09.40.46-1-768x1024.jpeg 768w, https:\/\/dioceseteixeiradefreitas.com.br\/wp-content\/uploads\/2025\/02\/WhatsApp-Image-2025-02-09-at-09.40.46-1-225x300.jpeg 225w, https:\/\/dioceseteixeiradefreitas.com.br\/wp-content\/uploads\/2025\/02\/WhatsApp-Image-2025-02-09-at-09.40.46-1.jpeg 960w\" sizes=\"auto, (max-width: 768px) 100vw, 768px\" \/><\/a><\/figure>\n\n\n\n<figure class=\"wp-block-image size-large\"><a href=\"https:\/\/dioceseteixeiradefreitas.com.br\/wp-content\/uploads\/2025\/02\/WhatsApp-Image-2025-02-09-at-09.40.46.jpeg\"><img loading=\"lazy\" decoding=\"async\" width=\"768\" height=\"1024\" data-id=\"23780\" src=\"https:\/\/dioceseteixeiradefreitas.com.br\/wp-content\/uploads\/2025\/02\/WhatsApp-Image-2025-02-09-at-09.40.46-768x1024.jpeg\" alt=\"\" class=\"wp-image-23780\" srcset=\"https:\/\/dioceseteixeiradefreitas.com.br\/wp-content\/uploads\/2025\/02\/WhatsApp-Image-2025-02-09-at-09.40.46-768x1024.jpeg 768w, https:\/\/dioceseteixeiradefreitas.com.br\/wp-content\/uploads\/2025\/02\/WhatsApp-Image-2025-02-09-at-09.40.46-225x300.jpeg 225w, https:\/\/dioceseteixeiradefreitas.com.br\/wp-content\/uploads\/2025\/02\/WhatsApp-Image-2025-02-09-at-09.40.46.jpeg 960w\" sizes=\"auto, (max-width: 768px) 100vw, 768px\" \/><\/a><\/figure>\n\n\n\n<figure class=\"wp-block-image size-large\"><a href=\"https:\/\/dioceseteixeiradefreitas.com.br\/wp-content\/uploads\/2025\/02\/WhatsApp-Image-2025-02-09-at-09.40.45-4.jpeg\"><img loading=\"lazy\" decoding=\"async\" width=\"768\" height=\"1024\" data-id=\"23791\" src=\"https:\/\/dioceseteixeiradefreitas.com.br\/wp-content\/uploads\/2025\/02\/WhatsApp-Image-2025-02-09-at-09.40.45-4-768x1024.jpeg\" alt=\"\" class=\"wp-image-23791\" srcset=\"https:\/\/dioceseteixeiradefreitas.com.br\/wp-content\/uploads\/2025\/02\/WhatsApp-Image-2025-02-09-at-09.40.45-4-768x1024.jpeg 768w, https:\/\/dioceseteixeiradefreitas.com.br\/wp-content\/uploads\/2025\/02\/WhatsApp-Image-2025-02-09-at-09.40.45-4-225x300.jpeg 225w, https:\/\/dioceseteixeiradefreitas.com.br\/wp-content\/uploads\/2025\/02\/WhatsApp-Image-2025-02-09-at-09.40.45-4.jpeg 960w\" sizes=\"auto, (max-width: 768px) 100vw, 768px\" \/><\/a><\/figure>\n\n\n\n<figure class=\"wp-block-image size-large\"><a href=\"https:\/\/dioceseteixeiradefreitas.com.br\/wp-content\/uploads\/2025\/02\/WhatsApp-Image-2025-02-09-at-09.40.45-3.jpeg\"><img loading=\"lazy\" decoding=\"async\" width=\"706\" height=\"1024\" data-id=\"23775\" src=\"https:\/\/dioceseteixeiradefreitas.com.br\/wp-content\/uploads\/2025\/02\/WhatsApp-Image-2025-02-09-at-09.40.45-3-706x1024.jpeg\" alt=\"\" class=\"wp-image-23775\" srcset=\"https:\/\/dioceseteixeiradefreitas.com.br\/wp-content\/uploads\/2025\/02\/WhatsApp-Image-2025-02-09-at-09.40.45-3-706x1024.jpeg 706w, https:\/\/dioceseteixeiradefreitas.com.br\/wp-content\/uploads\/2025\/02\/WhatsApp-Image-2025-02-09-at-09.40.45-3-207x300.jpeg 207w, https:\/\/dioceseteixeiradefreitas.com.br\/wp-content\/uploads\/2025\/02\/WhatsApp-Image-2025-02-09-at-09.40.45-3-768x1115.jpeg 768w, https:\/\/dioceseteixeiradefreitas.com.br\/wp-content\/uploads\/2025\/02\/WhatsApp-Image-2025-02-09-at-09.40.45-3.jpeg 882w\" sizes=\"auto, (max-width: 706px) 100vw, 706px\" \/><\/a><\/figure>\n\n\n\n<figure class=\"wp-block-image size-large\"><a href=\"https:\/\/dioceseteixeiradefreitas.com.br\/wp-content\/uploads\/2025\/02\/WhatsApp-Image-2025-02-09-at-09.40.45-2.jpeg\"><img loading=\"lazy\" decoding=\"async\" width=\"768\" height=\"1024\" data-id=\"23759\" src=\"https:\/\/dioceseteixeiradefreitas.com.br\/wp-content\/uploads\/2025\/02\/WhatsApp-Image-2025-02-09-at-09.40.45-2-768x1024.jpeg\" alt=\"\" class=\"wp-image-23759\" srcset=\"https:\/\/dioceseteixeiradefreitas.com.br\/wp-content\/uploads\/2025\/02\/WhatsApp-Image-2025-02-09-at-09.40.45-2-768x1024.jpeg 768w, https:\/\/dioceseteixeiradefreitas.com.br\/wp-content\/uploads\/2025\/02\/WhatsApp-Image-2025-02-09-at-09.40.45-2-225x300.jpeg 225w, https:\/\/dioceseteixeiradefreitas.com.br\/wp-content\/uploads\/2025\/02\/WhatsApp-Image-2025-02-09-at-09.40.45-2.jpeg 960w\" sizes=\"auto, (max-width: 768px) 100vw, 768px\" \/><\/a><\/figure>\n\n\n\n<figure class=\"wp-block-image size-large\"><a href=\"https:\/\/dioceseteixeiradefreitas.com.br\/wp-content\/uploads\/2025\/02\/WhatsApp-Image-2025-02-09-at-09.40.45-1.jpeg\"><img loading=\"lazy\" decoding=\"async\" width=\"768\" height=\"1024\" data-id=\"23760\" src=\"https:\/\/dioceseteixeiradefreitas.com.br\/wp-content\/uploads\/2025\/02\/WhatsApp-Image-2025-02-09-at-09.40.45-1-768x1024.jpeg\" alt=\"\" class=\"wp-image-23760\" srcset=\"https:\/\/dioceseteixeiradefreitas.com.br\/wp-content\/uploads\/2025\/02\/WhatsApp-Image-2025-02-09-at-09.40.45-1-768x1024.jpeg 768w, https:\/\/dioceseteixeiradefreitas.com.br\/wp-content\/uploads\/2025\/02\/WhatsApp-Image-2025-02-09-at-09.40.45-1-225x300.jpeg 225w, https:\/\/dioceseteixeiradefreitas.com.br\/wp-content\/uploads\/2025\/02\/WhatsApp-Image-2025-02-09-at-09.40.45-1.jpeg 960w\" sizes=\"auto, (max-width: 768px) 100vw, 768px\" \/><\/a><\/figure>\n\n\n\n<figure class=\"wp-block-image size-large\"><a href=\"https:\/\/dioceseteixeiradefreitas.com.br\/wp-content\/uploads\/2025\/02\/WhatsApp-Image-2025-02-09-at-09.40.45.jpeg\"><img loading=\"lazy\" decoding=\"async\" width=\"768\" height=\"1024\" data-id=\"23782\" src=\"https:\/\/dioceseteixeiradefreitas.com.br\/wp-content\/uploads\/2025\/02\/WhatsApp-Image-2025-02-09-at-09.40.45-768x1024.jpeg\" alt=\"\" class=\"wp-image-23782\" srcset=\"https:\/\/dioceseteixeiradefreitas.com.br\/wp-content\/uploads\/2025\/02\/WhatsApp-Image-2025-02-09-at-09.40.45-768x1024.jpeg 768w, https:\/\/dioceseteixeiradefreitas.com.br\/wp-content\/uploads\/2025\/02\/WhatsApp-Image-2025-02-09-at-09.40.45-225x300.jpeg 225w, https:\/\/dioceseteixeiradefreitas.com.br\/wp-content\/uploads\/2025\/02\/WhatsApp-Image-2025-02-09-at-09.40.45.jpeg 960w\" sizes=\"auto, (max-width: 768px) 100vw, 768px\" \/><\/a><\/figure>\n\n\n\n<figure class=\"wp-block-image size-large\"><a href=\"https:\/\/dioceseteixeiradefreitas.com.br\/wp-content\/uploads\/2025\/02\/WhatsApp-Image-2025-02-09-at-09.40.44-4.jpeg\"><img loading=\"lazy\" decoding=\"async\" width=\"768\" height=\"1024\" data-id=\"23754\" src=\"https:\/\/dioceseteixeiradefreitas.com.br\/wp-content\/uploads\/2025\/02\/WhatsApp-Image-2025-02-09-at-09.40.44-4-768x1024.jpeg\" alt=\"\" class=\"wp-image-23754\" srcset=\"https:\/\/dioceseteixeiradefreitas.com.br\/wp-content\/uploads\/2025\/02\/WhatsApp-Image-2025-02-09-at-09.40.44-4-768x1024.jpeg 768w, https:\/\/dioceseteixeiradefreitas.com.br\/wp-content\/uploads\/2025\/02\/WhatsApp-Image-2025-02-09-at-09.40.44-4-225x300.jpeg 225w, https:\/\/dioceseteixeiradefreitas.com.br\/wp-content\/uploads\/2025\/02\/WhatsApp-Image-2025-02-09-at-09.40.44-4.jpeg 960w\" sizes=\"auto, (max-width: 768px) 100vw, 768px\" \/><\/a><\/figure>\n\n\n\n<figure class=\"wp-block-image size-large\"><a href=\"https:\/\/dioceseteixeiradefreitas.com.br\/wp-content\/uploads\/2025\/02\/WhatsApp-Image-2025-02-09-at-09.40.44-3.jpeg\"><img loading=\"lazy\" decoding=\"async\" width=\"768\" height=\"1024\" data-id=\"23755\" src=\"https:\/\/dioceseteixeiradefreitas.com.br\/wp-content\/uploads\/2025\/02\/WhatsApp-Image-2025-02-09-at-09.40.44-3-768x1024.jpeg\" alt=\"\" class=\"wp-image-23755\" srcset=\"https:\/\/dioceseteixeiradefreitas.com.br\/wp-content\/uploads\/2025\/02\/WhatsApp-Image-2025-02-09-at-09.40.44-3-768x1024.jpeg 768w, https:\/\/dioceseteixeiradefreitas.com.br\/wp-content\/uploads\/2025\/02\/WhatsApp-Image-2025-02-09-at-09.40.44-3-225x300.jpeg 225w, https:\/\/dioceseteixeiradefreitas.com.br\/wp-content\/uploads\/2025\/02\/WhatsApp-Image-2025-02-09-at-09.40.44-3.jpeg 960w\" sizes=\"auto, (max-width: 768px) 100vw, 768px\" \/><\/a><\/figure>\n\n\n\n<figure class=\"wp-block-image size-large\"><a href=\"https:\/\/dioceseteixeiradefreitas.com.br\/wp-content\/uploads\/2025\/02\/WhatsApp-Image-2025-02-09-at-09.40.44-2.jpeg\"><img loading=\"lazy\" decoding=\"async\" width=\"768\" height=\"1024\" data-id=\"23745\" src=\"https:\/\/dioceseteixeiradefreitas.com.br\/wp-content\/uploads\/2025\/02\/WhatsApp-Image-2025-02-09-at-09.40.44-2-768x1024.jpeg\" alt=\"\" class=\"wp-image-23745\" srcset=\"https:\/\/dioceseteixeiradefreitas.com.br\/wp-content\/uploads\/2025\/02\/WhatsApp-Image-2025-02-09-at-09.40.44-2-768x1024.jpeg 768w, https:\/\/dioceseteixeiradefreitas.com.br\/wp-content\/uploads\/2025\/02\/WhatsApp-Image-2025-02-09-at-09.40.44-2-225x300.jpeg 225w, https:\/\/dioceseteixeiradefreitas.com.br\/wp-content\/uploads\/2025\/02\/WhatsApp-Image-2025-02-09-at-09.40.44-2.jpeg 960w\" sizes=\"auto, (max-width: 768px) 100vw, 768px\" \/><\/a><\/figure>\n\n\n\n<figure class=\"wp-block-image size-large\"><a href=\"https:\/\/dioceseteixeiradefreitas.com.br\/wp-content\/uploads\/2025\/02\/WhatsApp-Image-2025-02-09-at-09.40.44-1.jpeg\"><img loading=\"lazy\" decoding=\"async\" width=\"768\" height=\"1024\" data-id=\"23796\" src=\"https:\/\/dioceseteixeiradefreitas.com.br\/wp-content\/uploads\/2025\/02\/WhatsApp-Image-2025-02-09-at-09.40.44-1-768x1024.jpeg\" alt=\"\" class=\"wp-image-23796\" srcset=\"https:\/\/dioceseteixeiradefreitas.com.br\/wp-content\/uploads\/2025\/02\/WhatsApp-Image-2025-02-09-at-09.40.44-1-768x1024.jpeg 768w, https:\/\/dioceseteixeiradefreitas.com.br\/wp-content\/uploads\/2025\/02\/WhatsApp-Image-2025-02-09-at-09.40.44-1-225x300.jpeg 225w, https:\/\/dioceseteixeiradefreitas.com.br\/wp-content\/uploads\/2025\/02\/WhatsApp-Image-2025-02-09-at-09.40.44-1.jpeg 960w\" sizes=\"auto, (max-width: 768px) 100vw, 768px\" \/><\/a><\/figure>\n\n\n\n<figure class=\"wp-block-image size-large\"><a href=\"https:\/\/dioceseteixeiradefreitas.com.br\/wp-content\/uploads\/2025\/02\/WhatsApp-Image-2025-02-09-at-09.40.44.jpeg\"><img loading=\"lazy\" decoding=\"async\" width=\"768\" height=\"1024\" data-id=\"23797\" src=\"https:\/\/dioceseteixeiradefreitas.com.br\/wp-content\/uploads\/2025\/02\/WhatsApp-Image-2025-02-09-at-09.40.44-768x1024.jpeg\" alt=\"\" class=\"wp-image-23797\" srcset=\"https:\/\/dioceseteixeiradefreitas.com.br\/wp-content\/uploads\/2025\/02\/WhatsApp-Image-2025-02-09-at-09.40.44-768x1024.jpeg 768w, https:\/\/dioceseteixeiradefreitas.com.br\/wp-content\/uploads\/2025\/02\/WhatsApp-Image-2025-02-09-at-09.40.44-225x300.jpeg 225w, https:\/\/dioceseteixeiradefreitas.com.br\/wp-content\/uploads\/2025\/02\/WhatsApp-Image-2025-02-09-at-09.40.44.jpeg 960w\" sizes=\"auto, (max-width: 768px) 100vw, 768px\" \/><\/a><\/figure>\n\n\n\n<figure class=\"wp-block-image size-large\"><a href=\"https:\/\/dioceseteixeiradefreitas.com.br\/wp-content\/uploads\/2025\/02\/WhatsApp-Image-2025-02-09-at-09.40.43-3.jpeg\"><img loading=\"lazy\" decoding=\"async\" width=\"808\" height=\"1024\" data-id=\"23783\" src=\"https:\/\/dioceseteixeiradefreitas.com.br\/wp-content\/uploads\/2025\/02\/WhatsApp-Image-2025-02-09-at-09.40.43-3-808x1024.jpeg\" alt=\"\" class=\"wp-image-23783\" srcset=\"https:\/\/dioceseteixeiradefreitas.com.br\/wp-content\/uploads\/2025\/02\/WhatsApp-Image-2025-02-09-at-09.40.43-3-808x1024.jpeg 808w, https:\/\/dioceseteixeiradefreitas.com.br\/wp-content\/uploads\/2025\/02\/WhatsApp-Image-2025-02-09-at-09.40.43-3-237x300.jpeg 237w, https:\/\/dioceseteixeiradefreitas.com.br\/wp-content\/uploads\/2025\/02\/WhatsApp-Image-2025-02-09-at-09.40.43-3-768x973.jpeg 768w, https:\/\/dioceseteixeiradefreitas.com.br\/wp-content\/uploads\/2025\/02\/WhatsApp-Image-2025-02-09-at-09.40.43-3.jpeg 1010w\" sizes=\"auto, (max-width: 808px) 100vw, 808px\" \/><\/a><\/figure>\n\n\n\n<figure class=\"wp-block-image size-large\"><a href=\"https:\/\/dioceseteixeiradefreitas.com.br\/wp-content\/uploads\/2025\/02\/WhatsApp-Image-2025-02-09-at-09.40.43-2.jpeg\"><img loading=\"lazy\" decoding=\"async\" width=\"768\" height=\"1024\" data-id=\"23807\" src=\"https:\/\/dioceseteixeiradefreitas.com.br\/wp-content\/uploads\/2025\/02\/WhatsApp-Image-2025-02-09-at-09.40.43-2-768x1024.jpeg\" alt=\"\" class=\"wp-image-23807\" srcset=\"https:\/\/dioceseteixeiradefreitas.com.br\/wp-content\/uploads\/2025\/02\/WhatsApp-Image-2025-02-09-at-09.40.43-2-768x1024.jpeg 768w, https:\/\/dioceseteixeiradefreitas.com.br\/wp-content\/uploads\/2025\/02\/WhatsApp-Image-2025-02-09-at-09.40.43-2-225x300.jpeg 225w, https:\/\/dioceseteixeiradefreitas.com.br\/wp-content\/uploads\/2025\/02\/WhatsApp-Image-2025-02-09-at-09.40.43-2-1152x1536.jpeg 1152w, https:\/\/dioceseteixeiradefreitas.com.br\/wp-content\/uploads\/2025\/02\/WhatsApp-Image-2025-02-09-at-09.40.43-2.jpeg 1200w\" sizes=\"auto, (max-width: 768px) 100vw, 768px\" \/><\/a><\/figure>\n\n\n\n<figure class=\"wp-block-image size-large\"><a href=\"https:\/\/dioceseteixeiradefreitas.com.br\/wp-content\/uploads\/2025\/02\/WhatsApp-Image-2025-02-09-at-09.40.43.jpeg\"><img loading=\"lazy\" decoding=\"async\" width=\"768\" height=\"1024\" data-id=\"23748\" src=\"https:\/\/dioceseteixeiradefreitas.com.br\/wp-content\/uploads\/2025\/02\/WhatsApp-Image-2025-02-09-at-09.40.43-768x1024.jpeg\" alt=\"\" class=\"wp-image-23748\" srcset=\"https:\/\/dioceseteixeiradefreitas.com.br\/wp-content\/uploads\/2025\/02\/WhatsApp-Image-2025-02-09-at-09.40.43-768x1024.jpeg 768w, https:\/\/dioceseteixeiradefreitas.com.br\/wp-content\/uploads\/2025\/02\/WhatsApp-Image-2025-02-09-at-09.40.43-225x300.jpeg 225w, https:\/\/dioceseteixeiradefreitas.com.br\/wp-content\/uploads\/2025\/02\/WhatsApp-Image-2025-02-09-at-09.40.43.jpeg 960w\" sizes=\"auto, (max-width: 768px) 100vw, 768px\" \/><\/a><\/figure>\n\n\n\n<figure class=\"wp-block-image size-large\"><a href=\"https:\/\/dioceseteixeiradefreitas.com.br\/wp-content\/uploads\/2025\/02\/WhatsApp-Image-2025-02-09-at-08.19.54-5.jpeg\"><img loading=\"lazy\" decoding=\"async\" width=\"768\" height=\"1024\" data-id=\"23747\" src=\"https:\/\/dioceseteixeiradefreitas.com.br\/wp-content\/uploads\/2025\/02\/WhatsApp-Image-2025-02-09-at-08.19.54-5-768x1024.jpeg\" alt=\"\" class=\"wp-image-23747\" srcset=\"https:\/\/dioceseteixeiradefreitas.com.br\/wp-content\/uploads\/2025\/02\/WhatsApp-Image-2025-02-09-at-08.19.54-5-768x1024.jpeg 768w, https:\/\/dioceseteixeiradefreitas.com.br\/wp-content\/uploads\/2025\/02\/WhatsApp-Image-2025-02-09-at-08.19.54-5-225x300.jpeg 225w, https:\/\/dioceseteixeiradefreitas.com.br\/wp-content\/uploads\/2025\/02\/WhatsApp-Image-2025-02-09-at-08.19.54-5.jpeg 960w\" sizes=\"auto, (max-width: 768px) 100vw, 768px\" \/><\/a><\/figure>\n\n\n\n<figure class=\"wp-block-image size-large\"><a href=\"https:\/\/dioceseteixeiradefreitas.com.br\/wp-content\/uploads\/2025\/02\/WhatsApp-Image-2025-02-09-at-08.19.54-4.jpeg\"><img loading=\"lazy\" decoding=\"async\" width=\"768\" height=\"1024\" data-id=\"23766\" src=\"https:\/\/dioceseteixeiradefreitas.com.br\/wp-content\/uploads\/2025\/02\/WhatsApp-Image-2025-02-09-at-08.19.54-4-768x1024.jpeg\" alt=\"\" class=\"wp-image-23766\" srcset=\"https:\/\/dioceseteixeiradefreitas.com.br\/wp-content\/uploads\/2025\/02\/WhatsApp-Image-2025-02-09-at-08.19.54-4-768x1024.jpeg 768w, https:\/\/dioceseteixeiradefreitas.com.br\/wp-content\/uploads\/2025\/02\/WhatsApp-Image-2025-02-09-at-08.19.54-4-225x300.jpeg 225w, https:\/\/dioceseteixeiradefreitas.com.br\/wp-content\/uploads\/2025\/02\/WhatsApp-Image-2025-02-09-at-08.19.54-4.jpeg 960w\" sizes=\"auto, (max-width: 768px) 100vw, 768px\" \/><\/a><\/figure>\n\n\n\n<figure class=\"wp-block-image size-large\"><a href=\"https:\/\/dioceseteixeiradefreitas.com.br\/wp-content\/uploads\/2025\/02\/WhatsApp-Image-2025-02-09-at-08.19.54-3.jpeg\"><img loading=\"lazy\" decoding=\"async\" width=\"768\" height=\"1024\" data-id=\"23776\" src=\"https:\/\/dioceseteixeiradefreitas.com.br\/wp-content\/uploads\/2025\/02\/WhatsApp-Image-2025-02-09-at-08.19.54-3-768x1024.jpeg\" alt=\"\" class=\"wp-image-23776\" srcset=\"https:\/\/dioceseteixeiradefreitas.com.br\/wp-content\/uploads\/2025\/02\/WhatsApp-Image-2025-02-09-at-08.19.54-3-768x1024.jpeg 768w, https:\/\/dioceseteixeiradefreitas.com.br\/wp-content\/uploads\/2025\/02\/WhatsApp-Image-2025-02-09-at-08.19.54-3-225x300.jpeg 225w, https:\/\/dioceseteixeiradefreitas.com.br\/wp-content\/uploads\/2025\/02\/WhatsApp-Image-2025-02-09-at-08.19.54-3.jpeg 960w\" sizes=\"auto, (max-width: 768px) 100vw, 768px\" \/><\/a><\/figure>\n\n\n\n<figure class=\"wp-block-image size-large\"><a href=\"https:\/\/dioceseteixeiradefreitas.com.br\/wp-content\/uploads\/2025\/02\/WhatsApp-Image-2025-02-09-at-08.19.54-2.jpeg\"><img loading=\"lazy\" decoding=\"async\" width=\"768\" height=\"1024\" data-id=\"23756\" src=\"https:\/\/dioceseteixeiradefreitas.com.br\/wp-content\/uploads\/2025\/02\/WhatsApp-Image-2025-02-09-at-08.19.54-2-768x1024.jpeg\" alt=\"\" class=\"wp-image-23756\" srcset=\"https:\/\/dioceseteixeiradefreitas.com.br\/wp-content\/uploads\/2025\/02\/WhatsApp-Image-2025-02-09-at-08.19.54-2-768x1024.jpeg 768w, https:\/\/dioceseteixeiradefreitas.com.br\/wp-content\/uploads\/2025\/02\/WhatsApp-Image-2025-02-09-at-08.19.54-2-225x300.jpeg 225w, https:\/\/dioceseteixeiradefreitas.com.br\/wp-content\/uploads\/2025\/02\/WhatsApp-Image-2025-02-09-at-08.19.54-2.jpeg 960w\" sizes=\"auto, (max-width: 768px) 100vw, 768px\" \/><\/a><\/figure>\n\n\n\n<figure class=\"wp-block-image size-large\"><a href=\"https:\/\/dioceseteixeiradefreitas.com.br\/wp-content\/uploads\/2025\/02\/WhatsApp-Image-2025-02-09-at-08.19.54-1.jpeg\"><img loading=\"lazy\" decoding=\"async\" width=\"768\" height=\"1024\" data-id=\"23749\" src=\"https:\/\/dioceseteixeiradefreitas.com.br\/wp-content\/uploads\/2025\/02\/WhatsApp-Image-2025-02-09-at-08.19.54-1-768x1024.jpeg\" alt=\"\" class=\"wp-image-23749\" srcset=\"https:\/\/dioceseteixeiradefreitas.com.br\/wp-content\/uploads\/2025\/02\/WhatsApp-Image-2025-02-09-at-08.19.54-1-768x1024.jpeg 768w, https:\/\/dioceseteixeiradefreitas.com.br\/wp-content\/uploads\/2025\/02\/WhatsApp-Image-2025-02-09-at-08.19.54-1-225x300.jpeg 225w, https:\/\/dioceseteixeiradefreitas.com.br\/wp-content\/uploads\/2025\/02\/WhatsApp-Image-2025-02-09-at-08.19.54-1.jpeg 960w\" sizes=\"auto, (max-width: 768px) 100vw, 768px\" \/><\/a><\/figure>\n\n\n\n<figure class=\"wp-block-image size-large\"><a href=\"https:\/\/dioceseteixeiradefreitas.com.br\/wp-content\/uploads\/2025\/02\/WhatsApp-Image-2025-02-09-at-08.19.54.jpeg\"><img loading=\"lazy\" decoding=\"async\" width=\"768\" height=\"1024\" data-id=\"23784\" src=\"https:\/\/dioceseteixeiradefreitas.com.br\/wp-content\/uploads\/2025\/02\/WhatsApp-Image-2025-02-09-at-08.19.54-768x1024.jpeg\" alt=\"\" class=\"wp-image-23784\" srcset=\"https:\/\/dioceseteixeiradefreitas.com.br\/wp-content\/uploads\/2025\/02\/WhatsApp-Image-2025-02-09-at-08.19.54-768x1024.jpeg 768w, https:\/\/dioceseteixeiradefreitas.com.br\/wp-content\/uploads\/2025\/02\/WhatsApp-Image-2025-02-09-at-08.19.54-225x300.jpeg 225w, https:\/\/dioceseteixeiradefreitas.com.br\/wp-content\/uploads\/2025\/02\/WhatsApp-Image-2025-02-09-at-08.19.54.jpeg 960w\" sizes=\"auto, (max-width: 768px) 100vw, 768px\" \/><\/a><\/figure>\n\n\n\n<figure class=\"wp-block-image size-large\"><a href=\"https:\/\/dioceseteixeiradefreitas.com.br\/wp-content\/uploads\/2025\/02\/WhatsApp-Image-2025-02-09-at-08.19.53-4.jpeg\"><img loading=\"lazy\" decoding=\"async\" width=\"768\" height=\"1024\" data-id=\"23767\" src=\"https:\/\/dioceseteixeiradefreitas.com.br\/wp-content\/uploads\/2025\/02\/WhatsApp-Image-2025-02-09-at-08.19.53-4-768x1024.jpeg\" alt=\"\" class=\"wp-image-23767\" srcset=\"https:\/\/dioceseteixeiradefreitas.com.br\/wp-content\/uploads\/2025\/02\/WhatsApp-Image-2025-02-09-at-08.19.53-4-768x1024.jpeg 768w, https:\/\/dioceseteixeiradefreitas.com.br\/wp-content\/uploads\/2025\/02\/WhatsApp-Image-2025-02-09-at-08.19.53-4-225x300.jpeg 225w, https:\/\/dioceseteixeiradefreitas.com.br\/wp-content\/uploads\/2025\/02\/WhatsApp-Image-2025-02-09-at-08.19.53-4.jpeg 960w\" sizes=\"auto, (max-width: 768px) 100vw, 768px\" \/><\/a><\/figure>\n\n\n\n<figure class=\"wp-block-image size-large\"><a href=\"https:\/\/dioceseteixeiradefreitas.com.br\/wp-content\/uploads\/2025\/02\/WhatsApp-Image-2025-02-09-at-08.19.53-3.jpeg\"><img loading=\"lazy\" decoding=\"async\" width=\"768\" height=\"1024\" data-id=\"23757\" src=\"https:\/\/dioceseteixeiradefreitas.com.br\/wp-content\/uploads\/2025\/02\/WhatsApp-Image-2025-02-09-at-08.19.53-3-768x1024.jpeg\" alt=\"\" class=\"wp-image-23757\" srcset=\"https:\/\/dioceseteixeiradefreitas.com.br\/wp-content\/uploads\/2025\/02\/WhatsApp-Image-2025-02-09-at-08.19.53-3-768x1024.jpeg 768w, https:\/\/dioceseteixeiradefreitas.com.br\/wp-content\/uploads\/2025\/02\/WhatsApp-Image-2025-02-09-at-08.19.53-3-225x300.jpeg 225w, https:\/\/dioceseteixeiradefreitas.com.br\/wp-content\/uploads\/2025\/02\/WhatsApp-Image-2025-02-09-at-08.19.53-3.jpeg 960w\" sizes=\"auto, (max-width: 768px) 100vw, 768px\" \/><\/a><\/figure>\n\n\n\n<figure class=\"wp-block-image size-large\"><a href=\"https:\/\/dioceseteixeiradefreitas.com.br\/wp-content\/uploads\/2025\/02\/WhatsApp-Image-2025-02-09-at-08.19.53-2.jpeg\"><img loading=\"lazy\" decoding=\"async\" width=\"768\" height=\"1024\" data-id=\"23765\" src=\"https:\/\/dioceseteixeiradefreitas.com.br\/wp-content\/uploads\/2025\/02\/WhatsApp-Image-2025-02-09-at-08.19.53-2-768x1024.jpeg\" alt=\"\" class=\"wp-image-23765\" srcset=\"https:\/\/dioceseteixeiradefreitas.com.br\/wp-content\/uploads\/2025\/02\/WhatsApp-Image-2025-02-09-at-08.19.53-2-768x1024.jpeg 768w, https:\/\/dioceseteixeiradefreitas.com.br\/wp-content\/uploads\/2025\/02\/WhatsApp-Image-2025-02-09-at-08.19.53-2-225x300.jpeg 225w, https:\/\/dioceseteixeiradefreitas.com.br\/wp-content\/uploads\/2025\/02\/WhatsApp-Image-2025-02-09-at-08.19.53-2.jpeg 960w\" sizes=\"auto, (max-width: 768px) 100vw, 768px\" \/><\/a><\/figure>\n\n\n\n<figure class=\"wp-block-image size-large\"><a href=\"https:\/\/dioceseteixeiradefreitas.com.br\/wp-content\/uploads\/2025\/02\/WhatsApp-Image-2025-02-09-at-08.19.53-1.jpeg\"><img loading=\"lazy\" decoding=\"async\" width=\"768\" height=\"1024\" data-id=\"23750\" src=\"https:\/\/dioceseteixeiradefreitas.com.br\/wp-content\/uploads\/2025\/02\/WhatsApp-Image-2025-02-09-at-08.19.53-1-768x1024.jpeg\" alt=\"\" class=\"wp-image-23750\" srcset=\"https:\/\/dioceseteixeiradefreitas.com.br\/wp-content\/uploads\/2025\/02\/WhatsApp-Image-2025-02-09-at-08.19.53-1-768x1024.jpeg 768w, https:\/\/dioceseteixeiradefreitas.com.br\/wp-content\/uploads\/2025\/02\/WhatsApp-Image-2025-02-09-at-08.19.53-1-225x300.jpeg 225w, https:\/\/dioceseteixeiradefreitas.com.br\/wp-content\/uploads\/2025\/02\/WhatsApp-Image-2025-02-09-at-08.19.53-1.jpeg 960w\" sizes=\"auto, (max-width: 768px) 100vw, 768px\" \/><\/a><\/figure>\n\n\n\n<figure class=\"wp-block-image size-large\"><a href=\"https:\/\/dioceseteixeiradefreitas.com.br\/wp-content\/uploads\/2025\/02\/WhatsApp-Image-2025-02-09-at-08.19.52-4.jpeg\"><img loading=\"lazy\" decoding=\"async\" width=\"768\" height=\"1024\" data-id=\"23768\" src=\"https:\/\/dioceseteixeiradefreitas.com.br\/wp-content\/uploads\/2025\/02\/WhatsApp-Image-2025-02-09-at-08.19.52-4-768x1024.jpeg\" alt=\"\" class=\"wp-image-23768\" srcset=\"https:\/\/dioceseteixeiradefreitas.com.br\/wp-content\/uploads\/2025\/02\/WhatsApp-Image-2025-02-09-at-08.19.52-4-768x1024.jpeg 768w, https:\/\/dioceseteixeiradefreitas.com.br\/wp-content\/uploads\/2025\/02\/WhatsApp-Image-2025-02-09-at-08.19.52-4-225x300.jpeg 225w, https:\/\/dioceseteixeiradefreitas.com.br\/wp-content\/uploads\/2025\/02\/WhatsApp-Image-2025-02-09-at-08.19.52-4.jpeg 960w\" sizes=\"auto, (max-width: 768px) 100vw, 768px\" \/><\/a><\/figure>\n\n\n\n<figure class=\"wp-block-image size-large\"><a href=\"https:\/\/dioceseteixeiradefreitas.com.br\/wp-content\/uploads\/2025\/02\/WhatsApp-Image-2025-02-09-at-08.19.52-3.jpeg\"><img loading=\"lazy\" decoding=\"async\" width=\"1024\" height=\"768\" data-id=\"23761\" src=\"https:\/\/dioceseteixeiradefreitas.com.br\/wp-content\/uploads\/2025\/02\/WhatsApp-Image-2025-02-09-at-08.19.52-3-1024x768.jpeg\" alt=\"\" class=\"wp-image-23761\" srcset=\"https:\/\/dioceseteixeiradefreitas.com.br\/wp-content\/uploads\/2025\/02\/WhatsApp-Image-2025-02-09-at-08.19.52-3-1024x768.jpeg 1024w, https:\/\/dioceseteixeiradefreitas.com.br\/wp-content\/uploads\/2025\/02\/WhatsApp-Image-2025-02-09-at-08.19.52-3-300x225.jpeg 300w, https:\/\/dioceseteixeiradefreitas.com.br\/wp-content\/uploads\/2025\/02\/WhatsApp-Image-2025-02-09-at-08.19.52-3-768x576.jpeg 768w, https:\/\/dioceseteixeiradefreitas.com.br\/wp-content\/uploads\/2025\/02\/WhatsApp-Image-2025-02-09-at-08.19.52-3.jpeg 1280w\" sizes=\"auto, (max-width: 1024px) 100vw, 1024px\" \/><\/a><\/figure>\n\n\n\n<figure class=\"wp-block-image size-large\"><a href=\"https:\/\/dioceseteixeiradefreitas.com.br\/wp-content\/uploads\/2025\/02\/WhatsApp-Image-2025-02-09-at-08.19.52-2.jpeg\"><img loading=\"lazy\" decoding=\"async\" width=\"1024\" height=\"768\" data-id=\"23770\" src=\"https:\/\/dioceseteixeiradefreitas.com.br\/wp-content\/uploads\/2025\/02\/WhatsApp-Image-2025-02-09-at-08.19.52-2-1024x768.jpeg\" alt=\"\" class=\"wp-image-23770\" srcset=\"https:\/\/dioceseteixeiradefreitas.com.br\/wp-content\/uploads\/2025\/02\/WhatsApp-Image-2025-02-09-at-08.19.52-2-1024x768.jpeg 1024w, https:\/\/dioceseteixeiradefreitas.com.br\/wp-content\/uploads\/2025\/02\/WhatsApp-Image-2025-02-09-at-08.19.52-2-300x225.jpeg 300w, https:\/\/dioceseteixeiradefreitas.com.br\/wp-content\/uploads\/2025\/02\/WhatsApp-Image-2025-02-09-at-08.19.52-2-768x576.jpeg 768w, https:\/\/dioceseteixeiradefreitas.com.br\/wp-content\/uploads\/2025\/02\/WhatsApp-Image-2025-02-09-at-08.19.52-2.jpeg 1280w\" sizes=\"auto, (max-width: 1024px) 100vw, 1024px\" \/><\/a><\/figure>\n\n\n\n<figure class=\"wp-block-image size-large\"><a href=\"https:\/\/dioceseteixeiradefreitas.com.br\/wp-content\/uploads\/2025\/02\/WhatsApp-Image-2025-02-09-at-08.19.52-1.jpeg\"><img loading=\"lazy\" decoding=\"async\" width=\"576\" height=\"1024\" data-id=\"23803\" src=\"https:\/\/dioceseteixeiradefreitas.com.br\/wp-content\/uploads\/2025\/02\/WhatsApp-Image-2025-02-09-at-08.19.52-1-576x1024.jpeg\" alt=\"\" class=\"wp-image-23803\" srcset=\"https:\/\/dioceseteixeiradefreitas.com.br\/wp-content\/uploads\/2025\/02\/WhatsApp-Image-2025-02-09-at-08.19.52-1-576x1024.jpeg 576w, https:\/\/dioceseteixeiradefreitas.com.br\/wp-content\/uploads\/2025\/02\/WhatsApp-Image-2025-02-09-at-08.19.52-1-169x300.jpeg 169w, https:\/\/dioceseteixeiradefreitas.com.br\/wp-content\/uploads\/2025\/02\/WhatsApp-Image-2025-02-09-at-08.19.52-1-768x1365.jpeg 768w, https:\/\/dioceseteixeiradefreitas.com.br\/wp-content\/uploads\/2025\/02\/WhatsApp-Image-2025-02-09-at-08.19.52-1-864x1536.jpeg 864w, https:\/\/dioceseteixeiradefreitas.com.br\/wp-content\/uploads\/2025\/02\/WhatsApp-Image-2025-02-09-at-08.19.52-1.jpeg 900w\" sizes=\"auto, (max-width: 576px) 100vw, 576px\" \/><\/a><\/figure>\n\n\n\n<figure class=\"wp-block-image size-large\"><a href=\"https:\/\/dioceseteixeiradefreitas.com.br\/wp-content\/uploads\/2025\/02\/WhatsApp-Image-2025-02-09-at-08.19.52.jpeg\"><img loading=\"lazy\" decoding=\"async\" width=\"768\" height=\"1024\" data-id=\"23769\" src=\"https:\/\/dioceseteixeiradefreitas.com.br\/wp-content\/uploads\/2025\/02\/WhatsApp-Image-2025-02-09-at-08.19.52-768x1024.jpeg\" alt=\"\" class=\"wp-image-23769\" srcset=\"https:\/\/dioceseteixeiradefreitas.com.br\/wp-content\/uploads\/2025\/02\/WhatsApp-Image-2025-02-09-at-08.19.52-768x1024.jpeg 768w, https:\/\/dioceseteixeiradefreitas.com.br\/wp-content\/uploads\/2025\/02\/WhatsApp-Image-2025-02-09-at-08.19.52-225x300.jpeg 225w, https:\/\/dioceseteixeiradefreitas.com.br\/wp-content\/uploads\/2025\/02\/WhatsApp-Image-2025-02-09-at-08.19.52.jpeg 960w\" sizes=\"auto, (max-width: 768px) 100vw, 768px\" \/><\/a><\/figure>\n\n\n\n<figure class=\"wp-block-image size-large\"><a href=\"https:\/\/dioceseteixeiradefreitas.com.br\/wp-content\/uploads\/2025\/02\/WhatsApp-Image-2025-02-09-at-08.19.51-5.jpeg\"><img loading=\"lazy\" decoding=\"async\" width=\"768\" height=\"1024\" data-id=\"23751\" src=\"https:\/\/dioceseteixeiradefreitas.com.br\/wp-content\/uploads\/2025\/02\/WhatsApp-Image-2025-02-09-at-08.19.51-5-768x1024.jpeg\" alt=\"\" class=\"wp-image-23751\" srcset=\"https:\/\/dioceseteixeiradefreitas.com.br\/wp-content\/uploads\/2025\/02\/WhatsApp-Image-2025-02-09-at-08.19.51-5-768x1024.jpeg 768w, https:\/\/dioceseteixeiradefreitas.com.br\/wp-content\/uploads\/2025\/02\/WhatsApp-Image-2025-02-09-at-08.19.51-5-225x300.jpeg 225w, https:\/\/dioceseteixeiradefreitas.com.br\/wp-content\/uploads\/2025\/02\/WhatsApp-Image-2025-02-09-at-08.19.51-5.jpeg 960w\" sizes=\"auto, (max-width: 768px) 100vw, 768px\" \/><\/a><\/figure>\n\n\n\n<figure class=\"wp-block-image size-large\"><a href=\"https:\/\/dioceseteixeiradefreitas.com.br\/wp-content\/uploads\/2025\/02\/WhatsApp-Image-2025-02-09-at-08.19.51-4.jpeg\"><img loading=\"lazy\" decoding=\"async\" width=\"768\" height=\"1024\" data-id=\"23752\" src=\"https:\/\/dioceseteixeiradefreitas.com.br\/wp-content\/uploads\/2025\/02\/WhatsApp-Image-2025-02-09-at-08.19.51-4-768x1024.jpeg\" alt=\"\" class=\"wp-image-23752\" srcset=\"https:\/\/dioceseteixeiradefreitas.com.br\/wp-content\/uploads\/2025\/02\/WhatsApp-Image-2025-02-09-at-08.19.51-4-768x1024.jpeg 768w, https:\/\/dioceseteixeiradefreitas.com.br\/wp-content\/uploads\/2025\/02\/WhatsApp-Image-2025-02-09-at-08.19.51-4-225x300.jpeg 225w, https:\/\/dioceseteixeiradefreitas.com.br\/wp-content\/uploads\/2025\/02\/WhatsApp-Image-2025-02-09-at-08.19.51-4.jpeg 960w\" sizes=\"auto, (max-width: 768px) 100vw, 768px\" \/><\/a><\/figure>\n\n\n\n<figure class=\"wp-block-image size-large\"><a href=\"https:\/\/dioceseteixeiradefreitas.com.br\/wp-content\/uploads\/2025\/02\/WhatsApp-Image-2025-02-09-at-08.19.51-3.jpeg\"><img loading=\"lazy\" decoding=\"async\" width=\"768\" height=\"1024\" data-id=\"23798\" src=\"https:\/\/dioceseteixeiradefreitas.com.br\/wp-content\/uploads\/2025\/02\/WhatsApp-Image-2025-02-09-at-08.19.51-3-768x1024.jpeg\" alt=\"\" class=\"wp-image-23798\" srcset=\"https:\/\/dioceseteixeiradefreitas.com.br\/wp-content\/uploads\/2025\/02\/WhatsApp-Image-2025-02-09-at-08.19.51-3-768x1024.jpeg 768w, https:\/\/dioceseteixeiradefreitas.com.br\/wp-content\/uploads\/2025\/02\/WhatsApp-Image-2025-02-09-at-08.19.51-3-225x300.jpeg 225w, https:\/\/dioceseteixeiradefreitas.com.br\/wp-content\/uploads\/2025\/02\/WhatsApp-Image-2025-02-09-at-08.19.51-3.jpeg 960w\" sizes=\"auto, (max-width: 768px) 100vw, 768px\" \/><\/a><\/figure>\n\n\n\n<figure class=\"wp-block-image size-large\"><a href=\"https:\/\/dioceseteixeiradefreitas.com.br\/wp-content\/uploads\/2025\/02\/WhatsApp-Image-2025-02-09-at-08.19.51-2.jpeg\"><img loading=\"lazy\" decoding=\"async\" width=\"699\" height=\"1024\" data-id=\"23786\" src=\"https:\/\/dioceseteixeiradefreitas.com.br\/wp-content\/uploads\/2025\/02\/WhatsApp-Image-2025-02-09-at-08.19.51-2-699x1024.jpeg\" alt=\"\" class=\"wp-image-23786\" srcset=\"https:\/\/dioceseteixeiradefreitas.com.br\/wp-content\/uploads\/2025\/02\/WhatsApp-Image-2025-02-09-at-08.19.51-2-699x1024.jpeg 699w, https:\/\/dioceseteixeiradefreitas.com.br\/wp-content\/uploads\/2025\/02\/WhatsApp-Image-2025-02-09-at-08.19.51-2-205x300.jpeg 205w, https:\/\/dioceseteixeiradefreitas.com.br\/wp-content\/uploads\/2025\/02\/WhatsApp-Image-2025-02-09-at-08.19.51-2-768x1125.jpeg 768w, https:\/\/dioceseteixeiradefreitas.com.br\/wp-content\/uploads\/2025\/02\/WhatsApp-Image-2025-02-09-at-08.19.51-2.jpeg 874w\" sizes=\"auto, (max-width: 699px) 100vw, 699px\" \/><\/a><\/figure>\n\n\n\n<figure class=\"wp-block-image size-large\"><a href=\"https:\/\/dioceseteixeiradefreitas.com.br\/wp-content\/uploads\/2025\/02\/WhatsApp-Image-2025-02-09-at-08.19.51-1.jpeg\"><img loading=\"lazy\" decoding=\"async\" width=\"725\" height=\"1024\" data-id=\"23788\" src=\"https:\/\/dioceseteixeiradefreitas.com.br\/wp-content\/uploads\/2025\/02\/WhatsApp-Image-2025-02-09-at-08.19.51-1-725x1024.jpeg\" alt=\"\" class=\"wp-image-23788\" srcset=\"https:\/\/dioceseteixeiradefreitas.com.br\/wp-content\/uploads\/2025\/02\/WhatsApp-Image-2025-02-09-at-08.19.51-1-725x1024.jpeg 725w, https:\/\/dioceseteixeiradefreitas.com.br\/wp-content\/uploads\/2025\/02\/WhatsApp-Image-2025-02-09-at-08.19.51-1-212x300.jpeg 212w, https:\/\/dioceseteixeiradefreitas.com.br\/wp-content\/uploads\/2025\/02\/WhatsApp-Image-2025-02-09-at-08.19.51-1-768x1085.jpeg 768w, https:\/\/dioceseteixeiradefreitas.com.br\/wp-content\/uploads\/2025\/02\/WhatsApp-Image-2025-02-09-at-08.19.51-1.jpeg 906w\" sizes=\"auto, (max-width: 725px) 100vw, 725px\" \/><\/a><\/figure>\n\n\n\n<figure class=\"wp-block-image size-large\"><a href=\"https:\/\/dioceseteixeiradefreitas.com.br\/wp-content\/uploads\/2025\/02\/WhatsApp-Image-2025-02-09-at-08.19.51.jpeg\"><img loading=\"lazy\" decoding=\"async\" width=\"768\" height=\"1024\" data-id=\"23789\" src=\"https:\/\/dioceseteixeiradefreitas.com.br\/wp-content\/uploads\/2025\/02\/WhatsApp-Image-2025-02-09-at-08.19.51-768x1024.jpeg\" alt=\"\" class=\"wp-image-23789\" srcset=\"https:\/\/dioceseteixeiradefreitas.com.br\/wp-content\/uploads\/2025\/02\/WhatsApp-Image-2025-02-09-at-08.19.51-768x1024.jpeg 768w, https:\/\/dioceseteixeiradefreitas.com.br\/wp-content\/uploads\/2025\/02\/WhatsApp-Image-2025-02-09-at-08.19.51-225x300.jpeg 225w, https:\/\/dioceseteixeiradefreitas.com.br\/wp-content\/uploads\/2025\/02\/WhatsApp-Image-2025-02-09-at-08.19.51.jpeg 960w\" sizes=\"auto, (max-width: 768px) 100vw, 768px\" \/><\/a><\/figure>\n\n\n\n<figure class=\"wp-block-image size-large\"><a href=\"https:\/\/dioceseteixeiradefreitas.com.br\/wp-content\/uploads\/2025\/02\/WhatsApp-Image-2025-02-09-at-08.19.50-2.jpeg\"><img loading=\"lazy\" decoding=\"async\" width=\"752\" height=\"1024\" data-id=\"23790\" src=\"https:\/\/dioceseteixeiradefreitas.com.br\/wp-content\/uploads\/2025\/02\/WhatsApp-Image-2025-02-09-at-08.19.50-2-752x1024.jpeg\" alt=\"\" class=\"wp-image-23790\" srcset=\"https:\/\/dioceseteixeiradefreitas.com.br\/wp-content\/uploads\/2025\/02\/WhatsApp-Image-2025-02-09-at-08.19.50-2-752x1024.jpeg 752w, https:\/\/dioceseteixeiradefreitas.com.br\/wp-content\/uploads\/2025\/02\/WhatsApp-Image-2025-02-09-at-08.19.50-2-220x300.jpeg 220w, https:\/\/dioceseteixeiradefreitas.com.br\/wp-content\/uploads\/2025\/02\/WhatsApp-Image-2025-02-09-at-08.19.50-2-768x1046.jpeg 768w, https:\/\/dioceseteixeiradefreitas.com.br\/wp-content\/uploads\/2025\/02\/WhatsApp-Image-2025-02-09-at-08.19.50-2.jpeg 940w\" sizes=\"auto, (max-width: 752px) 100vw, 752px\" \/><\/a><\/figure>\n\n\n\n<figure class=\"wp-block-image size-large\"><a href=\"https:\/\/dioceseteixeiradefreitas.com.br\/wp-content\/uploads\/2025\/02\/WhatsApp-Image-2025-02-09-at-08.19.50-1.jpeg\"><img loading=\"lazy\" decoding=\"async\" width=\"768\" height=\"1024\" data-id=\"23771\" src=\"https:\/\/dioceseteixeiradefreitas.com.br\/wp-content\/uploads\/2025\/02\/WhatsApp-Image-2025-02-09-at-08.19.50-1-768x1024.jpeg\" alt=\"\" class=\"wp-image-23771\" srcset=\"https:\/\/dioceseteixeiradefreitas.com.br\/wp-content\/uploads\/2025\/02\/WhatsApp-Image-2025-02-09-at-08.19.50-1-768x1024.jpeg 768w, https:\/\/dioceseteixeiradefreitas.com.br\/wp-content\/uploads\/2025\/02\/WhatsApp-Image-2025-02-09-at-08.19.50-1-225x300.jpeg 225w, https:\/\/dioceseteixeiradefreitas.com.br\/wp-content\/uploads\/2025\/02\/WhatsApp-Image-2025-02-09-at-08.19.50-1.jpeg 960w\" sizes=\"auto, (max-width: 768px) 100vw, 768px\" \/><\/a><\/figure>\n\n\n\n<figure class=\"wp-block-image size-large\"><a href=\"https:\/\/dioceseteixeiradefreitas.com.br\/wp-content\/uploads\/2025\/02\/WhatsApp-Image-2025-02-09-at-08.19.49-1-scaled.jpeg\"><img loading=\"lazy\" decoding=\"async\" width=\"768\" height=\"1024\" data-id=\"23808\" src=\"https:\/\/dioceseteixeiradefreitas.com.br\/wp-content\/uploads\/2025\/02\/WhatsApp-Image-2025-02-09-at-08.19.49-1-768x1024.jpeg\" alt=\"\" class=\"wp-image-23808\" srcset=\"https:\/\/dioceseteixeiradefreitas.com.br\/wp-content\/uploads\/2025\/02\/WhatsApp-Image-2025-02-09-at-08.19.49-1-768x1024.jpeg 768w, https:\/\/dioceseteixeiradefreitas.com.br\/wp-content\/uploads\/2025\/02\/WhatsApp-Image-2025-02-09-at-08.19.49-1-225x300.jpeg 225w, https:\/\/dioceseteixeiradefreitas.com.br\/wp-content\/uploads\/2025\/02\/WhatsApp-Image-2025-02-09-at-08.19.49-1-1152x1536.jpeg 1152w, https:\/\/dioceseteixeiradefreitas.com.br\/wp-content\/uploads\/2025\/02\/WhatsApp-Image-2025-02-09-at-08.19.49-1-1536x2048.jpeg 1536w, https:\/\/dioceseteixeiradefreitas.com.br\/wp-content\/uploads\/2025\/02\/WhatsApp-Image-2025-02-09-at-08.19.49-1-scaled.jpeg 1920w\" sizes=\"auto, (max-width: 768px) 100vw, 768px\" \/><\/a><\/figure>\n\n\n\n<figure class=\"wp-block-image size-large\"><a href=\"https:\/\/dioceseteixeiradefreitas.com.br\/wp-content\/uploads\/2025\/02\/WhatsApp-Image-2025-02-09-at-08.19.49.jpeg\"><img loading=\"lazy\" decoding=\"async\" width=\"768\" height=\"1024\" data-id=\"23753\" src=\"https:\/\/dioceseteixeiradefreitas.com.br\/wp-content\/uploads\/2025\/02\/WhatsApp-Image-2025-02-09-at-08.19.49-768x1024.jpeg\" alt=\"\" class=\"wp-image-23753\" srcset=\"https:\/\/dioceseteixeiradefreitas.com.br\/wp-content\/uploads\/2025\/02\/WhatsApp-Image-2025-02-09-at-08.19.49-768x1024.jpeg 768w, https:\/\/dioceseteixeiradefreitas.com.br\/wp-content\/uploads\/2025\/02\/WhatsApp-Image-2025-02-09-at-08.19.49-225x300.jpeg 225w, https:\/\/dioceseteixeiradefreitas.com.br\/wp-content\/uploads\/2025\/02\/WhatsApp-Image-2025-02-09-at-08.19.49.jpeg 960w\" sizes=\"auto, (max-width: 768px) 100vw, 768px\" \/><\/a><\/figure>\n<\/figure>\n","protected":false},"excerpt":{"rendered":"<p>No dia 08 de fevereiro de 2025, a Igreja Nossa Senhora de F\u00e1tima, em Itamaraju, viveu um momento de profunda emo\u00e7\u00e3o e renova\u00e7\u00e3o espiritual. Durante a celebra\u00e7\u00e3o da Eucaristia, a comunidade se reuniu para testemunhar a ordena\u00e7\u00e3o presbiteral de David Oliveira, um acontecimento que marca o in\u00edcio de uma nova etapa no servi\u00e7o pastoral da &hellip;<\/p>\n","protected":false},"author":32,"featured_media":23742,"comment_status":"closed","ping_status":"closed","sticky":false,"template":"","format":"standard","meta":{"footnotes":""},"categories":[100,41],"tags":[],"class_list":["post-23741","post","type-post","status-publish","format-standard","has-post-thumbnail","hentry","category-noticias-diocesanas","category-noticias_destaque"],"_links":{"self":[{"href":"https:\/\/dioceseteixeiradefreitas.com.br\/index.php?rest_route=\/wp\/v2\/posts\/23741","targetHints":{"allow":["GET"]}}],"collection":[{"href":"https:\/\/dioceseteixeiradefreitas.com.br\/index.php?rest_route=\/wp\/v2\/posts"}],"about":[{"href":"https:\/\/dioceseteixeiradefreitas.com.br\/index.php?rest_route=\/wp\/v2\/types\/post"}],"author":[{"embeddable":true,"href":"https:\/\/dioceseteixeiradefreitas.com.br\/index.php?rest_route=\/wp\/v2\/users\/32"}],"replies":[{"embeddable":true,"href":"https:\/\/dioceseteixeiradefreitas.com.br\/index.php?rest_route=%2Fwp%2Fv2%2Fcomments&post=23741"}],"version-history":[{"count":4,"href":"https:\/\/dioceseteixeiradefreitas.com.br\/index.php?rest_route=\/wp\/v2\/posts\/23741\/revisions"}],"predecessor-version":[{"id":23831,"href":"https:\/\/dioceseteixeiradefreitas.com.br\/index.php?rest_route=\/wp\/v2\/posts\/23741\/revisions\/23831"}],"wp:featuredmedia":[{"embeddable":true,"href":"https:\/\/dioceseteixeiradefreitas.com.br\/index.php?rest_route=\/wp\/v2\/media\/23742"}],"wp:attachment":[{"href":"https:\/\/dioceseteixeiradefreitas.com.br\/index.php?rest_route=%2Fwp%2Fv2%2Fmedia&parent=23741"}],"wp:term":[{"taxonomy":"category","embeddable":true,"href":"https:\/\/dioceseteixeiradefreitas.com.br\/index.php?rest_route=%2Fwp%2Fv2%2Fcategories&post=23741"},{"taxonomy":"post_tag","embeddable":true,"href":"https:\/\/dioceseteixeiradefreitas.com.br\/index.php?rest_route=%2Fwp%2Fv2%2Ftags&post=23741"}],"curies":[{"name":"wp","href":"https:\/\/api.w.org\/{rel}","templated":true}]}}