{"id":23975,"date":"2025-03-05T09:20:22","date_gmt":"2025-03-05T12:20:22","guid":{"rendered":"https:\/\/dioceseteixeiradefreitas.com.br\/?p=23975"},"modified":"2025-03-05T10:56:08","modified_gmt":"2025-03-05T13:56:08","slug":"dom-jailton-publica-mensagem-quaresmal","status":"publish","type":"post","link":"https:\/\/dioceseteixeiradefreitas.com.br\/?p=23975","title":{"rendered":"Dom Jailton Publica Mensagem Quaresmal"},"content":{"rendered":"\n<p class=\"has-text-align-right\">&#8220;Nas \u00e1guas mais profundas                               da f\u00e9, Deus nos conduz!&#8221;<\/p>\n\n\n\n<p>Meus irm\u00e3os e minhas irm\u00e3s,<\/p>\n\n\n\n<p>Que a paz de Cristo, nosso Senhor, esteja com cada um de voc\u00eas!<\/p>\n\n\n\n<p>A Igreja nos convida, mais uma vez, a viver a Quaresma. Este tempo de gra\u00e7a e convers\u00e3o nos conduz ao essencial: ao amor de Deus, \u00e0 cruz de Cristo e \u00e0 esperan\u00e7a da ressurrei\u00e7\u00e3o. A cada Quaresma, o Senhor nos chama ao sil\u00eancio do cora\u00e7\u00e3o, ao arrependimento sincero e \u00e0 confian\u00e7a de que Ele est\u00e1 conosco em cada travessia da nossa vida.<\/p>\n\n\n\n<p>Neste ano, a nossa Diocese de Teixeira de Freitas\/Caravelas vive uma Quaresma ainda mais intensa, uma Quaresma que nos ensina o valor do envio e da espera. Estou sendo enviado pelo Senhor para uma nova miss\u00e3o na Diocese de Itabuna. Meu cora\u00e7\u00e3o se alegra e se entristece ao mesmo tempo: alegria porque sigo para onde Deus me envia, tristeza porque deixo esta terra e este povo que aprendi a amar como parte de mim.<\/p>\n\n\n\n<p>Mas Deus nos ensina que todo chamado \u00e9 um novo come\u00e7o. Quando cheguei a esta Diocese, celebr\u00e1vamos os 60 anos desta Igreja Particular, e o convite de Jesus ecoava em nossos cora\u00e7\u00f5es:<\/p>\n\n\n\n<p>&#8220;Avancem para \u00e1guas mais profundas&#8221; (Lc 5,4). E avan\u00e7amos! Juntos, experimentamos a grandeza de Deus, enfrentamos desafios, celebramos conquistas e fortalecemos nossa f\u00e9.<\/p>\n\n\n\n<p>Agora, esta Diocese entra num novo tempo. Tempo de espera, tempo de maturidade, tempo de confian\u00e7a. Um novo Bispo ser\u00e1 enviado, escolhido por Deus, para continuar a guiar este rebanho. E nesta espera, o Senhor nos ensina algo precioso: a Igreja n\u00e3o para! O Evangelho n\u00e3o espera. A miss\u00e3o continua viva em cada um de voc\u00eas.<\/p>\n\n\n\n<p><strong>Uma espera que \u00e9 gra\u00e7a<\/strong><\/p>\n\n\n\n<p>A espera n\u00e3o deve ser angustiante, mas fecunda. Olhemos para Maria, nossa M\u00e3e, que soube esperar com f\u00e9 e humildade. Ela esperou o nascimento de Jesus em meio \u00e0s incertezas; esperou aos p\u00e9s da cruz, com o cora\u00e7\u00e3o rasgado de dor; e esperou a ressurrei\u00e7\u00e3o, sustentada pela promessa divina.<\/p>\n\n\n\n<p>Assim tamb\u00e9m \u00e9 a nossa espera: uma espera de ora\u00e7\u00e3o, de peregrinos da esperan\u00e7a, de confian\u00e7a total na vontade do Pai que tudo faz para o nosso maior bem.<\/p>\n\n\n\n<p>Por isso, nesta Quaresma, convido cada um de voc\u00eas a viver este tempo com um cora\u00e7\u00e3o aberto.<\/p>\n\n\n\n<p>N\u00e3o se deixem levar pelo medo ou pela incerteza. Deus nunca abandona aqueles que confiam Nele!<\/p>\n\n\n\n<p>A Provid\u00eancia Divina \u00e9 uma M\u00e3e Amorosa.<\/p>\n\n\n\n<p><strong>O caminho quaresmal: uma travessia rumo \u00e0 P\u00e1scoa<\/strong><\/p>\n\n\n\n<p>A cada Quaresma, somos chamados a trilhar tr\u00eas caminhos:<\/p>\n\n\n\n<ol class=\"wp-block-list\">\n<li>O Jejum, que nos ensina a libertar-nos do que nos prende ao sup\u00e9rfluo, para que Deus ocupe verdadeiramente o centro da nossa vida;<\/li>\n\n\n\n<li>A Ora\u00e7\u00e3o, que fortalece nossa f\u00e9 e nos d\u00e1 a certeza de que o Senhor est\u00e1 conosco em cada momento, guiando nossa caminhada;<\/li>\n\n\n\n<li>A Esmola, que nos lembra que a f\u00e9 sem caridade \u00e9 vazia. O amor ao pr\u00f3ximo \u00e9 a maior express\u00e3o do amor a Deus.<\/li>\n<\/ol>\n\n\n\n<p>N\u00e3o vivamos esta Quaresma como um costume, mas como um verdadeiro encontro com Cristo!<\/p>\n\n\n\n<p>Como um tempo para mergulharmos, de fato, nas \u00e1guas mais profundas da f\u00e9.<\/p>\n\n\n\n<p>A Campanha da Fraternidade 2025, que iniciamos nesta Quarta-feira de Cinzas, nos convida a refletir profundamente sobre o tema &#8220;Fraternidade e Ecologia Integral&#8221;, iluminados pelo lema b\u00edblico: &#8220;Deus viu que tudo era muito bom&#8221; (Gn 1,31).<\/p>\n\n\n\n<p>Este chamado ressoa em um momento crucial, marcado por eventos significativos como os 10 anos da Enc\u00edclica Laudato Si&#8217;, os 800 anos do C\u00e2ntico das Criaturas de S\u00e3o Francisco de Assis e a realiza\u00e7\u00e3o da COP 30 em Bel\u00e9m (PA), a primeira na Amaz\u00f4nia.<\/p>\n\n\n\n<p>A Ecologia Integral nos convida a reconhecer a interconex\u00e3o entre todas as criaturas e o meio ambiente, enfatizando que o cuidado com a natureza \u00e9 indissoci\u00e1vel do cuidado com o pr\u00f3ximo. Neste tempo de Quaresma, per\u00edodo de introspec\u00e7\u00e3o e renova\u00e7\u00e3o espiritual, somos chamados a uma convers\u00e3o ecol\u00f3gica, que implica em mudan\u00e7as concretas em nossos h\u00e1bitos e atitudes em rela\u00e7\u00e3o ao meio ambiente e \u00e0s nossas rela\u00e7\u00f5es com os irm\u00e3os e irm\u00e3s.<\/p>\n\n\n\n<p>Para que essa reflex\u00e3o se traduza em a\u00e7\u00f5es pr\u00e1ticas, propomos os seguintes gestos concretos:<\/p>\n\n\n\n<p>Redu\u00e7\u00e3o do consumo de pl\u00e1stico: adotar alternativas sustent\u00e1veis, como sacolas reutiliz\u00e1veis e garrafas retorn\u00e1veis.<\/p>\n\n\n\n<p>Economia de \u00e1gua e energia: implementar medidas simples no cotidiano que contribuam para a preserva\u00e7\u00e3o dos recursos naturais.<\/p>\n\n\n\n<p>Participa\u00e7\u00e3o em mutir\u00f5es de limpeza: envolver-se em iniciativas comunit\u00e1rias para a limpeza e conserva\u00e7\u00e3o de espa\u00e7os p\u00fablicos.<\/p>\n\n\n\n<p>Apoio a pol\u00edticas p\u00fablicas ambientais: engajar-se em movimentos que promovam a sustentabilidade e a justi\u00e7a socioambiental.<\/p>\n\n\n\n<p>Que possamos, inspirados pelo exemplo de S\u00e3o Francisco de Assis e guiados pelos ensinamentos da Igreja, assumir nossa responsabilidade de cuidar da &#8220;Casa Comum&#8221;, promovendo uma fraternidade que abranja todas as criaturas e respeite a integridade da cria\u00e7\u00e3o.<\/p>\n\n\n\n<p>Que Deus nos aben\u00e7oe e nos fortale\u00e7a nesta caminhada de convers\u00e3o e compromisso ecol\u00f3gico.<\/p>\n\n\n\n<p><strong>Nas \u00e1guas profundas da f\u00e9, Deus nos sustenta<\/strong><\/p>\n\n\n\n<p>Meu cora\u00e7\u00e3o se despede desta Diocese, mas minha alma permanece unida a cada um de voc\u00eas.<\/p>\n\n\n\n<p>Levarei comigo a mem\u00f3ria de um povo que me ensinou a amar mais a Igreja, a servir com mais alegria, a confiar ainda mais na a\u00e7\u00e3o do Esp\u00edrito Santo.<\/p>\n\n\n\n<p>Sigam firmes! O novo Bispo que chegar\u00e1 encontrar\u00e1 uma Igreja forte, uma f\u00e9 madura, um povo que ama a Deus e que n\u00e3o teme avan\u00e7ar.<\/p>\n\n\n\n<p>O Senhor nos diz: &#8220;N\u00e3o temais, eu estou convosco todos os dias, at\u00e9 o fim dos tempos&#8221; (Mt28,20).<\/p>\n\n\n\n<p>Que esta Quaresma seja um tempo de renova\u00e7\u00e3o e de gra\u00e7a! Que a espera pelo novo pastor nos encontre em ora\u00e7\u00e3o, em comunh\u00e3o, com os cora\u00e7\u00f5es ardentes pela miss\u00e3o.<\/p>\n\n\n\n<p>E que Maria, M\u00e3e da Igreja, interceda por esta Diocese e conduza cada um de voc\u00eas no caminho da f\u00e9.<\/p>\n\n\n\n<p>Recebam minha b\u00ean\u00e7\u00e3o e minha eterna gratid\u00e3o!<\/p>\n\n\n\n<p class=\"has-text-align-right\">Dom Jailton de Oliveira Lino, psdp.             Bispo Diocesano<\/p>\n\n\n\n<p class=\"has-text-align-right\">Teixeira de Freitas\/ 05 de mar\u00e7o de 2025<\/p>\n\n\n\n<div data-wp-interactive=\"core\/file\" class=\"wp-block-file\"><object data-wp-bind--hidden=\"!state.hasPdfPreview\" hidden class=\"wp-block-file__embed\" data=\"https:\/\/dioceseteixeiradefreitas.com.br\/wp-content\/uploads\/2025\/03\/Mensagem-Quaresmal-1.pdf\" type=\"application\/pdf\" style=\"width:100%;height:600px\" aria-label=\"Incorporado de Mensagem Quaresmal.\"><\/object><a id=\"wp-block-file--media-66ea0f40-6439-430b-9684-45489b8004a7\" href=\"https:\/\/dioceseteixeiradefreitas.com.br\/wp-content\/uploads\/2025\/03\/Mensagem-Quaresmal-1.pdf\">Mensagem Quaresmal<\/a><a href=\"https:\/\/dioceseteixeiradefreitas.com.br\/wp-content\/uploads\/2025\/03\/Mensagem-Quaresmal-1.pdf\" class=\"wp-block-file__button wp-element-button\" download aria-describedby=\"wp-block-file--media-66ea0f40-6439-430b-9684-45489b8004a7\">Baixar<\/a><\/div>\n\n\n\n<p><\/p>\n","protected":false},"excerpt":{"rendered":"<p>&#8220;Nas \u00e1guas mais profundas da f\u00e9, Deus nos conduz!&#8221; Meus irm\u00e3os e minhas irm\u00e3s, Que a paz de Cristo, nosso Senhor, esteja com cada um de voc\u00eas! A Igreja nos convida, mais uma vez, a viver a Quaresma. Este tempo de gra\u00e7a e convers\u00e3o nos conduz ao essencial: ao amor de Deus, \u00e0 cruz de &hellip;<\/p>\n","protected":false},"author":32,"featured_media":23784,"comment_status":"closed","ping_status":"closed","sticky":false,"template":"","format":"standard","meta":{"footnotes":""},"categories":[100,41],"tags":[],"class_list":["post-23975","post","type-post","status-publish","format-standard","has-post-thumbnail","hentry","category-noticias-diocesanas","category-noticias_destaque"],"_links":{"self":[{"href":"https:\/\/dioceseteixeiradefreitas.com.br\/index.php?rest_route=\/wp\/v2\/posts\/23975","targetHints":{"allow":["GET"]}}],"collection":[{"href":"https:\/\/dioceseteixeiradefreitas.com.br\/index.php?rest_route=\/wp\/v2\/posts"}],"about":[{"href":"https:\/\/dioceseteixeiradefreitas.com.br\/index.php?rest_route=\/wp\/v2\/types\/post"}],"author":[{"embeddable":true,"href":"https:\/\/dioceseteixeiradefreitas.com.br\/index.php?rest_route=\/wp\/v2\/users\/32"}],"replies":[{"embeddable":true,"href":"https:\/\/dioceseteixeiradefreitas.com.br\/index.php?rest_route=%2Fwp%2Fv2%2Fcomments&post=23975"}],"version-history":[{"count":5,"href":"https:\/\/dioceseteixeiradefreitas.com.br\/index.php?rest_route=\/wp\/v2\/posts\/23975\/revisions"}],"predecessor-version":[{"id":23987,"href":"https:\/\/dioceseteixeiradefreitas.com.br\/index.php?rest_route=\/wp\/v2\/posts\/23975\/revisions\/23987"}],"wp:featuredmedia":[{"embeddable":true,"href":"https:\/\/dioceseteixeiradefreitas.com.br\/index.php?rest_route=\/wp\/v2\/media\/23784"}],"wp:attachment":[{"href":"https:\/\/dioceseteixeiradefreitas.com.br\/index.php?rest_route=%2Fwp%2Fv2%2Fmedia&parent=23975"}],"wp:term":[{"taxonomy":"category","embeddable":true,"href":"https:\/\/dioceseteixeiradefreitas.com.br\/index.php?rest_route=%2Fwp%2Fv2%2Fcategories&post=23975"},{"taxonomy":"post_tag","embeddable":true,"href":"https:\/\/dioceseteixeiradefreitas.com.br\/index.php?rest_route=%2Fwp%2Fv2%2Ftags&post=23975"}],"curies":[{"name":"wp","href":"https:\/\/api.w.org\/{rel}","templated":true}]}}