{"id":24023,"date":"2025-03-14T22:07:26","date_gmt":"2025-03-15T01:07:26","guid":{"rendered":"https:\/\/dioceseteixeiradefreitas.com.br\/?p=24023"},"modified":"2025-03-14T22:07:27","modified_gmt":"2025-03-15T01:07:27","slug":"a-oracao-vivendo-a-quaresma-em-comunhao-com-deus","status":"publish","type":"post","link":"https:\/\/dioceseteixeiradefreitas.com.br\/?p=24023","title":{"rendered":"A Ora\u00e7\u00e3o: Vivendo a Quaresma em Comunh\u00e3o com Deus."},"content":{"rendered":"\n<figure class=\"wp-block-image size-large\"><a href=\"https:\/\/dioceseteixeiradefreitas.com.br\/wp-content\/uploads\/2025\/03\/e2811ac1-74b2-4d4c-8e3a-083114347d49.jpeg\"><img loading=\"lazy\" decoding=\"async\" width=\"819\" height=\"1024\" src=\"https:\/\/dioceseteixeiradefreitas.com.br\/wp-content\/uploads\/2025\/03\/e2811ac1-74b2-4d4c-8e3a-083114347d49-819x1024.jpeg\" alt=\"\" class=\"wp-image-24025\" srcset=\"https:\/\/dioceseteixeiradefreitas.com.br\/wp-content\/uploads\/2025\/03\/e2811ac1-74b2-4d4c-8e3a-083114347d49-819x1024.jpeg 819w, https:\/\/dioceseteixeiradefreitas.com.br\/wp-content\/uploads\/2025\/03\/e2811ac1-74b2-4d4c-8e3a-083114347d49-240x300.jpeg 240w, https:\/\/dioceseteixeiradefreitas.com.br\/wp-content\/uploads\/2025\/03\/e2811ac1-74b2-4d4c-8e3a-083114347d49-768x960.jpeg 768w, https:\/\/dioceseteixeiradefreitas.com.br\/wp-content\/uploads\/2025\/03\/e2811ac1-74b2-4d4c-8e3a-083114347d49.jpeg 1080w\" sizes=\"auto, (max-width: 819px) 100vw, 819px\" \/><\/a><\/figure>\n\n\n\n<p>A Quaresma \u00e9 um tempo especial que nos convida a um aprofundamento espiritual, buscando uma renova\u00e7\u00e3o da nossa vida crist\u00e3. Um dos pilares fundamentais para vivermos bem essa jornada \u00e9 a ora\u00e7\u00e3o. Atrav\u00e9s dela, temos a oportunidade de nos encontrar com Deus de maneira \u00edntima, silenciosa e transformadora. Jesus nos ensina em Mateus 6,6: \u201cQuando orares, entra no teu quarto, fecha a porta e ora a teu Pai, que est\u00e1 em secreto.\u201d Esse vers\u00edculo nos recorda da import\u00e2ncia da ora\u00e7\u00e3o pessoal, naquele momento s\u00f3 nosso com Deus.<\/p>\n\n\n\n<p>Durante a Quaresma, somos chamados a intensificar esse di\u00e1logo com Deus. N\u00e3o se trata apenas de pedir ou de agradecer, mas de estar verdadeiramente dispon\u00edvel para ouvi-Lo, buscando em Sua presen\u00e7a for\u00e7a para superar nossas fraquezas e orientar nossas a\u00e7\u00f5es.<\/p>\n\n\n\n<p><strong>Dicas Pr\u00e1ticas para a Ora\u00e7\u00e3o na Quaresma:<\/strong><\/p>\n\n\n\n<p>1.Participar da Missa Di\u00e1ria<\/p>\n\n\n\n<ol class=\"wp-block-list\"><\/ol>\n\n\n\n<p>Se poss\u00edvel, fa\u00e7a do compromisso com a Missa di\u00e1ria uma prioridade em sua vida. A Santa Missa \u00e9 o momento mais sublime de encontro com Deus, onde podemos renovar nossa f\u00e9, receber a Eucaristia e ser fortalecidos pela Palavra. Mesmo em meio \u00e0 rotina, reservar esse tempo para estar com Cristo diariamente traz imensa gra\u00e7a e transforma\u00e7\u00e3o para nossa vida espiritual.<\/p>\n\n\n\n<p>2. Reserve um Tempo Diariamente para a Ora\u00e7\u00e3o:<\/p>\n\n\n\n<p>\u00c9 essencial estabelecer um momento fixo todos os dias para a ora\u00e7\u00e3o. Pode ser logo ao acordar, antes de dormir ou durante a tarde, dependendo de sua rotina. O importante \u00e9 que esse tempo seja exclusivo para estar com Deus.<\/p>\n\n\n\n<p>3. Experimente o Ros\u00e1rio:<\/p>\n\n\n\n<p>O Ros\u00e1rio \u00e9 uma ora\u00e7\u00e3o poderosa que nos ajuda a meditar sobre os mist\u00e9rios da vida de Cristo, especialmente durante a Quaresma, quando refletimos sobre sua Paix\u00e3o. Ao rezar o Ros\u00e1rio, podemos viver cada mist\u00e9rio com mais profundidade, deixando que a vida de Jesus inspire nossas a\u00e7\u00f5es di\u00e1rias.<\/p>\n\n\n\n<p>4. Adora\u00e7\u00e3o ao Sant\u00edssimo Sacramento:<\/p>\n\n\n\n<p>Se poss\u00edvel, reserve momentos de adora\u00e7\u00e3o ao Sant\u00edssimo Sacramento. A presen\u00e7a real de Cristo no Sant\u00edssimo Corpo e Sangue \u00e9 uma fonte inesgot\u00e1vel de gra\u00e7a e transforma\u00e7\u00e3o. Participar da Santa Missa com mais frequ\u00eancia tamb\u00e9m \u00e9 uma excelente forma de fortalecer a nossa rela\u00e7\u00e3o com Deus.<\/p>\n\n\n\n<p>5. Leitura e Reflex\u00e3o das Escrituras:<\/p>\n\n\n\n<p>A Palavra de Deus \u00e9 um alimento essencial para a nossa alma. Durante a Quaresma, \u00e9 importante ler as Escrituras Sagradas e refletir especialmente sobre as passagens que falam sobre a Paix\u00e3o de Cristo. O Evangelho de Mateus, cap\u00edtulos 26 e 27, \u00e9 um convite para mergulharmos mais profundamente nos \u00faltimos momentos de Jesus na Terra.<\/p>\n\n\n\n<p>6. Ora\u00e7\u00f5es Espont\u00e2neas:<\/p>\n\n\n\n<p>A ora\u00e7\u00e3o espont\u00e2nea \u00e9 uma maneira sincera de entregar a Deus nossas alegrias, tristezas, medos e esperan\u00e7as. N\u00e3o h\u00e1 necessidade de palavras complicadas; o que importa \u00e9 a honestidade com que nos dirigimos a Ele. <\/p>\n\n\n\n<p>Os santos tamb\u00e9m nos deixam preciosas li\u00e7\u00f5es sobre a ora\u00e7\u00e3o. S\u00e3o Francisco de Assis, por exemplo, dizia: \u201cA ora\u00e7\u00e3o \u00e9 o nosso maior tesouro.\u201d Para ele, orar era estar em constante contato com Deus, em qualquer momento e lugar, e sua vida reflete essa verdade. Santa Teresa de \u00c1vila, por sua vez, ensina que \u201ca ora\u00e7\u00e3o \u00e9 nada mais do que um trato de amizade, estando muitas vezes a s\u00f3s com quem sabemos nos ama.\u201d Essa amizade com Deus \u00e9 essencial para fortalecer nossa f\u00e9 e nossa vida crist\u00e3.<\/p>\n\n\n\n<p>A Quaresma \u00e9 um convite \u00e0 renova\u00e7\u00e3o interior, e a ora\u00e7\u00e3o \u00e9 a chave para esse processo. Ao reservarmos momentos de intimidade com Deus, seja na leitura das Escrituras, no Ros\u00e1rio, na adora\u00e7\u00e3o ao Sant\u00edssimo ou nas ora\u00e7\u00f5es espont\u00e2neas, conseguimos viver mais plenamente esse tempo de convers\u00e3o. Lembre-se das palavras de Jesus e dos santos: a ora\u00e7\u00e3o nos aproxima de Deus e nos transforma. Que esta Quaresma seja, para todos n\u00f3s, um tempo de profunda ora\u00e7\u00e3o, onde o nosso cora\u00e7\u00e3o seja renovado pelo amor de Deus.<\/p>\n","protected":false},"excerpt":{"rendered":"<p>A Quaresma \u00e9 um tempo especial que nos convida a um aprofundamento espiritual, buscando uma renova\u00e7\u00e3o da nossa vida crist\u00e3. Um dos pilares fundamentais para vivermos bem essa jornada \u00e9 a ora\u00e7\u00e3o. Atrav\u00e9s dela, temos a oportunidade de nos encontrar com Deus de maneira \u00edntima, silenciosa e transformadora. Jesus nos ensina em Mateus 6,6: \u201cQuando &hellip;<\/p>\n","protected":false},"author":32,"featured_media":24025,"comment_status":"closed","ping_status":"closed","sticky":false,"template":"","format":"standard","meta":{"footnotes":""},"categories":[100,41],"tags":[],"class_list":["post-24023","post","type-post","status-publish","format-standard","has-post-thumbnail","hentry","category-noticias-diocesanas","category-noticias_destaque"],"_links":{"self":[{"href":"https:\/\/dioceseteixeiradefreitas.com.br\/index.php?rest_route=\/wp\/v2\/posts\/24023","targetHints":{"allow":["GET"]}}],"collection":[{"href":"https:\/\/dioceseteixeiradefreitas.com.br\/index.php?rest_route=\/wp\/v2\/posts"}],"about":[{"href":"https:\/\/dioceseteixeiradefreitas.com.br\/index.php?rest_route=\/wp\/v2\/types\/post"}],"author":[{"embeddable":true,"href":"https:\/\/dioceseteixeiradefreitas.com.br\/index.php?rest_route=\/wp\/v2\/users\/32"}],"replies":[{"embeddable":true,"href":"https:\/\/dioceseteixeiradefreitas.com.br\/index.php?rest_route=%2Fwp%2Fv2%2Fcomments&post=24023"}],"version-history":[{"count":1,"href":"https:\/\/dioceseteixeiradefreitas.com.br\/index.php?rest_route=\/wp\/v2\/posts\/24023\/revisions"}],"predecessor-version":[{"id":24026,"href":"https:\/\/dioceseteixeiradefreitas.com.br\/index.php?rest_route=\/wp\/v2\/posts\/24023\/revisions\/24026"}],"wp:featuredmedia":[{"embeddable":true,"href":"https:\/\/dioceseteixeiradefreitas.com.br\/index.php?rest_route=\/wp\/v2\/media\/24025"}],"wp:attachment":[{"href":"https:\/\/dioceseteixeiradefreitas.com.br\/index.php?rest_route=%2Fwp%2Fv2%2Fmedia&parent=24023"}],"wp:term":[{"taxonomy":"category","embeddable":true,"href":"https:\/\/dioceseteixeiradefreitas.com.br\/index.php?rest_route=%2Fwp%2Fv2%2Fcategories&post=24023"},{"taxonomy":"post_tag","embeddable":true,"href":"https:\/\/dioceseteixeiradefreitas.com.br\/index.php?rest_route=%2Fwp%2Fv2%2Ftags&post=24023"}],"curies":[{"name":"wp","href":"https:\/\/api.w.org\/{rel}","templated":true}]}}