{"id":24042,"date":"2025-03-17T21:19:48","date_gmt":"2025-03-18T00:19:48","guid":{"rendered":"https:\/\/dioceseteixeiradefreitas.com.br\/?p=24042"},"modified":"2025-03-17T21:19:48","modified_gmt":"2025-03-18T00:19:48","slug":"a-esmola-encontro-com-meus-irmaos-em-cristo","status":"publish","type":"post","link":"https:\/\/dioceseteixeiradefreitas.com.br\/?p=24042","title":{"rendered":"A Esmola &#8211; Encontro com Meus Irm\u00e3os em Cristo."},"content":{"rendered":"\n<figure class=\"wp-block-image size-large\"><a href=\"https:\/\/dioceseteixeiradefreitas.com.br\/wp-content\/uploads\/2025\/03\/f34f23c0-a6e0-4e73-8265-1d5f073c6a74.jpeg\"><img loading=\"lazy\" decoding=\"async\" width=\"819\" height=\"1024\" src=\"https:\/\/dioceseteixeiradefreitas.com.br\/wp-content\/uploads\/2025\/03\/f34f23c0-a6e0-4e73-8265-1d5f073c6a74-819x1024.jpeg\" alt=\"\" class=\"wp-image-24043\" srcset=\"https:\/\/dioceseteixeiradefreitas.com.br\/wp-content\/uploads\/2025\/03\/f34f23c0-a6e0-4e73-8265-1d5f073c6a74-819x1024.jpeg 819w, https:\/\/dioceseteixeiradefreitas.com.br\/wp-content\/uploads\/2025\/03\/f34f23c0-a6e0-4e73-8265-1d5f073c6a74-240x300.jpeg 240w, https:\/\/dioceseteixeiradefreitas.com.br\/wp-content\/uploads\/2025\/03\/f34f23c0-a6e0-4e73-8265-1d5f073c6a74-768x960.jpeg 768w, https:\/\/dioceseteixeiradefreitas.com.br\/wp-content\/uploads\/2025\/03\/f34f23c0-a6e0-4e73-8265-1d5f073c6a74.jpeg 1080w\" sizes=\"auto, (max-width: 819px) 100vw, 819px\" \/><\/a><\/figure>\n\n\n\n<p>A esmola, muitas vezes limitada \u00e0 ideia de oferecer dinheiro aos necessitados, \u00e9, na verdade, um gesto muito mais profundo e abrangente. Ela envolve a partilha n\u00e3o apenas de bens materiais, mas de amor, tempo, e talentos. Em tempos de Quaresma, um per\u00edodo de reflex\u00e3o e convers\u00e3o, somos chamados a vivenciar a solidariedade em sua forma mais pura, especialmente com os mais pobres e marginalizados.<\/p>\n\n\n\n<p>O Verdadeiro Sentido da Esmola:<\/p>\n\n\n\n<p>Em sua ess\u00eancia, a esmola n\u00e3o se restringe \u00e0 doa\u00e7\u00e3o de recursos financeiros, mas \u00e9 um ato de solidariedade, de estar ao lado do pr\u00f3ximo, de se importar com as suas dores e dificuldades. Como nos ensina o Evangelho, \u201cSempre que fizerdes algo a um destes meus irm\u00e3os mais pequenos, a mim o fizestes\u201d (Mt 25,40). Este vers\u00edculo nos lembra que, ao ajudarmos o pr\u00f3ximo, estamos, na verdade, servindo a Cristo, que se faz presente em cada um dos necessitados.<\/p>\n\n\n\n<p>Os santos tamb\u00e9m nos inspiram a vivenciar a esmola de forma plena, n\u00e3o apenas como uma pr\u00e1tica pontual, mas como uma disposi\u00e7\u00e3o de vida. S\u00e3o Francisco de Assis, por exemplo, sempre destacava que a verdadeira caridade est\u00e1 em ajudar o pr\u00f3ximo de forma desinteressada, sem buscar recompensa, mas movidos pelo amor a Deus e ao pr\u00f3ximo. Ele disse: \u201c\u00c9 dando que se recebe\u201d. Para ele, a pobreza e a esmola n\u00e3o eram apenas condi\u00e7\u00f5es sociais, mas oportunidades de viver o Evangelho de forma radical.<\/p>\n\n\n\n<p>Santa Teresa de Calcut\u00e1 tamb\u00e9m ressaltava o valor da esmola como um ato de amor, afirmando: \u201cN\u00e3o devemos permitir que algu\u00e9m se aproxime de n\u00f3s sem sentir que deixou mais feliz\u201d. A caridade, para ela, era a express\u00e3o do amor que se traduz em a\u00e7\u00f5es concretas para aliviar o sofrimento dos outros. A esmola, portanto, n\u00e3o se limita ao material, mas tamb\u00e9m inclui o sorriso, a palavra de conforto e o gesto de compaix\u00e3o.<\/p>\n\n\n\n<p>Durante a Quaresma, somos convidados a intensificar nossa pr\u00e1tica de caridade. Aqui est\u00e3o algumas dicas pr\u00e1ticas para vivenciar a esmola:<\/p>\n\n\n\n<p><strong>\u2022 Doa\u00e7\u00e3o para Institui\u00e7\u00f5es de Caridade: <\/strong>Realize uma doa\u00e7\u00e3o mensal para uma institui\u00e7\u00e3o que auxilie os necessitados ou apoie diretamente um vizinho que esteja enfrentando dificuldades financeiras.<\/p>\n\n\n\n<p><strong>\u2022 Visitas a Doentes e Idosos:<\/strong> Dedique seu tempo a fazer visitas a doentes, idosos ou pessoas que se sentem sozinhas. Muitas vezes, um simples gesto de presen\u00e7a pode ser uma grande ajuda.<\/p>\n\n\n\n<p>\u2022 <strong>Organiza\u00e7\u00e3o de Coletas:<\/strong> Organize uma coleta de alimentos, roupas ou itens de higiene para distribui\u00e7\u00e3o entre os mais carentes. Esse tipo de a\u00e7\u00e3o coletiva fortalece a comunidade e promove a ajuda m\u00fatua.<\/p>\n\n\n\n<p>\u2022 <strong>Apoio \u00e0 Igreja e A\u00e7\u00f5es Sociais:<\/strong> Ofere\u00e7a seu tempo para apoiar a sua igreja local ou se engajar em a\u00e7\u00f5es sociais em sua comunidade. Cada pequeno esfor\u00e7o conta.<\/p>\n\n\n\n<p>\u2022 <strong>Gestos Di\u00e1rios de Generosidade: <\/strong>N\u00e3o se limite a grandes a\u00e7\u00f5es. A esmola tamb\u00e9m pode se manifestar em gestos simples do dia a dia, como ajudar algu\u00e9m com suas compras, oferecer um caf\u00e9 ou uma palavra amiga.<\/p>\n\n\n\n<p>A pr\u00e1tica da esmola, quando vivenciada com o cora\u00e7\u00e3o cheio de amor e solidariedade, transforma n\u00e3o apenas a vida daqueles que recebem, mas tamb\u00e9m a de quem d\u00e1. Neste tempo de Quaresma, somos chamados a olhar para o pr\u00f3ximo com olhos de compaix\u00e3o e, em nossos gestos cotidianos, refletir o amor de Cristo. Como nos lembrou S\u00e3o Jo\u00e3o Cris\u00f3stomo: \u201cNada de bom se faz sem a caridade. A esmola salva a alma, ela \u00e9 o rem\u00e9dio da alma e do corpo\u201d. <br>Portanto, que possamos seguir o exemplo dos santos e fazer da nossa vida um cont\u00ednuo ato de caridade, espalhando a luz da solidariedade em todas as dire\u00e7\u00f5es.<\/p>\n","protected":false},"excerpt":{"rendered":"<p>A esmola, muitas vezes limitada \u00e0 ideia de oferecer dinheiro aos necessitados, \u00e9, na verdade, um gesto muito mais profundo e abrangente. Ela envolve a partilha n\u00e3o apenas de bens materiais, mas de amor, tempo, e talentos. Em tempos de Quaresma, um per\u00edodo de reflex\u00e3o e convers\u00e3o, somos chamados a vivenciar a solidariedade em sua &hellip;<\/p>\n","protected":false},"author":32,"featured_media":24043,"comment_status":"closed","ping_status":"closed","sticky":false,"template":"","format":"standard","meta":{"footnotes":""},"categories":[100,41],"tags":[],"class_list":["post-24042","post","type-post","status-publish","format-standard","has-post-thumbnail","hentry","category-noticias-diocesanas","category-noticias_destaque"],"_links":{"self":[{"href":"https:\/\/dioceseteixeiradefreitas.com.br\/index.php?rest_route=\/wp\/v2\/posts\/24042","targetHints":{"allow":["GET"]}}],"collection":[{"href":"https:\/\/dioceseteixeiradefreitas.com.br\/index.php?rest_route=\/wp\/v2\/posts"}],"about":[{"href":"https:\/\/dioceseteixeiradefreitas.com.br\/index.php?rest_route=\/wp\/v2\/types\/post"}],"author":[{"embeddable":true,"href":"https:\/\/dioceseteixeiradefreitas.com.br\/index.php?rest_route=\/wp\/v2\/users\/32"}],"replies":[{"embeddable":true,"href":"https:\/\/dioceseteixeiradefreitas.com.br\/index.php?rest_route=%2Fwp%2Fv2%2Fcomments&post=24042"}],"version-history":[{"count":1,"href":"https:\/\/dioceseteixeiradefreitas.com.br\/index.php?rest_route=\/wp\/v2\/posts\/24042\/revisions"}],"predecessor-version":[{"id":24044,"href":"https:\/\/dioceseteixeiradefreitas.com.br\/index.php?rest_route=\/wp\/v2\/posts\/24042\/revisions\/24044"}],"wp:featuredmedia":[{"embeddable":true,"href":"https:\/\/dioceseteixeiradefreitas.com.br\/index.php?rest_route=\/wp\/v2\/media\/24043"}],"wp:attachment":[{"href":"https:\/\/dioceseteixeiradefreitas.com.br\/index.php?rest_route=%2Fwp%2Fv2%2Fmedia&parent=24042"}],"wp:term":[{"taxonomy":"category","embeddable":true,"href":"https:\/\/dioceseteixeiradefreitas.com.br\/index.php?rest_route=%2Fwp%2Fv2%2Fcategories&post=24042"},{"taxonomy":"post_tag","embeddable":true,"href":"https:\/\/dioceseteixeiradefreitas.com.br\/index.php?rest_route=%2Fwp%2Fv2%2Ftags&post=24042"}],"curies":[{"name":"wp","href":"https:\/\/api.w.org\/{rel}","templated":true}]}}