{"id":24091,"date":"2025-03-18T21:21:51","date_gmt":"2025-03-19T00:21:51","guid":{"rendered":"https:\/\/dioceseteixeiradefreitas.com.br\/?p=24091"},"modified":"2025-03-18T21:26:18","modified_gmt":"2025-03-19T00:26:18","slug":"2a-caminhada-do-perdao-da-forania-sao-pedro-um-encontro-com-deus-e-a-reconciliacao","status":"publish","type":"post","link":"https:\/\/dioceseteixeiradefreitas.com.br\/?p=24091","title":{"rendered":"2\u00b0 Caminhada do Perd\u00e3o da Forania S\u00e3o Pedro: Um Passo em Dire\u00e7\u00e3o ao Perd\u00e3o e \u00e0 F\u00e9."},"content":{"rendered":"\n<figure class=\"wp-block-image size-large\"><a href=\"https:\/\/dioceseteixeiradefreitas.com.br\/wp-content\/uploads\/2025\/03\/d41af1f0-5aa5-49e5-8c27-4e96c52a3a27.jpeg\"><img loading=\"lazy\" decoding=\"async\" width=\"1024\" height=\"1024\" src=\"https:\/\/dioceseteixeiradefreitas.com.br\/wp-content\/uploads\/2025\/03\/d41af1f0-5aa5-49e5-8c27-4e96c52a3a27-1024x1024.jpeg\" alt=\"\" class=\"wp-image-24092\" srcset=\"https:\/\/dioceseteixeiradefreitas.com.br\/wp-content\/uploads\/2025\/03\/d41af1f0-5aa5-49e5-8c27-4e96c52a3a27-1024x1024.jpeg 1024w, https:\/\/dioceseteixeiradefreitas.com.br\/wp-content\/uploads\/2025\/03\/d41af1f0-5aa5-49e5-8c27-4e96c52a3a27-300x300.jpeg 300w, https:\/\/dioceseteixeiradefreitas.com.br\/wp-content\/uploads\/2025\/03\/d41af1f0-5aa5-49e5-8c27-4e96c52a3a27-150x150.jpeg 150w, https:\/\/dioceseteixeiradefreitas.com.br\/wp-content\/uploads\/2025\/03\/d41af1f0-5aa5-49e5-8c27-4e96c52a3a27-768x768.jpeg 768w, https:\/\/dioceseteixeiradefreitas.com.br\/wp-content\/uploads\/2025\/03\/d41af1f0-5aa5-49e5-8c27-4e96c52a3a27-1536x1536.jpeg 1536w, https:\/\/dioceseteixeiradefreitas.com.br\/wp-content\/uploads\/2025\/03\/d41af1f0-5aa5-49e5-8c27-4e96c52a3a27.jpeg 1600w\" sizes=\"auto, (max-width: 1024px) 100vw, 1024px\" \/><\/a><\/figure>\n\n\n\n<p>A Forania S\u00e3o Pedro convida todos os fi\u00e9is a participar da 2\u00aa Caminhada do Perd\u00e3o, uma oportunidade para viver um momento de ora\u00e7\u00e3o e penit\u00eancia. <br>A celebra\u00e7\u00e3o ocorrer\u00e1 no pr\u00f3ximo dia 29 de mar\u00e7o, com in\u00edcio \u00e0s 16h, com a Santa Missa, onde nos reuniremos para pedir a miseric\u00f3rdia divina e fortalecer nossa f\u00e9.<\/p>\n\n\n\n<p>Ap\u00f3s a Missa, todos os fi\u00e9is seguir\u00e3o em caminhada at\u00e9 a Matriz de S\u00e3o Jos\u00e9 Oper\u00e1rio, em um gesto de penit\u00eancia e reconcilia\u00e7\u00e3o, acompanhados de ora\u00e7\u00f5es e momentos de reflex\u00e3o, buscando um encontro mais profundo com Deus. Esse percurso nos convida a reavaliar nossos cora\u00e7\u00f5es, pedir perd\u00e3o pelas nossas faltas e renovar nosso compromisso com a vida crist\u00e3.<\/p>\n\n\n\n<p>A Caminhada do Perd\u00e3o \u00e9 uma oportunidade para cada um de n\u00f3s experimentar o perd\u00e3o de Deus, reconciliar-se com o pr\u00f3ximo e buscar a verdadeira paz que s\u00f3 Cristo pode oferecer. \u00c9 um momento de intimidade com o Senhor, um chamado ao arrependimento e \u00e0 transforma\u00e7\u00e3o interior.<\/p>\n\n\n\n<p>Participe deste momento de gra\u00e7a e ora\u00e7\u00e3o, e venha experimentar a paz que nasce do perd\u00e3o. A Forania S\u00e3o Pedro espera por voc\u00ea para, juntos, vivermos a miseric\u00f3rdia divina e a renova\u00e7\u00e3o da nossa f\u00e9.<\/p>\n","protected":false},"excerpt":{"rendered":"<p>A Forania S\u00e3o Pedro convida todos os fi\u00e9is a participar da 2\u00aa Caminhada do Perd\u00e3o, uma oportunidade para viver um momento de ora\u00e7\u00e3o e penit\u00eancia. A celebra\u00e7\u00e3o ocorrer\u00e1 no pr\u00f3ximo dia 29 de mar\u00e7o, com in\u00edcio \u00e0s 16h, com a Santa Missa, onde nos reuniremos para pedir a miseric\u00f3rdia divina e fortalecer nossa f\u00e9. Ap\u00f3s &hellip;<\/p>\n","protected":false},"author":32,"featured_media":24092,"comment_status":"closed","ping_status":"closed","sticky":false,"template":"","format":"standard","meta":{"footnotes":""},"categories":[100,41],"tags":[],"class_list":["post-24091","post","type-post","status-publish","format-standard","has-post-thumbnail","hentry","category-noticias-diocesanas","category-noticias_destaque"],"_links":{"self":[{"href":"https:\/\/dioceseteixeiradefreitas.com.br\/index.php?rest_route=\/wp\/v2\/posts\/24091","targetHints":{"allow":["GET"]}}],"collection":[{"href":"https:\/\/dioceseteixeiradefreitas.com.br\/index.php?rest_route=\/wp\/v2\/posts"}],"about":[{"href":"https:\/\/dioceseteixeiradefreitas.com.br\/index.php?rest_route=\/wp\/v2\/types\/post"}],"author":[{"embeddable":true,"href":"https:\/\/dioceseteixeiradefreitas.com.br\/index.php?rest_route=\/wp\/v2\/users\/32"}],"replies":[{"embeddable":true,"href":"https:\/\/dioceseteixeiradefreitas.com.br\/index.php?rest_route=%2Fwp%2Fv2%2Fcomments&post=24091"}],"version-history":[{"count":2,"href":"https:\/\/dioceseteixeiradefreitas.com.br\/index.php?rest_route=\/wp\/v2\/posts\/24091\/revisions"}],"predecessor-version":[{"id":24094,"href":"https:\/\/dioceseteixeiradefreitas.com.br\/index.php?rest_route=\/wp\/v2\/posts\/24091\/revisions\/24094"}],"wp:featuredmedia":[{"embeddable":true,"href":"https:\/\/dioceseteixeiradefreitas.com.br\/index.php?rest_route=\/wp\/v2\/media\/24092"}],"wp:attachment":[{"href":"https:\/\/dioceseteixeiradefreitas.com.br\/index.php?rest_route=%2Fwp%2Fv2%2Fmedia&parent=24091"}],"wp:term":[{"taxonomy":"category","embeddable":true,"href":"https:\/\/dioceseteixeiradefreitas.com.br\/index.php?rest_route=%2Fwp%2Fv2%2Fcategories&post=24091"},{"taxonomy":"post_tag","embeddable":true,"href":"https:\/\/dioceseteixeiradefreitas.com.br\/index.php?rest_route=%2Fwp%2Fv2%2Ftags&post=24091"}],"curies":[{"name":"wp","href":"https:\/\/api.w.org\/{rel}","templated":true}]}}