{"id":24097,"date":"2025-03-23T21:14:05","date_gmt":"2025-03-24T00:14:05","guid":{"rendered":"https:\/\/dioceseteixeiradefreitas.com.br\/?p=24097"},"modified":"2025-03-23T21:25:42","modified_gmt":"2025-03-24T00:25:42","slug":"o-jejum-purificacao-do-corpo-e-da-alma-encontro-comigo-mesmo","status":"publish","type":"post","link":"https:\/\/dioceseteixeiradefreitas.com.br\/?p=24097","title":{"rendered":"O Jejum: Purifica\u00e7\u00e3o do Corpo e da Alma \u2013 Encontro Comigo Mesmo."},"content":{"rendered":"\n<figure class=\"wp-block-image size-large\"><a href=\"https:\/\/dioceseteixeiradefreitas.com.br\/wp-content\/uploads\/2025\/03\/707b63ad-65fe-4740-8808-f495005840e0.jpeg\"><img loading=\"lazy\" decoding=\"async\" width=\"819\" height=\"1024\" src=\"https:\/\/dioceseteixeiradefreitas.com.br\/wp-content\/uploads\/2025\/03\/707b63ad-65fe-4740-8808-f495005840e0-819x1024.jpeg\" alt=\"\" class=\"wp-image-24096\" srcset=\"https:\/\/dioceseteixeiradefreitas.com.br\/wp-content\/uploads\/2025\/03\/707b63ad-65fe-4740-8808-f495005840e0-819x1024.jpeg 819w, https:\/\/dioceseteixeiradefreitas.com.br\/wp-content\/uploads\/2025\/03\/707b63ad-65fe-4740-8808-f495005840e0-240x300.jpeg 240w, https:\/\/dioceseteixeiradefreitas.com.br\/wp-content\/uploads\/2025\/03\/707b63ad-65fe-4740-8808-f495005840e0-768x960.jpeg 768w, https:\/\/dioceseteixeiradefreitas.com.br\/wp-content\/uploads\/2025\/03\/707b63ad-65fe-4740-8808-f495005840e0.jpeg 1080w\" sizes=\"auto, (max-width: 819px) 100vw, 819px\" \/><\/a><\/figure>\n\n\n\n<p>O jejum, uma pr\u00e1tica profundamente enraizada na tradi\u00e7\u00e3o crist\u00e3, \u00e9 um exerc\u00edcio de autodom\u00ednio, ren\u00fancia e purifica\u00e7\u00e3o. Durante a Quaresma, somos convidados a refletir sobre nossa vida espiritual e a nos aproximarmos mais de Deus. \u00c9 um momento de nos despojarmos de tudo aquilo que nos afasta de Sua vontade, com o objetivo de viver de maneira mais plena e fiel. O jejum, em sua ess\u00eancia, n\u00e3o se limita a uma simples priva\u00e7\u00e3o de alimentos, mas se estende a todas as \u00e1reas da vida, buscando uma verdadeira convers\u00e3o do cora\u00e7\u00e3o.<\/p>\n\n\n\n<p>O jejum, conforme ensinado por Jesus, \u00e9 uma pr\u00e1tica que deve ser vivida com humildade e discri\u00e7\u00e3o. No Evangelho de Mateus, Jesus nos adverte:&nbsp;<em>\u201cQuando jejuardes, n\u00e3o vos mostreis tristes como os hip\u00f3critas, pois eles desfiguram o rosto para mostrar aos homens que est\u00e3o jejuando. Em verdade vos digo: j\u00e1 receberam a recompensa\u201d<\/em>&nbsp;(Mt 6,16). Essas palavras nos convidam a viver o jejum como um gesto \u00edntimo e pessoal, que visa a purifica\u00e7\u00e3o interior e n\u00e3o a exibi\u00e7\u00e3o para os outros.<\/p>\n\n\n\n<p>O Papa Francisco, em sua mensagem para a Quaresma, enfatiza que o jejum \u00e9 tamb\u00e9m um momento de reflex\u00e3o sobre o que nos prende e nos impede de viver a liberdade plena em Cristo. Ele nos lembra que&nbsp;<em>\u201co jejum \u00e9 um sinal de nossa decis\u00e3o de nos despojar do que nos afasta de Deus, para nos colocarmos totalmente \u00e0 disposi\u00e7\u00e3o de Sua vontade\u201d<\/em>. O jejum, portanto, \u00e9 uma pr\u00e1tica que envolve n\u00e3o apenas a priva\u00e7\u00e3o de bens materiais, mas tamb\u00e9m a ren\u00fancia ao ego\u00edsmo, ao orgulho e ao julgamento alheio.<\/p>\n\n\n\n<p>Santo Agostinho tamb\u00e9m nos fala sobre o jejum, dizendo:&nbsp;<em>\u201cO jejum \u00e9 a pr\u00e1tica que corrige o cora\u00e7\u00e3o e nos aproxima de Deus. Ele nos ensina a viver com menos e a nos concentrar no que realmente importa\u201d<\/em>. Nesse sentido, o jejum se torna uma oportunidade para reavaliarmos nossa rela\u00e7\u00e3o com os bens materiais e com o mundo ao nosso redor.<\/p>\n\n\n\n<p><strong>Dicas para viver bem o jejum na Quaresma<\/strong><\/p>\n\n\n\n<p>Para que o jejum seja vivido de forma verdadeira e eficaz, \u00e9 importante que ele seja acompanhado de ora\u00e7\u00e3o, reflex\u00e3o e a\u00e7\u00f5es concretas. Aqui est\u00e3o algumas dicas pr\u00e1ticas para uma viv\u00eancia mais profunda do jejum durante a Quaresma:<\/p>\n\n\n\n<p>1. <strong>Jejum das distra\u00e7\u00f5es<\/strong>: Abster-se de assistir \u00e0 televis\u00e3o, de acessar as redes sociais ou de se envolver em outras distra\u00e7\u00f5es que consomem seu tempo e energia. Dedique mais momentos \u00e0 ora\u00e7\u00e3o, leitura espiritual e medita\u00e7\u00e3o.<\/p>\n\n\n\n<p>2. <strong>Jejum dos alimentos<\/strong>: Privar-se de certos alimentos, abster-se de comida , com o prop\u00f3sito de intensificar sua vida espiritual e lembrar-se da presen\u00e7a de Deus em cada aspecto de sua vida.<\/p>\n\n\n\n<p>3. <strong>Abstin\u00eancia de ego\u00edsmo<\/strong>: Jejuar das palavras duras, do orgulho e dos julgamentos. Pratique a humildade, a paci\u00eancia e a compreens\u00e3o no seu trato com os outros.<\/p>\n\n\n\n<p>4. <strong>Jejum com alegria<\/strong>: Viva o jejum com um esp\u00edrito de alegria e gratid\u00e3o, sabendo que este \u00e9 um gesto de amor a Deus. Lembre-se de que o jejum \u00e9 uma prepara\u00e7\u00e3o para a celebra\u00e7\u00e3o da P\u00e1scoa, o maior evento da nossa f\u00e9.<\/p>\n\n\n\n<p>5. <strong>Oportunidade para a convers\u00e3o<\/strong>: Use o jejum como uma chance para refletir sobre sua vida e buscar uma verdadeira convers\u00e3o. Pergunte-se: O que me impede de viver plenamente a vontade de Deus? Quais \u00e1reas da minha vida precisam ser purificadas?<\/p>\n\n\n\n<p>O jejum n\u00e3o \u00e9 apenas uma pr\u00e1tica de priva\u00e7\u00e3o, mas um meio de purifica\u00e7\u00e3o, autodom\u00ednio e transforma\u00e7\u00e3o espiritual. Ao jejuarmos, nos abrimos para uma maior intimidade com Deus e nos tornamos mais sens\u00edveis \u00e0 Sua voz em nossas vidas. <br>Que, durante esta Quaresma, possamos viver o jejum como um verdadeiro encontro conosco mesmos e com Deus, buscando a renova\u00e7\u00e3o do nosso cora\u00e7\u00e3o e a viv\u00eancia mais fiel de Sua vontade. Como S\u00e3o Jo\u00e3o Cris\u00f3stomo nos ensina:\u00a0<em>\u201cO jejum \u00e9 o rem\u00e9dio para curar as feridas da alma e preparar o cora\u00e7\u00e3o para a P\u00e1scoa\u201d<\/em>. Que possamos, com sinceridade e f\u00e9, viver este tempo de gra\u00e7a e convers\u00e3o.<\/p>\n","protected":false},"excerpt":{"rendered":"<p>O jejum, uma pr\u00e1tica profundamente enraizada na tradi\u00e7\u00e3o crist\u00e3, \u00e9 um exerc\u00edcio de autodom\u00ednio, ren\u00fancia e purifica\u00e7\u00e3o. Durante a Quaresma, somos convidados a refletir sobre nossa vida espiritual e a nos aproximarmos mais de Deus. \u00c9 um momento de nos despojarmos de tudo aquilo que nos afasta de Sua vontade, com o objetivo de viver &hellip;<\/p>\n","protected":false},"author":32,"featured_media":24096,"comment_status":"closed","ping_status":"closed","sticky":false,"template":"","format":"standard","meta":{"footnotes":""},"categories":[100,41],"tags":[],"class_list":["post-24097","post","type-post","status-publish","format-standard","has-post-thumbnail","hentry","category-noticias-diocesanas","category-noticias_destaque"],"_links":{"self":[{"href":"https:\/\/dioceseteixeiradefreitas.com.br\/index.php?rest_route=\/wp\/v2\/posts\/24097","targetHints":{"allow":["GET"]}}],"collection":[{"href":"https:\/\/dioceseteixeiradefreitas.com.br\/index.php?rest_route=\/wp\/v2\/posts"}],"about":[{"href":"https:\/\/dioceseteixeiradefreitas.com.br\/index.php?rest_route=\/wp\/v2\/types\/post"}],"author":[{"embeddable":true,"href":"https:\/\/dioceseteixeiradefreitas.com.br\/index.php?rest_route=\/wp\/v2\/users\/32"}],"replies":[{"embeddable":true,"href":"https:\/\/dioceseteixeiradefreitas.com.br\/index.php?rest_route=%2Fwp%2Fv2%2Fcomments&post=24097"}],"version-history":[{"count":2,"href":"https:\/\/dioceseteixeiradefreitas.com.br\/index.php?rest_route=\/wp\/v2\/posts\/24097\/revisions"}],"predecessor-version":[{"id":24099,"href":"https:\/\/dioceseteixeiradefreitas.com.br\/index.php?rest_route=\/wp\/v2\/posts\/24097\/revisions\/24099"}],"wp:featuredmedia":[{"embeddable":true,"href":"https:\/\/dioceseteixeiradefreitas.com.br\/index.php?rest_route=\/wp\/v2\/media\/24096"}],"wp:attachment":[{"href":"https:\/\/dioceseteixeiradefreitas.com.br\/index.php?rest_route=%2Fwp%2Fv2%2Fmedia&parent=24097"}],"wp:term":[{"taxonomy":"category","embeddable":true,"href":"https:\/\/dioceseteixeiradefreitas.com.br\/index.php?rest_route=%2Fwp%2Fv2%2Fcategories&post=24097"},{"taxonomy":"post_tag","embeddable":true,"href":"https:\/\/dioceseteixeiradefreitas.com.br\/index.php?rest_route=%2Fwp%2Fv2%2Ftags&post=24097"}],"curies":[{"name":"wp","href":"https:\/\/api.w.org\/{rel}","templated":true}]}}