{"id":24100,"date":"2025-03-24T08:38:02","date_gmt":"2025-03-24T11:38:02","guid":{"rendered":"https:\/\/dioceseteixeiradefreitas.com.br\/?p=24100"},"modified":"2025-03-24T08:48:05","modified_gmt":"2025-03-24T11:48:05","slug":"mutirao-de-confissoes-prepare-seu-coracao-para-a-pascoa","status":"publish","type":"post","link":"https:\/\/dioceseteixeiradefreitas.com.br\/?p=24100","title":{"rendered":"Mutir\u00e3o de Confiss\u00f5es: Prepare Seu Cora\u00e7\u00e3o para a P\u00e1scoa."},"content":{"rendered":"\n<figure class=\"wp-block-image size-large\"><a href=\"https:\/\/dioceseteixeiradefreitas.com.br\/wp-content\/uploads\/2025\/03\/7f1e809d-63d8-4687-8818-b2925a8ee7d1.jpeg\"><img loading=\"lazy\" decoding=\"async\" width=\"877\" height=\"1024\" src=\"https:\/\/dioceseteixeiradefreitas.com.br\/wp-content\/uploads\/2025\/03\/7f1e809d-63d8-4687-8818-b2925a8ee7d1-877x1024.jpeg\" alt=\"\" class=\"wp-image-24101\" srcset=\"https:\/\/dioceseteixeiradefreitas.com.br\/wp-content\/uploads\/2025\/03\/7f1e809d-63d8-4687-8818-b2925a8ee7d1-877x1024.jpeg 877w, https:\/\/dioceseteixeiradefreitas.com.br\/wp-content\/uploads\/2025\/03\/7f1e809d-63d8-4687-8818-b2925a8ee7d1-257x300.jpeg 257w, https:\/\/dioceseteixeiradefreitas.com.br\/wp-content\/uploads\/2025\/03\/7f1e809d-63d8-4687-8818-b2925a8ee7d1-768x896.jpeg 768w, https:\/\/dioceseteixeiradefreitas.com.br\/wp-content\/uploads\/2025\/03\/7f1e809d-63d8-4687-8818-b2925a8ee7d1-1316x1536.jpeg 1316w, https:\/\/dioceseteixeiradefreitas.com.br\/wp-content\/uploads\/2025\/03\/7f1e809d-63d8-4687-8818-b2925a8ee7d1.jpeg 1371w\" sizes=\"auto, (max-width: 877px) 100vw, 877px\" \/><\/a><\/figure>\n\n\n\n<p> A Forania S\u00e3o Pedro se prepara para viver um momento especial de f\u00e9 e convers\u00e3o: o Mutir\u00e3o de Confiss\u00f5es, que acontecer\u00e1 de 24 a 28 de mar\u00e7o em diversas par\u00f3quias. Este per\u00edodo, inserido no tempo quaresmal, \u00e9 um convite para os fi\u00e9is renovarem sua vida espiritual por meio do Sacramento da Reconcilia\u00e7\u00e3o.<\/p>\n\n\n\n<p>A Confiss\u00e3o \u00e9 um dos sacramentos institu\u00eddos por Cristo para a remiss\u00e3o dos pecados e a restaura\u00e7\u00e3o da amizade com Deus. O pr\u00f3prio Jesus conferiu aos ap\u00f3stolos o poder de perdoar pecados, conforme lemos no Evangelho de Jo\u00e3o:<\/p>\n\n\n\n<p>\u201cRecebei o Esp\u00edrito Santo. A quem perdoardes os pecados, eles lhes ser\u00e3o perdoados; a quem os retiverdes, ser\u00e3o retidos\u201d (Jo 20,22-23).<\/p>\n\n\n\n<p>A Igreja ensina que a Confiss\u00e3o nos proporciona al\u00e9m do perd\u00e3o divino, tamb\u00e9m a cura interior, a paz do cora\u00e7\u00e3o e a for\u00e7a para resistir \u00e0s tenta\u00e7\u00f5es.<\/p>\n\n\n\n<p>Muitos santos testemunharam o poder deste sacramento em suas vidas, Santo Agostinho afirmava: \u201cO homem que confessa seus pecados j\u00e1 age com Deus. Deus acusa teus pecados; se tamb\u00e9m tu os acusas, est\u00e1s unido a Deus\u201d. S\u00e3o Jo\u00e3o Maria Vianney, o padroeiro dos sacerdotes, dizia: \u201cO bom Deus, ao nos perdoar, esquece nossos pecados. S\u00e3o como um gr\u00e3o de areia diante de uma montanha\u201d. Santa Faustina Kowalska, ap\u00f3stola da Divina Miseric\u00f3rdia, ensinava: \u201cA maior mis\u00e9ria da alma n\u00e3o a impede de receber minha miseric\u00f3rdia, mas sim a falta de confian\u00e7a\u201d.<\/p>\n\n\n\n<p>Essas palavras nos lembram que a Confiss\u00e3o \u00e9 um ato de humildade e confian\u00e7a no amor de Deus.<\/p>\n\n\n\n<p>Para que a Confiss\u00e3o seja frutuosa, \u00e9 importante seguir alguns passos essenciais:<\/p>\n\n\n\n<p><strong>1. Exame de Consci\u00eancia<\/strong> \u2013 Reflita sobre seus pecados, considerando os Dez Mandamentos e os ensinamentos da Igreja. Se voc\u00ea tem dificuldades, medo ou vergonha de se confessar, fa\u00e7a o seguinte: anote seus pecados. Isso ajudar\u00e1 muito voc\u00ea e o sacerdote.<\/p>\n\n\n\n<p><strong>2. Arrependimento Sincero<\/strong> \u2013 Reconhe\u00e7a seus erros e tenha o desejo de n\u00e3o os cometer novamente.  Reze pedindo a Deus um cora\u00e7\u00e3o contrito e arrependido.<\/p>\n\n\n\n<p><strong>3. Humildade<\/strong> \u2013 Aproxime-se do confession\u00e1rio com humildade e sinceridade. Por que confessamos? Porque acreditamos no perd\u00e3o e na autoridade de perdoar pecados concedida por Jesus Cristo aos ap\u00f3stolos (Jo 20,22-23).<\/p>\n\n\n\n<p><strong>4. Cumprimento da Penit\u00eancia<\/strong> \u2013 Ap\u00f3s a absolvi\u00e7\u00e3o do padre, cumpra a penit\u00eancia com amor e esforce-se para evitar o pecado e crescer na amizade com Deus.<\/p>\n\n\n\n<p>Aproveite esta oportunidade para renovar sua caminhada de f\u00e9 e viver a Quaresma de maneira mais intensa. A Confiss\u00e3o \u00e9 um abra\u00e7o misericordioso de Deus, um reencontro com o Pai que sempre nos espera de bra\u00e7os abertos.<\/p>\n\n\n\n<p>Que este Mutir\u00e3o de Confiss\u00f5es seja um tempo de renova\u00e7\u00e3o para toda a Diocese, preparando nossos cora\u00e7\u00f5es para a alegria da Ressurrei\u00e7\u00e3o. N\u00e3o deixe para depois! Busque a miseric\u00f3rdia de Deus, abra seu cora\u00e7\u00e3o e experimente a verdadeira paz que vem do perd\u00e3o.<\/p>\n\n\n\n<p>\u201cAinda que nossos pecados sejam como a escarlate, se tornar\u00e3o brancos como a neve\u201d (Is 1,18).<\/p>\n\n\n\n<p>Que Deus aben\u00e7oe esse tempo de reconcilia\u00e7\u00e3o e gra\u00e7a!<\/p>\n","protected":false},"excerpt":{"rendered":"<p>A Forania S\u00e3o Pedro se prepara para viver um momento especial de f\u00e9 e convers\u00e3o: o Mutir\u00e3o de Confiss\u00f5es, que acontecer\u00e1 de 24 a 28 de mar\u00e7o em diversas par\u00f3quias. Este per\u00edodo, inserido no tempo quaresmal, \u00e9 um convite para os fi\u00e9is renovarem sua vida espiritual por meio do Sacramento da Reconcilia\u00e7\u00e3o. A Confiss\u00e3o \u00e9 &hellip;<\/p>\n","protected":false},"author":32,"featured_media":24101,"comment_status":"closed","ping_status":"closed","sticky":false,"template":"","format":"standard","meta":{"footnotes":""},"categories":[100,41],"tags":[],"class_list":["post-24100","post","type-post","status-publish","format-standard","has-post-thumbnail","hentry","category-noticias-diocesanas","category-noticias_destaque"],"_links":{"self":[{"href":"https:\/\/dioceseteixeiradefreitas.com.br\/index.php?rest_route=\/wp\/v2\/posts\/24100","targetHints":{"allow":["GET"]}}],"collection":[{"href":"https:\/\/dioceseteixeiradefreitas.com.br\/index.php?rest_route=\/wp\/v2\/posts"}],"about":[{"href":"https:\/\/dioceseteixeiradefreitas.com.br\/index.php?rest_route=\/wp\/v2\/types\/post"}],"author":[{"embeddable":true,"href":"https:\/\/dioceseteixeiradefreitas.com.br\/index.php?rest_route=\/wp\/v2\/users\/32"}],"replies":[{"embeddable":true,"href":"https:\/\/dioceseteixeiradefreitas.com.br\/index.php?rest_route=%2Fwp%2Fv2%2Fcomments&post=24100"}],"version-history":[{"count":3,"href":"https:\/\/dioceseteixeiradefreitas.com.br\/index.php?rest_route=\/wp\/v2\/posts\/24100\/revisions"}],"predecessor-version":[{"id":24104,"href":"https:\/\/dioceseteixeiradefreitas.com.br\/index.php?rest_route=\/wp\/v2\/posts\/24100\/revisions\/24104"}],"wp:featuredmedia":[{"embeddable":true,"href":"https:\/\/dioceseteixeiradefreitas.com.br\/index.php?rest_route=\/wp\/v2\/media\/24101"}],"wp:attachment":[{"href":"https:\/\/dioceseteixeiradefreitas.com.br\/index.php?rest_route=%2Fwp%2Fv2%2Fmedia&parent=24100"}],"wp:term":[{"taxonomy":"category","embeddable":true,"href":"https:\/\/dioceseteixeiradefreitas.com.br\/index.php?rest_route=%2Fwp%2Fv2%2Fcategories&post=24100"},{"taxonomy":"post_tag","embeddable":true,"href":"https:\/\/dioceseteixeiradefreitas.com.br\/index.php?rest_route=%2Fwp%2Fv2%2Ftags&post=24100"}],"curies":[{"name":"wp","href":"https:\/\/api.w.org\/{rel}","templated":true}]}}