{"id":24105,"date":"2025-03-25T16:10:57","date_gmt":"2025-03-25T19:10:57","guid":{"rendered":"https:\/\/dioceseteixeiradefreitas.com.br\/?p=24105"},"modified":"2025-03-25T16:10:58","modified_gmt":"2025-03-25T19:10:58","slug":"tarde-de-espiritualidade-da-pastoral-liturgica-musica-ministros-da-palavra-e-pastoral-da-acolhida-da-forania-sao-pedro","status":"publish","type":"post","link":"https:\/\/dioceseteixeiradefreitas.com.br\/?p=24105","title":{"rendered":"Tarde de Espiritualidade da Pastoral Lit\u00fargica, M\u00fasica, Ministros da Palavra e Pastoral da Acolhida da Forania S\u00e3o Pedro."},"content":{"rendered":"\n<figure class=\"wp-block-image size-large\"><a href=\"https:\/\/dioceseteixeiradefreitas.com.br\/wp-content\/uploads\/2025\/03\/f098dbee-160b-442e-9b20-8b5e20adfbdb-scaled.jpeg\"><img loading=\"lazy\" decoding=\"async\" width=\"1024\" height=\"771\" src=\"https:\/\/dioceseteixeiradefreitas.com.br\/wp-content\/uploads\/2025\/03\/f098dbee-160b-442e-9b20-8b5e20adfbdb-1024x771.jpeg\" alt=\"\" class=\"wp-image-24106\" srcset=\"https:\/\/dioceseteixeiradefreitas.com.br\/wp-content\/uploads\/2025\/03\/f098dbee-160b-442e-9b20-8b5e20adfbdb-1024x771.jpeg 1024w, https:\/\/dioceseteixeiradefreitas.com.br\/wp-content\/uploads\/2025\/03\/f098dbee-160b-442e-9b20-8b5e20adfbdb-300x226.jpeg 300w, https:\/\/dioceseteixeiradefreitas.com.br\/wp-content\/uploads\/2025\/03\/f098dbee-160b-442e-9b20-8b5e20adfbdb-768x578.jpeg 768w, https:\/\/dioceseteixeiradefreitas.com.br\/wp-content\/uploads\/2025\/03\/f098dbee-160b-442e-9b20-8b5e20adfbdb-1536x1157.jpeg 1536w, https:\/\/dioceseteixeiradefreitas.com.br\/wp-content\/uploads\/2025\/03\/f098dbee-160b-442e-9b20-8b5e20adfbdb-2048x1542.jpeg 2048w\" sizes=\"auto, (max-width: 1024px) 100vw, 1024px\" \/><\/a><\/figure>\n\n\n\n<p>Aconteceu neste s\u00e1bado, dia 22 de Mar\u00e7o, uma Tarde de Espiritualidade da Pastoral Lit\u00fargica, M\u00fasica, Ministros da Palavra e Pastoral da Acolhida da Forania S\u00e3o Pedro. O encontro foi na Matriz S\u00e3o Pedro onde participaram cerca de 500 pessoas.<br>Foi marcado por um momento conduzido pelo Cannidia sobre o Caminho Quaresmal, prop\u00edcio para o tempo em que estamos vivendo.<br>Na segunda parte o Padre Rodrigo Rodrigues falou sobre a liturgia das horas, seu in\u00edcio e import\u00e2ncia desta ora\u00e7\u00e3o na vida da igreja e do leigo; em seguida com a exposi\u00e7\u00e3o do Sant\u00edssimo rezamos as v\u00e9speras , encerrando com a ben\u00e7\u00e3o.<br>Um momento muito edificante para os leigos envolvidos no servi\u00e7o do altar.<br>Agradecemos a Deus a participa\u00e7\u00e3o de todas as par\u00f3quias e rogamos que nos inspire a continuar caminhando rumo \u00e0 P\u00e1scoa.<br><br>Texto e fotos: Coordena\u00e7\u00e3o Diocesana de Liturgia.<\/p>\n\n\n\n<figure class=\"wp-block-gallery has-nested-images columns-default is-cropped wp-block-gallery-1 is-layout-flex wp-block-gallery-is-layout-flex\">\n<figure class=\"wp-block-image size-large\"><a href=\"https:\/\/dioceseteixeiradefreitas.com.br\/wp-content\/uploads\/2025\/03\/022fed25-48a4-4aed-a027-a8b6d6380d9c-scaled.jpeg\"><img loading=\"lazy\" decoding=\"async\" width=\"771\" height=\"1024\" data-id=\"24112\" src=\"https:\/\/dioceseteixeiradefreitas.com.br\/wp-content\/uploads\/2025\/03\/022fed25-48a4-4aed-a027-a8b6d6380d9c-771x1024.jpeg\" alt=\"\" class=\"wp-image-24112\" srcset=\"https:\/\/dioceseteixeiradefreitas.com.br\/wp-content\/uploads\/2025\/03\/022fed25-48a4-4aed-a027-a8b6d6380d9c-771x1024.jpeg 771w, https:\/\/dioceseteixeiradefreitas.com.br\/wp-content\/uploads\/2025\/03\/022fed25-48a4-4aed-a027-a8b6d6380d9c-226x300.jpeg 226w, https:\/\/dioceseteixeiradefreitas.com.br\/wp-content\/uploads\/2025\/03\/022fed25-48a4-4aed-a027-a8b6d6380d9c-768x1020.jpeg 768w, https:\/\/dioceseteixeiradefreitas.com.br\/wp-content\/uploads\/2025\/03\/022fed25-48a4-4aed-a027-a8b6d6380d9c-1157x1536.jpeg 1157w, https:\/\/dioceseteixeiradefreitas.com.br\/wp-content\/uploads\/2025\/03\/022fed25-48a4-4aed-a027-a8b6d6380d9c-1542x2048.jpeg 1542w, https:\/\/dioceseteixeiradefreitas.com.br\/wp-content\/uploads\/2025\/03\/022fed25-48a4-4aed-a027-a8b6d6380d9c-scaled.jpeg 1928w\" sizes=\"auto, (max-width: 771px) 100vw, 771px\" \/><\/a><\/figure>\n\n\n\n<figure class=\"wp-block-image size-large\"><a href=\"https:\/\/dioceseteixeiradefreitas.com.br\/wp-content\/uploads\/2025\/03\/1b7a1bb0-d1ea-4efe-b5ad-02d67f4a16be-scaled.jpeg\"><img loading=\"lazy\" decoding=\"async\" width=\"771\" height=\"1024\" data-id=\"24113\" src=\"https:\/\/dioceseteixeiradefreitas.com.br\/wp-content\/uploads\/2025\/03\/1b7a1bb0-d1ea-4efe-b5ad-02d67f4a16be-771x1024.jpeg\" alt=\"\" class=\"wp-image-24113\" srcset=\"https:\/\/dioceseteixeiradefreitas.com.br\/wp-content\/uploads\/2025\/03\/1b7a1bb0-d1ea-4efe-b5ad-02d67f4a16be-771x1024.jpeg 771w, https:\/\/dioceseteixeiradefreitas.com.br\/wp-content\/uploads\/2025\/03\/1b7a1bb0-d1ea-4efe-b5ad-02d67f4a16be-226x300.jpeg 226w, https:\/\/dioceseteixeiradefreitas.com.br\/wp-content\/uploads\/2025\/03\/1b7a1bb0-d1ea-4efe-b5ad-02d67f4a16be-768x1020.jpeg 768w, https:\/\/dioceseteixeiradefreitas.com.br\/wp-content\/uploads\/2025\/03\/1b7a1bb0-d1ea-4efe-b5ad-02d67f4a16be-1157x1536.jpeg 1157w, https:\/\/dioceseteixeiradefreitas.com.br\/wp-content\/uploads\/2025\/03\/1b7a1bb0-d1ea-4efe-b5ad-02d67f4a16be-1542x2048.jpeg 1542w, https:\/\/dioceseteixeiradefreitas.com.br\/wp-content\/uploads\/2025\/03\/1b7a1bb0-d1ea-4efe-b5ad-02d67f4a16be-scaled.jpeg 1928w\" sizes=\"auto, (max-width: 771px) 100vw, 771px\" \/><\/a><\/figure>\n\n\n\n<figure class=\"wp-block-image size-large\"><a href=\"https:\/\/dioceseteixeiradefreitas.com.br\/wp-content\/uploads\/2025\/03\/f93a8307-4903-49f3-818c-e586421b2e1a.jpeg\"><img loading=\"lazy\" decoding=\"async\" width=\"742\" height=\"1024\" data-id=\"24107\" src=\"https:\/\/dioceseteixeiradefreitas.com.br\/wp-content\/uploads\/2025\/03\/f93a8307-4903-49f3-818c-e586421b2e1a-742x1024.jpeg\" alt=\"\" class=\"wp-image-24107\" srcset=\"https:\/\/dioceseteixeiradefreitas.com.br\/wp-content\/uploads\/2025\/03\/f93a8307-4903-49f3-818c-e586421b2e1a-742x1024.jpeg 742w, https:\/\/dioceseteixeiradefreitas.com.br\/wp-content\/uploads\/2025\/03\/f93a8307-4903-49f3-818c-e586421b2e1a-217x300.jpeg 217w, https:\/\/dioceseteixeiradefreitas.com.br\/wp-content\/uploads\/2025\/03\/f93a8307-4903-49f3-818c-e586421b2e1a-768x1060.jpeg 768w, https:\/\/dioceseteixeiradefreitas.com.br\/wp-content\/uploads\/2025\/03\/f93a8307-4903-49f3-818c-e586421b2e1a.jpeg 1080w\" sizes=\"auto, (max-width: 742px) 100vw, 742px\" \/><\/a><\/figure>\n\n\n\n<figure class=\"wp-block-image size-large\"><a href=\"https:\/\/dioceseteixeiradefreitas.com.br\/wp-content\/uploads\/2025\/03\/eeb47ec9-29b8-4707-aa03-ee82541493b8.jpeg\"><img loading=\"lazy\" decoding=\"async\" width=\"1024\" height=\"771\" data-id=\"24108\" src=\"https:\/\/dioceseteixeiradefreitas.com.br\/wp-content\/uploads\/2025\/03\/eeb47ec9-29b8-4707-aa03-ee82541493b8-1024x771.jpeg\" alt=\"\" class=\"wp-image-24108\" srcset=\"https:\/\/dioceseteixeiradefreitas.com.br\/wp-content\/uploads\/2025\/03\/eeb47ec9-29b8-4707-aa03-ee82541493b8-1024x771.jpeg 1024w, https:\/\/dioceseteixeiradefreitas.com.br\/wp-content\/uploads\/2025\/03\/eeb47ec9-29b8-4707-aa03-ee82541493b8-300x226.jpeg 300w, https:\/\/dioceseteixeiradefreitas.com.br\/wp-content\/uploads\/2025\/03\/eeb47ec9-29b8-4707-aa03-ee82541493b8-768x578.jpeg 768w, https:\/\/dioceseteixeiradefreitas.com.br\/wp-content\/uploads\/2025\/03\/eeb47ec9-29b8-4707-aa03-ee82541493b8-1536x1156.jpeg 1536w, https:\/\/dioceseteixeiradefreitas.com.br\/wp-content\/uploads\/2025\/03\/eeb47ec9-29b8-4707-aa03-ee82541493b8.jpeg 1600w\" sizes=\"auto, (max-width: 1024px) 100vw, 1024px\" \/><\/a><\/figure>\n\n\n\n<figure class=\"wp-block-image size-large\"><a href=\"https:\/\/dioceseteixeiradefreitas.com.br\/wp-content\/uploads\/2025\/03\/b46b59fb-8297-4dfb-931c-d57ee758d5fc.jpeg\"><img loading=\"lazy\" decoding=\"async\" width=\"771\" height=\"1024\" data-id=\"24109\" src=\"https:\/\/dioceseteixeiradefreitas.com.br\/wp-content\/uploads\/2025\/03\/b46b59fb-8297-4dfb-931c-d57ee758d5fc-771x1024.jpeg\" alt=\"\" class=\"wp-image-24109\" srcset=\"https:\/\/dioceseteixeiradefreitas.com.br\/wp-content\/uploads\/2025\/03\/b46b59fb-8297-4dfb-931c-d57ee758d5fc-771x1024.jpeg 771w, https:\/\/dioceseteixeiradefreitas.com.br\/wp-content\/uploads\/2025\/03\/b46b59fb-8297-4dfb-931c-d57ee758d5fc-226x300.jpeg 226w, https:\/\/dioceseteixeiradefreitas.com.br\/wp-content\/uploads\/2025\/03\/b46b59fb-8297-4dfb-931c-d57ee758d5fc-768x1021.jpeg 768w, https:\/\/dioceseteixeiradefreitas.com.br\/wp-content\/uploads\/2025\/03\/b46b59fb-8297-4dfb-931c-d57ee758d5fc-1156x1536.jpeg 1156w, https:\/\/dioceseteixeiradefreitas.com.br\/wp-content\/uploads\/2025\/03\/b46b59fb-8297-4dfb-931c-d57ee758d5fc.jpeg 1204w\" sizes=\"auto, (max-width: 771px) 100vw, 771px\" \/><\/a><\/figure>\n\n\n\n<figure class=\"wp-block-image size-large\"><a href=\"https:\/\/dioceseteixeiradefreitas.com.br\/wp-content\/uploads\/2025\/03\/068c6a6e-cb5b-4658-83dc-88dbf4e0424a.jpeg\"><img loading=\"lazy\" decoding=\"async\" width=\"771\" height=\"1024\" data-id=\"24110\" src=\"https:\/\/dioceseteixeiradefreitas.com.br\/wp-content\/uploads\/2025\/03\/068c6a6e-cb5b-4658-83dc-88dbf4e0424a-771x1024.jpeg\" alt=\"\" class=\"wp-image-24110\" srcset=\"https:\/\/dioceseteixeiradefreitas.com.br\/wp-content\/uploads\/2025\/03\/068c6a6e-cb5b-4658-83dc-88dbf4e0424a-771x1024.jpeg 771w, https:\/\/dioceseteixeiradefreitas.com.br\/wp-content\/uploads\/2025\/03\/068c6a6e-cb5b-4658-83dc-88dbf4e0424a-226x300.jpeg 226w, https:\/\/dioceseteixeiradefreitas.com.br\/wp-content\/uploads\/2025\/03\/068c6a6e-cb5b-4658-83dc-88dbf4e0424a-768x1021.jpeg 768w, https:\/\/dioceseteixeiradefreitas.com.br\/wp-content\/uploads\/2025\/03\/068c6a6e-cb5b-4658-83dc-88dbf4e0424a-1156x1536.jpeg 1156w, https:\/\/dioceseteixeiradefreitas.com.br\/wp-content\/uploads\/2025\/03\/068c6a6e-cb5b-4658-83dc-88dbf4e0424a.jpeg 1204w\" sizes=\"auto, (max-width: 771px) 100vw, 771px\" \/><\/a><\/figure>\n\n\n\n<figure class=\"wp-block-image size-large\"><a href=\"https:\/\/dioceseteixeiradefreitas.com.br\/wp-content\/uploads\/2025\/03\/6c5ffc03-9e0f-41c4-9e21-c4b6f0b668a0.jpeg\"><img loading=\"lazy\" decoding=\"async\" width=\"771\" height=\"1024\" data-id=\"24111\" src=\"https:\/\/dioceseteixeiradefreitas.com.br\/wp-content\/uploads\/2025\/03\/6c5ffc03-9e0f-41c4-9e21-c4b6f0b668a0-771x1024.jpeg\" alt=\"\" class=\"wp-image-24111\" srcset=\"https:\/\/dioceseteixeiradefreitas.com.br\/wp-content\/uploads\/2025\/03\/6c5ffc03-9e0f-41c4-9e21-c4b6f0b668a0-771x1024.jpeg 771w, https:\/\/dioceseteixeiradefreitas.com.br\/wp-content\/uploads\/2025\/03\/6c5ffc03-9e0f-41c4-9e21-c4b6f0b668a0-226x300.jpeg 226w, https:\/\/dioceseteixeiradefreitas.com.br\/wp-content\/uploads\/2025\/03\/6c5ffc03-9e0f-41c4-9e21-c4b6f0b668a0-768x1021.jpeg 768w, https:\/\/dioceseteixeiradefreitas.com.br\/wp-content\/uploads\/2025\/03\/6c5ffc03-9e0f-41c4-9e21-c4b6f0b668a0-1156x1536.jpeg 1156w, https:\/\/dioceseteixeiradefreitas.com.br\/wp-content\/uploads\/2025\/03\/6c5ffc03-9e0f-41c4-9e21-c4b6f0b668a0.jpeg 1204w\" sizes=\"auto, (max-width: 771px) 100vw, 771px\" \/><\/a><\/figure>\n<\/figure>\n","protected":false},"excerpt":{"rendered":"<p>Aconteceu neste s\u00e1bado, dia 22 de Mar\u00e7o, uma Tarde de Espiritualidade da Pastoral Lit\u00fargica, M\u00fasica, Ministros da Palavra e Pastoral da Acolhida da Forania S\u00e3o Pedro. O encontro foi na Matriz S\u00e3o Pedro onde participaram cerca de 500 pessoas.Foi marcado por um momento conduzido pelo Cannidia sobre o Caminho Quaresmal, prop\u00edcio para o tempo em &hellip;<\/p>\n","protected":false},"author":32,"featured_media":24106,"comment_status":"closed","ping_status":"closed","sticky":false,"template":"","format":"standard","meta":{"footnotes":""},"categories":[100,41],"tags":[],"class_list":["post-24105","post","type-post","status-publish","format-standard","has-post-thumbnail","hentry","category-noticias-diocesanas","category-noticias_destaque"],"_links":{"self":[{"href":"https:\/\/dioceseteixeiradefreitas.com.br\/index.php?rest_route=\/wp\/v2\/posts\/24105","targetHints":{"allow":["GET"]}}],"collection":[{"href":"https:\/\/dioceseteixeiradefreitas.com.br\/index.php?rest_route=\/wp\/v2\/posts"}],"about":[{"href":"https:\/\/dioceseteixeiradefreitas.com.br\/index.php?rest_route=\/wp\/v2\/types\/post"}],"author":[{"embeddable":true,"href":"https:\/\/dioceseteixeiradefreitas.com.br\/index.php?rest_route=\/wp\/v2\/users\/32"}],"replies":[{"embeddable":true,"href":"https:\/\/dioceseteixeiradefreitas.com.br\/index.php?rest_route=%2Fwp%2Fv2%2Fcomments&post=24105"}],"version-history":[{"count":1,"href":"https:\/\/dioceseteixeiradefreitas.com.br\/index.php?rest_route=\/wp\/v2\/posts\/24105\/revisions"}],"predecessor-version":[{"id":24114,"href":"https:\/\/dioceseteixeiradefreitas.com.br\/index.php?rest_route=\/wp\/v2\/posts\/24105\/revisions\/24114"}],"wp:featuredmedia":[{"embeddable":true,"href":"https:\/\/dioceseteixeiradefreitas.com.br\/index.php?rest_route=\/wp\/v2\/media\/24106"}],"wp:attachment":[{"href":"https:\/\/dioceseteixeiradefreitas.com.br\/index.php?rest_route=%2Fwp%2Fv2%2Fmedia&parent=24105"}],"wp:term":[{"taxonomy":"category","embeddable":true,"href":"https:\/\/dioceseteixeiradefreitas.com.br\/index.php?rest_route=%2Fwp%2Fv2%2Fcategories&post=24105"},{"taxonomy":"post_tag","embeddable":true,"href":"https:\/\/dioceseteixeiradefreitas.com.br\/index.php?rest_route=%2Fwp%2Fv2%2Ftags&post=24105"}],"curies":[{"name":"wp","href":"https:\/\/api.w.org\/{rel}","templated":true}]}}