{"id":24115,"date":"2025-03-26T16:19:19","date_gmt":"2025-03-26T19:19:19","guid":{"rendered":"https:\/\/dioceseteixeiradefreitas.com.br\/?p=24115"},"modified":"2025-03-26T16:20:12","modified_gmt":"2025-03-26T19:20:12","slug":"formacao-da-pascom-na-forania-santo-antoniocomunicacao-que-conecta-coracoes-a-cristo","status":"publish","type":"post","link":"https:\/\/dioceseteixeiradefreitas.com.br\/?p=24115","title":{"rendered":"Forma\u00e7\u00e3o da Pascom na Forania Santo Ant\u00f4nio:Comunica\u00e7\u00e3o que Conecta Cora\u00e7\u00f5es a Cristo."},"content":{"rendered":"\n<figure class=\"wp-block-image size-large\"><a href=\"https:\/\/dioceseteixeiradefreitas.com.br\/wp-content\/uploads\/2025\/03\/IMG_6685-scaled.jpeg\"><img loading=\"lazy\" decoding=\"async\" width=\"1024\" height=\"839\" src=\"https:\/\/dioceseteixeiradefreitas.com.br\/wp-content\/uploads\/2025\/03\/IMG_6685-1024x839.jpeg\" alt=\"\" class=\"wp-image-24116\" srcset=\"https:\/\/dioceseteixeiradefreitas.com.br\/wp-content\/uploads\/2025\/03\/IMG_6685-1024x839.jpeg 1024w, https:\/\/dioceseteixeiradefreitas.com.br\/wp-content\/uploads\/2025\/03\/IMG_6685-300x246.jpeg 300w, https:\/\/dioceseteixeiradefreitas.com.br\/wp-content\/uploads\/2025\/03\/IMG_6685-768x629.jpeg 768w, https:\/\/dioceseteixeiradefreitas.com.br\/wp-content\/uploads\/2025\/03\/IMG_6685-1536x1258.jpeg 1536w, https:\/\/dioceseteixeiradefreitas.com.br\/wp-content\/uploads\/2025\/03\/IMG_6685-2048x1677.jpeg 2048w\" sizes=\"auto, (max-width: 1024px) 100vw, 1024px\" \/><\/a><\/figure>\n\n\n\n<p>No \u00faltimo s\u00e1bado, 22 de mar\u00e7o, a Forania Santo Ant\u00f4nio se reuniu em uma tarde de forma\u00e7\u00e3o para os agentes da Pastoral da Comunica\u00e7\u00e3o (Pascom). O encontro aconteceu em Alcoba\u00e7a e contou tamb\u00e9m com a participa\u00e7\u00e3o das comunidades de Prado, Caravelas e S\u00e3o Jos\u00e9 de Alcoba\u00e7a.<\/p>\n\n\n\n<p>O momento formativo teve in\u00edcio com uma ora\u00e7\u00e3o conduzida pelo Padre Valdir, que tamb\u00e9m concedeu a b\u00ean\u00e7\u00e3o de encerramento, coroando uma tarde de aprendizado, troca de experi\u00eancias e fortalecimento espiritual. Al\u00e9m dele, o encontro contou com a presen\u00e7a do Padre Paulo Andr\u00e9, que trouxe reflex\u00f5es fundamentais sobre a espiritualidade na comunica\u00e7\u00e3o e o verdadeiro papel da Pascom na miss\u00e3o evangelizadora da Igreja.<\/p>\n\n\n\n<p><strong>A comunica\u00e7\u00e3o a servi\u00e7o de Deus<\/strong><\/p>\n\n\n\n<p>Durante sua explana\u00e7\u00e3o, Padre Paulo Andr\u00e9 enfatizou que a comunica\u00e7\u00e3o na Igreja precisa estar enraizada na espiritualidade. \u201cTodos n\u00f3s somos unidos pelo Esp\u00edrito Santo de Deus, que nos faz irm\u00e3os. Precisamos nos conectar com Deus como pastoral\u201d, afirmou. Ele alertou sobre os riscos de uma comunica\u00e7\u00e3o focada apenas em t\u00e9cnicas, m\u00e9tricas e engajamento, esquecendo a ess\u00eancia espiritual do servi\u00e7o pastoral.<\/p>\n\n\n\n<p>\u201cN\u00f3s n\u00e3o temos uma mensagem pr\u00f3pria, n\u00f3s transmitimos algo. Todo membro da Pascom precisa estar antenado primeiramente com Deus, com a espiritualidade\u201d, destacou. Ele tamb\u00e9m refor\u00e7ou a import\u00e2ncia de uma postura adequada, da compreens\u00e3o da miss\u00e3o e do alinhamento com os sacerdotes para que a pastoral esteja integrada \u00e0 vida da Igreja.<\/p>\n\n\n\n<p>Padre Paulo Andr\u00e9 chamou a aten\u00e7\u00e3o para a necessidade de preparo espiritual dos agentes da Pascom, destacando que a comunica\u00e7\u00e3o da f\u00e9 precisa, antes de tudo, transformar quem a transmite. \u201cMergulhem no mist\u00e9rio da Santa Missa. A mensagem precisa chegar primeiro a voc\u00ea. N\u00e3o podemos permitir que o servir atrapalhe a nossa participa\u00e7\u00e3o na espiritualidade da celebra\u00e7\u00e3o\u201d, orientou.<\/p>\n\n\n\n<p>Ele tamb\u00e9m ressaltou a import\u00e2ncia do planejamento e da prepara\u00e7\u00e3o para grandes momentos da Igreja, como a Semana Santa e as festas dos padroeiros, para que a comunica\u00e7\u00e3o pastoral seja eficiente e bem executada. \u201cPrecisamos nos situar na sacralidade daquilo que estamos fazendo\u201d, refor\u00e7ou.<\/p>\n\n\n\n<p><strong>Chamados por Deus para evangelizar<\/strong><\/p>\n\n\n\n<p>Outro momento marcante da forma\u00e7\u00e3o foi conduzido por Julian, coordenador diocesano da Pascom, que falou sobre o chamado de Deus na vida de cada comunicador da Pascom. \u201cVoc\u00ea foi chamado por Deus, e Ele transforma primeiramente a n\u00f3s, para que possamos transformar outras pessoas\u201d, afirmou.<\/p>\n\n\n\n<p>Julian destacou que a miss\u00e3o da Pascom est\u00e1 ligada ao pr\u00f3prio batismo, pois, ao comunicar a f\u00e9, os agentes est\u00e3o vivendo a sua voca\u00e7\u00e3o crist\u00e3. Ele tamb\u00e9m apresentou a estrutura do processo comunicativo da Pascom, que se desenvolve em tr\u00eas etapas essenciais:<\/p>\n\n\n\n<p>1. <strong>Querigma<\/strong>\u2013 O primeiro an\u00fancio da f\u00e9, conquistando cora\u00e7\u00f5es e atraindo pessoas para a Igreja.<\/p>\n\n\n\n<p>2. <strong>Catequese<\/strong>\u2013 Aprofundamento na doutrina, ensinando o Evangelho de Cristo.<\/p>\n\n\n\n<p>3. <strong>A\u00e7\u00e3o Pastoral<\/strong>\u2013 O testemunho pr\u00e1tico da f\u00e9, onde o membro come\u00e7a a viver ativamente a miss\u00e3o da Igreja.<\/p>\n\n\n\n<p>Al\u00e9m de comunicar, Julian refor\u00e7ou que os agentes da Pascom precisam estar envolvidos na vida da Igreja e n\u00e3o apenas executar um servi\u00e7o t\u00e9cnico. \u201cN\u00e3o \u00e9 somente fazer o trabalho e ir embora. \u00c9 preciso participar do evento, viver a experi\u00eancia da comunidade\u201d, ressaltou.<\/p>\n\n\n\n<p><strong>Um compromisso com a evangeliza\u00e7\u00e3o<\/strong><\/p>\n\n\n\n<p>A forma\u00e7\u00e3o da Pascom na Forania Santo Ant\u00f4nio, foi um momento de grande aprendizado e renova\u00e7\u00e3o para os agentes de comunica\u00e7\u00e3o das comunidades presentes. Mais do que aprimorar t\u00e9cnicas e estrat\u00e9gias, o encontro refor\u00e7ou o compromisso de cada membro com a miss\u00e3o evangelizadora da Igreja.<\/p>\n\n\n\n<p>O evento foi encerrado com a b\u00ean\u00e7\u00e3o de Padre Valdir, deixando a todos motivados a seguir comunicando a Palavra de Deus com f\u00e9, amor e dedica\u00e7\u00e3o. Que a Pascom seja sempre um instrumento de evangeliza\u00e7\u00e3o, conectando cora\u00e7\u00f5es a Cristo por meio da comunica\u00e7\u00e3o!<\/p>\n\n\n\n<figure class=\"wp-block-gallery has-nested-images columns-default is-cropped wp-block-gallery-1 is-layout-flex wp-block-gallery-is-layout-flex\">\n<figure class=\"wp-block-image size-large\"><a href=\"https:\/\/dioceseteixeiradefreitas.com.br\/wp-content\/uploads\/2025\/03\/IMG_6645-scaled.jpeg\"><img loading=\"lazy\" decoding=\"async\" width=\"576\" height=\"1024\" data-id=\"24117\" src=\"https:\/\/dioceseteixeiradefreitas.com.br\/wp-content\/uploads\/2025\/03\/IMG_6645-576x1024.jpeg\" alt=\"\" class=\"wp-image-24117\" srcset=\"https:\/\/dioceseteixeiradefreitas.com.br\/wp-content\/uploads\/2025\/03\/IMG_6645-576x1024.jpeg 576w, https:\/\/dioceseteixeiradefreitas.com.br\/wp-content\/uploads\/2025\/03\/IMG_6645-169x300.jpeg 169w, https:\/\/dioceseteixeiradefreitas.com.br\/wp-content\/uploads\/2025\/03\/IMG_6645-768x1365.jpeg 768w, https:\/\/dioceseteixeiradefreitas.com.br\/wp-content\/uploads\/2025\/03\/IMG_6645-864x1536.jpeg 864w, https:\/\/dioceseteixeiradefreitas.com.br\/wp-content\/uploads\/2025\/03\/IMG_6645-1152x2048.jpeg 1152w, https:\/\/dioceseteixeiradefreitas.com.br\/wp-content\/uploads\/2025\/03\/IMG_6645-scaled.jpeg 1441w\" sizes=\"auto, (max-width: 576px) 100vw, 576px\" \/><\/a><\/figure>\n\n\n\n<figure class=\"wp-block-image size-large\"><a href=\"https:\/\/dioceseteixeiradefreitas.com.br\/wp-content\/uploads\/2025\/03\/IMG_6656-scaled.jpeg\"><img loading=\"lazy\" decoding=\"async\" width=\"576\" height=\"1024\" data-id=\"24122\" src=\"https:\/\/dioceseteixeiradefreitas.com.br\/wp-content\/uploads\/2025\/03\/IMG_6656-576x1024.jpeg\" alt=\"\" class=\"wp-image-24122\" srcset=\"https:\/\/dioceseteixeiradefreitas.com.br\/wp-content\/uploads\/2025\/03\/IMG_6656-576x1024.jpeg 576w, https:\/\/dioceseteixeiradefreitas.com.br\/wp-content\/uploads\/2025\/03\/IMG_6656-169x300.jpeg 169w, https:\/\/dioceseteixeiradefreitas.com.br\/wp-content\/uploads\/2025\/03\/IMG_6656-768x1365.jpeg 768w, https:\/\/dioceseteixeiradefreitas.com.br\/wp-content\/uploads\/2025\/03\/IMG_6656-864x1536.jpeg 864w, https:\/\/dioceseteixeiradefreitas.com.br\/wp-content\/uploads\/2025\/03\/IMG_6656-1152x2048.jpeg 1152w, https:\/\/dioceseteixeiradefreitas.com.br\/wp-content\/uploads\/2025\/03\/IMG_6656-scaled.jpeg 1440w\" sizes=\"auto, (max-width: 576px) 100vw, 576px\" \/><\/a><\/figure>\n\n\n\n<figure class=\"wp-block-image size-large\"><a href=\"https:\/\/dioceseteixeiradefreitas.com.br\/wp-content\/uploads\/2025\/03\/IMG_6655-scaled.jpeg\"><img loading=\"lazy\" decoding=\"async\" width=\"576\" height=\"1024\" data-id=\"24121\" src=\"https:\/\/dioceseteixeiradefreitas.com.br\/wp-content\/uploads\/2025\/03\/IMG_6655-576x1024.jpeg\" alt=\"\" class=\"wp-image-24121\" srcset=\"https:\/\/dioceseteixeiradefreitas.com.br\/wp-content\/uploads\/2025\/03\/IMG_6655-576x1024.jpeg 576w, https:\/\/dioceseteixeiradefreitas.com.br\/wp-content\/uploads\/2025\/03\/IMG_6655-169x300.jpeg 169w, https:\/\/dioceseteixeiradefreitas.com.br\/wp-content\/uploads\/2025\/03\/IMG_6655-768x1365.jpeg 768w, https:\/\/dioceseteixeiradefreitas.com.br\/wp-content\/uploads\/2025\/03\/IMG_6655-864x1536.jpeg 864w, https:\/\/dioceseteixeiradefreitas.com.br\/wp-content\/uploads\/2025\/03\/IMG_6655-1152x2048.jpeg 1152w, https:\/\/dioceseteixeiradefreitas.com.br\/wp-content\/uploads\/2025\/03\/IMG_6655-scaled.jpeg 1440w\" sizes=\"auto, (max-width: 576px) 100vw, 576px\" \/><\/a><\/figure>\n\n\n\n<figure class=\"wp-block-image size-large\"><a href=\"https:\/\/dioceseteixeiradefreitas.com.br\/wp-content\/uploads\/2025\/03\/IMG_6658-scaled.jpeg\"><img loading=\"lazy\" decoding=\"async\" width=\"990\" height=\"1024\" data-id=\"24131\" src=\"https:\/\/dioceseteixeiradefreitas.com.br\/wp-content\/uploads\/2025\/03\/IMG_6658-990x1024.jpeg\" alt=\"\" class=\"wp-image-24131\" srcset=\"https:\/\/dioceseteixeiradefreitas.com.br\/wp-content\/uploads\/2025\/03\/IMG_6658-990x1024.jpeg 990w, https:\/\/dioceseteixeiradefreitas.com.br\/wp-content\/uploads\/2025\/03\/IMG_6658-290x300.jpeg 290w, https:\/\/dioceseteixeiradefreitas.com.br\/wp-content\/uploads\/2025\/03\/IMG_6658-768x795.jpeg 768w, https:\/\/dioceseteixeiradefreitas.com.br\/wp-content\/uploads\/2025\/03\/IMG_6658-1484x1536.jpeg 1484w, https:\/\/dioceseteixeiradefreitas.com.br\/wp-content\/uploads\/2025\/03\/IMG_6658-1979x2048.jpeg 1979w\" sizes=\"auto, (max-width: 990px) 100vw, 990px\" \/><\/a><\/figure>\n\n\n\n<figure class=\"wp-block-image size-large\"><a href=\"https:\/\/dioceseteixeiradefreitas.com.br\/wp-content\/uploads\/2025\/03\/IMG_6659-scaled.jpeg\"><img loading=\"lazy\" decoding=\"async\" width=\"576\" height=\"1024\" data-id=\"24127\" src=\"https:\/\/dioceseteixeiradefreitas.com.br\/wp-content\/uploads\/2025\/03\/IMG_6659-576x1024.jpeg\" alt=\"\" class=\"wp-image-24127\" srcset=\"https:\/\/dioceseteixeiradefreitas.com.br\/wp-content\/uploads\/2025\/03\/IMG_6659-576x1024.jpeg 576w, https:\/\/dioceseteixeiradefreitas.com.br\/wp-content\/uploads\/2025\/03\/IMG_6659-169x300.jpeg 169w, https:\/\/dioceseteixeiradefreitas.com.br\/wp-content\/uploads\/2025\/03\/IMG_6659-768x1365.jpeg 768w, https:\/\/dioceseteixeiradefreitas.com.br\/wp-content\/uploads\/2025\/03\/IMG_6659-864x1536.jpeg 864w, https:\/\/dioceseteixeiradefreitas.com.br\/wp-content\/uploads\/2025\/03\/IMG_6659-1152x2048.jpeg 1152w, https:\/\/dioceseteixeiradefreitas.com.br\/wp-content\/uploads\/2025\/03\/IMG_6659-scaled.jpeg 1440w\" sizes=\"auto, (max-width: 576px) 100vw, 576px\" \/><\/a><\/figure>\n\n\n\n<figure class=\"wp-block-image size-large\"><a href=\"https:\/\/dioceseteixeiradefreitas.com.br\/wp-content\/uploads\/2025\/03\/IMG_6662-scaled.jpeg\"><img loading=\"lazy\" decoding=\"async\" width=\"576\" height=\"1024\" data-id=\"24123\" src=\"https:\/\/dioceseteixeiradefreitas.com.br\/wp-content\/uploads\/2025\/03\/IMG_6662-576x1024.jpeg\" alt=\"\" class=\"wp-image-24123\" srcset=\"https:\/\/dioceseteixeiradefreitas.com.br\/wp-content\/uploads\/2025\/03\/IMG_6662-576x1024.jpeg 576w, https:\/\/dioceseteixeiradefreitas.com.br\/wp-content\/uploads\/2025\/03\/IMG_6662-169x300.jpeg 169w, https:\/\/dioceseteixeiradefreitas.com.br\/wp-content\/uploads\/2025\/03\/IMG_6662-768x1365.jpeg 768w, https:\/\/dioceseteixeiradefreitas.com.br\/wp-content\/uploads\/2025\/03\/IMG_6662-864x1536.jpeg 864w, https:\/\/dioceseteixeiradefreitas.com.br\/wp-content\/uploads\/2025\/03\/IMG_6662-1152x2048.jpeg 1152w, https:\/\/dioceseteixeiradefreitas.com.br\/wp-content\/uploads\/2025\/03\/IMG_6662-scaled.jpeg 1440w\" sizes=\"auto, (max-width: 576px) 100vw, 576px\" \/><\/a><\/figure>\n\n\n\n<figure class=\"wp-block-image size-large\"><a href=\"https:\/\/dioceseteixeiradefreitas.com.br\/wp-content\/uploads\/2025\/03\/IMG_6663-scaled.jpeg\"><img loading=\"lazy\" decoding=\"async\" width=\"576\" height=\"1024\" data-id=\"24125\" src=\"https:\/\/dioceseteixeiradefreitas.com.br\/wp-content\/uploads\/2025\/03\/IMG_6663-576x1024.jpeg\" alt=\"\" class=\"wp-image-24125\" srcset=\"https:\/\/dioceseteixeiradefreitas.com.br\/wp-content\/uploads\/2025\/03\/IMG_6663-576x1024.jpeg 576w, https:\/\/dioceseteixeiradefreitas.com.br\/wp-content\/uploads\/2025\/03\/IMG_6663-169x300.jpeg 169w, https:\/\/dioceseteixeiradefreitas.com.br\/wp-content\/uploads\/2025\/03\/IMG_6663-768x1365.jpeg 768w, https:\/\/dioceseteixeiradefreitas.com.br\/wp-content\/uploads\/2025\/03\/IMG_6663-864x1536.jpeg 864w, https:\/\/dioceseteixeiradefreitas.com.br\/wp-content\/uploads\/2025\/03\/IMG_6663-1152x2048.jpeg 1152w, https:\/\/dioceseteixeiradefreitas.com.br\/wp-content\/uploads\/2025\/03\/IMG_6663-scaled.jpeg 1440w\" sizes=\"auto, (max-width: 576px) 100vw, 576px\" \/><\/a><\/figure>\n\n\n\n<figure class=\"wp-block-image size-large\"><a href=\"https:\/\/dioceseteixeiradefreitas.com.br\/wp-content\/uploads\/2025\/03\/IMG_6666-scaled.jpeg\"><img loading=\"lazy\" decoding=\"async\" width=\"576\" height=\"1024\" data-id=\"24126\" src=\"https:\/\/dioceseteixeiradefreitas.com.br\/wp-content\/uploads\/2025\/03\/IMG_6666-576x1024.jpeg\" alt=\"\" class=\"wp-image-24126\" srcset=\"https:\/\/dioceseteixeiradefreitas.com.br\/wp-content\/uploads\/2025\/03\/IMG_6666-576x1024.jpeg 576w, https:\/\/dioceseteixeiradefreitas.com.br\/wp-content\/uploads\/2025\/03\/IMG_6666-169x300.jpeg 169w, https:\/\/dioceseteixeiradefreitas.com.br\/wp-content\/uploads\/2025\/03\/IMG_6666-768x1365.jpeg 768w, https:\/\/dioceseteixeiradefreitas.com.br\/wp-content\/uploads\/2025\/03\/IMG_6666-864x1536.jpeg 864w, https:\/\/dioceseteixeiradefreitas.com.br\/wp-content\/uploads\/2025\/03\/IMG_6666-1152x2048.jpeg 1152w, https:\/\/dioceseteixeiradefreitas.com.br\/wp-content\/uploads\/2025\/03\/IMG_6666-scaled.jpeg 1440w\" sizes=\"auto, (max-width: 576px) 100vw, 576px\" \/><\/a><\/figure>\n\n\n\n<figure class=\"wp-block-image size-large\"><a href=\"https:\/\/dioceseteixeiradefreitas.com.br\/wp-content\/uploads\/2025\/03\/IMG_6669-scaled.jpeg\"><img loading=\"lazy\" decoding=\"async\" width=\"1024\" height=\"1018\" data-id=\"24119\" src=\"https:\/\/dioceseteixeiradefreitas.com.br\/wp-content\/uploads\/2025\/03\/IMG_6669-1024x1018.jpeg\" alt=\"\" class=\"wp-image-24119\" srcset=\"https:\/\/dioceseteixeiradefreitas.com.br\/wp-content\/uploads\/2025\/03\/IMG_6669-1024x1018.jpeg 1024w, https:\/\/dioceseteixeiradefreitas.com.br\/wp-content\/uploads\/2025\/03\/IMG_6669-300x298.jpeg 300w, https:\/\/dioceseteixeiradefreitas.com.br\/wp-content\/uploads\/2025\/03\/IMG_6669-150x150.jpeg 150w, https:\/\/dioceseteixeiradefreitas.com.br\/wp-content\/uploads\/2025\/03\/IMG_6669-768x763.jpeg 768w, https:\/\/dioceseteixeiradefreitas.com.br\/wp-content\/uploads\/2025\/03\/IMG_6669-1536x1526.jpeg 1536w, https:\/\/dioceseteixeiradefreitas.com.br\/wp-content\/uploads\/2025\/03\/IMG_6669-2048x2035.jpeg 2048w\" sizes=\"auto, (max-width: 1024px) 100vw, 1024px\" \/><\/a><\/figure>\n\n\n\n<figure class=\"wp-block-image size-large\"><a href=\"https:\/\/dioceseteixeiradefreitas.com.br\/wp-content\/uploads\/2025\/03\/IMG_6671.jpeg\"><img loading=\"lazy\" decoding=\"async\" width=\"576\" height=\"1024\" data-id=\"24120\" src=\"https:\/\/dioceseteixeiradefreitas.com.br\/wp-content\/uploads\/2025\/03\/IMG_6671-576x1024.jpeg\" alt=\"\" class=\"wp-image-24120\" srcset=\"https:\/\/dioceseteixeiradefreitas.com.br\/wp-content\/uploads\/2025\/03\/IMG_6671-576x1024.jpeg 576w, https:\/\/dioceseteixeiradefreitas.com.br\/wp-content\/uploads\/2025\/03\/IMG_6671-169x300.jpeg 169w, https:\/\/dioceseteixeiradefreitas.com.br\/wp-content\/uploads\/2025\/03\/IMG_6671-768x1365.jpeg 768w, https:\/\/dioceseteixeiradefreitas.com.br\/wp-content\/uploads\/2025\/03\/IMG_6671-864x1536.jpeg 864w, https:\/\/dioceseteixeiradefreitas.com.br\/wp-content\/uploads\/2025\/03\/IMG_6671-1153x2048.jpeg 1153w, https:\/\/dioceseteixeiradefreitas.com.br\/wp-content\/uploads\/2025\/03\/IMG_6671.jpeg 1435w\" sizes=\"auto, (max-width: 576px) 100vw, 576px\" \/><\/a><\/figure>\n\n\n\n<figure class=\"wp-block-image size-large\"><a href=\"https:\/\/dioceseteixeiradefreitas.com.br\/wp-content\/uploads\/2025\/03\/IMG_6672-scaled.jpeg\"><img loading=\"lazy\" decoding=\"async\" width=\"576\" height=\"1024\" data-id=\"24124\" src=\"https:\/\/dioceseteixeiradefreitas.com.br\/wp-content\/uploads\/2025\/03\/IMG_6672-576x1024.jpeg\" alt=\"\" class=\"wp-image-24124\" srcset=\"https:\/\/dioceseteixeiradefreitas.com.br\/wp-content\/uploads\/2025\/03\/IMG_6672-576x1024.jpeg 576w, https:\/\/dioceseteixeiradefreitas.com.br\/wp-content\/uploads\/2025\/03\/IMG_6672-169x300.jpeg 169w, https:\/\/dioceseteixeiradefreitas.com.br\/wp-content\/uploads\/2025\/03\/IMG_6672-768x1365.jpeg 768w, https:\/\/dioceseteixeiradefreitas.com.br\/wp-content\/uploads\/2025\/03\/IMG_6672-864x1536.jpeg 864w, https:\/\/dioceseteixeiradefreitas.com.br\/wp-content\/uploads\/2025\/03\/IMG_6672-1152x2048.jpeg 1152w, https:\/\/dioceseteixeiradefreitas.com.br\/wp-content\/uploads\/2025\/03\/IMG_6672-scaled.jpeg 1440w\" sizes=\"auto, (max-width: 576px) 100vw, 576px\" \/><\/a><\/figure>\n\n\n\n<figure class=\"wp-block-image size-large\"><a href=\"https:\/\/dioceseteixeiradefreitas.com.br\/wp-content\/uploads\/2025\/03\/IMG_6657-scaled.jpeg\"><img loading=\"lazy\" decoding=\"async\" width=\"576\" height=\"1024\" data-id=\"24118\" src=\"https:\/\/dioceseteixeiradefreitas.com.br\/wp-content\/uploads\/2025\/03\/IMG_6657-576x1024.jpeg\" alt=\"\" class=\"wp-image-24118\" srcset=\"https:\/\/dioceseteixeiradefreitas.com.br\/wp-content\/uploads\/2025\/03\/IMG_6657-576x1024.jpeg 576w, https:\/\/dioceseteixeiradefreitas.com.br\/wp-content\/uploads\/2025\/03\/IMG_6657-169x300.jpeg 169w, https:\/\/dioceseteixeiradefreitas.com.br\/wp-content\/uploads\/2025\/03\/IMG_6657-768x1364.jpeg 768w, https:\/\/dioceseteixeiradefreitas.com.br\/wp-content\/uploads\/2025\/03\/IMG_6657-865x1536.jpeg 865w, https:\/\/dioceseteixeiradefreitas.com.br\/wp-content\/uploads\/2025\/03\/IMG_6657-1153x2048.jpeg 1153w, https:\/\/dioceseteixeiradefreitas.com.br\/wp-content\/uploads\/2025\/03\/IMG_6657-scaled.jpeg 1441w\" sizes=\"auto, (max-width: 576px) 100vw, 576px\" \/><\/a><\/figure>\n\n\n\n<figure class=\"wp-block-image size-large\"><a href=\"https:\/\/dioceseteixeiradefreitas.com.br\/wp-content\/uploads\/2025\/03\/IMG_6677-scaled.jpeg\"><img loading=\"lazy\" decoding=\"async\" width=\"1024\" height=\"917\" data-id=\"24129\" src=\"https:\/\/dioceseteixeiradefreitas.com.br\/wp-content\/uploads\/2025\/03\/IMG_6677-1024x917.jpeg\" alt=\"\" class=\"wp-image-24129\" srcset=\"https:\/\/dioceseteixeiradefreitas.com.br\/wp-content\/uploads\/2025\/03\/IMG_6677-1024x917.jpeg 1024w, https:\/\/dioceseteixeiradefreitas.com.br\/wp-content\/uploads\/2025\/03\/IMG_6677-300x269.jpeg 300w, https:\/\/dioceseteixeiradefreitas.com.br\/wp-content\/uploads\/2025\/03\/IMG_6677-768x688.jpeg 768w, https:\/\/dioceseteixeiradefreitas.com.br\/wp-content\/uploads\/2025\/03\/IMG_6677-1536x1376.jpeg 1536w, https:\/\/dioceseteixeiradefreitas.com.br\/wp-content\/uploads\/2025\/03\/IMG_6677-2048x1834.jpeg 2048w\" sizes=\"auto, (max-width: 1024px) 100vw, 1024px\" \/><\/a><\/figure>\n\n\n\n<figure class=\"wp-block-image size-large\"><a href=\"https:\/\/dioceseteixeiradefreitas.com.br\/wp-content\/uploads\/2025\/03\/IMG_6691-scaled.jpeg\"><img loading=\"lazy\" decoding=\"async\" width=\"1024\" height=\"576\" data-id=\"24128\" src=\"https:\/\/dioceseteixeiradefreitas.com.br\/wp-content\/uploads\/2025\/03\/IMG_6691-1024x576.jpeg\" alt=\"\" class=\"wp-image-24128\" srcset=\"https:\/\/dioceseteixeiradefreitas.com.br\/wp-content\/uploads\/2025\/03\/IMG_6691-1024x576.jpeg 1024w, https:\/\/dioceseteixeiradefreitas.com.br\/wp-content\/uploads\/2025\/03\/IMG_6691-300x169.jpeg 300w, https:\/\/dioceseteixeiradefreitas.com.br\/wp-content\/uploads\/2025\/03\/IMG_6691-768x432.jpeg 768w, https:\/\/dioceseteixeiradefreitas.com.br\/wp-content\/uploads\/2025\/03\/IMG_6691-1536x864.jpeg 1536w, https:\/\/dioceseteixeiradefreitas.com.br\/wp-content\/uploads\/2025\/03\/IMG_6691-2048x1152.jpeg 2048w, https:\/\/dioceseteixeiradefreitas.com.br\/wp-content\/uploads\/2025\/03\/IMG_6691-390x220.jpeg 390w\" sizes=\"auto, (max-width: 1024px) 100vw, 1024px\" \/><\/a><\/figure>\n\n\n\n<figure class=\"wp-block-image size-large\"><a href=\"https:\/\/dioceseteixeiradefreitas.com.br\/wp-content\/uploads\/2025\/03\/IMG_6688-scaled.jpeg\"><img loading=\"lazy\" decoding=\"async\" width=\"1024\" height=\"576\" data-id=\"24130\" src=\"https:\/\/dioceseteixeiradefreitas.com.br\/wp-content\/uploads\/2025\/03\/IMG_6688-1024x576.jpeg\" alt=\"\" class=\"wp-image-24130\" srcset=\"https:\/\/dioceseteixeiradefreitas.com.br\/wp-content\/uploads\/2025\/03\/IMG_6688-1024x576.jpeg 1024w, https:\/\/dioceseteixeiradefreitas.com.br\/wp-content\/uploads\/2025\/03\/IMG_6688-300x169.jpeg 300w, https:\/\/dioceseteixeiradefreitas.com.br\/wp-content\/uploads\/2025\/03\/IMG_6688-768x432.jpeg 768w, https:\/\/dioceseteixeiradefreitas.com.br\/wp-content\/uploads\/2025\/03\/IMG_6688-1536x864.jpeg 1536w, https:\/\/dioceseteixeiradefreitas.com.br\/wp-content\/uploads\/2025\/03\/IMG_6688-2048x1152.jpeg 2048w, https:\/\/dioceseteixeiradefreitas.com.br\/wp-content\/uploads\/2025\/03\/IMG_6688-390x220.jpeg 390w\" sizes=\"auto, (max-width: 1024px) 100vw, 1024px\" \/><\/a><\/figure>\n<\/figure>\n\n\n\n<figure class=\"wp-block-gallery has-nested-images columns-default is-cropped wp-block-gallery-2 is-layout-flex wp-block-gallery-is-layout-flex\">\n<figure class=\"wp-block-image size-large\"><a href=\"https:\/\/dioceseteixeiradefreitas.com.br\/wp-content\/uploads\/2025\/03\/IMG_6675.jpeg\"><img loading=\"lazy\" decoding=\"async\" width=\"972\" height=\"1024\" data-id=\"24132\" src=\"https:\/\/dioceseteixeiradefreitas.com.br\/wp-content\/uploads\/2025\/03\/IMG_6675-972x1024.jpeg\" alt=\"\" class=\"wp-image-24132\" srcset=\"https:\/\/dioceseteixeiradefreitas.com.br\/wp-content\/uploads\/2025\/03\/IMG_6675-972x1024.jpeg 972w, https:\/\/dioceseteixeiradefreitas.com.br\/wp-content\/uploads\/2025\/03\/IMG_6675-285x300.jpeg 285w, https:\/\/dioceseteixeiradefreitas.com.br\/wp-content\/uploads\/2025\/03\/IMG_6675-768x809.jpeg 768w, https:\/\/dioceseteixeiradefreitas.com.br\/wp-content\/uploads\/2025\/03\/IMG_6675-1458x1536.jpeg 1458w, https:\/\/dioceseteixeiradefreitas.com.br\/wp-content\/uploads\/2025\/03\/IMG_6675-1944x2048.jpeg 1944w, https:\/\/dioceseteixeiradefreitas.com.br\/wp-content\/uploads\/2025\/03\/IMG_6675.jpeg 2039w\" sizes=\"auto, (max-width: 972px) 100vw, 972px\" \/><\/a><\/figure>\n<\/figure>\n","protected":false},"excerpt":{"rendered":"<p>No \u00faltimo s\u00e1bado, 22 de mar\u00e7o, a Forania Santo Ant\u00f4nio se reuniu em uma tarde de forma\u00e7\u00e3o para os agentes da Pastoral da Comunica\u00e7\u00e3o (Pascom). O encontro aconteceu em Alcoba\u00e7a e contou tamb\u00e9m com a participa\u00e7\u00e3o das comunidades de Prado, Caravelas e S\u00e3o Jos\u00e9 de Alcoba\u00e7a. O momento formativo teve in\u00edcio com uma ora\u00e7\u00e3o conduzida &hellip;<\/p>\n","protected":false},"author":32,"featured_media":24116,"comment_status":"closed","ping_status":"closed","sticky":false,"template":"","format":"standard","meta":{"footnotes":""},"categories":[100,41],"tags":[],"class_list":["post-24115","post","type-post","status-publish","format-standard","has-post-thumbnail","hentry","category-noticias-diocesanas","category-noticias_destaque"],"_links":{"self":[{"href":"https:\/\/dioceseteixeiradefreitas.com.br\/index.php?rest_route=\/wp\/v2\/posts\/24115","targetHints":{"allow":["GET"]}}],"collection":[{"href":"https:\/\/dioceseteixeiradefreitas.com.br\/index.php?rest_route=\/wp\/v2\/posts"}],"about":[{"href":"https:\/\/dioceseteixeiradefreitas.com.br\/index.php?rest_route=\/wp\/v2\/types\/post"}],"author":[{"embeddable":true,"href":"https:\/\/dioceseteixeiradefreitas.com.br\/index.php?rest_route=\/wp\/v2\/users\/32"}],"replies":[{"embeddable":true,"href":"https:\/\/dioceseteixeiradefreitas.com.br\/index.php?rest_route=%2Fwp%2Fv2%2Fcomments&post=24115"}],"version-history":[{"count":1,"href":"https:\/\/dioceseteixeiradefreitas.com.br\/index.php?rest_route=\/wp\/v2\/posts\/24115\/revisions"}],"predecessor-version":[{"id":24133,"href":"https:\/\/dioceseteixeiradefreitas.com.br\/index.php?rest_route=\/wp\/v2\/posts\/24115\/revisions\/24133"}],"wp:featuredmedia":[{"embeddable":true,"href":"https:\/\/dioceseteixeiradefreitas.com.br\/index.php?rest_route=\/wp\/v2\/media\/24116"}],"wp:attachment":[{"href":"https:\/\/dioceseteixeiradefreitas.com.br\/index.php?rest_route=%2Fwp%2Fv2%2Fmedia&parent=24115"}],"wp:term":[{"taxonomy":"category","embeddable":true,"href":"https:\/\/dioceseteixeiradefreitas.com.br\/index.php?rest_route=%2Fwp%2Fv2%2Fcategories&post=24115"},{"taxonomy":"post_tag","embeddable":true,"href":"https:\/\/dioceseteixeiradefreitas.com.br\/index.php?rest_route=%2Fwp%2Fv2%2Ftags&post=24115"}],"curies":[{"name":"wp","href":"https:\/\/api.w.org\/{rel}","templated":true}]}}