{"id":24277,"date":"2025-04-04T09:39:24","date_gmt":"2025-04-04T12:39:24","guid":{"rendered":"https:\/\/dioceseteixeiradefreitas.com.br\/?p=24277"},"modified":"2025-04-04T09:39:24","modified_gmt":"2025-04-04T12:39:24","slug":"posse-de-dom-jailton-na-diocese-de-itabuna","status":"publish","type":"post","link":"https:\/\/dioceseteixeiradefreitas.com.br\/?p=24277","title":{"rendered":"Posse de Dom Jailton na Diocese de Itabuna."},"content":{"rendered":"\n<figure class=\"wp-block-image size-large\"><a href=\"https:\/\/dioceseteixeiradefreitas.com.br\/wp-content\/uploads\/2025\/04\/c0570dee-5706-417a-b557-7653bee54226.jpeg\"><img loading=\"lazy\" decoding=\"async\" width=\"819\" height=\"1024\" src=\"https:\/\/dioceseteixeiradefreitas.com.br\/wp-content\/uploads\/2025\/04\/c0570dee-5706-417a-b557-7653bee54226-819x1024.jpeg\" alt=\"\" class=\"wp-image-24278\" srcset=\"https:\/\/dioceseteixeiradefreitas.com.br\/wp-content\/uploads\/2025\/04\/c0570dee-5706-417a-b557-7653bee54226-819x1024.jpeg 819w, https:\/\/dioceseteixeiradefreitas.com.br\/wp-content\/uploads\/2025\/04\/c0570dee-5706-417a-b557-7653bee54226-240x300.jpeg 240w, https:\/\/dioceseteixeiradefreitas.com.br\/wp-content\/uploads\/2025\/04\/c0570dee-5706-417a-b557-7653bee54226-768x960.jpeg 768w, https:\/\/dioceseteixeiradefreitas.com.br\/wp-content\/uploads\/2025\/04\/c0570dee-5706-417a-b557-7653bee54226.jpeg 1024w\" sizes=\"auto, (max-width: 819px) 100vw, 819px\" \/><\/a><\/figure>\n\n\n\n<p>A Diocese de Teixeira de Freitas\/Caravelas convida a todos os fi\u00e9is a se unirem em ora\u00e7\u00e3o e participa\u00e7\u00e3o na posse can\u00f4nica de Dom Jailton de Oliveira Lino como novo bispo da Diocese de Itabuna. Ap\u00f3s anos de dedica\u00e7\u00e3o e pastoreio em nossa diocese, Dom Jailton assume essa nova miss\u00e3o com zelo e compromisso, conduzindo o povo de Deus em sua nova Igreja particular.<\/p>\n\n\n\n<p>A celebra\u00e7\u00e3o ser\u00e1 um momento de f\u00e9 e comunh\u00e3o, marcando o in\u00edcio dessa nova caminhada episcopal. Convidamos todos os fi\u00e9is a acompanharem esse momento especial, seja presencialmente ou em ora\u00e7\u00e3o, pedindo a Deus que o ilumine nessa nova etapa.<\/p>\n\n\n\n<p><strong>Programa\u00e7\u00e3o da Posse Can\u00f4nica<\/strong><\/p>\n\n\n\n<p>\ud83d\udccc Data: 05 de abril de 2025<br>\ud83d\udccd Local: Catedral de S\u00e3o Jos\u00e9 \u2013 Itabuna, BA<\/p>\n\n\n\n<p>9h \u2013 Coletiva de Imprensa (Audit\u00f3rio da Catedral)<br>17h \u2013 Ato c\u00edvico no p\u00e1tio da Catedral, com hasteamento de bandeiras e entrega da chave da cidade, na presen\u00e7a do Prefeito Augusto Castro e do Governador Jer\u00f4nimo Rodrigues<br>17h30 \u2013 Entrada solene do bispo na Catedral, seguida de momento de ora\u00e7\u00e3o no Sacr\u00e1rio, rito de posse e Santa Missa. <\/p>\n\n\n\n<p><strong>A celebra\u00e7\u00e3o ser\u00e1 transmitida ao vivo pelo canal da Diocese de Teixeira de Freitas no YouTube, atrav\u00e9s do link: <\/strong><a href=\"https:\/\/youtube.com\/@dioceseteixeiradefreitas?si=GkO7Pt1s9AQR3zA_\">https:\/\/youtube.com\/@dioceseteixeiradefreitas?si=GkO7Pt1s9AQR3zA_<\/a><\/p>\n\n\n\n<p>Nem todos poder\u00e3o estar fisicamente presentes nesse dia t\u00e3o significativo, mas todos podemos nos unir em um s\u00f3 cora\u00e7\u00e3o, elevando nossas preces ao Senhor. Que Deus fortale\u00e7a Dom Jailton nessa nova miss\u00e3o e que a Virgem Sant\u00edssima o acompanhe e o proteja em cada passo. Rezemos juntos, confiando que a gra\u00e7a divina o guiar\u00e1 e far\u00e1 florescer seu pastoreio na Diocese de Itabuna.<\/p>\n","protected":false},"excerpt":{"rendered":"<p>A Diocese de Teixeira de Freitas\/Caravelas convida a todos os fi\u00e9is a se unirem em ora\u00e7\u00e3o e participa\u00e7\u00e3o na posse can\u00f4nica de Dom Jailton de Oliveira Lino como novo bispo da Diocese de Itabuna. Ap\u00f3s anos de dedica\u00e7\u00e3o e pastoreio em nossa diocese, Dom Jailton assume essa nova miss\u00e3o com zelo e compromisso, conduzindo o &hellip;<\/p>\n","protected":false},"author":32,"featured_media":24278,"comment_status":"closed","ping_status":"closed","sticky":false,"template":"","format":"standard","meta":{"footnotes":""},"categories":[100,41],"tags":[],"class_list":["post-24277","post","type-post","status-publish","format-standard","has-post-thumbnail","hentry","category-noticias-diocesanas","category-noticias_destaque"],"_links":{"self":[{"href":"https:\/\/dioceseteixeiradefreitas.com.br\/index.php?rest_route=\/wp\/v2\/posts\/24277","targetHints":{"allow":["GET"]}}],"collection":[{"href":"https:\/\/dioceseteixeiradefreitas.com.br\/index.php?rest_route=\/wp\/v2\/posts"}],"about":[{"href":"https:\/\/dioceseteixeiradefreitas.com.br\/index.php?rest_route=\/wp\/v2\/types\/post"}],"author":[{"embeddable":true,"href":"https:\/\/dioceseteixeiradefreitas.com.br\/index.php?rest_route=\/wp\/v2\/users\/32"}],"replies":[{"embeddable":true,"href":"https:\/\/dioceseteixeiradefreitas.com.br\/index.php?rest_route=%2Fwp%2Fv2%2Fcomments&post=24277"}],"version-history":[{"count":2,"href":"https:\/\/dioceseteixeiradefreitas.com.br\/index.php?rest_route=\/wp\/v2\/posts\/24277\/revisions"}],"predecessor-version":[{"id":24287,"href":"https:\/\/dioceseteixeiradefreitas.com.br\/index.php?rest_route=\/wp\/v2\/posts\/24277\/revisions\/24287"}],"wp:featuredmedia":[{"embeddable":true,"href":"https:\/\/dioceseteixeiradefreitas.com.br\/index.php?rest_route=\/wp\/v2\/media\/24278"}],"wp:attachment":[{"href":"https:\/\/dioceseteixeiradefreitas.com.br\/index.php?rest_route=%2Fwp%2Fv2%2Fmedia&parent=24277"}],"wp:term":[{"taxonomy":"category","embeddable":true,"href":"https:\/\/dioceseteixeiradefreitas.com.br\/index.php?rest_route=%2Fwp%2Fv2%2Fcategories&post=24277"},{"taxonomy":"post_tag","embeddable":true,"href":"https:\/\/dioceseteixeiradefreitas.com.br\/index.php?rest_route=%2Fwp%2Fv2%2Ftags&post=24277"}],"curies":[{"name":"wp","href":"https:\/\/api.w.org\/{rel}","templated":true}]}}