{"id":24482,"date":"2025-04-10T14:38:10","date_gmt":"2025-04-10T17:38:10","guid":{"rendered":"https:\/\/dioceseteixeiradefreitas.com.br\/?p=24482"},"modified":"2025-04-10T14:38:10","modified_gmt":"2025-04-10T17:38:10","slug":"missa-da-unidade-um-so-coracao-uma-so-fe","status":"publish","type":"post","link":"https:\/\/dioceseteixeiradefreitas.com.br\/?p=24482","title":{"rendered":"Missa da Unidade: Um S\u00f3 Cora\u00e7\u00e3o, Uma S\u00f3 F\u00e9."},"content":{"rendered":"\n<figure class=\"wp-block-image size-large\"><a href=\"https:\/\/dioceseteixeiradefreitas.com.br\/wp-content\/uploads\/2025\/04\/2fbf71bf-9fa3-42fd-913f-161243c98171.jpeg\"><img loading=\"lazy\" decoding=\"async\" width=\"819\" height=\"1024\" src=\"https:\/\/dioceseteixeiradefreitas.com.br\/wp-content\/uploads\/2025\/04\/2fbf71bf-9fa3-42fd-913f-161243c98171-819x1024.jpeg\" alt=\"\" class=\"wp-image-24483\" srcset=\"https:\/\/dioceseteixeiradefreitas.com.br\/wp-content\/uploads\/2025\/04\/2fbf71bf-9fa3-42fd-913f-161243c98171-819x1024.jpeg 819w, https:\/\/dioceseteixeiradefreitas.com.br\/wp-content\/uploads\/2025\/04\/2fbf71bf-9fa3-42fd-913f-161243c98171-240x300.jpeg 240w, https:\/\/dioceseteixeiradefreitas.com.br\/wp-content\/uploads\/2025\/04\/2fbf71bf-9fa3-42fd-913f-161243c98171-768x960.jpeg 768w, https:\/\/dioceseteixeiradefreitas.com.br\/wp-content\/uploads\/2025\/04\/2fbf71bf-9fa3-42fd-913f-161243c98171.jpeg 1024w\" sizes=\"auto, (max-width: 819px) 100vw, 819px\" \/><\/a><\/figure>\n\n\n\n<p>Na pr\u00f3xima segunda-feira, 14 de abril, \u00e0s 19h, a Catedral S\u00e3o Pedro, em Teixeira de Freitas, ser\u00e1 o ponto de encontro de toda a Igreja Diocesana para a solene Missa da Unidade \u2014 um momento profundamente simb\u00f3lico e cheio de f\u00e9, que expressa a comunh\u00e3o e a fraternidade que nos unem como povo de Deus.<\/p>\n\n\n\n<p>Esta celebra\u00e7\u00e3o, presidida por Dom Jailton, re\u00fane os sacerdotes, religiosos, seminaristas e fi\u00e9is leigos de todas as par\u00f3quias e comunidades da Diocese de Teixeira de Freitas\/Caravelas. Ela \u00e9 chamada de \u201cMissa da Unidade\u201d porque, de forma especial, torna vis\u00edvel a unidade do presbit\u00e9rio com o seu pastor e com toda a Igreja.<\/p>\n\n\n\n<p>Durante a missa, ser\u00e3o aben\u00e7oados os \u00f3leos dos catec\u00famenos e dos enfermos, e ser\u00e1 consagrado o Santo Crisma, que ser\u00e3o usados ao longo do ano nos sacramentos do Batismo, Crisma, Un\u00e7\u00e3o dos Enfermos e Ordens. Cada \u00f3leo leva consigo a gra\u00e7a e a presen\u00e7a do Esp\u00edrito Santo, sendo sinal da miseric\u00f3rdia e do cuidado de Deus em cada etapa da nossa vida crist\u00e3.<\/p>\n\n\n\n<p>Outro momento de grande beleza espiritual ser\u00e1 a renova\u00e7\u00e3o das promessas sacerdotais, quando os padres, diante do bispo e do povo, reafirmam seu \u201csim\u201d a Cristo e ao servi\u00e7o da Igreja.<\/p>\n\n\n\n<p>A Missa da Unidade \u00e9 mais do que uma celebra\u00e7\u00e3o lit\u00fargica \u2014 \u00e9 um clamor de comunh\u00e3o, um testemunho da nossa f\u00e9 viva e uma oportunidade de renovar o nosso compromisso com a miss\u00e3o de anunciar o Evangelho.<\/p>\n\n\n\n<p>\u201cH\u00e1 um s\u00f3 corpo e um s\u00f3 Esp\u00edrito, assim como \u00e9 uma s\u00f3 a esperan\u00e7a para a qual fostes chamados\u201d (Ef 4,4).<\/p>\n\n\n\n<p>Inspirados por essas palavras, somos chamados a viver como irm\u00e3os, edificando juntos a Igreja de Cristo, cada um com o dom que recebeu.<\/p>\n\n\n\n<p>Como nos recorda o Papa Francisco: \u201cA unidade \u00e9 um dom de Deus, mas \u00e9 preciso pedi-lo sempre, trabalhar por ela, com humildade e generosidade.\u201d<\/p>\n\n\n\n<p>Toda a comunidade \u00e9 convidada a participar com cora\u00e7\u00e3o aberto e esp\u00edrito fraterno. Que este encontro fortale\u00e7a ainda mais os la\u00e7os de amor, servi\u00e7o e unidade entre n\u00f3s, membros do Corpo de Cristo.<\/p>\n","protected":false},"excerpt":{"rendered":"<p>Na pr\u00f3xima segunda-feira, 14 de abril, \u00e0s 19h, a Catedral S\u00e3o Pedro, em Teixeira de Freitas, ser\u00e1 o ponto de encontro de toda a Igreja Diocesana para a solene Missa da Unidade \u2014 um momento profundamente simb\u00f3lico e cheio de f\u00e9, que expressa a comunh\u00e3o e a fraternidade que nos unem como povo de Deus. &hellip;<\/p>\n","protected":false},"author":32,"featured_media":24483,"comment_status":"closed","ping_status":"closed","sticky":false,"template":"","format":"standard","meta":{"footnotes":""},"categories":[100,41],"tags":[],"class_list":["post-24482","post","type-post","status-publish","format-standard","has-post-thumbnail","hentry","category-noticias-diocesanas","category-noticias_destaque"],"_links":{"self":[{"href":"https:\/\/dioceseteixeiradefreitas.com.br\/index.php?rest_route=\/wp\/v2\/posts\/24482","targetHints":{"allow":["GET"]}}],"collection":[{"href":"https:\/\/dioceseteixeiradefreitas.com.br\/index.php?rest_route=\/wp\/v2\/posts"}],"about":[{"href":"https:\/\/dioceseteixeiradefreitas.com.br\/index.php?rest_route=\/wp\/v2\/types\/post"}],"author":[{"embeddable":true,"href":"https:\/\/dioceseteixeiradefreitas.com.br\/index.php?rest_route=\/wp\/v2\/users\/32"}],"replies":[{"embeddable":true,"href":"https:\/\/dioceseteixeiradefreitas.com.br\/index.php?rest_route=%2Fwp%2Fv2%2Fcomments&post=24482"}],"version-history":[{"count":1,"href":"https:\/\/dioceseteixeiradefreitas.com.br\/index.php?rest_route=\/wp\/v2\/posts\/24482\/revisions"}],"predecessor-version":[{"id":24484,"href":"https:\/\/dioceseteixeiradefreitas.com.br\/index.php?rest_route=\/wp\/v2\/posts\/24482\/revisions\/24484"}],"wp:featuredmedia":[{"embeddable":true,"href":"https:\/\/dioceseteixeiradefreitas.com.br\/index.php?rest_route=\/wp\/v2\/media\/24483"}],"wp:attachment":[{"href":"https:\/\/dioceseteixeiradefreitas.com.br\/index.php?rest_route=%2Fwp%2Fv2%2Fmedia&parent=24482"}],"wp:term":[{"taxonomy":"category","embeddable":true,"href":"https:\/\/dioceseteixeiradefreitas.com.br\/index.php?rest_route=%2Fwp%2Fv2%2Fcategories&post=24482"},{"taxonomy":"post_tag","embeddable":true,"href":"https:\/\/dioceseteixeiradefreitas.com.br\/index.php?rest_route=%2Fwp%2Fv2%2Ftags&post=24482"}],"curies":[{"name":"wp","href":"https:\/\/api.w.org\/{rel}","templated":true}]}}