{"id":24485,"date":"2025-04-13T18:41:15","date_gmt":"2025-04-13T21:41:15","guid":{"rendered":"https:\/\/dioceseteixeiradefreitas.com.br\/?p=24485"},"modified":"2025-04-13T18:41:16","modified_gmt":"2025-04-13T21:41:16","slug":"encontro-diocesano-reune-coordenadores-paroquiais-em-teixeira-de-freitas","status":"publish","type":"post","link":"https:\/\/dioceseteixeiradefreitas.com.br\/?p=24485","title":{"rendered":"Encontro Diocesano re\u00fane Coordenadores Paroquiais em Teixeira de Freitas."},"content":{"rendered":"\n<figure class=\"wp-block-image size-large\"><a href=\"https:\/\/dioceseteixeiradefreitas.com.br\/wp-content\/uploads\/2025\/04\/WhatsApp-Image-2025-04-13-at-15.18.10.jpeg\"><img loading=\"lazy\" decoding=\"async\" width=\"1024\" height=\"768\" src=\"https:\/\/dioceseteixeiradefreitas.com.br\/wp-content\/uploads\/2025\/04\/WhatsApp-Image-2025-04-13-at-15.18.10-1024x768.jpeg\" alt=\"\" class=\"wp-image-24486\" srcset=\"https:\/\/dioceseteixeiradefreitas.com.br\/wp-content\/uploads\/2025\/04\/WhatsApp-Image-2025-04-13-at-15.18.10-1024x768.jpeg 1024w, https:\/\/dioceseteixeiradefreitas.com.br\/wp-content\/uploads\/2025\/04\/WhatsApp-Image-2025-04-13-at-15.18.10-300x225.jpeg 300w, https:\/\/dioceseteixeiradefreitas.com.br\/wp-content\/uploads\/2025\/04\/WhatsApp-Image-2025-04-13-at-15.18.10-768x576.jpeg 768w, https:\/\/dioceseteixeiradefreitas.com.br\/wp-content\/uploads\/2025\/04\/WhatsApp-Image-2025-04-13-at-15.18.10-1536x1152.jpeg 1536w, https:\/\/dioceseteixeiradefreitas.com.br\/wp-content\/uploads\/2025\/04\/WhatsApp-Image-2025-04-13-at-15.18.10.jpeg 1600w\" sizes=\"auto, (max-width: 1024px) 100vw, 1024px\" \/><\/a><\/figure>\n\n\n\n<p>No \u00faltimo s\u00e1bado, 12 de abril de 2025, foi realizado o Encontro Diocesano com os Coordenadores Paroquiais da Diocese de Teixeira de Freitas\/Caravelas. O evento, promovido pela Coordena\u00e7\u00e3o Diocesana de Pastoral, aconteceu na Par\u00f3quia Santo Ant\u00f4nio, em Teixeira de Freitas, com in\u00edcio \u00e0s 8h e encerramento por volta do meio-dia.<\/p>\n\n\n\n<p>A programa\u00e7\u00e3o teve in\u00edcio com a acolhida dos participantes e um caf\u00e9 da manh\u00e3 fraterno. Em seguida, o Padre Ricardo Menezes deu as boas-vindas e apresentou a proposta do encontro. Ap\u00f3s esse momento inicial, alguns coordenadores realizaram a leitura de trechos b\u00edblicos relacionados \u00e0 ora\u00e7\u00e3o, preparando o ambiente para a reflex\u00e3o.<\/p>\n\n\n\n<p>A assessoria do encontro ficou por conta da Irm\u00e3 Maria Kelly, que conduziu a leitura e reflex\u00e3o do Evangelho de Marcos 10, 17-31 \u2014 a passagem do Jovem Rico. O momento foi seguido por um intervalo para o lanche e, ao retornarem, alguns participantes partilharam suas impress\u00f5es sobre o texto b\u00edblico e a reflex\u00e3o proposta.<\/p>\n\n\n\n<figure class=\"wp-block-image size-large\"><a href=\"https:\/\/dioceseteixeiradefreitas.com.br\/wp-content\/uploads\/2025\/04\/WhatsApp-Image-2025-04-13-at-15.18.11-1.jpeg\"><img loading=\"lazy\" decoding=\"async\" width=\"768\" height=\"1024\" src=\"https:\/\/dioceseteixeiradefreitas.com.br\/wp-content\/uploads\/2025\/04\/WhatsApp-Image-2025-04-13-at-15.18.11-1-768x1024.jpeg\" alt=\"\" class=\"wp-image-24487\" srcset=\"https:\/\/dioceseteixeiradefreitas.com.br\/wp-content\/uploads\/2025\/04\/WhatsApp-Image-2025-04-13-at-15.18.11-1-768x1024.jpeg 768w, https:\/\/dioceseteixeiradefreitas.com.br\/wp-content\/uploads\/2025\/04\/WhatsApp-Image-2025-04-13-at-15.18.11-1-225x300.jpeg 225w, https:\/\/dioceseteixeiradefreitas.com.br\/wp-content\/uploads\/2025\/04\/WhatsApp-Image-2025-04-13-at-15.18.11-1-1152x1536.jpeg 1152w, https:\/\/dioceseteixeiradefreitas.com.br\/wp-content\/uploads\/2025\/04\/WhatsApp-Image-2025-04-13-at-15.18.11-1.jpeg 1200w\" sizes=\"auto, (max-width: 768px) 100vw, 768px\" \/><\/a><\/figure>\n\n\n\n<p>Em um clima de profunda espiritualidade, o encontro prosseguiu com um momento de Adora\u00e7\u00e3o ao Sant\u00edssimo Sacramento. Ao final, Padre Ricardo expressou sua gratid\u00e3o a todos os presentes, e a ora\u00e7\u00e3o de encerramento foi conduzida por Marta\u00eddes, Sandra e Cleide.<\/p>\n\n\n\n<p>O Encontro Diocesano foi um momento frutuoso de escuta, partilha e ora\u00e7\u00e3o, fortalecendo a f\u00e9 e o compromisso pastoral dos coordenadores paroquiais da Diocese.<\/p>\n\n\n\n<figure class=\"wp-block-gallery has-nested-images columns-default is-cropped wp-block-gallery-1 is-layout-flex wp-block-gallery-is-layout-flex\">\n<figure class=\"wp-block-image size-large\"><a href=\"https:\/\/dioceseteixeiradefreitas.com.br\/wp-content\/uploads\/2025\/04\/WhatsApp-Image-2025-04-13-at-15.18.08-3-scaled.jpeg\"><img loading=\"lazy\" decoding=\"async\" width=\"1024\" height=\"576\" data-id=\"24493\" src=\"https:\/\/dioceseteixeiradefreitas.com.br\/wp-content\/uploads\/2025\/04\/WhatsApp-Image-2025-04-13-at-15.18.08-3-1024x576.jpeg\" alt=\"\" class=\"wp-image-24493\" srcset=\"https:\/\/dioceseteixeiradefreitas.com.br\/wp-content\/uploads\/2025\/04\/WhatsApp-Image-2025-04-13-at-15.18.08-3-1024x576.jpeg 1024w, https:\/\/dioceseteixeiradefreitas.com.br\/wp-content\/uploads\/2025\/04\/WhatsApp-Image-2025-04-13-at-15.18.08-3-300x169.jpeg 300w, https:\/\/dioceseteixeiradefreitas.com.br\/wp-content\/uploads\/2025\/04\/WhatsApp-Image-2025-04-13-at-15.18.08-3-768x432.jpeg 768w, https:\/\/dioceseteixeiradefreitas.com.br\/wp-content\/uploads\/2025\/04\/WhatsApp-Image-2025-04-13-at-15.18.08-3-1536x864.jpeg 1536w, https:\/\/dioceseteixeiradefreitas.com.br\/wp-content\/uploads\/2025\/04\/WhatsApp-Image-2025-04-13-at-15.18.08-3-2048x1152.jpeg 2048w, https:\/\/dioceseteixeiradefreitas.com.br\/wp-content\/uploads\/2025\/04\/WhatsApp-Image-2025-04-13-at-15.18.08-3-390x220.jpeg 390w\" sizes=\"auto, (max-width: 1024px) 100vw, 1024px\" \/><\/a><\/figure>\n\n\n\n<figure class=\"wp-block-image size-large\"><a href=\"https:\/\/dioceseteixeiradefreitas.com.br\/wp-content\/uploads\/2025\/04\/WhatsApp-Image-2025-04-13-at-15.18.08-2-scaled.jpeg\"><img loading=\"lazy\" decoding=\"async\" width=\"1024\" height=\"576\" data-id=\"24491\" src=\"https:\/\/dioceseteixeiradefreitas.com.br\/wp-content\/uploads\/2025\/04\/WhatsApp-Image-2025-04-13-at-15.18.08-2-1024x576.jpeg\" alt=\"\" class=\"wp-image-24491\" srcset=\"https:\/\/dioceseteixeiradefreitas.com.br\/wp-content\/uploads\/2025\/04\/WhatsApp-Image-2025-04-13-at-15.18.08-2-1024x576.jpeg 1024w, https:\/\/dioceseteixeiradefreitas.com.br\/wp-content\/uploads\/2025\/04\/WhatsApp-Image-2025-04-13-at-15.18.08-2-300x169.jpeg 300w, https:\/\/dioceseteixeiradefreitas.com.br\/wp-content\/uploads\/2025\/04\/WhatsApp-Image-2025-04-13-at-15.18.08-2-768x432.jpeg 768w, https:\/\/dioceseteixeiradefreitas.com.br\/wp-content\/uploads\/2025\/04\/WhatsApp-Image-2025-04-13-at-15.18.08-2-1536x864.jpeg 1536w, https:\/\/dioceseteixeiradefreitas.com.br\/wp-content\/uploads\/2025\/04\/WhatsApp-Image-2025-04-13-at-15.18.08-2-2048x1152.jpeg 2048w, https:\/\/dioceseteixeiradefreitas.com.br\/wp-content\/uploads\/2025\/04\/WhatsApp-Image-2025-04-13-at-15.18.08-2-390x220.jpeg 390w\" sizes=\"auto, (max-width: 1024px) 100vw, 1024px\" \/><\/a><\/figure>\n\n\n\n<figure class=\"wp-block-image size-large\"><a href=\"https:\/\/dioceseteixeiradefreitas.com.br\/wp-content\/uploads\/2025\/04\/WhatsApp-Image-2025-04-13-at-15.18.08-scaled.jpeg\"><img loading=\"lazy\" decoding=\"async\" width=\"1024\" height=\"576\" data-id=\"24508\" src=\"https:\/\/dioceseteixeiradefreitas.com.br\/wp-content\/uploads\/2025\/04\/WhatsApp-Image-2025-04-13-at-15.18.08-1024x576.jpeg\" alt=\"\" class=\"wp-image-24508\" srcset=\"https:\/\/dioceseteixeiradefreitas.com.br\/wp-content\/uploads\/2025\/04\/WhatsApp-Image-2025-04-13-at-15.18.08-1024x576.jpeg 1024w, https:\/\/dioceseteixeiradefreitas.com.br\/wp-content\/uploads\/2025\/04\/WhatsApp-Image-2025-04-13-at-15.18.08-300x169.jpeg 300w, https:\/\/dioceseteixeiradefreitas.com.br\/wp-content\/uploads\/2025\/04\/WhatsApp-Image-2025-04-13-at-15.18.08-768x432.jpeg 768w, https:\/\/dioceseteixeiradefreitas.com.br\/wp-content\/uploads\/2025\/04\/WhatsApp-Image-2025-04-13-at-15.18.08-1536x864.jpeg 1536w, https:\/\/dioceseteixeiradefreitas.com.br\/wp-content\/uploads\/2025\/04\/WhatsApp-Image-2025-04-13-at-15.18.08-2048x1152.jpeg 2048w, https:\/\/dioceseteixeiradefreitas.com.br\/wp-content\/uploads\/2025\/04\/WhatsApp-Image-2025-04-13-at-15.18.08-390x220.jpeg 390w\" sizes=\"auto, (max-width: 1024px) 100vw, 1024px\" \/><\/a><\/figure>\n\n\n\n<figure class=\"wp-block-image size-large\"><a href=\"https:\/\/dioceseteixeiradefreitas.com.br\/wp-content\/uploads\/2025\/04\/WhatsApp-Image-2025-04-13-at-15.18.07-2-scaled.jpeg\"><img loading=\"lazy\" decoding=\"async\" width=\"1024\" height=\"576\" data-id=\"24492\" src=\"https:\/\/dioceseteixeiradefreitas.com.br\/wp-content\/uploads\/2025\/04\/WhatsApp-Image-2025-04-13-at-15.18.07-2-1024x576.jpeg\" alt=\"\" class=\"wp-image-24492\" srcset=\"https:\/\/dioceseteixeiradefreitas.com.br\/wp-content\/uploads\/2025\/04\/WhatsApp-Image-2025-04-13-at-15.18.07-2-1024x576.jpeg 1024w, https:\/\/dioceseteixeiradefreitas.com.br\/wp-content\/uploads\/2025\/04\/WhatsApp-Image-2025-04-13-at-15.18.07-2-300x169.jpeg 300w, https:\/\/dioceseteixeiradefreitas.com.br\/wp-content\/uploads\/2025\/04\/WhatsApp-Image-2025-04-13-at-15.18.07-2-768x432.jpeg 768w, https:\/\/dioceseteixeiradefreitas.com.br\/wp-content\/uploads\/2025\/04\/WhatsApp-Image-2025-04-13-at-15.18.07-2-1536x864.jpeg 1536w, https:\/\/dioceseteixeiradefreitas.com.br\/wp-content\/uploads\/2025\/04\/WhatsApp-Image-2025-04-13-at-15.18.07-2-2048x1152.jpeg 2048w, https:\/\/dioceseteixeiradefreitas.com.br\/wp-content\/uploads\/2025\/04\/WhatsApp-Image-2025-04-13-at-15.18.07-2-390x220.jpeg 390w\" sizes=\"auto, (max-width: 1024px) 100vw, 1024px\" \/><\/a><\/figure>\n\n\n\n<figure class=\"wp-block-image size-large\"><a href=\"https:\/\/dioceseteixeiradefreitas.com.br\/wp-content\/uploads\/2025\/04\/WhatsApp-Image-2025-04-13-at-15.18.07-1-scaled.jpeg\"><img loading=\"lazy\" decoding=\"async\" width=\"1024\" height=\"576\" data-id=\"24506\" src=\"https:\/\/dioceseteixeiradefreitas.com.br\/wp-content\/uploads\/2025\/04\/WhatsApp-Image-2025-04-13-at-15.18.07-1-1024x576.jpeg\" alt=\"\" class=\"wp-image-24506\" srcset=\"https:\/\/dioceseteixeiradefreitas.com.br\/wp-content\/uploads\/2025\/04\/WhatsApp-Image-2025-04-13-at-15.18.07-1-1024x576.jpeg 1024w, https:\/\/dioceseteixeiradefreitas.com.br\/wp-content\/uploads\/2025\/04\/WhatsApp-Image-2025-04-13-at-15.18.07-1-300x169.jpeg 300w, https:\/\/dioceseteixeiradefreitas.com.br\/wp-content\/uploads\/2025\/04\/WhatsApp-Image-2025-04-13-at-15.18.07-1-768x432.jpeg 768w, https:\/\/dioceseteixeiradefreitas.com.br\/wp-content\/uploads\/2025\/04\/WhatsApp-Image-2025-04-13-at-15.18.07-1-1536x864.jpeg 1536w, https:\/\/dioceseteixeiradefreitas.com.br\/wp-content\/uploads\/2025\/04\/WhatsApp-Image-2025-04-13-at-15.18.07-1-2048x1152.jpeg 2048w, https:\/\/dioceseteixeiradefreitas.com.br\/wp-content\/uploads\/2025\/04\/WhatsApp-Image-2025-04-13-at-15.18.07-1-390x220.jpeg 390w\" sizes=\"auto, (max-width: 1024px) 100vw, 1024px\" \/><\/a><\/figure>\n\n\n\n<figure class=\"wp-block-image size-large\"><a href=\"https:\/\/dioceseteixeiradefreitas.com.br\/wp-content\/uploads\/2025\/04\/WhatsApp-Image-2025-04-13-at-15.18.07-scaled.jpeg\"><img loading=\"lazy\" decoding=\"async\" width=\"1024\" height=\"576\" data-id=\"24507\" src=\"https:\/\/dioceseteixeiradefreitas.com.br\/wp-content\/uploads\/2025\/04\/WhatsApp-Image-2025-04-13-at-15.18.07-1024x576.jpeg\" alt=\"\" class=\"wp-image-24507\" srcset=\"https:\/\/dioceseteixeiradefreitas.com.br\/wp-content\/uploads\/2025\/04\/WhatsApp-Image-2025-04-13-at-15.18.07-1024x576.jpeg 1024w, https:\/\/dioceseteixeiradefreitas.com.br\/wp-content\/uploads\/2025\/04\/WhatsApp-Image-2025-04-13-at-15.18.07-300x169.jpeg 300w, https:\/\/dioceseteixeiradefreitas.com.br\/wp-content\/uploads\/2025\/04\/WhatsApp-Image-2025-04-13-at-15.18.07-768x432.jpeg 768w, https:\/\/dioceseteixeiradefreitas.com.br\/wp-content\/uploads\/2025\/04\/WhatsApp-Image-2025-04-13-at-15.18.07-1536x864.jpeg 1536w, https:\/\/dioceseteixeiradefreitas.com.br\/wp-content\/uploads\/2025\/04\/WhatsApp-Image-2025-04-13-at-15.18.07-2048x1152.jpeg 2048w, https:\/\/dioceseteixeiradefreitas.com.br\/wp-content\/uploads\/2025\/04\/WhatsApp-Image-2025-04-13-at-15.18.07-390x220.jpeg 390w\" sizes=\"auto, (max-width: 1024px) 100vw, 1024px\" \/><\/a><\/figure>\n\n\n\n<figure class=\"wp-block-image size-large\"><a href=\"https:\/\/dioceseteixeiradefreitas.com.br\/wp-content\/uploads\/2025\/04\/WhatsApp-Image-2025-04-13-at-15.18.06-3-scaled.jpeg\"><img loading=\"lazy\" decoding=\"async\" width=\"1024\" height=\"576\" data-id=\"24497\" src=\"https:\/\/dioceseteixeiradefreitas.com.br\/wp-content\/uploads\/2025\/04\/WhatsApp-Image-2025-04-13-at-15.18.06-3-1024x576.jpeg\" alt=\"\" class=\"wp-image-24497\" srcset=\"https:\/\/dioceseteixeiradefreitas.com.br\/wp-content\/uploads\/2025\/04\/WhatsApp-Image-2025-04-13-at-15.18.06-3-1024x576.jpeg 1024w, https:\/\/dioceseteixeiradefreitas.com.br\/wp-content\/uploads\/2025\/04\/WhatsApp-Image-2025-04-13-at-15.18.06-3-300x169.jpeg 300w, https:\/\/dioceseteixeiradefreitas.com.br\/wp-content\/uploads\/2025\/04\/WhatsApp-Image-2025-04-13-at-15.18.06-3-768x432.jpeg 768w, https:\/\/dioceseteixeiradefreitas.com.br\/wp-content\/uploads\/2025\/04\/WhatsApp-Image-2025-04-13-at-15.18.06-3-1536x864.jpeg 1536w, https:\/\/dioceseteixeiradefreitas.com.br\/wp-content\/uploads\/2025\/04\/WhatsApp-Image-2025-04-13-at-15.18.06-3-2048x1152.jpeg 2048w, https:\/\/dioceseteixeiradefreitas.com.br\/wp-content\/uploads\/2025\/04\/WhatsApp-Image-2025-04-13-at-15.18.06-3-390x220.jpeg 390w\" sizes=\"auto, (max-width: 1024px) 100vw, 1024px\" \/><\/a><\/figure>\n\n\n\n<figure class=\"wp-block-image size-large\"><a href=\"https:\/\/dioceseteixeiradefreitas.com.br\/wp-content\/uploads\/2025\/04\/WhatsApp-Image-2025-04-13-at-15.18.06-2-scaled.jpeg\"><img loading=\"lazy\" decoding=\"async\" width=\"1024\" height=\"576\" data-id=\"24500\" src=\"https:\/\/dioceseteixeiradefreitas.com.br\/wp-content\/uploads\/2025\/04\/WhatsApp-Image-2025-04-13-at-15.18.06-2-1024x576.jpeg\" alt=\"\" class=\"wp-image-24500\" srcset=\"https:\/\/dioceseteixeiradefreitas.com.br\/wp-content\/uploads\/2025\/04\/WhatsApp-Image-2025-04-13-at-15.18.06-2-1024x576.jpeg 1024w, https:\/\/dioceseteixeiradefreitas.com.br\/wp-content\/uploads\/2025\/04\/WhatsApp-Image-2025-04-13-at-15.18.06-2-300x169.jpeg 300w, https:\/\/dioceseteixeiradefreitas.com.br\/wp-content\/uploads\/2025\/04\/WhatsApp-Image-2025-04-13-at-15.18.06-2-768x432.jpeg 768w, https:\/\/dioceseteixeiradefreitas.com.br\/wp-content\/uploads\/2025\/04\/WhatsApp-Image-2025-04-13-at-15.18.06-2-1536x864.jpeg 1536w, https:\/\/dioceseteixeiradefreitas.com.br\/wp-content\/uploads\/2025\/04\/WhatsApp-Image-2025-04-13-at-15.18.06-2-2048x1152.jpeg 2048w, https:\/\/dioceseteixeiradefreitas.com.br\/wp-content\/uploads\/2025\/04\/WhatsApp-Image-2025-04-13-at-15.18.06-2-390x220.jpeg 390w\" sizes=\"auto, (max-width: 1024px) 100vw, 1024px\" \/><\/a><\/figure>\n\n\n\n<figure class=\"wp-block-image size-large\"><a href=\"https:\/\/dioceseteixeiradefreitas.com.br\/wp-content\/uploads\/2025\/04\/WhatsApp-Image-2025-04-13-at-15.18.06-1-scaled.jpeg\"><img loading=\"lazy\" decoding=\"async\" width=\"1024\" height=\"576\" data-id=\"24505\" src=\"https:\/\/dioceseteixeiradefreitas.com.br\/wp-content\/uploads\/2025\/04\/WhatsApp-Image-2025-04-13-at-15.18.06-1-1024x576.jpeg\" alt=\"\" class=\"wp-image-24505\" srcset=\"https:\/\/dioceseteixeiradefreitas.com.br\/wp-content\/uploads\/2025\/04\/WhatsApp-Image-2025-04-13-at-15.18.06-1-1024x576.jpeg 1024w, https:\/\/dioceseteixeiradefreitas.com.br\/wp-content\/uploads\/2025\/04\/WhatsApp-Image-2025-04-13-at-15.18.06-1-300x169.jpeg 300w, https:\/\/dioceseteixeiradefreitas.com.br\/wp-content\/uploads\/2025\/04\/WhatsApp-Image-2025-04-13-at-15.18.06-1-768x432.jpeg 768w, https:\/\/dioceseteixeiradefreitas.com.br\/wp-content\/uploads\/2025\/04\/WhatsApp-Image-2025-04-13-at-15.18.06-1-1536x864.jpeg 1536w, https:\/\/dioceseteixeiradefreitas.com.br\/wp-content\/uploads\/2025\/04\/WhatsApp-Image-2025-04-13-at-15.18.06-1-2048x1152.jpeg 2048w, https:\/\/dioceseteixeiradefreitas.com.br\/wp-content\/uploads\/2025\/04\/WhatsApp-Image-2025-04-13-at-15.18.06-1-390x220.jpeg 390w\" sizes=\"auto, (max-width: 1024px) 100vw, 1024px\" \/><\/a><\/figure>\n\n\n\n<figure class=\"wp-block-image size-large\"><a href=\"https:\/\/dioceseteixeiradefreitas.com.br\/wp-content\/uploads\/2025\/04\/WhatsApp-Image-2025-04-13-at-15.18.06.jpeg\"><img loading=\"lazy\" decoding=\"async\" width=\"1024\" height=\"576\" data-id=\"24490\" src=\"https:\/\/dioceseteixeiradefreitas.com.br\/wp-content\/uploads\/2025\/04\/WhatsApp-Image-2025-04-13-at-15.18.06-1024x576.jpeg\" alt=\"\" class=\"wp-image-24490\" srcset=\"https:\/\/dioceseteixeiradefreitas.com.br\/wp-content\/uploads\/2025\/04\/WhatsApp-Image-2025-04-13-at-15.18.06-1024x576.jpeg 1024w, https:\/\/dioceseteixeiradefreitas.com.br\/wp-content\/uploads\/2025\/04\/WhatsApp-Image-2025-04-13-at-15.18.06-300x169.jpeg 300w, https:\/\/dioceseteixeiradefreitas.com.br\/wp-content\/uploads\/2025\/04\/WhatsApp-Image-2025-04-13-at-15.18.06-768x432.jpeg 768w, https:\/\/dioceseteixeiradefreitas.com.br\/wp-content\/uploads\/2025\/04\/WhatsApp-Image-2025-04-13-at-15.18.06-1536x864.jpeg 1536w, https:\/\/dioceseteixeiradefreitas.com.br\/wp-content\/uploads\/2025\/04\/WhatsApp-Image-2025-04-13-at-15.18.06-390x220.jpeg 390w, https:\/\/dioceseteixeiradefreitas.com.br\/wp-content\/uploads\/2025\/04\/WhatsApp-Image-2025-04-13-at-15.18.06.jpeg 1600w\" sizes=\"auto, (max-width: 1024px) 100vw, 1024px\" \/><\/a><\/figure>\n\n\n\n<figure class=\"wp-block-image size-large\"><a href=\"https:\/\/dioceseteixeiradefreitas.com.br\/wp-content\/uploads\/2025\/04\/WhatsApp-Image-2025-04-13-at-15.18.05-1.jpeg\"><img loading=\"lazy\" decoding=\"async\" width=\"1024\" height=\"576\" data-id=\"24488\" src=\"https:\/\/dioceseteixeiradefreitas.com.br\/wp-content\/uploads\/2025\/04\/WhatsApp-Image-2025-04-13-at-15.18.05-1-1024x576.jpeg\" alt=\"\" class=\"wp-image-24488\" srcset=\"https:\/\/dioceseteixeiradefreitas.com.br\/wp-content\/uploads\/2025\/04\/WhatsApp-Image-2025-04-13-at-15.18.05-1-1024x576.jpeg 1024w, https:\/\/dioceseteixeiradefreitas.com.br\/wp-content\/uploads\/2025\/04\/WhatsApp-Image-2025-04-13-at-15.18.05-1-300x169.jpeg 300w, https:\/\/dioceseteixeiradefreitas.com.br\/wp-content\/uploads\/2025\/04\/WhatsApp-Image-2025-04-13-at-15.18.05-1-768x432.jpeg 768w, https:\/\/dioceseteixeiradefreitas.com.br\/wp-content\/uploads\/2025\/04\/WhatsApp-Image-2025-04-13-at-15.18.05-1-1536x864.jpeg 1536w, https:\/\/dioceseteixeiradefreitas.com.br\/wp-content\/uploads\/2025\/04\/WhatsApp-Image-2025-04-13-at-15.18.05-1-390x220.jpeg 390w, https:\/\/dioceseteixeiradefreitas.com.br\/wp-content\/uploads\/2025\/04\/WhatsApp-Image-2025-04-13-at-15.18.05-1.jpeg 1600w\" sizes=\"auto, (max-width: 1024px) 100vw, 1024px\" \/><\/a><\/figure>\n\n\n\n<figure class=\"wp-block-image size-large\"><a href=\"https:\/\/dioceseteixeiradefreitas.com.br\/wp-content\/uploads\/2025\/04\/WhatsApp-Image-2025-04-13-at-15.18.05.jpeg\"><img loading=\"lazy\" decoding=\"async\" width=\"1024\" height=\"576\" data-id=\"24489\" src=\"https:\/\/dioceseteixeiradefreitas.com.br\/wp-content\/uploads\/2025\/04\/WhatsApp-Image-2025-04-13-at-15.18.05-1024x576.jpeg\" alt=\"\" class=\"wp-image-24489\" srcset=\"https:\/\/dioceseteixeiradefreitas.com.br\/wp-content\/uploads\/2025\/04\/WhatsApp-Image-2025-04-13-at-15.18.05-1024x576.jpeg 1024w, https:\/\/dioceseteixeiradefreitas.com.br\/wp-content\/uploads\/2025\/04\/WhatsApp-Image-2025-04-13-at-15.18.05-300x169.jpeg 300w, https:\/\/dioceseteixeiradefreitas.com.br\/wp-content\/uploads\/2025\/04\/WhatsApp-Image-2025-04-13-at-15.18.05-768x432.jpeg 768w, https:\/\/dioceseteixeiradefreitas.com.br\/wp-content\/uploads\/2025\/04\/WhatsApp-Image-2025-04-13-at-15.18.05-1536x864.jpeg 1536w, https:\/\/dioceseteixeiradefreitas.com.br\/wp-content\/uploads\/2025\/04\/WhatsApp-Image-2025-04-13-at-15.18.05-390x220.jpeg 390w, https:\/\/dioceseteixeiradefreitas.com.br\/wp-content\/uploads\/2025\/04\/WhatsApp-Image-2025-04-13-at-15.18.05.jpeg 1600w\" sizes=\"auto, (max-width: 1024px) 100vw, 1024px\" \/><\/a><\/figure>\n\n\n\n<figure class=\"wp-block-image size-large\"><a href=\"https:\/\/dioceseteixeiradefreitas.com.br\/wp-content\/uploads\/2025\/04\/WhatsApp-Image-2025-04-13-at-15.18.11-1-1.jpeg\"><img loading=\"lazy\" decoding=\"async\" width=\"768\" height=\"1024\" data-id=\"24495\" src=\"https:\/\/dioceseteixeiradefreitas.com.br\/wp-content\/uploads\/2025\/04\/WhatsApp-Image-2025-04-13-at-15.18.11-1-1-768x1024.jpeg\" alt=\"\" class=\"wp-image-24495\" srcset=\"https:\/\/dioceseteixeiradefreitas.com.br\/wp-content\/uploads\/2025\/04\/WhatsApp-Image-2025-04-13-at-15.18.11-1-1-768x1024.jpeg 768w, https:\/\/dioceseteixeiradefreitas.com.br\/wp-content\/uploads\/2025\/04\/WhatsApp-Image-2025-04-13-at-15.18.11-1-1-225x300.jpeg 225w, https:\/\/dioceseteixeiradefreitas.com.br\/wp-content\/uploads\/2025\/04\/WhatsApp-Image-2025-04-13-at-15.18.11-1-1-1152x1536.jpeg 1152w, https:\/\/dioceseteixeiradefreitas.com.br\/wp-content\/uploads\/2025\/04\/WhatsApp-Image-2025-04-13-at-15.18.11-1-1.jpeg 1200w\" sizes=\"auto, (max-width: 768px) 100vw, 768px\" \/><\/a><\/figure>\n\n\n\n<figure class=\"wp-block-image size-large\"><a href=\"https:\/\/dioceseteixeiradefreitas.com.br\/wp-content\/uploads\/2025\/04\/WhatsApp-Image-2025-04-13-at-15.18.11.jpeg\"><img loading=\"lazy\" decoding=\"async\" width=\"768\" height=\"1024\" data-id=\"24496\" src=\"https:\/\/dioceseteixeiradefreitas.com.br\/wp-content\/uploads\/2025\/04\/WhatsApp-Image-2025-04-13-at-15.18.11-768x1024.jpeg\" alt=\"\" class=\"wp-image-24496\" srcset=\"https:\/\/dioceseteixeiradefreitas.com.br\/wp-content\/uploads\/2025\/04\/WhatsApp-Image-2025-04-13-at-15.18.11-768x1024.jpeg 768w, https:\/\/dioceseteixeiradefreitas.com.br\/wp-content\/uploads\/2025\/04\/WhatsApp-Image-2025-04-13-at-15.18.11-225x300.jpeg 225w, https:\/\/dioceseteixeiradefreitas.com.br\/wp-content\/uploads\/2025\/04\/WhatsApp-Image-2025-04-13-at-15.18.11-1152x1536.jpeg 1152w, https:\/\/dioceseteixeiradefreitas.com.br\/wp-content\/uploads\/2025\/04\/WhatsApp-Image-2025-04-13-at-15.18.11.jpeg 1200w\" sizes=\"auto, (max-width: 768px) 100vw, 768px\" \/><\/a><\/figure>\n\n\n\n<figure class=\"wp-block-image size-large\"><a href=\"https:\/\/dioceseteixeiradefreitas.com.br\/wp-content\/uploads\/2025\/04\/WhatsApp-Image-2025-04-13-at-15.18.10-1.jpeg\"><img loading=\"lazy\" decoding=\"async\" width=\"1024\" height=\"768\" data-id=\"24494\" src=\"https:\/\/dioceseteixeiradefreitas.com.br\/wp-content\/uploads\/2025\/04\/WhatsApp-Image-2025-04-13-at-15.18.10-1-1024x768.jpeg\" alt=\"\" class=\"wp-image-24494\" srcset=\"https:\/\/dioceseteixeiradefreitas.com.br\/wp-content\/uploads\/2025\/04\/WhatsApp-Image-2025-04-13-at-15.18.10-1-1024x768.jpeg 1024w, https:\/\/dioceseteixeiradefreitas.com.br\/wp-content\/uploads\/2025\/04\/WhatsApp-Image-2025-04-13-at-15.18.10-1-300x225.jpeg 300w, https:\/\/dioceseteixeiradefreitas.com.br\/wp-content\/uploads\/2025\/04\/WhatsApp-Image-2025-04-13-at-15.18.10-1-768x576.jpeg 768w, https:\/\/dioceseteixeiradefreitas.com.br\/wp-content\/uploads\/2025\/04\/WhatsApp-Image-2025-04-13-at-15.18.10-1-1536x1152.jpeg 1536w, https:\/\/dioceseteixeiradefreitas.com.br\/wp-content\/uploads\/2025\/04\/WhatsApp-Image-2025-04-13-at-15.18.10-1.jpeg 1600w\" sizes=\"auto, (max-width: 1024px) 100vw, 1024px\" \/><\/a><\/figure>\n\n\n\n<figure class=\"wp-block-image size-large\"><a href=\"https:\/\/dioceseteixeiradefreitas.com.br\/wp-content\/uploads\/2025\/04\/WhatsApp-Image-2025-04-13-at-15.18.09-3-scaled.jpeg\"><img loading=\"lazy\" decoding=\"async\" width=\"1024\" height=\"576\" data-id=\"24504\" src=\"https:\/\/dioceseteixeiradefreitas.com.br\/wp-content\/uploads\/2025\/04\/WhatsApp-Image-2025-04-13-at-15.18.09-3-1024x576.jpeg\" alt=\"\" class=\"wp-image-24504\" srcset=\"https:\/\/dioceseteixeiradefreitas.com.br\/wp-content\/uploads\/2025\/04\/WhatsApp-Image-2025-04-13-at-15.18.09-3-1024x576.jpeg 1024w, https:\/\/dioceseteixeiradefreitas.com.br\/wp-content\/uploads\/2025\/04\/WhatsApp-Image-2025-04-13-at-15.18.09-3-300x169.jpeg 300w, https:\/\/dioceseteixeiradefreitas.com.br\/wp-content\/uploads\/2025\/04\/WhatsApp-Image-2025-04-13-at-15.18.09-3-768x432.jpeg 768w, https:\/\/dioceseteixeiradefreitas.com.br\/wp-content\/uploads\/2025\/04\/WhatsApp-Image-2025-04-13-at-15.18.09-3-1536x864.jpeg 1536w, https:\/\/dioceseteixeiradefreitas.com.br\/wp-content\/uploads\/2025\/04\/WhatsApp-Image-2025-04-13-at-15.18.09-3-2048x1152.jpeg 2048w, https:\/\/dioceseteixeiradefreitas.com.br\/wp-content\/uploads\/2025\/04\/WhatsApp-Image-2025-04-13-at-15.18.09-3-390x220.jpeg 390w\" sizes=\"auto, (max-width: 1024px) 100vw, 1024px\" \/><\/a><\/figure>\n\n\n\n<figure class=\"wp-block-image size-large\"><a href=\"https:\/\/dioceseteixeiradefreitas.com.br\/wp-content\/uploads\/2025\/04\/WhatsApp-Image-2025-04-13-at-15.18.09-2-scaled.jpeg\"><img loading=\"lazy\" decoding=\"async\" width=\"1024\" height=\"576\" data-id=\"24503\" src=\"https:\/\/dioceseteixeiradefreitas.com.br\/wp-content\/uploads\/2025\/04\/WhatsApp-Image-2025-04-13-at-15.18.09-2-1024x576.jpeg\" alt=\"\" class=\"wp-image-24503\" srcset=\"https:\/\/dioceseteixeiradefreitas.com.br\/wp-content\/uploads\/2025\/04\/WhatsApp-Image-2025-04-13-at-15.18.09-2-1024x576.jpeg 1024w, https:\/\/dioceseteixeiradefreitas.com.br\/wp-content\/uploads\/2025\/04\/WhatsApp-Image-2025-04-13-at-15.18.09-2-300x169.jpeg 300w, https:\/\/dioceseteixeiradefreitas.com.br\/wp-content\/uploads\/2025\/04\/WhatsApp-Image-2025-04-13-at-15.18.09-2-768x432.jpeg 768w, https:\/\/dioceseteixeiradefreitas.com.br\/wp-content\/uploads\/2025\/04\/WhatsApp-Image-2025-04-13-at-15.18.09-2-1536x864.jpeg 1536w, https:\/\/dioceseteixeiradefreitas.com.br\/wp-content\/uploads\/2025\/04\/WhatsApp-Image-2025-04-13-at-15.18.09-2-2048x1152.jpeg 2048w, https:\/\/dioceseteixeiradefreitas.com.br\/wp-content\/uploads\/2025\/04\/WhatsApp-Image-2025-04-13-at-15.18.09-2-390x220.jpeg 390w\" sizes=\"auto, (max-width: 1024px) 100vw, 1024px\" \/><\/a><\/figure>\n\n\n\n<figure class=\"wp-block-image size-large\"><a href=\"https:\/\/dioceseteixeiradefreitas.com.br\/wp-content\/uploads\/2025\/04\/WhatsApp-Image-2025-04-13-at-15.18.09-1-scaled.jpeg\"><img loading=\"lazy\" decoding=\"async\" width=\"1024\" height=\"576\" data-id=\"24498\" src=\"https:\/\/dioceseteixeiradefreitas.com.br\/wp-content\/uploads\/2025\/04\/WhatsApp-Image-2025-04-13-at-15.18.09-1-1024x576.jpeg\" alt=\"\" class=\"wp-image-24498\" srcset=\"https:\/\/dioceseteixeiradefreitas.com.br\/wp-content\/uploads\/2025\/04\/WhatsApp-Image-2025-04-13-at-15.18.09-1-1024x576.jpeg 1024w, https:\/\/dioceseteixeiradefreitas.com.br\/wp-content\/uploads\/2025\/04\/WhatsApp-Image-2025-04-13-at-15.18.09-1-300x169.jpeg 300w, https:\/\/dioceseteixeiradefreitas.com.br\/wp-content\/uploads\/2025\/04\/WhatsApp-Image-2025-04-13-at-15.18.09-1-768x432.jpeg 768w, https:\/\/dioceseteixeiradefreitas.com.br\/wp-content\/uploads\/2025\/04\/WhatsApp-Image-2025-04-13-at-15.18.09-1-1536x864.jpeg 1536w, https:\/\/dioceseteixeiradefreitas.com.br\/wp-content\/uploads\/2025\/04\/WhatsApp-Image-2025-04-13-at-15.18.09-1-2048x1152.jpeg 2048w, https:\/\/dioceseteixeiradefreitas.com.br\/wp-content\/uploads\/2025\/04\/WhatsApp-Image-2025-04-13-at-15.18.09-1-390x220.jpeg 390w\" sizes=\"auto, (max-width: 1024px) 100vw, 1024px\" \/><\/a><\/figure>\n\n\n\n<figure class=\"wp-block-image size-large\"><a href=\"https:\/\/dioceseteixeiradefreitas.com.br\/wp-content\/uploads\/2025\/04\/WhatsApp-Image-2025-04-13-at-15.18.09-scaled.jpeg\"><img loading=\"lazy\" decoding=\"async\" width=\"1024\" height=\"576\" data-id=\"24499\" src=\"https:\/\/dioceseteixeiradefreitas.com.br\/wp-content\/uploads\/2025\/04\/WhatsApp-Image-2025-04-13-at-15.18.09-1024x576.jpeg\" alt=\"\" class=\"wp-image-24499\" srcset=\"https:\/\/dioceseteixeiradefreitas.com.br\/wp-content\/uploads\/2025\/04\/WhatsApp-Image-2025-04-13-at-15.18.09-1024x576.jpeg 1024w, https:\/\/dioceseteixeiradefreitas.com.br\/wp-content\/uploads\/2025\/04\/WhatsApp-Image-2025-04-13-at-15.18.09-300x169.jpeg 300w, https:\/\/dioceseteixeiradefreitas.com.br\/wp-content\/uploads\/2025\/04\/WhatsApp-Image-2025-04-13-at-15.18.09-768x432.jpeg 768w, https:\/\/dioceseteixeiradefreitas.com.br\/wp-content\/uploads\/2025\/04\/WhatsApp-Image-2025-04-13-at-15.18.09-1536x864.jpeg 1536w, https:\/\/dioceseteixeiradefreitas.com.br\/wp-content\/uploads\/2025\/04\/WhatsApp-Image-2025-04-13-at-15.18.09-2048x1152.jpeg 2048w, https:\/\/dioceseteixeiradefreitas.com.br\/wp-content\/uploads\/2025\/04\/WhatsApp-Image-2025-04-13-at-15.18.09-390x220.jpeg 390w\" sizes=\"auto, (max-width: 1024px) 100vw, 1024px\" \/><\/a><\/figure>\n<\/figure>\n","protected":false},"excerpt":{"rendered":"<p>No \u00faltimo s\u00e1bado, 12 de abril de 2025, foi realizado o Encontro Diocesano com os Coordenadores Paroquiais da Diocese de Teixeira de Freitas\/Caravelas. O evento, promovido pela Coordena\u00e7\u00e3o Diocesana de Pastoral, aconteceu na Par\u00f3quia Santo Ant\u00f4nio, em Teixeira de Freitas, com in\u00edcio \u00e0s 8h e encerramento por volta do meio-dia. A programa\u00e7\u00e3o teve in\u00edcio com &hellip;<\/p>\n","protected":false},"author":32,"featured_media":24494,"comment_status":"closed","ping_status":"closed","sticky":false,"template":"","format":"standard","meta":{"footnotes":""},"categories":[100,41],"tags":[],"class_list":["post-24485","post","type-post","status-publish","format-standard","has-post-thumbnail","hentry","category-noticias-diocesanas","category-noticias_destaque"],"_links":{"self":[{"href":"https:\/\/dioceseteixeiradefreitas.com.br\/index.php?rest_route=\/wp\/v2\/posts\/24485","targetHints":{"allow":["GET"]}}],"collection":[{"href":"https:\/\/dioceseteixeiradefreitas.com.br\/index.php?rest_route=\/wp\/v2\/posts"}],"about":[{"href":"https:\/\/dioceseteixeiradefreitas.com.br\/index.php?rest_route=\/wp\/v2\/types\/post"}],"author":[{"embeddable":true,"href":"https:\/\/dioceseteixeiradefreitas.com.br\/index.php?rest_route=\/wp\/v2\/users\/32"}],"replies":[{"embeddable":true,"href":"https:\/\/dioceseteixeiradefreitas.com.br\/index.php?rest_route=%2Fwp%2Fv2%2Fcomments&post=24485"}],"version-history":[{"count":1,"href":"https:\/\/dioceseteixeiradefreitas.com.br\/index.php?rest_route=\/wp\/v2\/posts\/24485\/revisions"}],"predecessor-version":[{"id":24509,"href":"https:\/\/dioceseteixeiradefreitas.com.br\/index.php?rest_route=\/wp\/v2\/posts\/24485\/revisions\/24509"}],"wp:featuredmedia":[{"embeddable":true,"href":"https:\/\/dioceseteixeiradefreitas.com.br\/index.php?rest_route=\/wp\/v2\/media\/24494"}],"wp:attachment":[{"href":"https:\/\/dioceseteixeiradefreitas.com.br\/index.php?rest_route=%2Fwp%2Fv2%2Fmedia&parent=24485"}],"wp:term":[{"taxonomy":"category","embeddable":true,"href":"https:\/\/dioceseteixeiradefreitas.com.br\/index.php?rest_route=%2Fwp%2Fv2%2Fcategories&post=24485"},{"taxonomy":"post_tag","embeddable":true,"href":"https:\/\/dioceseteixeiradefreitas.com.br\/index.php?rest_route=%2Fwp%2Fv2%2Ftags&post=24485"}],"curies":[{"name":"wp","href":"https:\/\/api.w.org\/{rel}","templated":true}]}}