{"id":24510,"date":"2025-04-13T22:43:22","date_gmt":"2025-04-14T01:43:22","guid":{"rendered":"https:\/\/dioceseteixeiradefreitas.com.br\/?p=24510"},"modified":"2025-04-13T22:43:22","modified_gmt":"2025-04-14T01:43:22","slug":"domingo-de-ramos-bendito-o-que-vem-em-nome-do-senhor","status":"publish","type":"post","link":"https:\/\/dioceseteixeiradefreitas.com.br\/?p=24510","title":{"rendered":"Domingo de Ramos: Bendito o que vem em nome do Senhor!"},"content":{"rendered":"\n<figure class=\"wp-block-image size-large\"><a href=\"https:\/\/dioceseteixeiradefreitas.com.br\/wp-content\/uploads\/2025\/04\/IMG_2038.jpg\"><img loading=\"lazy\" decoding=\"async\" width=\"1024\" height=\"683\" src=\"https:\/\/dioceseteixeiradefreitas.com.br\/wp-content\/uploads\/2025\/04\/IMG_2038-1024x683.jpg\" alt=\"\" class=\"wp-image-24544\" srcset=\"https:\/\/dioceseteixeiradefreitas.com.br\/wp-content\/uploads\/2025\/04\/IMG_2038-1024x683.jpg 1024w, https:\/\/dioceseteixeiradefreitas.com.br\/wp-content\/uploads\/2025\/04\/IMG_2038-300x200.jpg 300w, https:\/\/dioceseteixeiradefreitas.com.br\/wp-content\/uploads\/2025\/04\/IMG_2038-768x512.jpg 768w, https:\/\/dioceseteixeiradefreitas.com.br\/wp-content\/uploads\/2025\/04\/IMG_2038-1536x1024.jpg 1536w, https:\/\/dioceseteixeiradefreitas.com.br\/wp-content\/uploads\/2025\/04\/IMG_2038.jpg 2048w\" sizes=\"auto, (max-width: 1024px) 100vw, 1024px\" \/><\/a><figcaption class=\"wp-element-caption\">Par\u00f3quia S\u00e3o Sebasti\u00e3o , Teixeira de freitas<\/figcaption><\/figure>\n\n\n\n<p>Neste domingo, 13 de abril, a Diocese de Teixeira de Freitas\u2013BA, em comunh\u00e3o com todas as suas par\u00f3quias, celebrou com f\u00e9 e devo\u00e7\u00e3o a tradicional prociss\u00e3o de Ramos, recordando a entrada triunfal de Jesus em Jerusal\u00e9m. Com os ramos nas m\u00e3os e os cora\u00e7\u00f5es abertos, demos in\u00edcio \u00e0 Semana Santa \u2014 o tempo mais sagrado da nossa caminhada.<\/p>\n\n\n\n<blockquote class=\"wp-block-quote is-layout-flow wp-block-quote-is-layout-flow\">\n<p>\u201cHosana ao Filho de Davi! Bendito o que vem em nome do Senhor! Hosana nas alturas!\u201d<br>(Mateus 21,9)<\/p>\n<\/blockquote>\n\n\n\n<p>Jesus entra na cidade santa montado num jumentinho, como havia sido anunciado pelos profetas. Ele n\u00e3o vem como um rei terreno, com for\u00e7a militar ou apar\u00eancia majestosa. Vem com mansid\u00e3o, humildade e paz, para cumprir a vontade do Pai.<\/p>\n\n\n\n<blockquote class=\"wp-block-quote is-layout-flow wp-block-quote-is-layout-flow\">\n<p>\u201cExulta de alegria, filha de Si\u00e3o! Solta brados de j\u00fabilo, filha de Jerusal\u00e9m! Eis que teu rei vem a ti: justo e salvador, humilde, montado num jumento.\u201d<br>(Zacarias 9,9)<\/p>\n<\/blockquote>\n\n\n\n<p>Na Liturgia deste domingo, somos convidados a participar da b\u00ean\u00e7\u00e3o dos ramos e da prociss\u00e3o, que fazem mem\u00f3ria daquele momento de festa e acolhida. Os ramos que levamos nas m\u00e3os representam nossa f\u00e9 e nosso desejo de acolher Cristo em nossas vidas. Por isso, s\u00e3o aben\u00e7oados e guardados com rever\u00eancia em nossos lares.<\/p>\n\n\n\n<p>Mas o Domingo de Ramos tamb\u00e9m nos introduz na contempla\u00e7\u00e3o do mist\u00e9rio da Paix\u00e3o. Ap\u00f3s a prociss\u00e3o, escutamos na Liturgia da Palavra a narra\u00e7\u00e3o da entrega de Jesus: da ceia \u00e0 cruz, do abandono ao sil\u00eancio do sepulcro.<\/p>\n\n\n\n<blockquote class=\"wp-block-quote is-layout-flow wp-block-quote-is-layout-flow\">\n<p>\u201cCristo se humilhou a si mesmo, feito obediente at\u00e9 a morte, e morte de cruz. Por isso, Deus o exaltou soberanamente\u2026\u201d<br>(Filipenses 2,8-9)<\/p>\n<\/blockquote>\n\n\n\n<p>Este \u00e9 o grande mist\u00e9rio da f\u00e9: aquele aclamado como Rei, escolhe o caminho da cruz para nos salvar. Aquele que \u00e9 o Filho de Deus, se entrega por amor \u00e0 humanidade.<\/p>\n\n\n\n<p>O Domingo de Ramos nos recorda que seguir Jesus \u00e9 caminhar com Ele n\u00e3o somente nos momentos de gl\u00f3ria, mas tamb\u00e9m nos momentos de dor. \u00c9 segui-Lo com o cora\u00e7\u00e3o aberto, dispostos a viver a mesma entrega, confiando na promessa da ressurrei\u00e7\u00e3o.<\/p>\n\n\n\n<blockquote class=\"wp-block-quote is-layout-flow wp-block-quote-is-layout-flow\">\n<p>\u201cSe algu\u00e9m quiser vir ap\u00f3s mim, renuncie a si mesmo, tome sua cruz cada dia, e siga-me.\u201d<br>(Lucas 9,23)<\/p>\n<\/blockquote>\n\n\n\n<p>Que esta celebra\u00e7\u00e3o nos prepare com f\u00e9, sil\u00eancio e esperan\u00e7a para vivermos toda a Semana Santa, acolhendo o amor que se doa at\u00e9 o fim e se transforma em vida nova.<\/p>\n\n\n\n<figure class=\"wp-block-gallery has-nested-images columns-default is-cropped wp-block-gallery-1 is-layout-flex wp-block-gallery-is-layout-flex\">\n<figure class=\"wp-block-image size-large\"><a href=\"https:\/\/dioceseteixeiradefreitas.com.br\/wp-content\/uploads\/2025\/04\/WhatsApp-Image-2025-04-13-at-17.50.11.jpeg\"><img loading=\"lazy\" decoding=\"async\" width=\"942\" height=\"1024\" data-id=\"24515\" src=\"https:\/\/dioceseteixeiradefreitas.com.br\/wp-content\/uploads\/2025\/04\/WhatsApp-Image-2025-04-13-at-17.50.11-942x1024.jpeg\" alt=\"\" class=\"wp-image-24515\" srcset=\"https:\/\/dioceseteixeiradefreitas.com.br\/wp-content\/uploads\/2025\/04\/WhatsApp-Image-2025-04-13-at-17.50.11-942x1024.jpeg 942w, https:\/\/dioceseteixeiradefreitas.com.br\/wp-content\/uploads\/2025\/04\/WhatsApp-Image-2025-04-13-at-17.50.11-276x300.jpeg 276w, https:\/\/dioceseteixeiradefreitas.com.br\/wp-content\/uploads\/2025\/04\/WhatsApp-Image-2025-04-13-at-17.50.11-768x835.jpeg 768w, https:\/\/dioceseteixeiradefreitas.com.br\/wp-content\/uploads\/2025\/04\/WhatsApp-Image-2025-04-13-at-17.50.11.jpeg 1080w\" sizes=\"auto, (max-width: 942px) 100vw, 942px\" \/><\/a><figcaption class=\"wp-element-caption\">Par\u00f3quia Nossa Senhora D&#8217;Ajuda, Itanh\u00e9m<\/figcaption><\/figure>\n\n\n\n<figure class=\"wp-block-image size-large\"><a href=\"https:\/\/dioceseteixeiradefreitas.com.br\/wp-content\/uploads\/2025\/04\/WhatsApp-Image-2025-04-13-at-18.28.50-1-1-scaled.jpeg\"><img loading=\"lazy\" decoding=\"async\" width=\"768\" height=\"1024\" data-id=\"24516\" src=\"https:\/\/dioceseteixeiradefreitas.com.br\/wp-content\/uploads\/2025\/04\/WhatsApp-Image-2025-04-13-at-18.28.50-1-1-768x1024.jpeg\" alt=\"\" class=\"wp-image-24516\" srcset=\"https:\/\/dioceseteixeiradefreitas.com.br\/wp-content\/uploads\/2025\/04\/WhatsApp-Image-2025-04-13-at-18.28.50-1-1-768x1024.jpeg 768w, https:\/\/dioceseteixeiradefreitas.com.br\/wp-content\/uploads\/2025\/04\/WhatsApp-Image-2025-04-13-at-18.28.50-1-1-225x300.jpeg 225w, https:\/\/dioceseteixeiradefreitas.com.br\/wp-content\/uploads\/2025\/04\/WhatsApp-Image-2025-04-13-at-18.28.50-1-1-1152x1536.jpeg 1152w, https:\/\/dioceseteixeiradefreitas.com.br\/wp-content\/uploads\/2025\/04\/WhatsApp-Image-2025-04-13-at-18.28.50-1-1-1536x2048.jpeg 1536w, https:\/\/dioceseteixeiradefreitas.com.br\/wp-content\/uploads\/2025\/04\/WhatsApp-Image-2025-04-13-at-18.28.50-1-1-scaled.jpeg 1920w\" sizes=\"auto, (max-width: 768px) 100vw, 768px\" \/><\/a><figcaption class=\"wp-element-caption\">Par\u00f3quia S\u00e3o Francisco, Teixeira de freitas<\/figcaption><\/figure>\n\n\n\n<figure class=\"wp-block-image size-large\"><a href=\"https:\/\/dioceseteixeiradefreitas.com.br\/wp-content\/uploads\/2025\/04\/WhatsApp-Image-2025-04-13-at-18.28.50-2-scaled.jpeg\"><img loading=\"lazy\" decoding=\"async\" width=\"768\" height=\"1024\" data-id=\"24517\" src=\"https:\/\/dioceseteixeiradefreitas.com.br\/wp-content\/uploads\/2025\/04\/WhatsApp-Image-2025-04-13-at-18.28.50-2-768x1024.jpeg\" alt=\"\" class=\"wp-image-24517\" srcset=\"https:\/\/dioceseteixeiradefreitas.com.br\/wp-content\/uploads\/2025\/04\/WhatsApp-Image-2025-04-13-at-18.28.50-2-768x1024.jpeg 768w, https:\/\/dioceseteixeiradefreitas.com.br\/wp-content\/uploads\/2025\/04\/WhatsApp-Image-2025-04-13-at-18.28.50-2-225x300.jpeg 225w, https:\/\/dioceseteixeiradefreitas.com.br\/wp-content\/uploads\/2025\/04\/WhatsApp-Image-2025-04-13-at-18.28.50-2-1152x1536.jpeg 1152w, https:\/\/dioceseteixeiradefreitas.com.br\/wp-content\/uploads\/2025\/04\/WhatsApp-Image-2025-04-13-at-18.28.50-2-1536x2048.jpeg 1536w, https:\/\/dioceseteixeiradefreitas.com.br\/wp-content\/uploads\/2025\/04\/WhatsApp-Image-2025-04-13-at-18.28.50-2-scaled.jpeg 1920w\" sizes=\"auto, (max-width: 768px) 100vw, 768px\" \/><\/a><figcaption class=\"wp-element-caption\">Par\u00f3quia S\u00e3o Francisco, Teixeira de freitas<\/figcaption><\/figure>\n\n\n\n<figure class=\"wp-block-image size-large\"><a href=\"https:\/\/dioceseteixeiradefreitas.com.br\/wp-content\/uploads\/2025\/04\/WhatsApp-Image-2025-04-13-at-18.30.20-scaled.jpeg\"><img loading=\"lazy\" decoding=\"async\" width=\"683\" height=\"1024\" data-id=\"24518\" src=\"https:\/\/dioceseteixeiradefreitas.com.br\/wp-content\/uploads\/2025\/04\/WhatsApp-Image-2025-04-13-at-18.30.20-683x1024.jpeg\" alt=\"\" class=\"wp-image-24518\" srcset=\"https:\/\/dioceseteixeiradefreitas.com.br\/wp-content\/uploads\/2025\/04\/WhatsApp-Image-2025-04-13-at-18.30.20-683x1024.jpeg 683w, https:\/\/dioceseteixeiradefreitas.com.br\/wp-content\/uploads\/2025\/04\/WhatsApp-Image-2025-04-13-at-18.30.20-200x300.jpeg 200w, https:\/\/dioceseteixeiradefreitas.com.br\/wp-content\/uploads\/2025\/04\/WhatsApp-Image-2025-04-13-at-18.30.20-768x1152.jpeg 768w, https:\/\/dioceseteixeiradefreitas.com.br\/wp-content\/uploads\/2025\/04\/WhatsApp-Image-2025-04-13-at-18.30.20-1024x1536.jpeg 1024w, https:\/\/dioceseteixeiradefreitas.com.br\/wp-content\/uploads\/2025\/04\/WhatsApp-Image-2025-04-13-at-18.30.20-1365x2048.jpeg 1365w, https:\/\/dioceseteixeiradefreitas.com.br\/wp-content\/uploads\/2025\/04\/WhatsApp-Image-2025-04-13-at-18.30.20-scaled.jpeg 1706w\" sizes=\"auto, (max-width: 683px) 100vw, 683px\" \/><\/a><figcaption class=\"wp-element-caption\">Par\u00f3quia S\u00e3o Francisco, Teixeira de freitas<\/figcaption><\/figure>\n\n\n\n<figure class=\"wp-block-image size-large\"><a href=\"https:\/\/dioceseteixeiradefreitas.com.br\/wp-content\/uploads\/2025\/04\/WhatsApp-Image-2025-04-13-at-18.37.55-1-scaled.jpeg\"><img loading=\"lazy\" decoding=\"async\" width=\"768\" height=\"1024\" data-id=\"24519\" src=\"https:\/\/dioceseteixeiradefreitas.com.br\/wp-content\/uploads\/2025\/04\/WhatsApp-Image-2025-04-13-at-18.37.55-1-768x1024.jpeg\" alt=\"\" class=\"wp-image-24519\" srcset=\"https:\/\/dioceseteixeiradefreitas.com.br\/wp-content\/uploads\/2025\/04\/WhatsApp-Image-2025-04-13-at-18.37.55-1-768x1024.jpeg 768w, https:\/\/dioceseteixeiradefreitas.com.br\/wp-content\/uploads\/2025\/04\/WhatsApp-Image-2025-04-13-at-18.37.55-1-225x300.jpeg 225w, https:\/\/dioceseteixeiradefreitas.com.br\/wp-content\/uploads\/2025\/04\/WhatsApp-Image-2025-04-13-at-18.37.55-1-1152x1536.jpeg 1152w, https:\/\/dioceseteixeiradefreitas.com.br\/wp-content\/uploads\/2025\/04\/WhatsApp-Image-2025-04-13-at-18.37.55-1-1536x2048.jpeg 1536w, https:\/\/dioceseteixeiradefreitas.com.br\/wp-content\/uploads\/2025\/04\/WhatsApp-Image-2025-04-13-at-18.37.55-1-scaled.jpeg 1920w\" sizes=\"auto, (max-width: 768px) 100vw, 768px\" \/><\/a><figcaption class=\"wp-element-caption\">Par\u00f3quia Cristo Rei, Itamaraju<\/figcaption><\/figure>\n\n\n\n<figure class=\"wp-block-image size-large\"><a href=\"https:\/\/dioceseteixeiradefreitas.com.br\/wp-content\/uploads\/2025\/04\/WhatsApp-Image-2025-04-13-at-18.37.55-2-scaled.jpeg\"><img loading=\"lazy\" decoding=\"async\" width=\"768\" height=\"1024\" data-id=\"24520\" src=\"https:\/\/dioceseteixeiradefreitas.com.br\/wp-content\/uploads\/2025\/04\/WhatsApp-Image-2025-04-13-at-18.37.55-2-768x1024.jpeg\" alt=\"\" class=\"wp-image-24520\" srcset=\"https:\/\/dioceseteixeiradefreitas.com.br\/wp-content\/uploads\/2025\/04\/WhatsApp-Image-2025-04-13-at-18.37.55-2-768x1024.jpeg 768w, https:\/\/dioceseteixeiradefreitas.com.br\/wp-content\/uploads\/2025\/04\/WhatsApp-Image-2025-04-13-at-18.37.55-2-225x300.jpeg 225w, https:\/\/dioceseteixeiradefreitas.com.br\/wp-content\/uploads\/2025\/04\/WhatsApp-Image-2025-04-13-at-18.37.55-2-1152x1536.jpeg 1152w, https:\/\/dioceseteixeiradefreitas.com.br\/wp-content\/uploads\/2025\/04\/WhatsApp-Image-2025-04-13-at-18.37.55-2-1536x2048.jpeg 1536w, https:\/\/dioceseteixeiradefreitas.com.br\/wp-content\/uploads\/2025\/04\/WhatsApp-Image-2025-04-13-at-18.37.55-2-scaled.jpeg 1920w\" sizes=\"auto, (max-width: 768px) 100vw, 768px\" \/><\/a><figcaption class=\"wp-element-caption\">Par\u00f3quia Cristo Rei, Itamaraju<\/figcaption><\/figure>\n\n\n\n<figure class=\"wp-block-image size-large\"><a href=\"https:\/\/dioceseteixeiradefreitas.com.br\/wp-content\/uploads\/2025\/04\/WhatsApp-Image-2025-04-13-at-18.37.55-scaled.jpeg\"><img loading=\"lazy\" decoding=\"async\" width=\"768\" height=\"1024\" data-id=\"24521\" src=\"https:\/\/dioceseteixeiradefreitas.com.br\/wp-content\/uploads\/2025\/04\/WhatsApp-Image-2025-04-13-at-18.37.55-768x1024.jpeg\" alt=\"\" class=\"wp-image-24521\" srcset=\"https:\/\/dioceseteixeiradefreitas.com.br\/wp-content\/uploads\/2025\/04\/WhatsApp-Image-2025-04-13-at-18.37.55-768x1024.jpeg 768w, https:\/\/dioceseteixeiradefreitas.com.br\/wp-content\/uploads\/2025\/04\/WhatsApp-Image-2025-04-13-at-18.37.55-225x300.jpeg 225w, https:\/\/dioceseteixeiradefreitas.com.br\/wp-content\/uploads\/2025\/04\/WhatsApp-Image-2025-04-13-at-18.37.55-1152x1536.jpeg 1152w, https:\/\/dioceseteixeiradefreitas.com.br\/wp-content\/uploads\/2025\/04\/WhatsApp-Image-2025-04-13-at-18.37.55-1536x2048.jpeg 1536w, https:\/\/dioceseteixeiradefreitas.com.br\/wp-content\/uploads\/2025\/04\/WhatsApp-Image-2025-04-13-at-18.37.55-scaled.jpeg 1920w\" sizes=\"auto, (max-width: 768px) 100vw, 768px\" \/><\/a><figcaption class=\"wp-element-caption\">Par\u00f3quia Cristo Rei, Itamaraju<\/figcaption><\/figure>\n\n\n\n<figure class=\"wp-block-image size-large\"><a href=\"https:\/\/dioceseteixeiradefreitas.com.br\/wp-content\/uploads\/2025\/04\/WhatsApp-Image-2025-04-13-at-18.37.56-scaled.jpeg\"><img loading=\"lazy\" decoding=\"async\" width=\"768\" height=\"1024\" data-id=\"24522\" src=\"https:\/\/dioceseteixeiradefreitas.com.br\/wp-content\/uploads\/2025\/04\/WhatsApp-Image-2025-04-13-at-18.37.56-768x1024.jpeg\" alt=\"\" class=\"wp-image-24522\" srcset=\"https:\/\/dioceseteixeiradefreitas.com.br\/wp-content\/uploads\/2025\/04\/WhatsApp-Image-2025-04-13-at-18.37.56-768x1024.jpeg 768w, https:\/\/dioceseteixeiradefreitas.com.br\/wp-content\/uploads\/2025\/04\/WhatsApp-Image-2025-04-13-at-18.37.56-225x300.jpeg 225w, https:\/\/dioceseteixeiradefreitas.com.br\/wp-content\/uploads\/2025\/04\/WhatsApp-Image-2025-04-13-at-18.37.56-1152x1536.jpeg 1152w, https:\/\/dioceseteixeiradefreitas.com.br\/wp-content\/uploads\/2025\/04\/WhatsApp-Image-2025-04-13-at-18.37.56-1536x2048.jpeg 1536w, https:\/\/dioceseteixeiradefreitas.com.br\/wp-content\/uploads\/2025\/04\/WhatsApp-Image-2025-04-13-at-18.37.56-scaled.jpeg 1920w\" sizes=\"auto, (max-width: 768px) 100vw, 768px\" \/><\/a><figcaption class=\"wp-element-caption\">Par\u00f3quia Cristo Rei, Itamaraju<\/figcaption><\/figure>\n\n\n\n<figure class=\"wp-block-image size-large\"><a href=\"https:\/\/dioceseteixeiradefreitas.com.br\/wp-content\/uploads\/2025\/04\/WhatsApp-Image-2025-04-13-at-18.48.43-1-scaled.jpeg\"><img loading=\"lazy\" decoding=\"async\" width=\"768\" height=\"1024\" data-id=\"24523\" src=\"https:\/\/dioceseteixeiradefreitas.com.br\/wp-content\/uploads\/2025\/04\/WhatsApp-Image-2025-04-13-at-18.48.43-1-768x1024.jpeg\" alt=\"\" class=\"wp-image-24523\" srcset=\"https:\/\/dioceseteixeiradefreitas.com.br\/wp-content\/uploads\/2025\/04\/WhatsApp-Image-2025-04-13-at-18.48.43-1-768x1024.jpeg 768w, https:\/\/dioceseteixeiradefreitas.com.br\/wp-content\/uploads\/2025\/04\/WhatsApp-Image-2025-04-13-at-18.48.43-1-225x300.jpeg 225w, https:\/\/dioceseteixeiradefreitas.com.br\/wp-content\/uploads\/2025\/04\/WhatsApp-Image-2025-04-13-at-18.48.43-1-1152x1536.jpeg 1152w, https:\/\/dioceseteixeiradefreitas.com.br\/wp-content\/uploads\/2025\/04\/WhatsApp-Image-2025-04-13-at-18.48.43-1-1536x2048.jpeg 1536w, https:\/\/dioceseteixeiradefreitas.com.br\/wp-content\/uploads\/2025\/04\/WhatsApp-Image-2025-04-13-at-18.48.43-1-scaled.jpeg 1920w\" sizes=\"auto, (max-width: 768px) 100vw, 768px\" \/><\/a><figcaption class=\"wp-element-caption\">Par\u00f3quia S\u00e3o Louren\u00e7o, Teixeira de freitas<\/figcaption><\/figure>\n\n\n\n<figure class=\"wp-block-image size-large\"><a href=\"https:\/\/dioceseteixeiradefreitas.com.br\/wp-content\/uploads\/2025\/04\/WhatsApp-Image-2025-04-13-at-18.48.43.jpeg\"><img loading=\"lazy\" decoding=\"async\" width=\"576\" height=\"1024\" data-id=\"24524\" src=\"https:\/\/dioceseteixeiradefreitas.com.br\/wp-content\/uploads\/2025\/04\/WhatsApp-Image-2025-04-13-at-18.48.43-576x1024.jpeg\" alt=\"\" class=\"wp-image-24524\" srcset=\"https:\/\/dioceseteixeiradefreitas.com.br\/wp-content\/uploads\/2025\/04\/WhatsApp-Image-2025-04-13-at-18.48.43-576x1024.jpeg 576w, https:\/\/dioceseteixeiradefreitas.com.br\/wp-content\/uploads\/2025\/04\/WhatsApp-Image-2025-04-13-at-18.48.43-169x300.jpeg 169w, https:\/\/dioceseteixeiradefreitas.com.br\/wp-content\/uploads\/2025\/04\/WhatsApp-Image-2025-04-13-at-18.48.43-768x1365.jpeg 768w, https:\/\/dioceseteixeiradefreitas.com.br\/wp-content\/uploads\/2025\/04\/WhatsApp-Image-2025-04-13-at-18.48.43-864x1536.jpeg 864w, https:\/\/dioceseteixeiradefreitas.com.br\/wp-content\/uploads\/2025\/04\/WhatsApp-Image-2025-04-13-at-18.48.43.jpeg 900w\" sizes=\"auto, (max-width: 576px) 100vw, 576px\" \/><\/a><figcaption class=\"wp-element-caption\">Paroquia S\u00e3o Louren\u00e7o, Teixeira de freitas<\/figcaption><\/figure>\n\n\n\n<figure class=\"wp-block-image size-large\"><a href=\"https:\/\/dioceseteixeiradefreitas.com.br\/wp-content\/uploads\/2025\/04\/WhatsApp-Image-2025-04-13-at-18.48.44.jpeg\"><img loading=\"lazy\" decoding=\"async\" width=\"576\" height=\"1024\" data-id=\"24525\" src=\"https:\/\/dioceseteixeiradefreitas.com.br\/wp-content\/uploads\/2025\/04\/WhatsApp-Image-2025-04-13-at-18.48.44-576x1024.jpeg\" alt=\"\" class=\"wp-image-24525\" srcset=\"https:\/\/dioceseteixeiradefreitas.com.br\/wp-content\/uploads\/2025\/04\/WhatsApp-Image-2025-04-13-at-18.48.44-576x1024.jpeg 576w, https:\/\/dioceseteixeiradefreitas.com.br\/wp-content\/uploads\/2025\/04\/WhatsApp-Image-2025-04-13-at-18.48.44-169x300.jpeg 169w, https:\/\/dioceseteixeiradefreitas.com.br\/wp-content\/uploads\/2025\/04\/WhatsApp-Image-2025-04-13-at-18.48.44-768x1365.jpeg 768w, https:\/\/dioceseteixeiradefreitas.com.br\/wp-content\/uploads\/2025\/04\/WhatsApp-Image-2025-04-13-at-18.48.44-864x1536.jpeg 864w, https:\/\/dioceseteixeiradefreitas.com.br\/wp-content\/uploads\/2025\/04\/WhatsApp-Image-2025-04-13-at-18.48.44.jpeg 900w\" sizes=\"auto, (max-width: 576px) 100vw, 576px\" \/><\/a><figcaption class=\"wp-element-caption\">Paroquia S\u00e3o Louren\u00e7o, Teixeira de freitas<\/figcaption><\/figure>\n\n\n\n<figure class=\"wp-block-image size-large\"><a href=\"https:\/\/dioceseteixeiradefreitas.com.br\/wp-content\/uploads\/2025\/04\/WhatsApp-Image-2025-04-13-at-20.54.03-1.jpeg\"><img loading=\"lazy\" decoding=\"async\" width=\"825\" height=\"1024\" data-id=\"24526\" src=\"https:\/\/dioceseteixeiradefreitas.com.br\/wp-content\/uploads\/2025\/04\/WhatsApp-Image-2025-04-13-at-20.54.03-1-825x1024.jpeg\" alt=\"\" class=\"wp-image-24526\" srcset=\"https:\/\/dioceseteixeiradefreitas.com.br\/wp-content\/uploads\/2025\/04\/WhatsApp-Image-2025-04-13-at-20.54.03-1-825x1024.jpeg 825w, https:\/\/dioceseteixeiradefreitas.com.br\/wp-content\/uploads\/2025\/04\/WhatsApp-Image-2025-04-13-at-20.54.03-1-242x300.jpeg 242w, https:\/\/dioceseteixeiradefreitas.com.br\/wp-content\/uploads\/2025\/04\/WhatsApp-Image-2025-04-13-at-20.54.03-1-768x953.jpeg 768w, https:\/\/dioceseteixeiradefreitas.com.br\/wp-content\/uploads\/2025\/04\/WhatsApp-Image-2025-04-13-at-20.54.03-1.jpeg 1206w\" sizes=\"auto, (max-width: 825px) 100vw, 825px\" \/><\/a><figcaption class=\"wp-element-caption\">Par\u00f3quia Sao Benedito &#8211; Posto Da Mata<\/figcaption><\/figure>\n\n\n\n<figure class=\"wp-block-image size-large\"><a href=\"https:\/\/dioceseteixeiradefreitas.com.br\/wp-content\/uploads\/2025\/04\/WhatsApp-Image-2025-04-13-at-20.54.03.jpeg\"><img loading=\"lazy\" decoding=\"async\" width=\"768\" height=\"1024\" data-id=\"24527\" src=\"https:\/\/dioceseteixeiradefreitas.com.br\/wp-content\/uploads\/2025\/04\/WhatsApp-Image-2025-04-13-at-20.54.03-768x1024.jpeg\" alt=\"\" class=\"wp-image-24527\" srcset=\"https:\/\/dioceseteixeiradefreitas.com.br\/wp-content\/uploads\/2025\/04\/WhatsApp-Image-2025-04-13-at-20.54.03-768x1024.jpeg 768w, https:\/\/dioceseteixeiradefreitas.com.br\/wp-content\/uploads\/2025\/04\/WhatsApp-Image-2025-04-13-at-20.54.03-225x300.jpeg 225w, https:\/\/dioceseteixeiradefreitas.com.br\/wp-content\/uploads\/2025\/04\/WhatsApp-Image-2025-04-13-at-20.54.03-1152x1536.jpeg 1152w, https:\/\/dioceseteixeiradefreitas.com.br\/wp-content\/uploads\/2025\/04\/WhatsApp-Image-2025-04-13-at-20.54.03.jpeg 1200w\" sizes=\"auto, (max-width: 768px) 100vw, 768px\" \/><\/a><figcaption class=\"wp-element-caption\">Par\u00f3quia Sao Benedito &#8211; Posto Da Mata<\/figcaption><\/figure>\n\n\n\n<figure class=\"wp-block-image size-large\"><a href=\"https:\/\/dioceseteixeiradefreitas.com.br\/wp-content\/uploads\/2025\/04\/WhatsApp-Image-2025-04-13-at-21.15.39-1-scaled.jpeg\"><img loading=\"lazy\" decoding=\"async\" width=\"1024\" height=\"681\" data-id=\"24528\" src=\"https:\/\/dioceseteixeiradefreitas.com.br\/wp-content\/uploads\/2025\/04\/WhatsApp-Image-2025-04-13-at-21.15.39-1-1024x681.jpeg\" alt=\"\" class=\"wp-image-24528\" srcset=\"https:\/\/dioceseteixeiradefreitas.com.br\/wp-content\/uploads\/2025\/04\/WhatsApp-Image-2025-04-13-at-21.15.39-1-1024x681.jpeg 1024w, https:\/\/dioceseteixeiradefreitas.com.br\/wp-content\/uploads\/2025\/04\/WhatsApp-Image-2025-04-13-at-21.15.39-1-300x199.jpeg 300w, https:\/\/dioceseteixeiradefreitas.com.br\/wp-content\/uploads\/2025\/04\/WhatsApp-Image-2025-04-13-at-21.15.39-1-768x510.jpeg 768w, https:\/\/dioceseteixeiradefreitas.com.br\/wp-content\/uploads\/2025\/04\/WhatsApp-Image-2025-04-13-at-21.15.39-1-1536x1021.jpeg 1536w, https:\/\/dioceseteixeiradefreitas.com.br\/wp-content\/uploads\/2025\/04\/WhatsApp-Image-2025-04-13-at-21.15.39-1-2048x1361.jpeg 2048w\" sizes=\"auto, (max-width: 1024px) 100vw, 1024px\" \/><\/a><figcaption class=\"wp-element-caption\">Par\u00f3quia N. Senhora das Gra\u00e7as &#8211; Lajed\u00e3o<\/figcaption><\/figure>\n\n\n\n<figure class=\"wp-block-image size-large\"><a href=\"https:\/\/dioceseteixeiradefreitas.com.br\/wp-content\/uploads\/2025\/04\/WhatsApp-Image-2025-04-13-at-21.28.06-1-scaled.jpeg\"><img loading=\"lazy\" decoding=\"async\" width=\"768\" height=\"1024\" data-id=\"24529\" src=\"https:\/\/dioceseteixeiradefreitas.com.br\/wp-content\/uploads\/2025\/04\/WhatsApp-Image-2025-04-13-at-21.28.06-1-768x1024.jpeg\" alt=\"\" class=\"wp-image-24529\" srcset=\"https:\/\/dioceseteixeiradefreitas.com.br\/wp-content\/uploads\/2025\/04\/WhatsApp-Image-2025-04-13-at-21.28.06-1-768x1024.jpeg 768w, https:\/\/dioceseteixeiradefreitas.com.br\/wp-content\/uploads\/2025\/04\/WhatsApp-Image-2025-04-13-at-21.28.06-1-225x300.jpeg 225w, https:\/\/dioceseteixeiradefreitas.com.br\/wp-content\/uploads\/2025\/04\/WhatsApp-Image-2025-04-13-at-21.28.06-1-1152x1536.jpeg 1152w, https:\/\/dioceseteixeiradefreitas.com.br\/wp-content\/uploads\/2025\/04\/WhatsApp-Image-2025-04-13-at-21.28.06-1-1536x2048.jpeg 1536w, https:\/\/dioceseteixeiradefreitas.com.br\/wp-content\/uploads\/2025\/04\/WhatsApp-Image-2025-04-13-at-21.28.06-1-scaled.jpeg 1920w\" sizes=\"auto, (max-width: 768px) 100vw, 768px\" \/><\/a><figcaption class=\"wp-element-caption\">Par\u00f3quia S\u00e3o Pedro, Teixeira de freitas<\/figcaption><\/figure>\n\n\n\n<figure class=\"wp-block-image size-large\"><a href=\"https:\/\/dioceseteixeiradefreitas.com.br\/wp-content\/uploads\/2025\/04\/WhatsApp-Image-2025-04-13-at-21.28.06-scaled.jpeg\"><img loading=\"lazy\" decoding=\"async\" width=\"768\" height=\"1024\" data-id=\"24530\" src=\"https:\/\/dioceseteixeiradefreitas.com.br\/wp-content\/uploads\/2025\/04\/WhatsApp-Image-2025-04-13-at-21.28.06-768x1024.jpeg\" alt=\"\" class=\"wp-image-24530\" srcset=\"https:\/\/dioceseteixeiradefreitas.com.br\/wp-content\/uploads\/2025\/04\/WhatsApp-Image-2025-04-13-at-21.28.06-768x1024.jpeg 768w, https:\/\/dioceseteixeiradefreitas.com.br\/wp-content\/uploads\/2025\/04\/WhatsApp-Image-2025-04-13-at-21.28.06-225x300.jpeg 225w, https:\/\/dioceseteixeiradefreitas.com.br\/wp-content\/uploads\/2025\/04\/WhatsApp-Image-2025-04-13-at-21.28.06-1152x1536.jpeg 1152w, https:\/\/dioceseteixeiradefreitas.com.br\/wp-content\/uploads\/2025\/04\/WhatsApp-Image-2025-04-13-at-21.28.06-1536x2048.jpeg 1536w, https:\/\/dioceseteixeiradefreitas.com.br\/wp-content\/uploads\/2025\/04\/WhatsApp-Image-2025-04-13-at-21.28.06-scaled.jpeg 1920w\" sizes=\"auto, (max-width: 768px) 100vw, 768px\" \/><\/a><figcaption class=\"wp-element-caption\">Par\u00f3quia S\u00e3o Pedro, Teixeira de freitas<\/figcaption><\/figure>\n\n\n\n<figure class=\"wp-block-image size-large\"><a href=\"https:\/\/dioceseteixeiradefreitas.com.br\/wp-content\/uploads\/2025\/04\/WhatsApp-Image-2025-04-13-at-21.28.08-scaled.jpeg\"><img loading=\"lazy\" decoding=\"async\" width=\"768\" height=\"1024\" data-id=\"24531\" src=\"https:\/\/dioceseteixeiradefreitas.com.br\/wp-content\/uploads\/2025\/04\/WhatsApp-Image-2025-04-13-at-21.28.08-768x1024.jpeg\" alt=\"\" class=\"wp-image-24531\" srcset=\"https:\/\/dioceseteixeiradefreitas.com.br\/wp-content\/uploads\/2025\/04\/WhatsApp-Image-2025-04-13-at-21.28.08-768x1024.jpeg 768w, https:\/\/dioceseteixeiradefreitas.com.br\/wp-content\/uploads\/2025\/04\/WhatsApp-Image-2025-04-13-at-21.28.08-225x300.jpeg 225w, https:\/\/dioceseteixeiradefreitas.com.br\/wp-content\/uploads\/2025\/04\/WhatsApp-Image-2025-04-13-at-21.28.08-1152x1536.jpeg 1152w, https:\/\/dioceseteixeiradefreitas.com.br\/wp-content\/uploads\/2025\/04\/WhatsApp-Image-2025-04-13-at-21.28.08-1536x2048.jpeg 1536w, https:\/\/dioceseteixeiradefreitas.com.br\/wp-content\/uploads\/2025\/04\/WhatsApp-Image-2025-04-13-at-21.28.08-scaled.jpeg 1920w\" sizes=\"auto, (max-width: 768px) 100vw, 768px\" \/><\/a><figcaption class=\"wp-element-caption\">Par\u00f3quia S\u00e3o Pedro, Teixeira de freitas<\/figcaption><\/figure>\n\n\n\n<figure class=\"wp-block-image size-large\"><a href=\"https:\/\/dioceseteixeiradefreitas.com.br\/wp-content\/uploads\/2025\/04\/WhatsApp-Image-2025-04-13-at-21.59.01-scaled.jpeg\"><img loading=\"lazy\" decoding=\"async\" width=\"576\" height=\"1024\" data-id=\"24532\" src=\"https:\/\/dioceseteixeiradefreitas.com.br\/wp-content\/uploads\/2025\/04\/WhatsApp-Image-2025-04-13-at-21.59.01-576x1024.jpeg\" alt=\"\" class=\"wp-image-24532\" srcset=\"https:\/\/dioceseteixeiradefreitas.com.br\/wp-content\/uploads\/2025\/04\/WhatsApp-Image-2025-04-13-at-21.59.01-576x1024.jpeg 576w, https:\/\/dioceseteixeiradefreitas.com.br\/wp-content\/uploads\/2025\/04\/WhatsApp-Image-2025-04-13-at-21.59.01-169x300.jpeg 169w, https:\/\/dioceseteixeiradefreitas.com.br\/wp-content\/uploads\/2025\/04\/WhatsApp-Image-2025-04-13-at-21.59.01-768x1365.jpeg 768w, https:\/\/dioceseteixeiradefreitas.com.br\/wp-content\/uploads\/2025\/04\/WhatsApp-Image-2025-04-13-at-21.59.01-864x1536.jpeg 864w, https:\/\/dioceseteixeiradefreitas.com.br\/wp-content\/uploads\/2025\/04\/WhatsApp-Image-2025-04-13-at-21.59.01-1152x2048.jpeg 1152w, https:\/\/dioceseteixeiradefreitas.com.br\/wp-content\/uploads\/2025\/04\/WhatsApp-Image-2025-04-13-at-21.59.01-scaled.jpeg 1440w\" sizes=\"auto, (max-width: 576px) 100vw, 576px\" \/><\/a><figcaption class=\"wp-element-caption\">Par\u00f3quia S\u00e3o Louren\u00e7o, Teixeira de freitas<\/figcaption><\/figure>\n\n\n\n<figure class=\"wp-block-image size-large\"><a href=\"https:\/\/dioceseteixeiradefreitas.com.br\/wp-content\/uploads\/2025\/04\/WhatsApp-Image-2025-04-13-at-21.59.02-1-scaled.jpeg\"><img loading=\"lazy\" decoding=\"async\" width=\"768\" height=\"1024\" data-id=\"24533\" src=\"https:\/\/dioceseteixeiradefreitas.com.br\/wp-content\/uploads\/2025\/04\/WhatsApp-Image-2025-04-13-at-21.59.02-1-768x1024.jpeg\" alt=\"\" class=\"wp-image-24533\" srcset=\"https:\/\/dioceseteixeiradefreitas.com.br\/wp-content\/uploads\/2025\/04\/WhatsApp-Image-2025-04-13-at-21.59.02-1-768x1024.jpeg 768w, https:\/\/dioceseteixeiradefreitas.com.br\/wp-content\/uploads\/2025\/04\/WhatsApp-Image-2025-04-13-at-21.59.02-1-225x300.jpeg 225w, https:\/\/dioceseteixeiradefreitas.com.br\/wp-content\/uploads\/2025\/04\/WhatsApp-Image-2025-04-13-at-21.59.02-1-1152x1536.jpeg 1152w, https:\/\/dioceseteixeiradefreitas.com.br\/wp-content\/uploads\/2025\/04\/WhatsApp-Image-2025-04-13-at-21.59.02-1-1536x2048.jpeg 1536w, https:\/\/dioceseteixeiradefreitas.com.br\/wp-content\/uploads\/2025\/04\/WhatsApp-Image-2025-04-13-at-21.59.02-1-scaled.jpeg 1920w\" sizes=\"auto, (max-width: 768px) 100vw, 768px\" \/><\/a><figcaption class=\"wp-element-caption\">Par\u00f3quia S\u00e3o Louren\u00e7o, Teixeira de freitas<\/figcaption><\/figure>\n\n\n\n<figure class=\"wp-block-image size-large\"><a href=\"https:\/\/dioceseteixeiradefreitas.com.br\/wp-content\/uploads\/2025\/04\/WhatsApp-Image-2025-04-13-at-21.59.02-scaled.jpeg\"><img loading=\"lazy\" decoding=\"async\" width=\"576\" height=\"1024\" data-id=\"24534\" src=\"https:\/\/dioceseteixeiradefreitas.com.br\/wp-content\/uploads\/2025\/04\/WhatsApp-Image-2025-04-13-at-21.59.02-576x1024.jpeg\" alt=\"\" class=\"wp-image-24534\" srcset=\"https:\/\/dioceseteixeiradefreitas.com.br\/wp-content\/uploads\/2025\/04\/WhatsApp-Image-2025-04-13-at-21.59.02-576x1024.jpeg 576w, https:\/\/dioceseteixeiradefreitas.com.br\/wp-content\/uploads\/2025\/04\/WhatsApp-Image-2025-04-13-at-21.59.02-169x300.jpeg 169w, https:\/\/dioceseteixeiradefreitas.com.br\/wp-content\/uploads\/2025\/04\/WhatsApp-Image-2025-04-13-at-21.59.02-768x1365.jpeg 768w, https:\/\/dioceseteixeiradefreitas.com.br\/wp-content\/uploads\/2025\/04\/WhatsApp-Image-2025-04-13-at-21.59.02-864x1536.jpeg 864w, https:\/\/dioceseteixeiradefreitas.com.br\/wp-content\/uploads\/2025\/04\/WhatsApp-Image-2025-04-13-at-21.59.02-1152x2048.jpeg 1152w, https:\/\/dioceseteixeiradefreitas.com.br\/wp-content\/uploads\/2025\/04\/WhatsApp-Image-2025-04-13-at-21.59.02-scaled.jpeg 1440w\" sizes=\"auto, (max-width: 576px) 100vw, 576px\" \/><\/a><figcaption class=\"wp-element-caption\">Par\u00f3quia S\u00e3o Louren\u00e7o, Teixeira de freitas<\/figcaption><\/figure>\n\n\n\n<figure class=\"wp-block-image size-large\"><a href=\"https:\/\/dioceseteixeiradefreitas.com.br\/wp-content\/uploads\/2025\/04\/WhatsApp-Image-2025-04-13-at-17.50.11-1.jpeg\"><img loading=\"lazy\" decoding=\"async\" width=\"624\" height=\"1024\" data-id=\"24514\" src=\"https:\/\/dioceseteixeiradefreitas.com.br\/wp-content\/uploads\/2025\/04\/WhatsApp-Image-2025-04-13-at-17.50.11-1-624x1024.jpeg\" alt=\"\" class=\"wp-image-24514\" srcset=\"https:\/\/dioceseteixeiradefreitas.com.br\/wp-content\/uploads\/2025\/04\/WhatsApp-Image-2025-04-13-at-17.50.11-1-624x1024.jpeg 624w, https:\/\/dioceseteixeiradefreitas.com.br\/wp-content\/uploads\/2025\/04\/WhatsApp-Image-2025-04-13-at-17.50.11-1-183x300.jpeg 183w, https:\/\/dioceseteixeiradefreitas.com.br\/wp-content\/uploads\/2025\/04\/WhatsApp-Image-2025-04-13-at-17.50.11-1-768x1260.jpeg 768w, https:\/\/dioceseteixeiradefreitas.com.br\/wp-content\/uploads\/2025\/04\/WhatsApp-Image-2025-04-13-at-17.50.11-1-937x1536.jpeg 937w, https:\/\/dioceseteixeiradefreitas.com.br\/wp-content\/uploads\/2025\/04\/WhatsApp-Image-2025-04-13-at-17.50.11-1.jpeg 975w\" sizes=\"auto, (max-width: 624px) 100vw, 624px\" \/><\/a><figcaption class=\"wp-element-caption\">Par\u00f3quia Nossa Senhora D&#8217;Ajuda, Itanh\u00e9m<\/figcaption><\/figure>\n\n\n\n<figure class=\"wp-block-image size-large\"><a href=\"https:\/\/dioceseteixeiradefreitas.com.br\/wp-content\/uploads\/2025\/04\/IMG_4573-scaled.jpg\"><img loading=\"lazy\" decoding=\"async\" width=\"1024\" height=\"681\" data-id=\"24535\" src=\"https:\/\/dioceseteixeiradefreitas.com.br\/wp-content\/uploads\/2025\/04\/IMG_4573-1024x681.jpg\" alt=\"\" class=\"wp-image-24535\" srcset=\"https:\/\/dioceseteixeiradefreitas.com.br\/wp-content\/uploads\/2025\/04\/IMG_4573-1024x681.jpg 1024w, https:\/\/dioceseteixeiradefreitas.com.br\/wp-content\/uploads\/2025\/04\/IMG_4573-300x199.jpg 300w, https:\/\/dioceseteixeiradefreitas.com.br\/wp-content\/uploads\/2025\/04\/IMG_4573-768x511.jpg 768w, https:\/\/dioceseteixeiradefreitas.com.br\/wp-content\/uploads\/2025\/04\/IMG_4573-1536x1021.jpg 1536w, https:\/\/dioceseteixeiradefreitas.com.br\/wp-content\/uploads\/2025\/04\/IMG_4573-2048x1362.jpg 2048w\" sizes=\"auto, (max-width: 1024px) 100vw, 1024px\" \/><\/a><figcaption class=\"wp-element-caption\">Par\u00f3quia Imaculada &#8211; Medeiros Neto<\/figcaption><\/figure>\n\n\n\n<figure class=\"wp-block-image size-large\"><a href=\"https:\/\/dioceseteixeiradefreitas.com.br\/wp-content\/uploads\/2025\/04\/IMG_4671-scaled.jpg\"><img loading=\"lazy\" decoding=\"async\" width=\"1024\" height=\"683\" data-id=\"24537\" src=\"https:\/\/dioceseteixeiradefreitas.com.br\/wp-content\/uploads\/2025\/04\/IMG_4671-1024x683.jpg\" alt=\"\" class=\"wp-image-24537\" srcset=\"https:\/\/dioceseteixeiradefreitas.com.br\/wp-content\/uploads\/2025\/04\/IMG_4671-1024x683.jpg 1024w, https:\/\/dioceseteixeiradefreitas.com.br\/wp-content\/uploads\/2025\/04\/IMG_4671-300x200.jpg 300w, https:\/\/dioceseteixeiradefreitas.com.br\/wp-content\/uploads\/2025\/04\/IMG_4671-768x512.jpg 768w, https:\/\/dioceseteixeiradefreitas.com.br\/wp-content\/uploads\/2025\/04\/IMG_4671-1536x1024.jpg 1536w, https:\/\/dioceseteixeiradefreitas.com.br\/wp-content\/uploads\/2025\/04\/IMG_4671-2048x1365.jpg 2048w\" sizes=\"auto, (max-width: 1024px) 100vw, 1024px\" \/><\/a><figcaption class=\"wp-element-caption\">Pascom Imaculada &#8211; Medeiros Neto<\/figcaption><\/figure>\n\n\n\n<figure class=\"wp-block-image size-large\"><a href=\"https:\/\/dioceseteixeiradefreitas.com.br\/wp-content\/uploads\/2025\/04\/WhatsApp-Image-2025-04-13-at-10.27.22-scaled.jpeg\"><img loading=\"lazy\" decoding=\"async\" width=\"768\" height=\"1024\" data-id=\"24539\" src=\"https:\/\/dioceseteixeiradefreitas.com.br\/wp-content\/uploads\/2025\/04\/WhatsApp-Image-2025-04-13-at-10.27.22-768x1024.jpeg\" alt=\"\" class=\"wp-image-24539\" srcset=\"https:\/\/dioceseteixeiradefreitas.com.br\/wp-content\/uploads\/2025\/04\/WhatsApp-Image-2025-04-13-at-10.27.22-768x1024.jpeg 768w, https:\/\/dioceseteixeiradefreitas.com.br\/wp-content\/uploads\/2025\/04\/WhatsApp-Image-2025-04-13-at-10.27.22-225x300.jpeg 225w, https:\/\/dioceseteixeiradefreitas.com.br\/wp-content\/uploads\/2025\/04\/WhatsApp-Image-2025-04-13-at-10.27.22-1152x1536.jpeg 1152w, https:\/\/dioceseteixeiradefreitas.com.br\/wp-content\/uploads\/2025\/04\/WhatsApp-Image-2025-04-13-at-10.27.22-1536x2048.jpeg 1536w, https:\/\/dioceseteixeiradefreitas.com.br\/wp-content\/uploads\/2025\/04\/WhatsApp-Image-2025-04-13-at-10.27.22-scaled.jpeg 1920w\" sizes=\"auto, (max-width: 768px) 100vw, 768px\" \/><\/a><figcaption class=\"wp-element-caption\">Par\u00f3quia S\u00e3o Pedro, Teixeira de freitas<\/figcaption><\/figure>\n\n\n\n<figure class=\"wp-block-image size-large\"><a href=\"https:\/\/dioceseteixeiradefreitas.com.br\/wp-content\/uploads\/2025\/04\/WhatsApp-Image-2025-04-13-at-22.22.57-1.jpeg\"><img loading=\"lazy\" decoding=\"async\" width=\"793\" height=\"1024\" data-id=\"24540\" src=\"https:\/\/dioceseteixeiradefreitas.com.br\/wp-content\/uploads\/2025\/04\/WhatsApp-Image-2025-04-13-at-22.22.57-1-793x1024.jpeg\" alt=\"\" class=\"wp-image-24540\" srcset=\"https:\/\/dioceseteixeiradefreitas.com.br\/wp-content\/uploads\/2025\/04\/WhatsApp-Image-2025-04-13-at-22.22.57-1-793x1024.jpeg 793w, https:\/\/dioceseteixeiradefreitas.com.br\/wp-content\/uploads\/2025\/04\/WhatsApp-Image-2025-04-13-at-22.22.57-1-232x300.jpeg 232w, https:\/\/dioceseteixeiradefreitas.com.br\/wp-content\/uploads\/2025\/04\/WhatsApp-Image-2025-04-13-at-22.22.57-1-768x992.jpeg 768w, https:\/\/dioceseteixeiradefreitas.com.br\/wp-content\/uploads\/2025\/04\/WhatsApp-Image-2025-04-13-at-22.22.57-1.jpeg 991w\" sizes=\"auto, (max-width: 793px) 100vw, 793px\" \/><\/a><figcaption class=\"wp-element-caption\">Par\u00f3quia S\u00e3o Pedro, Teixeira de freitas<\/figcaption><\/figure>\n\n\n\n<figure class=\"wp-block-image size-large\"><a href=\"https:\/\/dioceseteixeiradefreitas.com.br\/wp-content\/uploads\/2025\/04\/WhatsApp-Image-2025-04-13-at-22.22.57.jpeg\"><img loading=\"lazy\" decoding=\"async\" width=\"760\" height=\"1024\" data-id=\"24541\" src=\"https:\/\/dioceseteixeiradefreitas.com.br\/wp-content\/uploads\/2025\/04\/WhatsApp-Image-2025-04-13-at-22.22.57-760x1024.jpeg\" alt=\"\" class=\"wp-image-24541\" srcset=\"https:\/\/dioceseteixeiradefreitas.com.br\/wp-content\/uploads\/2025\/04\/WhatsApp-Image-2025-04-13-at-22.22.57-760x1024.jpeg 760w, https:\/\/dioceseteixeiradefreitas.com.br\/wp-content\/uploads\/2025\/04\/WhatsApp-Image-2025-04-13-at-22.22.57-223x300.jpeg 223w, https:\/\/dioceseteixeiradefreitas.com.br\/wp-content\/uploads\/2025\/04\/WhatsApp-Image-2025-04-13-at-22.22.57-768x1035.jpeg 768w, https:\/\/dioceseteixeiradefreitas.com.br\/wp-content\/uploads\/2025\/04\/WhatsApp-Image-2025-04-13-at-22.22.57.jpeg 950w\" sizes=\"auto, (max-width: 760px) 100vw, 760px\" \/><\/a><figcaption class=\"wp-element-caption\">Par\u00f3quia S\u00e3o Pedro, Teixeira de freitas<\/figcaption><\/figure>\n\n\n\n<figure class=\"wp-block-image size-large\"><a href=\"https:\/\/dioceseteixeiradefreitas.com.br\/wp-content\/uploads\/2025\/04\/WhatsApp-Image-2025-04-13-at-22.07.44-scaled.jpeg\"><img loading=\"lazy\" decoding=\"async\" width=\"544\" height=\"1024\" data-id=\"24538\" src=\"https:\/\/dioceseteixeiradefreitas.com.br\/wp-content\/uploads\/2025\/04\/WhatsApp-Image-2025-04-13-at-22.07.44-544x1024.jpeg\" alt=\"\" class=\"wp-image-24538\" srcset=\"https:\/\/dioceseteixeiradefreitas.com.br\/wp-content\/uploads\/2025\/04\/WhatsApp-Image-2025-04-13-at-22.07.44-544x1024.jpeg 544w, https:\/\/dioceseteixeiradefreitas.com.br\/wp-content\/uploads\/2025\/04\/WhatsApp-Image-2025-04-13-at-22.07.44-159x300.jpeg 159w, https:\/\/dioceseteixeiradefreitas.com.br\/wp-content\/uploads\/2025\/04\/WhatsApp-Image-2025-04-13-at-22.07.44-768x1445.jpeg 768w, https:\/\/dioceseteixeiradefreitas.com.br\/wp-content\/uploads\/2025\/04\/WhatsApp-Image-2025-04-13-at-22.07.44-816x1536.jpeg 816w, https:\/\/dioceseteixeiradefreitas.com.br\/wp-content\/uploads\/2025\/04\/WhatsApp-Image-2025-04-13-at-22.07.44-1089x2048.jpeg 1089w, https:\/\/dioceseteixeiradefreitas.com.br\/wp-content\/uploads\/2025\/04\/WhatsApp-Image-2025-04-13-at-22.07.44-scaled.jpeg 1361w\" sizes=\"auto, (max-width: 544px) 100vw, 544px\" \/><\/a><figcaption class=\"wp-element-caption\">Par\u00f3quia Pascom N. Senhora Da Purifica\u00e7ao Prado<\/figcaption><\/figure>\n\n\n\n<figure class=\"wp-block-image size-large\"><a href=\"https:\/\/dioceseteixeiradefreitas.com.br\/wp-content\/uploads\/2025\/04\/IMG_1995.jpg\"><img loading=\"lazy\" decoding=\"async\" width=\"683\" height=\"1024\" data-id=\"24543\" src=\"https:\/\/dioceseteixeiradefreitas.com.br\/wp-content\/uploads\/2025\/04\/IMG_1995-683x1024.jpg\" alt=\"\" class=\"wp-image-24543\" srcset=\"https:\/\/dioceseteixeiradefreitas.com.br\/wp-content\/uploads\/2025\/04\/IMG_1995-683x1024.jpg 683w, https:\/\/dioceseteixeiradefreitas.com.br\/wp-content\/uploads\/2025\/04\/IMG_1995-200x300.jpg 200w, https:\/\/dioceseteixeiradefreitas.com.br\/wp-content\/uploads\/2025\/04\/IMG_1995-768x1152.jpg 768w, https:\/\/dioceseteixeiradefreitas.com.br\/wp-content\/uploads\/2025\/04\/IMG_1995-1024x1536.jpg 1024w, https:\/\/dioceseteixeiradefreitas.com.br\/wp-content\/uploads\/2025\/04\/IMG_1995.jpg 1365w\" sizes=\"auto, (max-width: 683px) 100vw, 683px\" \/><\/a><figcaption class=\"wp-element-caption\">Par\u00f3quia S\u00e3o Sebasti\u00e3o , Teixeira de freitas<\/figcaption><\/figure>\n\n\n\n<figure class=\"wp-block-image size-large\"><a href=\"https:\/\/dioceseteixeiradefreitas.com.br\/wp-content\/uploads\/2025\/04\/IMG_2038.jpg\"><img loading=\"lazy\" decoding=\"async\" width=\"1024\" height=\"683\" data-id=\"24544\" src=\"https:\/\/dioceseteixeiradefreitas.com.br\/wp-content\/uploads\/2025\/04\/IMG_2038-1024x683.jpg\" alt=\"\" class=\"wp-image-24544\" srcset=\"https:\/\/dioceseteixeiradefreitas.com.br\/wp-content\/uploads\/2025\/04\/IMG_2038-1024x683.jpg 1024w, https:\/\/dioceseteixeiradefreitas.com.br\/wp-content\/uploads\/2025\/04\/IMG_2038-300x200.jpg 300w, https:\/\/dioceseteixeiradefreitas.com.br\/wp-content\/uploads\/2025\/04\/IMG_2038-768x512.jpg 768w, https:\/\/dioceseteixeiradefreitas.com.br\/wp-content\/uploads\/2025\/04\/IMG_2038-1536x1024.jpg 1536w, https:\/\/dioceseteixeiradefreitas.com.br\/wp-content\/uploads\/2025\/04\/IMG_2038.jpg 2048w\" sizes=\"auto, (max-width: 1024px) 100vw, 1024px\" \/><\/a><figcaption class=\"wp-element-caption\">Par\u00f3quia S\u00e3o Sebasti\u00e3o , Teixeira de freitas<\/figcaption><\/figure>\n\n\n\n<figure class=\"wp-block-image size-large\"><a href=\"https:\/\/dioceseteixeiradefreitas.com.br\/wp-content\/uploads\/2025\/04\/IMG_2018.jpg\"><img loading=\"lazy\" decoding=\"async\" width=\"1024\" height=\"683\" data-id=\"24545\" src=\"https:\/\/dioceseteixeiradefreitas.com.br\/wp-content\/uploads\/2025\/04\/IMG_2018-1024x683.jpg\" alt=\"\" class=\"wp-image-24545\" srcset=\"https:\/\/dioceseteixeiradefreitas.com.br\/wp-content\/uploads\/2025\/04\/IMG_2018-1024x683.jpg 1024w, https:\/\/dioceseteixeiradefreitas.com.br\/wp-content\/uploads\/2025\/04\/IMG_2018-300x200.jpg 300w, https:\/\/dioceseteixeiradefreitas.com.br\/wp-content\/uploads\/2025\/04\/IMG_2018-768x512.jpg 768w, https:\/\/dioceseteixeiradefreitas.com.br\/wp-content\/uploads\/2025\/04\/IMG_2018-1536x1024.jpg 1536w, https:\/\/dioceseteixeiradefreitas.com.br\/wp-content\/uploads\/2025\/04\/IMG_2018.jpg 2048w\" sizes=\"auto, (max-width: 1024px) 100vw, 1024px\" \/><\/a><figcaption class=\"wp-element-caption\">Par\u00f3quia S\u00e3o Sebasti\u00e3o , Teixeira de freitas<\/figcaption><\/figure>\n\n\n\n<figure class=\"wp-block-image size-large\"><a href=\"https:\/\/dioceseteixeiradefreitas.com.br\/wp-content\/uploads\/2025\/04\/IMG_2042.jpg\"><img loading=\"lazy\" decoding=\"async\" width=\"1024\" height=\"683\" data-id=\"24546\" src=\"https:\/\/dioceseteixeiradefreitas.com.br\/wp-content\/uploads\/2025\/04\/IMG_2042-1024x683.jpg\" alt=\"\" class=\"wp-image-24546\" srcset=\"https:\/\/dioceseteixeiradefreitas.com.br\/wp-content\/uploads\/2025\/04\/IMG_2042-1024x683.jpg 1024w, https:\/\/dioceseteixeiradefreitas.com.br\/wp-content\/uploads\/2025\/04\/IMG_2042-300x200.jpg 300w, https:\/\/dioceseteixeiradefreitas.com.br\/wp-content\/uploads\/2025\/04\/IMG_2042-768x512.jpg 768w, https:\/\/dioceseteixeiradefreitas.com.br\/wp-content\/uploads\/2025\/04\/IMG_2042-1536x1024.jpg 1536w, https:\/\/dioceseteixeiradefreitas.com.br\/wp-content\/uploads\/2025\/04\/IMG_2042.jpg 2048w\" sizes=\"auto, (max-width: 1024px) 100vw, 1024px\" \/><\/a><figcaption class=\"wp-element-caption\">Par\u00f3quia S\u00e3o Sebasti\u00e3o , Teixeira de freitas<\/figcaption><\/figure>\n<\/figure>\n","protected":false},"excerpt":{"rendered":"<p>Par\u00f3quia S\u00e3o Sebasti\u00e3o , Teixeira de freitas Neste domingo, 13 de abril, a Diocese de Teixeira de Freitas\u2013BA, em comunh\u00e3o com todas as suas par\u00f3quias, celebrou com f\u00e9 e devo\u00e7\u00e3o a tradicional prociss\u00e3o de Ramos, recordando a entrada triunfal de Jesus em Jerusal\u00e9m. Com os ramos nas m\u00e3os e os cora\u00e7\u00f5es abertos, demos in\u00edcio \u00e0 &hellip;<\/p>\n","protected":false},"author":33,"featured_media":24544,"comment_status":"closed","ping_status":"closed","sticky":false,"template":"","format":"standard","meta":{"footnotes":""},"categories":[100,41,310],"tags":[125,451,498,434],"class_list":["post-24510","post","type-post","status-publish","format-standard","has-post-thumbnail","hentry","category-noticias-diocesanas","category-noticias_destaque","category-noticias-paroquiais","tag-diocese","tag-diocese-de-teixeira-de-freitas-caravelas","tag-domingo-de-ramos","tag-pascom-diocesana"],"_links":{"self":[{"href":"https:\/\/dioceseteixeiradefreitas.com.br\/index.php?rest_route=\/wp\/v2\/posts\/24510","targetHints":{"allow":["GET"]}}],"collection":[{"href":"https:\/\/dioceseteixeiradefreitas.com.br\/index.php?rest_route=\/wp\/v2\/posts"}],"about":[{"href":"https:\/\/dioceseteixeiradefreitas.com.br\/index.php?rest_route=\/wp\/v2\/types\/post"}],"author":[{"embeddable":true,"href":"https:\/\/dioceseteixeiradefreitas.com.br\/index.php?rest_route=\/wp\/v2\/users\/33"}],"replies":[{"embeddable":true,"href":"https:\/\/dioceseteixeiradefreitas.com.br\/index.php?rest_route=%2Fwp%2Fv2%2Fcomments&post=24510"}],"version-history":[{"count":2,"href":"https:\/\/dioceseteixeiradefreitas.com.br\/index.php?rest_route=\/wp\/v2\/posts\/24510\/revisions"}],"predecessor-version":[{"id":24547,"href":"https:\/\/dioceseteixeiradefreitas.com.br\/index.php?rest_route=\/wp\/v2\/posts\/24510\/revisions\/24547"}],"wp:featuredmedia":[{"embeddable":true,"href":"https:\/\/dioceseteixeiradefreitas.com.br\/index.php?rest_route=\/wp\/v2\/media\/24544"}],"wp:attachment":[{"href":"https:\/\/dioceseteixeiradefreitas.com.br\/index.php?rest_route=%2Fwp%2Fv2%2Fmedia&parent=24510"}],"wp:term":[{"taxonomy":"category","embeddable":true,"href":"https:\/\/dioceseteixeiradefreitas.com.br\/index.php?rest_route=%2Fwp%2Fv2%2Fcategories&post=24510"},{"taxonomy":"post_tag","embeddable":true,"href":"https:\/\/dioceseteixeiradefreitas.com.br\/index.php?rest_route=%2Fwp%2Fv2%2Ftags&post=24510"}],"curies":[{"name":"wp","href":"https:\/\/api.w.org\/{rel}","templated":true}]}}