{"id":24548,"date":"2025-04-14T16:40:21","date_gmt":"2025-04-14T19:40:21","guid":{"rendered":"https:\/\/dioceseteixeiradefreitas.com.br\/?p=24548"},"modified":"2025-04-14T16:40:22","modified_gmt":"2025-04-14T19:40:22","slug":"pe-edivaldo-publica-mensagem-para-a-diocese","status":"publish","type":"post","link":"https:\/\/dioceseteixeiradefreitas.com.br\/?p=24548","title":{"rendered":"Pe. Edivaldo Publica Mensagem para a Diocese"},"content":{"rendered":"\n<p><strong>SOB O OLHAR DE S\u00c3O PEDRO, CAMINHAMOS EM COMUNH\u00c3O<\/strong>.              Carta do Administrador Diocesano aos irm\u00e3os do clero, seminaristas, Religiosos(as), Consagrados(as), colaboradores e ao amado povo de Deus<\/p>\n\n\n\n<p>Amados irm\u00e3os e irm\u00e3s em Cristo,<\/p>\n\n\n\n<p>Com o cora\u00e7\u00e3o profundamente tocado pela gra\u00e7a de Deus e sob a inspira\u00e7\u00e3o do Esp\u00edrito Santo, dirijo-me a todos voc\u00eas ap\u00f3s minha nomea\u00e7\u00e3o, no dia 08 de abril de 2025, como <strong>Administrador Diocesano da Diocese de Teixeira de Freitas\/Caravelas<\/strong>, pelo Col\u00e9gio dos Consultores, na aus\u00eancia de um bispo titular.<\/p>\n\n\n\n<p>Recebo esta miss\u00e3o com humildade e confian\u00e7a em Deus, reconhecendo minha limita\u00e7\u00e3o, mas certo de que <strong>&#8220;quando sou fraco, ent\u00e3o \u00e9 que sou forte&#8221;<\/strong> (2Cor 12,10), pois \u00e9 o Senhor quem nos sustenta. Agrade\u00e7o ao Col\u00e9gio dos Consultores pela confian\u00e7a, e a todos os que, com ora\u00e7\u00f5es e palavras de encorajamento, j\u00e1 manifestaram seu apoio.<\/p>\n\n\n\n<p>Este \u00e9 um tempo de transi\u00e7\u00e3o, mas tamb\u00e9m de esperan\u00e7a. Pe\u00e7o a todos, clero, seminaristas, religiosos e religiosas, leigos e leigas, que se unam em ora\u00e7\u00e3o e colabora\u00e7\u00e3o. <strong>Somos uma Igreja viva, chamada a permanecer firme na f\u00e9, como o nosso padroeiro S\u00e3o Pedro, a quem o Senhor disse: &#8220;Tu \u00e9s Pedro, e sobre esta pedra edificarei a minha Igreja&#8221; (Mt<\/strong> <strong>16,18).<\/strong><\/p>\n\n\n\n<p>Estamos todos <strong>na mesma barca<\/strong>, e com coragem, <strong>remamos juntos para \u00e1guas mais profundas (Duc in Altum). <\/strong>O mesmo Senhor que chamou Pedro, que o sustentou nas tempestades, tamb\u00e9m nos conduz.<\/p>\n\n\n\n<p>Roguemos a Deus que, em Sua Provid\u00eancia, nos envie em breve <strong>um novo Pastor<\/strong>, um bispo segundo o cora\u00e7\u00e3o de Cristo, que continue a guiar esta amada Diocese com sabedoria, zelo e esp\u00edrito mission\u00e1rio.<\/p>\n\n\n\n<p>Com S\u00e3o Pedro como intercessor e guia, e com Maria, M\u00e3e da Igreja, seguimos juntos com esperan\u00e7a e f\u00e9, certos de que &#8220;o Senhor est\u00e1 conosco at\u00e9 o fim dos tempos&#8221; (cf. Mt 28,20).<\/p>\n\n\n\n<p>Contem com minha ora\u00e7\u00e3o e dedica\u00e7\u00e3o.<\/p>\n\n\n\n<p>Com afeto fraterno,<\/p>\n\n\n\n<p class=\"has-text-align-center\"><strong>Padre Edivaldo Oliveira Santana<\/strong><\/p>\n\n\n\n<div data-wp-interactive=\"core\/file\" class=\"wp-block-file\"><object data-wp-bind--hidden=\"!state.hasPdfPreview\" hidden class=\"wp-block-file__embed\" data=\"https:\/\/dioceseteixeiradefreitas.com.br\/wp-content\/uploads\/2025\/04\/Carta-do-Administrador-Diocesano-1.pdf\" type=\"application\/pdf\" style=\"width:100%;height:600px\" aria-label=\"Incorporado de Carta do Administrador Diocesano (1).\"><\/object><a id=\"wp-block-file--media-f096607b-ab71-4b91-91a6-dc0126e8e8d1\" href=\"https:\/\/dioceseteixeiradefreitas.com.br\/wp-content\/uploads\/2025\/04\/Carta-do-Administrador-Diocesano-1.pdf\">Carta do Administrador Diocesano (1)<\/a><a href=\"https:\/\/dioceseteixeiradefreitas.com.br\/wp-content\/uploads\/2025\/04\/Carta-do-Administrador-Diocesano-1.pdf\" class=\"wp-block-file__button wp-element-button\" download aria-describedby=\"wp-block-file--media-f096607b-ab71-4b91-91a6-dc0126e8e8d1\">Baixar<\/a><\/div>\n","protected":false},"excerpt":{"rendered":"<p>SOB O OLHAR DE S\u00c3O PEDRO, CAMINHAMOS EM COMUNH\u00c3O. Carta do Administrador Diocesano aos irm\u00e3os do clero, seminaristas, Religiosos(as), Consagrados(as), colaboradores e ao amado povo de Deus Amados irm\u00e3os e irm\u00e3s em Cristo, Com o cora\u00e7\u00e3o profundamente tocado pela gra\u00e7a de Deus e sob a inspira\u00e7\u00e3o do Esp\u00edrito Santo, dirijo-me a todos voc\u00eas ap\u00f3s minha &hellip;<\/p>\n","protected":false},"author":32,"featured_media":24554,"comment_status":"closed","ping_status":"closed","sticky":false,"template":"","format":"standard","meta":{"footnotes":""},"categories":[100,41],"tags":[],"class_list":["post-24548","post","type-post","status-publish","format-standard","has-post-thumbnail","hentry","category-noticias-diocesanas","category-noticias_destaque"],"_links":{"self":[{"href":"https:\/\/dioceseteixeiradefreitas.com.br\/index.php?rest_route=\/wp\/v2\/posts\/24548","targetHints":{"allow":["GET"]}}],"collection":[{"href":"https:\/\/dioceseteixeiradefreitas.com.br\/index.php?rest_route=\/wp\/v2\/posts"}],"about":[{"href":"https:\/\/dioceseteixeiradefreitas.com.br\/index.php?rest_route=\/wp\/v2\/types\/post"}],"author":[{"embeddable":true,"href":"https:\/\/dioceseteixeiradefreitas.com.br\/index.php?rest_route=\/wp\/v2\/users\/32"}],"replies":[{"embeddable":true,"href":"https:\/\/dioceseteixeiradefreitas.com.br\/index.php?rest_route=%2Fwp%2Fv2%2Fcomments&post=24548"}],"version-history":[{"count":2,"href":"https:\/\/dioceseteixeiradefreitas.com.br\/index.php?rest_route=\/wp\/v2\/posts\/24548\/revisions"}],"predecessor-version":[{"id":24555,"href":"https:\/\/dioceseteixeiradefreitas.com.br\/index.php?rest_route=\/wp\/v2\/posts\/24548\/revisions\/24555"}],"wp:featuredmedia":[{"embeddable":true,"href":"https:\/\/dioceseteixeiradefreitas.com.br\/index.php?rest_route=\/wp\/v2\/media\/24554"}],"wp:attachment":[{"href":"https:\/\/dioceseteixeiradefreitas.com.br\/index.php?rest_route=%2Fwp%2Fv2%2Fmedia&parent=24548"}],"wp:term":[{"taxonomy":"category","embeddable":true,"href":"https:\/\/dioceseteixeiradefreitas.com.br\/index.php?rest_route=%2Fwp%2Fv2%2Fcategories&post=24548"},{"taxonomy":"post_tag","embeddable":true,"href":"https:\/\/dioceseteixeiradefreitas.com.br\/index.php?rest_route=%2Fwp%2Fv2%2Ftags&post=24548"}],"curies":[{"name":"wp","href":"https:\/\/api.w.org\/{rel}","templated":true}]}}