{"id":24582,"date":"2025-04-17T15:56:05","date_gmt":"2025-04-17T18:56:05","guid":{"rendered":"https:\/\/dioceseteixeiradefreitas.com.br\/?p=24582"},"modified":"2025-04-17T16:01:44","modified_gmt":"2025-04-17T19:01:44","slug":"mensagem-do-administrador-diocesano-ao-clero-quinta-feira-santa-dia-da-instituicao-da-eucaristia-e-do-sacerdocio","status":"publish","type":"post","link":"https:\/\/dioceseteixeiradefreitas.com.br\/?p=24582","title":{"rendered":"Mensagem do Administrador Diocesano ao Clero Quinta-feira Santa-Dia da Institui\u00e7\u00e3o da Eucaristia e do Sacerd\u00f3cio"},"content":{"rendered":"\n<figure class=\"wp-block-image size-large\"><a href=\"https:\/\/dioceseteixeiradefreitas.com.br\/wp-content\/uploads\/2025\/04\/MENSAGEM-landscape.jpg\"><img loading=\"lazy\" decoding=\"async\" width=\"1024\" height=\"577\" src=\"https:\/\/dioceseteixeiradefreitas.com.br\/wp-content\/uploads\/2025\/04\/MENSAGEM-landscape-1024x577.jpg\" alt=\"\" class=\"wp-image-24554\" srcset=\"https:\/\/dioceseteixeiradefreitas.com.br\/wp-content\/uploads\/2025\/04\/MENSAGEM-landscape-1024x577.jpg 1024w, https:\/\/dioceseteixeiradefreitas.com.br\/wp-content\/uploads\/2025\/04\/MENSAGEM-landscape-300x169.jpg 300w, https:\/\/dioceseteixeiradefreitas.com.br\/wp-content\/uploads\/2025\/04\/MENSAGEM-landscape-768x433.jpg 768w, https:\/\/dioceseteixeiradefreitas.com.br\/wp-content\/uploads\/2025\/04\/MENSAGEM-landscape-1536x865.jpg 1536w, https:\/\/dioceseteixeiradefreitas.com.br\/wp-content\/uploads\/2025\/04\/MENSAGEM-landscape-390x220.jpg 390w, https:\/\/dioceseteixeiradefreitas.com.br\/wp-content\/uploads\/2025\/04\/MENSAGEM-landscape.jpg 1640w\" sizes=\"auto, (max-width: 1024px) 100vw, 1024px\" \/><\/a><\/figure>\n\n\n\n<p><strong>Amados irm\u00e3os no sacerd\u00f3cio,<\/strong><\/p>\n\n\n\n<p>Neste dia t\u00e3o sagrado e significativo para a nossa f\u00e9, a<strong> Quinta-feira Santa<\/strong>, em que celebramos a institui\u00e7\u00e3o da <strong>Sant\u00edssima Eucaristia e do Sacerd\u00f3cio Ministerial, <\/strong>quero me dirigir a cada um de voc\u00eas com profunda gratid\u00e3o, estima e fraternidade. <\/p>\n\n\n\n<p>\u00c9 no cen\u00e1culo, onde Cristo se oferece em amor, que tamb\u00e9m n\u00f3s somos chamados a renovar nossa entrega, nossa fidelidade e nosso servi\u00e7o ao povo de Deus. A Eucaristia que celebramos diariamente \u00e9 a fonte e o \u00e1pice da nossa vida sacerdotal, e hoje, de forma especial, somos convidados a voltar o olhar para o mist\u00e9rio que nos constitui como ministros de Cristo e servidores da Igreja. <\/p>\n\n\n\n<p>Quero, com o cora\u00e7\u00e3o cheio de gratid\u00e3o, <strong>parabenizar cada sacerdote da nossa querida Diocese de Teixeira de Freitas\/Caravelas,<\/strong> pelo dom da voca\u00e7\u00e3o, pelo servi\u00e7o incans\u00e1vel, pela doa\u00e7\u00e3o silenciosa e muitas vezes sofrida, mas cheia de amor e esperan\u00e7a. <\/p>\n\n\n\n<p>Que este dia seja para todos n\u00f3s um momento de renova\u00e7\u00e3o do nosso sim, um tempo de gra\u00e7a e de profunda comunh\u00e3o com Cristo Servidor. Que o exemplo do Bom Pastor continue nos inspirando a sermos homens da Eucaristia, pastores segundo o Cora\u00e7\u00e3o de Jesus, pr\u00f3ximos do povo, dispon\u00edveis para o servi\u00e7o e sempre abertos \u00e0 vontade do Pai. <\/p>\n\n\n\n<p><strong>Recebam meu abra\u00e7o fraterno, minhas ora\u00e7\u00f5es e o desejo sincero de um minist\u00e9rio fecundo, alegre e cheio do Esp\u00edrito Santo. <\/strong><\/p>\n\n\n\n<p>Com estima e b\u00ean\u00e7\u00e3o,<strong> Padre Edivaldo Oliveira Santana<\/strong>.<\/p>\n\n\n\n<p><\/p>\n\n\n\n<div data-wp-interactive=\"core\/file\" class=\"wp-block-file\"><object data-wp-bind--hidden=\"!state.hasPdfPreview\" hidden class=\"wp-block-file__embed\" data=\"https:\/\/dioceseteixeiradefreitas.com.br\/wp-content\/uploads\/2025\/04\/Mensagem-do-Administrador-Diocesano-ao-Clero-Quinta-feira-Santa-dia-da-Instituicao-da-Eucaristia-e-do-Sacerdocio.pdf\" type=\"application\/pdf\" style=\"width:100%;height:600px\" aria-label=\"Incorporado de Mensagem do Administrador Diocesano ao Clero Quinta feira Santa dia da Instituic\u0327a\u0303o da Eucaristia e do Sacerdo\u0301cio.\"><\/object><a id=\"wp-block-file--media-3ad5241a-c5e1-4e0b-bd17-84522c0015fb\" href=\"https:\/\/dioceseteixeiradefreitas.com.br\/wp-content\/uploads\/2025\/04\/Mensagem-do-Administrador-Diocesano-ao-Clero-Quinta-feira-Santa-dia-da-Instituicao-da-Eucaristia-e-do-Sacerdocio.pdf\">Mensagem do Administrador Diocesano ao Clero Quinta feira Santa dia da Instituic\u0327a\u0303o da Eucaristia e do Sacerdo\u0301cio<\/a><a href=\"https:\/\/dioceseteixeiradefreitas.com.br\/wp-content\/uploads\/2025\/04\/Mensagem-do-Administrador-Diocesano-ao-Clero-Quinta-feira-Santa-dia-da-Instituicao-da-Eucaristia-e-do-Sacerdocio.pdf\" class=\"wp-block-file__button wp-element-button\" download aria-describedby=\"wp-block-file--media-3ad5241a-c5e1-4e0b-bd17-84522c0015fb\">Baixar<\/a><\/div>\n","protected":false},"excerpt":{"rendered":"<p>Amados irm\u00e3os no sacerd\u00f3cio, Neste dia t\u00e3o sagrado e significativo para a nossa f\u00e9, a Quinta-feira Santa, em que celebramos a institui\u00e7\u00e3o da Sant\u00edssima Eucaristia e do Sacerd\u00f3cio Ministerial, quero me dirigir a cada um de voc\u00eas com profunda gratid\u00e3o, estima e fraternidade. \u00c9 no cen\u00e1culo, onde Cristo se oferece em amor, que tamb\u00e9m n\u00f3s &hellip;<\/p>\n","protected":false},"author":33,"featured_media":24554,"comment_status":"closed","ping_status":"closed","sticky":false,"template":"","format":"standard","meta":{"footnotes":""},"categories":[51,100,41,310],"tags":[1232,125,451,434],"class_list":["post-24582","post","type-post","status-publish","format-standard","has-post-thumbnail","hentry","category-notas","category-noticias-diocesanas","category-noticias_destaque","category-noticias-paroquiais","tag-administrador-diocesano","tag-diocese","tag-diocese-de-teixeira-de-freitas-caravelas","tag-pascom-diocesana"],"_links":{"self":[{"href":"https:\/\/dioceseteixeiradefreitas.com.br\/index.php?rest_route=\/wp\/v2\/posts\/24582","targetHints":{"allow":["GET"]}}],"collection":[{"href":"https:\/\/dioceseteixeiradefreitas.com.br\/index.php?rest_route=\/wp\/v2\/posts"}],"about":[{"href":"https:\/\/dioceseteixeiradefreitas.com.br\/index.php?rest_route=\/wp\/v2\/types\/post"}],"author":[{"embeddable":true,"href":"https:\/\/dioceseteixeiradefreitas.com.br\/index.php?rest_route=\/wp\/v2\/users\/33"}],"replies":[{"embeddable":true,"href":"https:\/\/dioceseteixeiradefreitas.com.br\/index.php?rest_route=%2Fwp%2Fv2%2Fcomments&post=24582"}],"version-history":[{"count":2,"href":"https:\/\/dioceseteixeiradefreitas.com.br\/index.php?rest_route=\/wp\/v2\/posts\/24582\/revisions"}],"predecessor-version":[{"id":24621,"href":"https:\/\/dioceseteixeiradefreitas.com.br\/index.php?rest_route=\/wp\/v2\/posts\/24582\/revisions\/24621"}],"wp:featuredmedia":[{"embeddable":true,"href":"https:\/\/dioceseteixeiradefreitas.com.br\/index.php?rest_route=\/wp\/v2\/media\/24554"}],"wp:attachment":[{"href":"https:\/\/dioceseteixeiradefreitas.com.br\/index.php?rest_route=%2Fwp%2Fv2%2Fmedia&parent=24582"}],"wp:term":[{"taxonomy":"category","embeddable":true,"href":"https:\/\/dioceseteixeiradefreitas.com.br\/index.php?rest_route=%2Fwp%2Fv2%2Fcategories&post=24582"},{"taxonomy":"post_tag","embeddable":true,"href":"https:\/\/dioceseteixeiradefreitas.com.br\/index.php?rest_route=%2Fwp%2Fv2%2Ftags&post=24582"}],"curies":[{"name":"wp","href":"https:\/\/api.w.org\/{rel}","templated":true}]}}