{"id":24672,"date":"2025-04-19T13:24:48","date_gmt":"2025-04-19T16:24:48","guid":{"rendered":"https:\/\/dioceseteixeiradefreitas.com.br\/?p=24672"},"modified":"2025-04-19T13:24:48","modified_gmt":"2025-04-19T16:24:48","slug":"pastoral-do-cuidado-presbiteral-casa-do-clero-diocese-de-teixeira-de-freitas-caravelas","status":"publish","type":"post","link":"https:\/\/dioceseteixeiradefreitas.com.br\/?p=24672","title":{"rendered":"Pastoral do Cuidado Presbiteral &#8211; Casa do Clero Diocese de Teixeira de Freitas\/Caravelas"},"content":{"rendered":"\n<figure class=\"wp-block-image size-large\"><a href=\"https:\/\/dioceseteixeiradefreitas.com.br\/wp-content\/uploads\/2025\/04\/3864c26a-d05f-4713-9e15-36cf3ab5ef23.jpeg\"><img loading=\"lazy\" decoding=\"async\" width=\"1024\" height=\"671\" src=\"https:\/\/dioceseteixeiradefreitas.com.br\/wp-content\/uploads\/2025\/04\/3864c26a-d05f-4713-9e15-36cf3ab5ef23-1024x671.jpeg\" alt=\"\" class=\"wp-image-24673\" srcset=\"https:\/\/dioceseteixeiradefreitas.com.br\/wp-content\/uploads\/2025\/04\/3864c26a-d05f-4713-9e15-36cf3ab5ef23-1024x671.jpeg 1024w, https:\/\/dioceseteixeiradefreitas.com.br\/wp-content\/uploads\/2025\/04\/3864c26a-d05f-4713-9e15-36cf3ab5ef23-300x197.jpeg 300w, https:\/\/dioceseteixeiradefreitas.com.br\/wp-content\/uploads\/2025\/04\/3864c26a-d05f-4713-9e15-36cf3ab5ef23-768x503.jpeg 768w, https:\/\/dioceseteixeiradefreitas.com.br\/wp-content\/uploads\/2025\/04\/3864c26a-d05f-4713-9e15-36cf3ab5ef23-1536x1007.jpeg 1536w, https:\/\/dioceseteixeiradefreitas.com.br\/wp-content\/uploads\/2025\/04\/3864c26a-d05f-4713-9e15-36cf3ab5ef23.jpeg 1599w\" sizes=\"auto, (max-width: 1024px) 100vw, 1024px\" \/><\/a><\/figure>\n\n\n\n<p>Inspirado pelo zelo pastoral e pelo cuidado com os nossos presb\u00edteros, especialmente os que se encontram na fase idosa ou acometidos por enfermidades, o ent\u00e3o Bispo diocesano Dom Jailton teve a sens\u00edvel iniciativa de criar a Casa do Clero, um espa\u00e7o digno e acolhedor destinado aos padres que, por limita\u00e7\u00f5es de sa\u00fade, j\u00e1 n\u00e3o podem assumir a miss\u00e3o em par\u00f3quias.<\/p>\n\n\n\n<p>A Casa do Clero, localizada na Rua Vaticano, 70 \u2013 Bairro Ulisses Guimar\u00e3es, \u00e9 mais do que um local de moradia: \u00e9 um lar onde nossos padres podem viver com dignidade, recebendo o carinho, aten\u00e7\u00e3o, sa\u00fade e acompanhamento que merecem.<\/p>\n\n\n\n<p>Movidos por gratid\u00e3o e reconhecimento \u00e0 hist\u00f3ria e dedica\u00e7\u00e3o desses homens de f\u00e9, n\u00f3s, leigos e leigas da Diocese, formamos um grupo que tem acompanhado a Casa do Clero, celebrando datas importantes e estando presentes na vida desses irm\u00e3os presb\u00edteros.<\/p>\n\n\n\n<p>Com a transfer\u00eancia de Dom Jailton, sentimos a necessidade de oficializar esse trabalho de amor.<\/p>\n\n\n\n<p>Apresentamos nossa proposta ao Bispo, que, com grande generosidade e sensibilidade, acolheu nosso pedido e emitiu o Decreto de Cria\u00e7\u00e3o da Pastoral do Cuidado Presbiteral.<\/p>\n\n\n\n<p>Na ocasi\u00e3o da apresenta\u00e7\u00e3o oficial do decreto, celebraremos tamb\u00e9m com alegria o dom da vida do querido Pe. D\u00e1cio, um dos moradores da Casa.<\/p>\n\n\n\n<div data-wp-interactive=\"core\/file\" class=\"wp-block-file\"><object data-wp-bind--hidden=\"!state.hasPdfPreview\" hidden class=\"wp-block-file__embed\" data=\"https:\/\/dioceseteixeiradefreitas.com.br\/wp-content\/uploads\/2025\/04\/Decreto-Pastoral-do-cuidado-Presbiteral20250403_15203375.pdf\" type=\"application\/pdf\" style=\"width:100%;height:600px\" aria-label=\"Incorporado de Decreto Pastoral do cuidado Presbiteral20250403_15203375.\"><\/object><a id=\"wp-block-file--media-c95ab32e-34d8-4420-80b7-fa3d186f2582\" href=\"https:\/\/dioceseteixeiradefreitas.com.br\/wp-content\/uploads\/2025\/04\/Decreto-Pastoral-do-cuidado-Presbiteral20250403_15203375.pdf\">Decreto Pastoral do cuidado Presbiteral20250403_15203375<\/a><a href=\"https:\/\/dioceseteixeiradefreitas.com.br\/wp-content\/uploads\/2025\/04\/Decreto-Pastoral-do-cuidado-Presbiteral20250403_15203375.pdf\" class=\"wp-block-file__button wp-element-button\" download aria-describedby=\"wp-block-file--media-c95ab32e-34d8-4420-80b7-fa3d186f2582\">Baixar<\/a><\/div>\n\n\n\n<p>Rogamos a Deus que continue aben\u00e7oando essa Pastoral, para que, com f\u00e9 e amor, possamos cuidar daqueles que tanto cuidaram do povo de Deus.<\/p>\n\n\n\n<figure class=\"wp-block-gallery has-nested-images columns-default is-cropped wp-block-gallery-1 is-layout-flex wp-block-gallery-is-layout-flex\">\n<figure class=\"wp-block-image size-large\"><a href=\"https:\/\/dioceseteixeiradefreitas.com.br\/wp-content\/uploads\/2025\/04\/3864c26a-d05f-4713-9e15-36cf3ab5ef23-1.jpeg\"><img loading=\"lazy\" decoding=\"async\" width=\"1024\" height=\"671\" data-id=\"24674\" src=\"https:\/\/dioceseteixeiradefreitas.com.br\/wp-content\/uploads\/2025\/04\/3864c26a-d05f-4713-9e15-36cf3ab5ef23-1-1024x671.jpeg\" alt=\"\" class=\"wp-image-24674\" srcset=\"https:\/\/dioceseteixeiradefreitas.com.br\/wp-content\/uploads\/2025\/04\/3864c26a-d05f-4713-9e15-36cf3ab5ef23-1-1024x671.jpeg 1024w, https:\/\/dioceseteixeiradefreitas.com.br\/wp-content\/uploads\/2025\/04\/3864c26a-d05f-4713-9e15-36cf3ab5ef23-1-300x197.jpeg 300w, https:\/\/dioceseteixeiradefreitas.com.br\/wp-content\/uploads\/2025\/04\/3864c26a-d05f-4713-9e15-36cf3ab5ef23-1-768x503.jpeg 768w, https:\/\/dioceseteixeiradefreitas.com.br\/wp-content\/uploads\/2025\/04\/3864c26a-d05f-4713-9e15-36cf3ab5ef23-1-1536x1007.jpeg 1536w, https:\/\/dioceseteixeiradefreitas.com.br\/wp-content\/uploads\/2025\/04\/3864c26a-d05f-4713-9e15-36cf3ab5ef23-1.jpeg 1599w\" sizes=\"auto, (max-width: 1024px) 100vw, 1024px\" \/><\/a><\/figure>\n\n\n\n<figure class=\"wp-block-image size-large\"><a href=\"https:\/\/dioceseteixeiradefreitas.com.br\/wp-content\/uploads\/2025\/04\/edc62867-03b9-4564-bdb8-96bf504cc4ec.jpeg\"><img loading=\"lazy\" decoding=\"async\" width=\"576\" height=\"1024\" data-id=\"24675\" src=\"https:\/\/dioceseteixeiradefreitas.com.br\/wp-content\/uploads\/2025\/04\/edc62867-03b9-4564-bdb8-96bf504cc4ec-576x1024.jpeg\" alt=\"\" class=\"wp-image-24675\" srcset=\"https:\/\/dioceseteixeiradefreitas.com.br\/wp-content\/uploads\/2025\/04\/edc62867-03b9-4564-bdb8-96bf504cc4ec-576x1024.jpeg 576w, https:\/\/dioceseteixeiradefreitas.com.br\/wp-content\/uploads\/2025\/04\/edc62867-03b9-4564-bdb8-96bf504cc4ec-169x300.jpeg 169w, https:\/\/dioceseteixeiradefreitas.com.br\/wp-content\/uploads\/2025\/04\/edc62867-03b9-4564-bdb8-96bf504cc4ec-768x1365.jpeg 768w, https:\/\/dioceseteixeiradefreitas.com.br\/wp-content\/uploads\/2025\/04\/edc62867-03b9-4564-bdb8-96bf504cc4ec-864x1536.jpeg 864w, https:\/\/dioceseteixeiradefreitas.com.br\/wp-content\/uploads\/2025\/04\/edc62867-03b9-4564-bdb8-96bf504cc4ec.jpeg 900w\" sizes=\"auto, (max-width: 576px) 100vw, 576px\" \/><\/a><\/figure>\n\n\n\n<figure class=\"wp-block-image size-large\"><a href=\"https:\/\/dioceseteixeiradefreitas.com.br\/wp-content\/uploads\/2025\/04\/5d0a0cab-431f-42ee-beba-747ffc3e86e8.jpeg\"><img loading=\"lazy\" decoding=\"async\" width=\"576\" height=\"1024\" data-id=\"24677\" src=\"https:\/\/dioceseteixeiradefreitas.com.br\/wp-content\/uploads\/2025\/04\/5d0a0cab-431f-42ee-beba-747ffc3e86e8-576x1024.jpeg\" alt=\"\" class=\"wp-image-24677\" srcset=\"https:\/\/dioceseteixeiradefreitas.com.br\/wp-content\/uploads\/2025\/04\/5d0a0cab-431f-42ee-beba-747ffc3e86e8-576x1024.jpeg 576w, https:\/\/dioceseteixeiradefreitas.com.br\/wp-content\/uploads\/2025\/04\/5d0a0cab-431f-42ee-beba-747ffc3e86e8-169x300.jpeg 169w, https:\/\/dioceseteixeiradefreitas.com.br\/wp-content\/uploads\/2025\/04\/5d0a0cab-431f-42ee-beba-747ffc3e86e8-768x1365.jpeg 768w, https:\/\/dioceseteixeiradefreitas.com.br\/wp-content\/uploads\/2025\/04\/5d0a0cab-431f-42ee-beba-747ffc3e86e8-864x1536.jpeg 864w, https:\/\/dioceseteixeiradefreitas.com.br\/wp-content\/uploads\/2025\/04\/5d0a0cab-431f-42ee-beba-747ffc3e86e8.jpeg 900w\" sizes=\"auto, (max-width: 576px) 100vw, 576px\" \/><\/a><\/figure>\n\n\n\n<figure class=\"wp-block-image size-large\"><a href=\"https:\/\/dioceseteixeiradefreitas.com.br\/wp-content\/uploads\/2025\/04\/0daddaae-00cd-422b-80b2-5d9d905eacf3.jpeg\"><img loading=\"lazy\" decoding=\"async\" width=\"832\" height=\"1024\" data-id=\"24676\" src=\"https:\/\/dioceseteixeiradefreitas.com.br\/wp-content\/uploads\/2025\/04\/0daddaae-00cd-422b-80b2-5d9d905eacf3-832x1024.jpeg\" alt=\"\" class=\"wp-image-24676\" srcset=\"https:\/\/dioceseteixeiradefreitas.com.br\/wp-content\/uploads\/2025\/04\/0daddaae-00cd-422b-80b2-5d9d905eacf3-832x1024.jpeg 832w, https:\/\/dioceseteixeiradefreitas.com.br\/wp-content\/uploads\/2025\/04\/0daddaae-00cd-422b-80b2-5d9d905eacf3-244x300.jpeg 244w, https:\/\/dioceseteixeiradefreitas.com.br\/wp-content\/uploads\/2025\/04\/0daddaae-00cd-422b-80b2-5d9d905eacf3-768x945.jpeg 768w, https:\/\/dioceseteixeiradefreitas.com.br\/wp-content\/uploads\/2025\/04\/0daddaae-00cd-422b-80b2-5d9d905eacf3.jpeg 1134w\" sizes=\"auto, (max-width: 832px) 100vw, 832px\" \/><\/a><\/figure>\n\n\n\n<figure class=\"wp-block-image size-large\"><a href=\"https:\/\/dioceseteixeiradefreitas.com.br\/wp-content\/uploads\/2025\/04\/e9bfff58-6535-4a8b-93ca-2174ef9b99aa.jpeg\"><img loading=\"lazy\" decoding=\"async\" width=\"884\" height=\"1024\" data-id=\"24678\" src=\"https:\/\/dioceseteixeiradefreitas.com.br\/wp-content\/uploads\/2025\/04\/e9bfff58-6535-4a8b-93ca-2174ef9b99aa-884x1024.jpeg\" alt=\"\" class=\"wp-image-24678\" srcset=\"https:\/\/dioceseteixeiradefreitas.com.br\/wp-content\/uploads\/2025\/04\/e9bfff58-6535-4a8b-93ca-2174ef9b99aa-884x1024.jpeg 884w, https:\/\/dioceseteixeiradefreitas.com.br\/wp-content\/uploads\/2025\/04\/e9bfff58-6535-4a8b-93ca-2174ef9b99aa-259x300.jpeg 259w, https:\/\/dioceseteixeiradefreitas.com.br\/wp-content\/uploads\/2025\/04\/e9bfff58-6535-4a8b-93ca-2174ef9b99aa-768x889.jpeg 768w, https:\/\/dioceseteixeiradefreitas.com.br\/wp-content\/uploads\/2025\/04\/e9bfff58-6535-4a8b-93ca-2174ef9b99aa-1327x1536.jpeg 1327w, https:\/\/dioceseteixeiradefreitas.com.br\/wp-content\/uploads\/2025\/04\/e9bfff58-6535-4a8b-93ca-2174ef9b99aa.jpeg 1382w\" sizes=\"auto, (max-width: 884px) 100vw, 884px\" \/><\/a><\/figure>\n\n\n\n<figure class=\"wp-block-image size-large\"><a href=\"https:\/\/dioceseteixeiradefreitas.com.br\/wp-content\/uploads\/2025\/04\/668c2645-f4f2-46a9-90fb-e9bb3543816b.jpeg\"><img loading=\"lazy\" decoding=\"async\" width=\"768\" height=\"1024\" data-id=\"24679\" src=\"https:\/\/dioceseteixeiradefreitas.com.br\/wp-content\/uploads\/2025\/04\/668c2645-f4f2-46a9-90fb-e9bb3543816b-768x1024.jpeg\" alt=\"\" class=\"wp-image-24679\" srcset=\"https:\/\/dioceseteixeiradefreitas.com.br\/wp-content\/uploads\/2025\/04\/668c2645-f4f2-46a9-90fb-e9bb3543816b-768x1024.jpeg 768w, https:\/\/dioceseteixeiradefreitas.com.br\/wp-content\/uploads\/2025\/04\/668c2645-f4f2-46a9-90fb-e9bb3543816b-225x300.jpeg 225w, https:\/\/dioceseteixeiradefreitas.com.br\/wp-content\/uploads\/2025\/04\/668c2645-f4f2-46a9-90fb-e9bb3543816b-1152x1536.jpeg 1152w, https:\/\/dioceseteixeiradefreitas.com.br\/wp-content\/uploads\/2025\/04\/668c2645-f4f2-46a9-90fb-e9bb3543816b.jpeg 1200w\" sizes=\"auto, (max-width: 768px) 100vw, 768px\" \/><\/a><\/figure>\n\n\n\n<figure class=\"wp-block-image size-large\"><a href=\"https:\/\/dioceseteixeiradefreitas.com.br\/wp-content\/uploads\/2025\/04\/88fb8cb9-2999-4b4a-8720-24258bbd90ab.jpeg\"><img loading=\"lazy\" decoding=\"async\" width=\"812\" height=\"1024\" data-id=\"24680\" src=\"https:\/\/dioceseteixeiradefreitas.com.br\/wp-content\/uploads\/2025\/04\/88fb8cb9-2999-4b4a-8720-24258bbd90ab-812x1024.jpeg\" alt=\"\" class=\"wp-image-24680\" srcset=\"https:\/\/dioceseteixeiradefreitas.com.br\/wp-content\/uploads\/2025\/04\/88fb8cb9-2999-4b4a-8720-24258bbd90ab-812x1024.jpeg 812w, https:\/\/dioceseteixeiradefreitas.com.br\/wp-content\/uploads\/2025\/04\/88fb8cb9-2999-4b4a-8720-24258bbd90ab-238x300.jpeg 238w, https:\/\/dioceseteixeiradefreitas.com.br\/wp-content\/uploads\/2025\/04\/88fb8cb9-2999-4b4a-8720-24258bbd90ab-768x969.jpeg 768w, https:\/\/dioceseteixeiradefreitas.com.br\/wp-content\/uploads\/2025\/04\/88fb8cb9-2999-4b4a-8720-24258bbd90ab-1217x1536.jpeg 1217w, https:\/\/dioceseteixeiradefreitas.com.br\/wp-content\/uploads\/2025\/04\/88fb8cb9-2999-4b4a-8720-24258bbd90ab.jpeg 1268w\" sizes=\"auto, (max-width: 812px) 100vw, 812px\" \/><\/a><\/figure>\n\n\n\n<figure class=\"wp-block-image size-large\"><a href=\"https:\/\/dioceseteixeiradefreitas.com.br\/wp-content\/uploads\/2025\/04\/4f6e1896-3474-463b-9ca4-edc14adf9081.jpeg\"><img loading=\"lazy\" decoding=\"async\" width=\"758\" height=\"1024\" data-id=\"24681\" src=\"https:\/\/dioceseteixeiradefreitas.com.br\/wp-content\/uploads\/2025\/04\/4f6e1896-3474-463b-9ca4-edc14adf9081-758x1024.jpeg\" alt=\"\" class=\"wp-image-24681\" srcset=\"https:\/\/dioceseteixeiradefreitas.com.br\/wp-content\/uploads\/2025\/04\/4f6e1896-3474-463b-9ca4-edc14adf9081-758x1024.jpeg 758w, https:\/\/dioceseteixeiradefreitas.com.br\/wp-content\/uploads\/2025\/04\/4f6e1896-3474-463b-9ca4-edc14adf9081-222x300.jpeg 222w, https:\/\/dioceseteixeiradefreitas.com.br\/wp-content\/uploads\/2025\/04\/4f6e1896-3474-463b-9ca4-edc14adf9081-768x1038.jpeg 768w, https:\/\/dioceseteixeiradefreitas.com.br\/wp-content\/uploads\/2025\/04\/4f6e1896-3474-463b-9ca4-edc14adf9081-1137x1536.jpeg 1137w, https:\/\/dioceseteixeiradefreitas.com.br\/wp-content\/uploads\/2025\/04\/4f6e1896-3474-463b-9ca4-edc14adf9081.jpeg 1184w\" sizes=\"auto, (max-width: 758px) 100vw, 758px\" \/><\/a><\/figure>\n\n\n\n<figure class=\"wp-block-image size-large\"><a href=\"https:\/\/dioceseteixeiradefreitas.com.br\/wp-content\/uploads\/2025\/04\/adff33ae-487c-469a-ae59-a70d93c2f940.jpeg\"><img loading=\"lazy\" decoding=\"async\" width=\"768\" height=\"1024\" data-id=\"24683\" src=\"https:\/\/dioceseteixeiradefreitas.com.br\/wp-content\/uploads\/2025\/04\/adff33ae-487c-469a-ae59-a70d93c2f940-768x1024.jpeg\" alt=\"\" class=\"wp-image-24683\" srcset=\"https:\/\/dioceseteixeiradefreitas.com.br\/wp-content\/uploads\/2025\/04\/adff33ae-487c-469a-ae59-a70d93c2f940-768x1024.jpeg 768w, https:\/\/dioceseteixeiradefreitas.com.br\/wp-content\/uploads\/2025\/04\/adff33ae-487c-469a-ae59-a70d93c2f940-225x300.jpeg 225w, https:\/\/dioceseteixeiradefreitas.com.br\/wp-content\/uploads\/2025\/04\/adff33ae-487c-469a-ae59-a70d93c2f940-1152x1536.jpeg 1152w, https:\/\/dioceseteixeiradefreitas.com.br\/wp-content\/uploads\/2025\/04\/adff33ae-487c-469a-ae59-a70d93c2f940.jpeg 1200w\" sizes=\"auto, (max-width: 768px) 100vw, 768px\" \/><\/a><\/figure>\n\n\n\n<figure class=\"wp-block-image size-large\"><a href=\"https:\/\/dioceseteixeiradefreitas.com.br\/wp-content\/uploads\/2025\/04\/3e9e2230-2775-4e0b-878f-531ffebc99ef.jpeg\"><img loading=\"lazy\" decoding=\"async\" width=\"770\" height=\"1024\" data-id=\"24682\" src=\"https:\/\/dioceseteixeiradefreitas.com.br\/wp-content\/uploads\/2025\/04\/3e9e2230-2775-4e0b-878f-531ffebc99ef-770x1024.jpeg\" alt=\"\" class=\"wp-image-24682\" srcset=\"https:\/\/dioceseteixeiradefreitas.com.br\/wp-content\/uploads\/2025\/04\/3e9e2230-2775-4e0b-878f-531ffebc99ef-770x1024.jpeg 770w, https:\/\/dioceseteixeiradefreitas.com.br\/wp-content\/uploads\/2025\/04\/3e9e2230-2775-4e0b-878f-531ffebc99ef-225x300.jpeg 225w, https:\/\/dioceseteixeiradefreitas.com.br\/wp-content\/uploads\/2025\/04\/3e9e2230-2775-4e0b-878f-531ffebc99ef-768x1022.jpeg 768w, https:\/\/dioceseteixeiradefreitas.com.br\/wp-content\/uploads\/2025\/04\/3e9e2230-2775-4e0b-878f-531ffebc99ef.jpeg 1134w\" sizes=\"auto, (max-width: 770px) 100vw, 770px\" \/><\/a><\/figure>\n<\/figure>\n","protected":false},"excerpt":{"rendered":"<p>Inspirado pelo zelo pastoral e pelo cuidado com os nossos presb\u00edteros, especialmente os que se encontram na fase idosa ou acometidos por enfermidades, o ent\u00e3o Bispo diocesano Dom Jailton teve a sens\u00edvel iniciativa de criar a Casa do Clero, um espa\u00e7o digno e acolhedor destinado aos padres que, por limita\u00e7\u00f5es de sa\u00fade, j\u00e1 n\u00e3o podem &hellip;<\/p>\n","protected":false},"author":32,"featured_media":24673,"comment_status":"closed","ping_status":"closed","sticky":false,"template":"","format":"standard","meta":{"footnotes":""},"categories":[100,41],"tags":[],"class_list":["post-24672","post","type-post","status-publish","format-standard","has-post-thumbnail","hentry","category-noticias-diocesanas","category-noticias_destaque"],"_links":{"self":[{"href":"https:\/\/dioceseteixeiradefreitas.com.br\/index.php?rest_route=\/wp\/v2\/posts\/24672","targetHints":{"allow":["GET"]}}],"collection":[{"href":"https:\/\/dioceseteixeiradefreitas.com.br\/index.php?rest_route=\/wp\/v2\/posts"}],"about":[{"href":"https:\/\/dioceseteixeiradefreitas.com.br\/index.php?rest_route=\/wp\/v2\/types\/post"}],"author":[{"embeddable":true,"href":"https:\/\/dioceseteixeiradefreitas.com.br\/index.php?rest_route=\/wp\/v2\/users\/32"}],"replies":[{"embeddable":true,"href":"https:\/\/dioceseteixeiradefreitas.com.br\/index.php?rest_route=%2Fwp%2Fv2%2Fcomments&post=24672"}],"version-history":[{"count":2,"href":"https:\/\/dioceseteixeiradefreitas.com.br\/index.php?rest_route=\/wp\/v2\/posts\/24672\/revisions"}],"predecessor-version":[{"id":24686,"href":"https:\/\/dioceseteixeiradefreitas.com.br\/index.php?rest_route=\/wp\/v2\/posts\/24672\/revisions\/24686"}],"wp:featuredmedia":[{"embeddable":true,"href":"https:\/\/dioceseteixeiradefreitas.com.br\/index.php?rest_route=\/wp\/v2\/media\/24673"}],"wp:attachment":[{"href":"https:\/\/dioceseteixeiradefreitas.com.br\/index.php?rest_route=%2Fwp%2Fv2%2Fmedia&parent=24672"}],"wp:term":[{"taxonomy":"category","embeddable":true,"href":"https:\/\/dioceseteixeiradefreitas.com.br\/index.php?rest_route=%2Fwp%2Fv2%2Fcategories&post=24672"},{"taxonomy":"post_tag","embeddable":true,"href":"https:\/\/dioceseteixeiradefreitas.com.br\/index.php?rest_route=%2Fwp%2Fv2%2Ftags&post=24672"}],"curies":[{"name":"wp","href":"https:\/\/api.w.org\/{rel}","templated":true}]}}