{"id":24687,"date":"2025-04-21T09:24:28","date_gmt":"2025-04-21T12:24:28","guid":{"rendered":"https:\/\/dioceseteixeiradefreitas.com.br\/?p=24687"},"modified":"2025-04-21T09:25:13","modified_gmt":"2025-04-21T12:25:13","slug":"morre-o-papa-francisco","status":"publish","type":"post","link":"https:\/\/dioceseteixeiradefreitas.com.br\/?p=24687","title":{"rendered":"Morre o Papa Francisco"},"content":{"rendered":"\n<figure class=\"wp-block-image size-full\"><a href=\"https:\/\/dioceseteixeiradefreitas.com.br\/wp-content\/uploads\/2025\/04\/1000316243.jpg\"><img loading=\"lazy\" decoding=\"async\" width=\"828\" height=\"1018\" src=\"https:\/\/dioceseteixeiradefreitas.com.br\/wp-content\/uploads\/2025\/04\/1000316243.jpg\" alt=\"\" class=\"wp-image-24690\" srcset=\"https:\/\/dioceseteixeiradefreitas.com.br\/wp-content\/uploads\/2025\/04\/1000316243.jpg 828w, https:\/\/dioceseteixeiradefreitas.com.br\/wp-content\/uploads\/2025\/04\/1000316243-244x300.jpg 244w, https:\/\/dioceseteixeiradefreitas.com.br\/wp-content\/uploads\/2025\/04\/1000316243-768x944.jpg 768w\" sizes=\"auto, (max-width: 828px) 100vw, 828px\" \/><\/a><\/figure>\n\n\n\n<p>Morre o Papa Francisco. O an\u00fancio foi dado, com pesar, poucos instantes atr\u00e1s diretamente da Capela da Casa Santa Marta, no Vaticano, por Sua Emin\u00eacia, o cardeal Farrell, com as seguintes palavras:<\/p>\n\n\n\n<p>&#8220;Queridos irm\u00e3os e irm\u00e3s, com profunda tristeza devo anunciar a morte de nosso Santo Padre Francisco. \u00c0s 7h35 desta manh\u00e3, o Bispo de Roma, Francisco, retornou \u00e0 casa do Pai. Toda a sua vida foi dedicada ao servi\u00e7o do Senhor e de Sua Igreja.<\/p>\n\n\n\n<p>Ele nos ensinou a viver os valores do Evangelho com fidelidade, coragem e amor universal, especialmente em favor dos mais pobres e marginalizados.<\/p>\n\n\n\n<p>Com imensa gratid\u00e3o por seu exemplo como verdadeiro disc\u00edpulo do Senhor Jesus, recomendamos a alma do Papa Francisco ao infinito amor misericordioso do Deus Trino.&#8221;<\/p>\n\n\n\n<p>Ontem, domingo, o Pont\u00edfice apareceu na sacada da Bas\u00edlica de S\u00e3o Pedro para a mensagem de P\u00e1scoa Urbi et Orbi, deixando sua \u00faltima mensagem para a Igreja e o mundo.<\/p>\n\n\n\n<p>Seguimos com mais informa\u00e7\u00f5es ao longo do dia.<\/p>\n\n\n\n<p>Fonte: Vatican News<\/p>\n","protected":false},"excerpt":{"rendered":"<p>Morre o Papa Francisco. O an\u00fancio foi dado, com pesar, poucos instantes atr\u00e1s diretamente da Capela da Casa Santa Marta, no Vaticano, por Sua Emin\u00eacia, o cardeal Farrell, com as seguintes palavras: &#8220;Queridos irm\u00e3os e irm\u00e3s, com profunda tristeza devo anunciar a morte de nosso Santo Padre Francisco. \u00c0s 7h35 desta manh\u00e3, o Bispo de &hellip;<\/p>\n","protected":false},"author":2,"featured_media":24690,"comment_status":"closed","ping_status":"closed","sticky":false,"template":"","format":"standard","meta":{"footnotes":""},"categories":[42,51,100],"tags":[],"class_list":["post-24687","post","type-post","status-publish","format-standard","has-post-thumbnail","hentry","category-ano_da_misericordia","category-notas","category-noticias-diocesanas"],"_links":{"self":[{"href":"https:\/\/dioceseteixeiradefreitas.com.br\/index.php?rest_route=\/wp\/v2\/posts\/24687","targetHints":{"allow":["GET"]}}],"collection":[{"href":"https:\/\/dioceseteixeiradefreitas.com.br\/index.php?rest_route=\/wp\/v2\/posts"}],"about":[{"href":"https:\/\/dioceseteixeiradefreitas.com.br\/index.php?rest_route=\/wp\/v2\/types\/post"}],"author":[{"embeddable":true,"href":"https:\/\/dioceseteixeiradefreitas.com.br\/index.php?rest_route=\/wp\/v2\/users\/2"}],"replies":[{"embeddable":true,"href":"https:\/\/dioceseteixeiradefreitas.com.br\/index.php?rest_route=%2Fwp%2Fv2%2Fcomments&post=24687"}],"version-history":[{"count":2,"href":"https:\/\/dioceseteixeiradefreitas.com.br\/index.php?rest_route=\/wp\/v2\/posts\/24687\/revisions"}],"predecessor-version":[{"id":24691,"href":"https:\/\/dioceseteixeiradefreitas.com.br\/index.php?rest_route=\/wp\/v2\/posts\/24687\/revisions\/24691"}],"wp:featuredmedia":[{"embeddable":true,"href":"https:\/\/dioceseteixeiradefreitas.com.br\/index.php?rest_route=\/wp\/v2\/media\/24690"}],"wp:attachment":[{"href":"https:\/\/dioceseteixeiradefreitas.com.br\/index.php?rest_route=%2Fwp%2Fv2%2Fmedia&parent=24687"}],"wp:term":[{"taxonomy":"category","embeddable":true,"href":"https:\/\/dioceseteixeiradefreitas.com.br\/index.php?rest_route=%2Fwp%2Fv2%2Fcategories&post=24687"},{"taxonomy":"post_tag","embeddable":true,"href":"https:\/\/dioceseteixeiradefreitas.com.br\/index.php?rest_route=%2Fwp%2Fv2%2Ftags&post=24687"}],"curies":[{"name":"wp","href":"https:\/\/api.w.org\/{rel}","templated":true}]}}