{"id":24692,"date":"2025-04-21T10:38:34","date_gmt":"2025-04-21T13:38:34","guid":{"rendered":"https:\/\/dioceseteixeiradefreitas.com.br\/?p=24692"},"modified":"2025-04-21T10:38:35","modified_gmt":"2025-04-21T13:38:35","slug":"diocese-de-teixeira-de-freitas-emite-nota-pelo-papa-francisco","status":"publish","type":"post","link":"https:\/\/dioceseteixeiradefreitas.com.br\/?p=24692","title":{"rendered":"Diocese de Teixeira de Freitas Emite Nota Pelo Papa Francisco"},"content":{"rendered":"\n<figure class=\"wp-block-image size-large\"><a href=\"https:\/\/dioceseteixeiradefreitas.com.br\/wp-content\/uploads\/2025\/04\/1000316361.jpg\"><img loading=\"lazy\" decoding=\"async\" width=\"819\" height=\"1024\" src=\"https:\/\/dioceseteixeiradefreitas.com.br\/wp-content\/uploads\/2025\/04\/1000316361-819x1024.jpg\" alt=\"\" class=\"wp-image-24693\" srcset=\"https:\/\/dioceseteixeiradefreitas.com.br\/wp-content\/uploads\/2025\/04\/1000316361-819x1024.jpg 819w, https:\/\/dioceseteixeiradefreitas.com.br\/wp-content\/uploads\/2025\/04\/1000316361-240x300.jpg 240w, https:\/\/dioceseteixeiradefreitas.com.br\/wp-content\/uploads\/2025\/04\/1000316361-768x960.jpg 768w, https:\/\/dioceseteixeiradefreitas.com.br\/wp-content\/uploads\/2025\/04\/1000316361.jpg 1080w\" sizes=\"auto, (max-width: 819px) 100vw, 819px\" \/><\/a><\/figure>\n\n\n\n<p>Diocese de Teixeira de Freitas\/Caravelas<\/p>\n\n\n\n<p><em>Nota de pesar pelo falecimento de Sua Santidade o Papa Francisco<\/em><\/p>\n\n\n\n<p>Teixeira de Freitas, 21 de abril de 2025<\/p>\n\n\n\n<p>Amados irm\u00e3os e irm\u00e3s em Cristo,<\/p>\n\n\n\n<p>Com profundo pesar e esp\u00edrito de ora\u00e7\u00e3o, comunicamos \u00e0 amada Diocese de Teixeira de Freitas\/Caravelas o falecimento de Sua Santidade, o Papa Francisco, ocorrido na manh\u00e3 deste dia 21 de abril de 2025.<\/p>\n\n\n\n<p>Unamo-nos \u00e0 Igreja em todo o mundo, que chora a partida de seu pastor universal, dando gra\u00e7as a Deus pela vida, miss\u00e3o e incans\u00e1vel testemunho de f\u00e9, simplicidade e amor do Santo Padre. O Papa Francisco conduziu a Igreja com coragem evang\u00e9lica, aten\u00e7\u00e3o aos pobres e firmeza na esperan\u00e7a crist\u00e3.<\/p>\n\n\n\n<p>Neste tempo de vac\u00e2ncia da S\u00e9 Apost\u00f3lica, convidamos todos os fi\u00e9is a intensificarem suas ora\u00e7\u00f5es pela Igreja e pelo Col\u00e9gio dos Cardeais, que se prepara para eleger o novo Sucessor de Pedro.<\/p>\n\n\n\n<p><em>Convido todo o clero e o povo de Deus para a Santa Missa em sufr\u00e1gio pelo descanso eterno de Sua Santidade o Papa Francisco, que ser\u00e1 celebrada na quarta-feira, 23 de abril de 2025, \u00e0s 19h30, na Catedral Diocesana.<\/em><\/p>\n\n\n\n<p>Rezemos tamb\u00e9m por nossa Diocese vacante, para que o Esp\u00edrito Santo conduza o caminho de discernimento at\u00e9 a nomea\u00e7\u00e3o de nosso novo bispo, pastor e guia para este rebanho do extremo sul da Bahia.<\/p>\n\n\n\n<p>\u201cCombati o bom combate, terminei a corrida, guardei a f\u00e9. Agora est\u00e1 reservada para mim a coroa da justi\u00e7a\u2026\u201d (2Tm 4,7-8)<\/p>\n\n\n\n<p>Na esperan\u00e7a da ressurrei\u00e7\u00e3o e da vida eterna,<\/p>\n\n\n\n<p>Pe. Edivaldo Oliveira Santana<br>Administrador Diocesano<br>Diocese de Teixeira de Freitas\/Caravelas<\/p>\n","protected":false},"excerpt":{"rendered":"<p>Diocese de Teixeira de Freitas\/Caravelas Nota de pesar pelo falecimento de Sua Santidade o Papa Francisco Teixeira de Freitas, 21 de abril de 2025 Amados irm\u00e3os e irm\u00e3s em Cristo, Com profundo pesar e esp\u00edrito de ora\u00e7\u00e3o, comunicamos \u00e0 amada Diocese de Teixeira de Freitas\/Caravelas o falecimento de Sua Santidade, o Papa Francisco, ocorrido na &hellip;<\/p>\n","protected":false},"author":2,"featured_media":24693,"comment_status":"closed","ping_status":"closed","sticky":false,"template":"","format":"standard","meta":{"footnotes":""},"categories":[42,51,100],"tags":[],"class_list":["post-24692","post","type-post","status-publish","format-standard","has-post-thumbnail","hentry","category-ano_da_misericordia","category-notas","category-noticias-diocesanas"],"_links":{"self":[{"href":"https:\/\/dioceseteixeiradefreitas.com.br\/index.php?rest_route=\/wp\/v2\/posts\/24692","targetHints":{"allow":["GET"]}}],"collection":[{"href":"https:\/\/dioceseteixeiradefreitas.com.br\/index.php?rest_route=\/wp\/v2\/posts"}],"about":[{"href":"https:\/\/dioceseteixeiradefreitas.com.br\/index.php?rest_route=\/wp\/v2\/types\/post"}],"author":[{"embeddable":true,"href":"https:\/\/dioceseteixeiradefreitas.com.br\/index.php?rest_route=\/wp\/v2\/users\/2"}],"replies":[{"embeddable":true,"href":"https:\/\/dioceseteixeiradefreitas.com.br\/index.php?rest_route=%2Fwp%2Fv2%2Fcomments&post=24692"}],"version-history":[{"count":1,"href":"https:\/\/dioceseteixeiradefreitas.com.br\/index.php?rest_route=\/wp\/v2\/posts\/24692\/revisions"}],"predecessor-version":[{"id":24694,"href":"https:\/\/dioceseteixeiradefreitas.com.br\/index.php?rest_route=\/wp\/v2\/posts\/24692\/revisions\/24694"}],"wp:featuredmedia":[{"embeddable":true,"href":"https:\/\/dioceseteixeiradefreitas.com.br\/index.php?rest_route=\/wp\/v2\/media\/24693"}],"wp:attachment":[{"href":"https:\/\/dioceseteixeiradefreitas.com.br\/index.php?rest_route=%2Fwp%2Fv2%2Fmedia&parent=24692"}],"wp:term":[{"taxonomy":"category","embeddable":true,"href":"https:\/\/dioceseteixeiradefreitas.com.br\/index.php?rest_route=%2Fwp%2Fv2%2Fcategories&post=24692"},{"taxonomy":"post_tag","embeddable":true,"href":"https:\/\/dioceseteixeiradefreitas.com.br\/index.php?rest_route=%2Fwp%2Fv2%2Ftags&post=24692"}],"curies":[{"name":"wp","href":"https:\/\/api.w.org\/{rel}","templated":true}]}}