{"id":24700,"date":"2025-04-23T17:50:09","date_gmt":"2025-04-23T20:50:09","guid":{"rendered":"https:\/\/dioceseteixeiradefreitas.com.br\/?p=24700"},"modified":"2025-04-23T17:50:10","modified_gmt":"2025-04-23T20:50:10","slug":"convite-especial-jubileu-dos-enfermos-e-agentes-de-saude","status":"publish","type":"post","link":"https:\/\/dioceseteixeiradefreitas.com.br\/?p=24700","title":{"rendered":"Convite Especial: Jubileu dos Enfermos e Agentes de Sa\u00fade."},"content":{"rendered":"\n<figure class=\"wp-block-image size-large\"><a href=\"https:\/\/dioceseteixeiradefreitas.com.br\/wp-content\/uploads\/2025\/04\/89b1ed7e-fd9c-44ef-a5b5-fb5d7c55271b.jpeg\"><img loading=\"lazy\" decoding=\"async\" width=\"819\" height=\"1024\" src=\"https:\/\/dioceseteixeiradefreitas.com.br\/wp-content\/uploads\/2025\/04\/89b1ed7e-fd9c-44ef-a5b5-fb5d7c55271b-819x1024.jpeg\" alt=\"\" class=\"wp-image-24701\" srcset=\"https:\/\/dioceseteixeiradefreitas.com.br\/wp-content\/uploads\/2025\/04\/89b1ed7e-fd9c-44ef-a5b5-fb5d7c55271b-819x1024.jpeg 819w, https:\/\/dioceseteixeiradefreitas.com.br\/wp-content\/uploads\/2025\/04\/89b1ed7e-fd9c-44ef-a5b5-fb5d7c55271b-240x300.jpeg 240w, https:\/\/dioceseteixeiradefreitas.com.br\/wp-content\/uploads\/2025\/04\/89b1ed7e-fd9c-44ef-a5b5-fb5d7c55271b-768x960.jpeg 768w, https:\/\/dioceseteixeiradefreitas.com.br\/wp-content\/uploads\/2025\/04\/89b1ed7e-fd9c-44ef-a5b5-fb5d7c55271b.jpeg 1080w\" sizes=\"auto, (max-width: 819px) 100vw, 819px\" \/><\/a><\/figure>\n\n\n\n<p>Com grande alegria, convidamos voc\u00ea para participar do Jubileu dos Enfermos e Agentes de Sa\u00fade, um momento de f\u00e9, cura e renova\u00e7\u00e3o espiritual.<\/p>\n\n\n\n<p><strong>Data: 27 de abril <\/strong><\/p>\n\n\n\n<p><strong>Hor\u00e1rio: 19h<\/strong><\/p>\n\n\n\n<p><strong>Local: Igreja Santo Ant\u00f4nio<\/strong><\/p>\n\n\n\n<p><strong>Endere\u00e7o: Rua Graciliano Viana \u2013 Bela Vista<\/strong><\/p>\n\n\n\n<p>Ser\u00e1 uma noite dedicada \u00e0 ora\u00e7\u00e3o pelos enfermos e \u00e0 gratid\u00e3o pelos agentes de sa\u00fade que, com tanto zelo e amor, cuidam da vida.<\/p>\n\n\n\n<p>Venha viver essa gra\u00e7a! Traga sua fam\u00edlia, seus pacientes, colegas de trabalho e todos aqueles que precisam de uma b\u00ean\u00e7\u00e3o especial.<\/p>\n","protected":false},"excerpt":{"rendered":"<p>Com grande alegria, convidamos voc\u00ea para participar do Jubileu dos Enfermos e Agentes de Sa\u00fade, um momento de f\u00e9, cura e renova\u00e7\u00e3o espiritual. Data: 27 de abril Hor\u00e1rio: 19h Local: Igreja Santo Ant\u00f4nio Endere\u00e7o: Rua Graciliano Viana \u2013 Bela Vista Ser\u00e1 uma noite dedicada \u00e0 ora\u00e7\u00e3o pelos enfermos e \u00e0 gratid\u00e3o pelos agentes de sa\u00fade &hellip;<\/p>\n","protected":false},"author":32,"featured_media":24701,"comment_status":"closed","ping_status":"closed","sticky":false,"template":"","format":"standard","meta":{"footnotes":""},"categories":[1231,100,41],"tags":[],"class_list":["post-24700","post","type-post","status-publish","format-standard","has-post-thumbnail","hentry","category-jubileu-da-esperanca-2025","category-noticias-diocesanas","category-noticias_destaque"],"_links":{"self":[{"href":"https:\/\/dioceseteixeiradefreitas.com.br\/index.php?rest_route=\/wp\/v2\/posts\/24700","targetHints":{"allow":["GET"]}}],"collection":[{"href":"https:\/\/dioceseteixeiradefreitas.com.br\/index.php?rest_route=\/wp\/v2\/posts"}],"about":[{"href":"https:\/\/dioceseteixeiradefreitas.com.br\/index.php?rest_route=\/wp\/v2\/types\/post"}],"author":[{"embeddable":true,"href":"https:\/\/dioceseteixeiradefreitas.com.br\/index.php?rest_route=\/wp\/v2\/users\/32"}],"replies":[{"embeddable":true,"href":"https:\/\/dioceseteixeiradefreitas.com.br\/index.php?rest_route=%2Fwp%2Fv2%2Fcomments&post=24700"}],"version-history":[{"count":1,"href":"https:\/\/dioceseteixeiradefreitas.com.br\/index.php?rest_route=\/wp\/v2\/posts\/24700\/revisions"}],"predecessor-version":[{"id":24702,"href":"https:\/\/dioceseteixeiradefreitas.com.br\/index.php?rest_route=\/wp\/v2\/posts\/24700\/revisions\/24702"}],"wp:featuredmedia":[{"embeddable":true,"href":"https:\/\/dioceseteixeiradefreitas.com.br\/index.php?rest_route=\/wp\/v2\/media\/24701"}],"wp:attachment":[{"href":"https:\/\/dioceseteixeiradefreitas.com.br\/index.php?rest_route=%2Fwp%2Fv2%2Fmedia&parent=24700"}],"wp:term":[{"taxonomy":"category","embeddable":true,"href":"https:\/\/dioceseteixeiradefreitas.com.br\/index.php?rest_route=%2Fwp%2Fv2%2Fcategories&post=24700"},{"taxonomy":"post_tag","embeddable":true,"href":"https:\/\/dioceseteixeiradefreitas.com.br\/index.php?rest_route=%2Fwp%2Fv2%2Ftags&post=24700"}],"curies":[{"name":"wp","href":"https:\/\/api.w.org\/{rel}","templated":true}]}}