{"id":24774,"date":"2025-04-30T14:15:06","date_gmt":"2025-04-30T17:15:06","guid":{"rendered":"https:\/\/dioceseteixeiradefreitas.com.br\/?p=24774"},"modified":"2025-04-30T14:15:06","modified_gmt":"2025-04-30T17:15:06","slug":"jubileu-dos-trabalhadores-e-empresarios-um-convite-especial","status":"publish","type":"post","link":"https:\/\/dioceseteixeiradefreitas.com.br\/?p=24774","title":{"rendered":"Jubileu dos Trabalhadores e Empres\u00e1rios &#8211; Um Convite Especial."},"content":{"rendered":"\n<figure class=\"wp-block-image size-large\"><a href=\"https:\/\/dioceseteixeiradefreitas.com.br\/wp-content\/uploads\/2025\/04\/5d1eab6c-261a-4867-b832-802d475ede8d.jpeg\"><img loading=\"lazy\" decoding=\"async\" width=\"819\" height=\"1024\" src=\"https:\/\/dioceseteixeiradefreitas.com.br\/wp-content\/uploads\/2025\/04\/5d1eab6c-261a-4867-b832-802d475ede8d-819x1024.jpeg\" alt=\"\" class=\"wp-image-24775\" srcset=\"https:\/\/dioceseteixeiradefreitas.com.br\/wp-content\/uploads\/2025\/04\/5d1eab6c-261a-4867-b832-802d475ede8d-819x1024.jpeg 819w, https:\/\/dioceseteixeiradefreitas.com.br\/wp-content\/uploads\/2025\/04\/5d1eab6c-261a-4867-b832-802d475ede8d-240x300.jpeg 240w, https:\/\/dioceseteixeiradefreitas.com.br\/wp-content\/uploads\/2025\/04\/5d1eab6c-261a-4867-b832-802d475ede8d-768x960.jpeg 768w, https:\/\/dioceseteixeiradefreitas.com.br\/wp-content\/uploads\/2025\/04\/5d1eab6c-261a-4867-b832-802d475ede8d.jpeg 1080w\" sizes=\"auto, (max-width: 819px) 100vw, 819px\" \/><\/a><\/figure>\n\n\n\n<p>A Diocese de Teixeira de Freitas \/ Caravelas convida voc\u00ea, sua fam\u00edlia e sua equipe de trabalho para um momento de f\u00e9, gratid\u00e3o e esperan\u00e7a!<\/p>\n\n\n\n<p><strong>No dia 04 de maio, \u00e0s 19h, celebraremos juntos o Jubileu dos Trabalhadores e Empres\u00e1rios<\/strong>, dentro da programa\u00e7\u00e3o do Jubileu 2025 \u2013 Peregrinos da Esperan\u00e7a.<\/p>\n\n\n\n<p><strong>Local: Igreja Santo Ant\u00f4nio<br>Endere\u00e7o: Rua Graciliano Viana \u2013 Bela Vista<br>Hor\u00e1rio: 19h<\/strong><\/p>\n\n\n\n<p>Ser\u00e1 uma noite dedicada a todos os que, com esfor\u00e7o e dedica\u00e7\u00e3o, constroem um mundo melhor por meio do trabalho. Venha apresentar sua miss\u00e3o profissional a Deus, renovar sua f\u00e9 e caminhar como verdadeiro peregrino da esperan\u00e7a!<\/p>\n\n\n\n<p><strong>Sua presen\u00e7a \u00e9 muito importante para vivermos juntos esse tempo de gra\u00e7a!<\/strong><\/p>\n","protected":false},"excerpt":{"rendered":"<p>A Diocese de Teixeira de Freitas \/ Caravelas convida voc\u00ea, sua fam\u00edlia e sua equipe de trabalho para um momento de f\u00e9, gratid\u00e3o e esperan\u00e7a! No dia 04 de maio, \u00e0s 19h, celebraremos juntos o Jubileu dos Trabalhadores e Empres\u00e1rios, dentro da programa\u00e7\u00e3o do Jubileu 2025 \u2013 Peregrinos da Esperan\u00e7a. Local: Igreja Santo Ant\u00f4nioEndere\u00e7o: Rua &hellip;<\/p>\n","protected":false},"author":32,"featured_media":0,"comment_status":"closed","ping_status":"closed","sticky":false,"template":"","format":"standard","meta":{"footnotes":""},"categories":[1],"tags":[],"class_list":["post-24774","post","type-post","status-publish","format-standard","hentry","category-uncategorized"],"_links":{"self":[{"href":"https:\/\/dioceseteixeiradefreitas.com.br\/index.php?rest_route=\/wp\/v2\/posts\/24774","targetHints":{"allow":["GET"]}}],"collection":[{"href":"https:\/\/dioceseteixeiradefreitas.com.br\/index.php?rest_route=\/wp\/v2\/posts"}],"about":[{"href":"https:\/\/dioceseteixeiradefreitas.com.br\/index.php?rest_route=\/wp\/v2\/types\/post"}],"author":[{"embeddable":true,"href":"https:\/\/dioceseteixeiradefreitas.com.br\/index.php?rest_route=\/wp\/v2\/users\/32"}],"replies":[{"embeddable":true,"href":"https:\/\/dioceseteixeiradefreitas.com.br\/index.php?rest_route=%2Fwp%2Fv2%2Fcomments&post=24774"}],"version-history":[{"count":1,"href":"https:\/\/dioceseteixeiradefreitas.com.br\/index.php?rest_route=\/wp\/v2\/posts\/24774\/revisions"}],"predecessor-version":[{"id":24776,"href":"https:\/\/dioceseteixeiradefreitas.com.br\/index.php?rest_route=\/wp\/v2\/posts\/24774\/revisions\/24776"}],"wp:attachment":[{"href":"https:\/\/dioceseteixeiradefreitas.com.br\/index.php?rest_route=%2Fwp%2Fv2%2Fmedia&parent=24774"}],"wp:term":[{"taxonomy":"category","embeddable":true,"href":"https:\/\/dioceseteixeiradefreitas.com.br\/index.php?rest_route=%2Fwp%2Fv2%2Fcategories&post=24774"},{"taxonomy":"post_tag","embeddable":true,"href":"https:\/\/dioceseteixeiradefreitas.com.br\/index.php?rest_route=%2Fwp%2Fv2%2Ftags&post=24774"}],"curies":[{"name":"wp","href":"https:\/\/api.w.org\/{rel}","templated":true}]}}