{"id":24891,"date":"2025-06-04T16:28:01","date_gmt":"2025-06-04T19:28:01","guid":{"rendered":"https:\/\/dioceseteixeiradefreitas.com.br\/?p=24891"},"modified":"2025-06-04T16:28:02","modified_gmt":"2025-06-04T19:28:02","slug":"formacao-da-pascom-na-forania-sao-jose-reune-agentes-em-tarde-de-espiritualidade-partilha-e-aprendizado","status":"publish","type":"post","link":"https:\/\/dioceseteixeiradefreitas.com.br\/?p=24891","title":{"rendered":"Forma\u00e7\u00e3o da PASCOM na Forania S\u00e3o Jos\u00e9 Re\u00fane Agentes em Tarde de Espiritualidade, Partilha e Aprendizado"},"content":{"rendered":"\n<figure class=\"wp-block-image size-large\"><a href=\"https:\/\/dioceseteixeiradefreitas.com.br\/wp-content\/uploads\/2025\/05\/7d476fb0-3266-441c-b3c4-a039819b6e1d-scaled.jpeg\"><img loading=\"lazy\" decoding=\"async\" width=\"768\" height=\"1024\" src=\"https:\/\/dioceseteixeiradefreitas.com.br\/wp-content\/uploads\/2025\/05\/7d476fb0-3266-441c-b3c4-a039819b6e1d-768x1024.jpeg\" alt=\"\" class=\"wp-image-24914\" srcset=\"https:\/\/dioceseteixeiradefreitas.com.br\/wp-content\/uploads\/2025\/05\/7d476fb0-3266-441c-b3c4-a039819b6e1d-768x1024.jpeg 768w, https:\/\/dioceseteixeiradefreitas.com.br\/wp-content\/uploads\/2025\/05\/7d476fb0-3266-441c-b3c4-a039819b6e1d-225x300.jpeg 225w, https:\/\/dioceseteixeiradefreitas.com.br\/wp-content\/uploads\/2025\/05\/7d476fb0-3266-441c-b3c4-a039819b6e1d-1152x1536.jpeg 1152w, https:\/\/dioceseteixeiradefreitas.com.br\/wp-content\/uploads\/2025\/05\/7d476fb0-3266-441c-b3c4-a039819b6e1d-1536x2048.jpeg 1536w, https:\/\/dioceseteixeiradefreitas.com.br\/wp-content\/uploads\/2025\/05\/7d476fb0-3266-441c-b3c4-a039819b6e1d-scaled.jpeg 1920w\" sizes=\"auto, (max-width: 768px) 100vw, 768px\" \/><\/a><\/figure>\n\n\n\n<p>No dia 24 de maio de 2025, a Comunidade Nossa Senhora Aparecida, em Mucuri, acolheu com alegria os agentes da Pastoral da Comunica\u00e7\u00e3o (PASCOM) para uma tarde de forma\u00e7\u00e3o. O encontro foi um verdadeiro tempo de gra\u00e7a e aprofundamento na miss\u00e3o evangelizadora da comunica\u00e7\u00e3o, reunindo pasconeiros de diversas par\u00f3quias da regi\u00e3o.<\/p>\n\n\n\n<p>A forma\u00e7\u00e3o foi iniciada por Aline, coordenadora for\u00e2nea da PASCOM, que conduziu um momento orante ao som da can\u00e7\u00e3o \u201cO que agrada a Deus\u201d, convidando todos a depositarem sua esperan\u00e7a no Senhor. A medita\u00e7\u00e3o teve como base o trecho de Lucas 24, 13-35 \u2014 os disc\u00edpulos de Ema\u00fas \u2014 ressaltando que a comunica\u00e7\u00e3o paralela nos impede de ver Jesus, e que \u201co caminho que nos leva a abrir os olhos se chama Eucaristia.\u201d<\/p>\n\n\n\n<p>Aline refor\u00e7ou que o pasconeiro precisa se alimentar da Eucaristia para que sua comunica\u00e7\u00e3o d\u00ea frutos. A miss\u00e3o da PASCOM vai al\u00e9m das c\u00e2meras e redes: \u00e9 comunicar com mansid\u00e3o e esperan\u00e7a, e n\u00e3o com agita\u00e7\u00e3o e caos. O centro do servi\u00e7o \u00e9 Jesus. A comunica\u00e7\u00e3o fiel \u00e0 Igreja exige compromisso com a verdade, com clareza, mas sempre com ternura.<\/p>\n\n\n\n<figure class=\"wp-block-image size-large\"><a href=\"https:\/\/dioceseteixeiradefreitas.com.br\/wp-content\/uploads\/2025\/05\/IMG_8558-1-scaled.jpeg\"><img loading=\"lazy\" decoding=\"async\" width=\"576\" height=\"1024\" src=\"https:\/\/dioceseteixeiradefreitas.com.br\/wp-content\/uploads\/2025\/05\/IMG_8558-1-576x1024.jpeg\" alt=\"\" class=\"wp-image-24916\" srcset=\"https:\/\/dioceseteixeiradefreitas.com.br\/wp-content\/uploads\/2025\/05\/IMG_8558-1-576x1024.jpeg 576w, https:\/\/dioceseteixeiradefreitas.com.br\/wp-content\/uploads\/2025\/05\/IMG_8558-1-169x300.jpeg 169w, https:\/\/dioceseteixeiradefreitas.com.br\/wp-content\/uploads\/2025\/05\/IMG_8558-1-768x1365.jpeg 768w, https:\/\/dioceseteixeiradefreitas.com.br\/wp-content\/uploads\/2025\/05\/IMG_8558-1-864x1536.jpeg 864w, https:\/\/dioceseteixeiradefreitas.com.br\/wp-content\/uploads\/2025\/05\/IMG_8558-1-1152x2048.jpeg 1152w, https:\/\/dioceseteixeiradefreitas.com.br\/wp-content\/uploads\/2025\/05\/IMG_8558-1-scaled.jpeg 1440w\" sizes=\"auto, (max-width: 576px) 100vw, 576px\" \/><\/a><\/figure>\n\n\n\n<p>Inspirados tamb\u00e9m pela Carta do Papa Francisco, os participantes refletiram sobre o chamado a uma comunica\u00e7\u00e3o desarmada, que n\u00e3o esconda a verdade, mas que a transmita com mansid\u00e3o, promovendo cura e esperan\u00e7a. \u201cProcurai praticar uma comunica\u00e7\u00e3o que cure as feridas da humanidade\u201d, escreveu o Papa.<\/p>\n\n\n\n<p>Na sequ\u00eancia, Julian, coordenador diocesano da PASCOM, trouxe pontos pr\u00e1ticos fundamentais para a atua\u00e7\u00e3o pastoral:<\/p>\n\n\n\n<p>\ud83c\udf99\ufe0f O servi\u00e7o do pasconeiro \u00e9 uma rela\u00e7\u00e3o entre ele e Deus. A espiritualidade vem antes do fazer. Viver os sacramentos com fidelidade \u00e9 o que sustenta o servir.<\/p>\n\n\n\n<p>\ud83d\udc55 Foi proposta a padroniza\u00e7\u00e3o dos uniformes, com uso de camisetas pretas ou uniformes pr\u00f3prios da pastoral, refor\u00e7ando a identidade visual.<\/p>\n\n\n\n<p>\ud83d\udcf8 Em rela\u00e7\u00e3o \u00e0s fotografias, Julian destacou a import\u00e2ncia de sempre publicar fotos com legendas explicativas, respeitando os tr\u00eas pilares da comunica\u00e7\u00e3o: Kerigma, catequese e atos de f\u00e9. Alertou ainda sobre o cuidado com a dignidade visual das pessoas, evitando fotos em momentos constrangedores ou que chamem aten\u00e7\u00e3o indevida para o agente. Lembrou tamb\u00e9m sobre o direito de imagem e a LGPD, orientando sobre a import\u00e2ncia da \u00e9tica na produ\u00e7\u00e3o de conte\u00fado.<\/p>\n\n\n\n<p>\ud83d\uddbc\ufe0f Foi recomendada a busca por imagens seguras, como no banco Cathopic, principalmente ao publicar fotos do Papa. Tamb\u00e9m se enfatizou a import\u00e2ncia de evitar fotos individuais ou que possam causar interpreta\u00e7\u00f5es equivocadas.<\/p>\n\n\n\n<figure class=\"wp-block-image size-large\"><a href=\"https:\/\/dioceseteixeiradefreitas.com.br\/wp-content\/uploads\/2025\/05\/IMG_8578-scaled.jpeg\"><img loading=\"lazy\" decoding=\"async\" width=\"576\" height=\"1024\" src=\"https:\/\/dioceseteixeiradefreitas.com.br\/wp-content\/uploads\/2025\/05\/IMG_8578-576x1024.jpeg\" alt=\"\" class=\"wp-image-24894\" srcset=\"https:\/\/dioceseteixeiradefreitas.com.br\/wp-content\/uploads\/2025\/05\/IMG_8578-576x1024.jpeg 576w, https:\/\/dioceseteixeiradefreitas.com.br\/wp-content\/uploads\/2025\/05\/IMG_8578-169x300.jpeg 169w, https:\/\/dioceseteixeiradefreitas.com.br\/wp-content\/uploads\/2025\/05\/IMG_8578-768x1365.jpeg 768w, https:\/\/dioceseteixeiradefreitas.com.br\/wp-content\/uploads\/2025\/05\/IMG_8578-864x1536.jpeg 864w, https:\/\/dioceseteixeiradefreitas.com.br\/wp-content\/uploads\/2025\/05\/IMG_8578-1152x2048.jpeg 1152w, https:\/\/dioceseteixeiradefreitas.com.br\/wp-content\/uploads\/2025\/05\/IMG_8578-scaled.jpeg 1440w\" sizes=\"auto, (max-width: 576px) 100vw, 576px\" \/><\/a><\/figure>\n\n\n\n<p>\ud83d\udca1 Os participantes conheceram ainda como utilizar o ChatGPT como ferramenta de apoio na cria\u00e7\u00e3o de textos para publica\u00e7\u00f5es, com a devida orienta\u00e7\u00e3o: \u00e9 essencial ler, revisar e ajustar o conte\u00fado gerado, pois se trata de uma ferramenta generativa que pode apresentar imprecis\u00f5es.<\/p>\n\n\n\n<p>\ud83d\udcf9 Ao abordar as transmiss\u00f5es, Julian destacou que a missa assistida virtualmente n\u00e3o substitui a presencial. Refor\u00e7ou que as transmiss\u00f5es devem ser ao vivo, sempre com rever\u00eancia, evitando focar nas pessoas e, principalmente, o cuidado de n\u00e3o filmar durante o momento da comunh\u00e3o.<\/p>\n\n\n\n<p>\ud83d\udcd6 A forma\u00e7\u00e3o tamb\u00e9m incentivou a leitura do Catecismo da Igreja Cat\u00f3lica e do Diret\u00f3rio de Comunica\u00e7\u00e3o, como forma de aprofundar a miss\u00e3o e alinhar a pr\u00e1tica pastoral com a doutrina da Igreja.<\/p>\n\n\n\n<p>Ao final, todos partilharam de um delicioso caf\u00e9, que proporcionou um momento especial de viv\u00eancia, troca de experi\u00eancias e fortalecimento dos la\u00e7os entre os participantes.<\/p>\n\n\n\n<p>Foi uma tarde rica em aprendizado e espiritualidade. A PASCOM, como obra de Deus, segue sendo um espa\u00e7o de evangeliza\u00e7\u00e3o criativa e comprometida. Que cada pasconeiro continue sua miss\u00e3o com alegria, mansid\u00e3o e fidelidade, sendo testemunha da esperan\u00e7a no mundo digital e no cora\u00e7\u00e3o da Igreja.<\/p>\n\n\n\n<figure class=\"wp-block-gallery has-nested-images columns-default is-cropped wp-block-gallery-1 is-layout-flex wp-block-gallery-is-layout-flex\">\n<figure class=\"wp-block-image size-large\"><a href=\"https:\/\/dioceseteixeiradefreitas.com.br\/wp-content\/uploads\/2025\/05\/IMG_8552-scaled.jpeg\"><img loading=\"lazy\" decoding=\"async\" width=\"576\" height=\"1024\" data-id=\"24910\" src=\"https:\/\/dioceseteixeiradefreitas.com.br\/wp-content\/uploads\/2025\/05\/IMG_8552-576x1024.jpeg\" alt=\"\" class=\"wp-image-24910\" srcset=\"https:\/\/dioceseteixeiradefreitas.com.br\/wp-content\/uploads\/2025\/05\/IMG_8552-576x1024.jpeg 576w, https:\/\/dioceseteixeiradefreitas.com.br\/wp-content\/uploads\/2025\/05\/IMG_8552-169x300.jpeg 169w, https:\/\/dioceseteixeiradefreitas.com.br\/wp-content\/uploads\/2025\/05\/IMG_8552-768x1365.jpeg 768w, https:\/\/dioceseteixeiradefreitas.com.br\/wp-content\/uploads\/2025\/05\/IMG_8552-864x1536.jpeg 864w, https:\/\/dioceseteixeiradefreitas.com.br\/wp-content\/uploads\/2025\/05\/IMG_8552-1152x2048.jpeg 1152w, https:\/\/dioceseteixeiradefreitas.com.br\/wp-content\/uploads\/2025\/05\/IMG_8552-scaled.jpeg 1440w\" sizes=\"auto, (max-width: 576px) 100vw, 576px\" \/><\/a><\/figure>\n\n\n\n<figure class=\"wp-block-image size-large\"><a href=\"https:\/\/dioceseteixeiradefreitas.com.br\/wp-content\/uploads\/2025\/05\/IMG_8558-scaled.jpeg\"><img loading=\"lazy\" decoding=\"async\" width=\"576\" height=\"1024\" data-id=\"24905\" src=\"https:\/\/dioceseteixeiradefreitas.com.br\/wp-content\/uploads\/2025\/05\/IMG_8558-576x1024.jpeg\" alt=\"\" class=\"wp-image-24905\" srcset=\"https:\/\/dioceseteixeiradefreitas.com.br\/wp-content\/uploads\/2025\/05\/IMG_8558-576x1024.jpeg 576w, https:\/\/dioceseteixeiradefreitas.com.br\/wp-content\/uploads\/2025\/05\/IMG_8558-169x300.jpeg 169w, https:\/\/dioceseteixeiradefreitas.com.br\/wp-content\/uploads\/2025\/05\/IMG_8558-768x1365.jpeg 768w, https:\/\/dioceseteixeiradefreitas.com.br\/wp-content\/uploads\/2025\/05\/IMG_8558-864x1536.jpeg 864w, https:\/\/dioceseteixeiradefreitas.com.br\/wp-content\/uploads\/2025\/05\/IMG_8558-1152x2048.jpeg 1152w, https:\/\/dioceseteixeiradefreitas.com.br\/wp-content\/uploads\/2025\/05\/IMG_8558-scaled.jpeg 1440w\" sizes=\"auto, (max-width: 576px) 100vw, 576px\" \/><\/a><\/figure>\n\n\n\n<figure class=\"wp-block-image size-large\"><a href=\"https:\/\/dioceseteixeiradefreitas.com.br\/wp-content\/uploads\/2025\/05\/IMG_8560-scaled.jpeg\"><img loading=\"lazy\" decoding=\"async\" width=\"576\" height=\"1024\" data-id=\"24901\" src=\"https:\/\/dioceseteixeiradefreitas.com.br\/wp-content\/uploads\/2025\/05\/IMG_8560-576x1024.jpeg\" alt=\"\" class=\"wp-image-24901\" srcset=\"https:\/\/dioceseteixeiradefreitas.com.br\/wp-content\/uploads\/2025\/05\/IMG_8560-576x1024.jpeg 576w, https:\/\/dioceseteixeiradefreitas.com.br\/wp-content\/uploads\/2025\/05\/IMG_8560-169x300.jpeg 169w, https:\/\/dioceseteixeiradefreitas.com.br\/wp-content\/uploads\/2025\/05\/IMG_8560-768x1365.jpeg 768w, https:\/\/dioceseteixeiradefreitas.com.br\/wp-content\/uploads\/2025\/05\/IMG_8560-864x1536.jpeg 864w, https:\/\/dioceseteixeiradefreitas.com.br\/wp-content\/uploads\/2025\/05\/IMG_8560-1152x2048.jpeg 1152w, https:\/\/dioceseteixeiradefreitas.com.br\/wp-content\/uploads\/2025\/05\/IMG_8560-scaled.jpeg 1440w\" sizes=\"auto, (max-width: 576px) 100vw, 576px\" \/><\/a><\/figure>\n\n\n\n<figure class=\"wp-block-image size-large\"><a href=\"https:\/\/dioceseteixeiradefreitas.com.br\/wp-content\/uploads\/2025\/05\/IMG_8562-scaled.jpeg\"><img loading=\"lazy\" decoding=\"async\" width=\"576\" height=\"1024\" data-id=\"24899\" src=\"https:\/\/dioceseteixeiradefreitas.com.br\/wp-content\/uploads\/2025\/05\/IMG_8562-576x1024.jpeg\" alt=\"\" class=\"wp-image-24899\" srcset=\"https:\/\/dioceseteixeiradefreitas.com.br\/wp-content\/uploads\/2025\/05\/IMG_8562-576x1024.jpeg 576w, https:\/\/dioceseteixeiradefreitas.com.br\/wp-content\/uploads\/2025\/05\/IMG_8562-169x300.jpeg 169w, https:\/\/dioceseteixeiradefreitas.com.br\/wp-content\/uploads\/2025\/05\/IMG_8562-768x1365.jpeg 768w, https:\/\/dioceseteixeiradefreitas.com.br\/wp-content\/uploads\/2025\/05\/IMG_8562-864x1536.jpeg 864w, https:\/\/dioceseteixeiradefreitas.com.br\/wp-content\/uploads\/2025\/05\/IMG_8562-1152x2048.jpeg 1152w, https:\/\/dioceseteixeiradefreitas.com.br\/wp-content\/uploads\/2025\/05\/IMG_8562-scaled.jpeg 1440w\" sizes=\"auto, (max-width: 576px) 100vw, 576px\" \/><\/a><\/figure>\n\n\n\n<figure class=\"wp-block-image size-large\"><a href=\"https:\/\/dioceseteixeiradefreitas.com.br\/wp-content\/uploads\/2025\/05\/IMG_8563-scaled.jpeg\"><img loading=\"lazy\" decoding=\"async\" width=\"576\" height=\"1024\" data-id=\"24906\" src=\"https:\/\/dioceseteixeiradefreitas.com.br\/wp-content\/uploads\/2025\/05\/IMG_8563-576x1024.jpeg\" alt=\"\" class=\"wp-image-24906\" srcset=\"https:\/\/dioceseteixeiradefreitas.com.br\/wp-content\/uploads\/2025\/05\/IMG_8563-576x1024.jpeg 576w, https:\/\/dioceseteixeiradefreitas.com.br\/wp-content\/uploads\/2025\/05\/IMG_8563-169x300.jpeg 169w, https:\/\/dioceseteixeiradefreitas.com.br\/wp-content\/uploads\/2025\/05\/IMG_8563-768x1365.jpeg 768w, https:\/\/dioceseteixeiradefreitas.com.br\/wp-content\/uploads\/2025\/05\/IMG_8563-864x1536.jpeg 864w, https:\/\/dioceseteixeiradefreitas.com.br\/wp-content\/uploads\/2025\/05\/IMG_8563-1152x2048.jpeg 1152w, https:\/\/dioceseteixeiradefreitas.com.br\/wp-content\/uploads\/2025\/05\/IMG_8563-scaled.jpeg 1440w\" sizes=\"auto, (max-width: 576px) 100vw, 576px\" \/><\/a><\/figure>\n\n\n\n<figure class=\"wp-block-image size-large\"><a href=\"https:\/\/dioceseteixeiradefreitas.com.br\/wp-content\/uploads\/2025\/05\/IMG_8564-scaled.jpeg\"><img loading=\"lazy\" decoding=\"async\" width=\"576\" height=\"1024\" data-id=\"24903\" src=\"https:\/\/dioceseteixeiradefreitas.com.br\/wp-content\/uploads\/2025\/05\/IMG_8564-576x1024.jpeg\" alt=\"\" class=\"wp-image-24903\" srcset=\"https:\/\/dioceseteixeiradefreitas.com.br\/wp-content\/uploads\/2025\/05\/IMG_8564-576x1024.jpeg 576w, https:\/\/dioceseteixeiradefreitas.com.br\/wp-content\/uploads\/2025\/05\/IMG_8564-169x300.jpeg 169w, https:\/\/dioceseteixeiradefreitas.com.br\/wp-content\/uploads\/2025\/05\/IMG_8564-768x1365.jpeg 768w, https:\/\/dioceseteixeiradefreitas.com.br\/wp-content\/uploads\/2025\/05\/IMG_8564-864x1536.jpeg 864w, https:\/\/dioceseteixeiradefreitas.com.br\/wp-content\/uploads\/2025\/05\/IMG_8564-1152x2048.jpeg 1152w, https:\/\/dioceseteixeiradefreitas.com.br\/wp-content\/uploads\/2025\/05\/IMG_8564-scaled.jpeg 1440w\" sizes=\"auto, (max-width: 576px) 100vw, 576px\" \/><\/a><\/figure>\n\n\n\n<figure class=\"wp-block-image size-large\"><a href=\"https:\/\/dioceseteixeiradefreitas.com.br\/wp-content\/uploads\/2025\/05\/IMG_8574-scaled.jpeg\"><img loading=\"lazy\" decoding=\"async\" width=\"576\" height=\"1024\" data-id=\"24907\" src=\"https:\/\/dioceseteixeiradefreitas.com.br\/wp-content\/uploads\/2025\/05\/IMG_8574-576x1024.jpeg\" alt=\"\" class=\"wp-image-24907\" srcset=\"https:\/\/dioceseteixeiradefreitas.com.br\/wp-content\/uploads\/2025\/05\/IMG_8574-576x1024.jpeg 576w, https:\/\/dioceseteixeiradefreitas.com.br\/wp-content\/uploads\/2025\/05\/IMG_8574-169x300.jpeg 169w, https:\/\/dioceseteixeiradefreitas.com.br\/wp-content\/uploads\/2025\/05\/IMG_8574-768x1365.jpeg 768w, https:\/\/dioceseteixeiradefreitas.com.br\/wp-content\/uploads\/2025\/05\/IMG_8574-864x1536.jpeg 864w, https:\/\/dioceseteixeiradefreitas.com.br\/wp-content\/uploads\/2025\/05\/IMG_8574-1152x2048.jpeg 1152w, https:\/\/dioceseteixeiradefreitas.com.br\/wp-content\/uploads\/2025\/05\/IMG_8574-scaled.jpeg 1440w\" sizes=\"auto, (max-width: 576px) 100vw, 576px\" \/><\/a><\/figure>\n\n\n\n<figure class=\"wp-block-image size-large\"><a href=\"https:\/\/dioceseteixeiradefreitas.com.br\/wp-content\/uploads\/2025\/05\/IMG_8575-scaled.jpeg\"><img loading=\"lazy\" decoding=\"async\" width=\"576\" height=\"1024\" data-id=\"24897\" src=\"https:\/\/dioceseteixeiradefreitas.com.br\/wp-content\/uploads\/2025\/05\/IMG_8575-576x1024.jpeg\" alt=\"\" class=\"wp-image-24897\" srcset=\"https:\/\/dioceseteixeiradefreitas.com.br\/wp-content\/uploads\/2025\/05\/IMG_8575-576x1024.jpeg 576w, https:\/\/dioceseteixeiradefreitas.com.br\/wp-content\/uploads\/2025\/05\/IMG_8575-169x300.jpeg 169w, https:\/\/dioceseteixeiradefreitas.com.br\/wp-content\/uploads\/2025\/05\/IMG_8575-768x1365.jpeg 768w, https:\/\/dioceseteixeiradefreitas.com.br\/wp-content\/uploads\/2025\/05\/IMG_8575-864x1536.jpeg 864w, https:\/\/dioceseteixeiradefreitas.com.br\/wp-content\/uploads\/2025\/05\/IMG_8575-1152x2048.jpeg 1152w, https:\/\/dioceseteixeiradefreitas.com.br\/wp-content\/uploads\/2025\/05\/IMG_8575-scaled.jpeg 1440w\" sizes=\"auto, (max-width: 576px) 100vw, 576px\" \/><\/a><\/figure>\n\n\n\n<figure class=\"wp-block-image size-large\"><a href=\"https:\/\/dioceseteixeiradefreitas.com.br\/wp-content\/uploads\/2025\/05\/IMG_8576-scaled.jpeg\"><img loading=\"lazy\" decoding=\"async\" width=\"576\" height=\"1024\" data-id=\"24900\" src=\"https:\/\/dioceseteixeiradefreitas.com.br\/wp-content\/uploads\/2025\/05\/IMG_8576-576x1024.jpeg\" alt=\"\" class=\"wp-image-24900\" srcset=\"https:\/\/dioceseteixeiradefreitas.com.br\/wp-content\/uploads\/2025\/05\/IMG_8576-576x1024.jpeg 576w, https:\/\/dioceseteixeiradefreitas.com.br\/wp-content\/uploads\/2025\/05\/IMG_8576-169x300.jpeg 169w, https:\/\/dioceseteixeiradefreitas.com.br\/wp-content\/uploads\/2025\/05\/IMG_8576-768x1365.jpeg 768w, https:\/\/dioceseteixeiradefreitas.com.br\/wp-content\/uploads\/2025\/05\/IMG_8576-864x1536.jpeg 864w, https:\/\/dioceseteixeiradefreitas.com.br\/wp-content\/uploads\/2025\/05\/IMG_8576-1152x2048.jpeg 1152w, https:\/\/dioceseteixeiradefreitas.com.br\/wp-content\/uploads\/2025\/05\/IMG_8576-scaled.jpeg 1440w\" sizes=\"auto, (max-width: 576px) 100vw, 576px\" \/><\/a><\/figure>\n\n\n\n<figure class=\"wp-block-image size-large\"><a href=\"https:\/\/dioceseteixeiradefreitas.com.br\/wp-content\/uploads\/2025\/05\/IMG_8577-scaled.jpeg\"><img loading=\"lazy\" decoding=\"async\" width=\"576\" height=\"1024\" data-id=\"24898\" src=\"https:\/\/dioceseteixeiradefreitas.com.br\/wp-content\/uploads\/2025\/05\/IMG_8577-576x1024.jpeg\" alt=\"\" class=\"wp-image-24898\" srcset=\"https:\/\/dioceseteixeiradefreitas.com.br\/wp-content\/uploads\/2025\/05\/IMG_8577-576x1024.jpeg 576w, https:\/\/dioceseteixeiradefreitas.com.br\/wp-content\/uploads\/2025\/05\/IMG_8577-169x300.jpeg 169w, https:\/\/dioceseteixeiradefreitas.com.br\/wp-content\/uploads\/2025\/05\/IMG_8577-768x1365.jpeg 768w, https:\/\/dioceseteixeiradefreitas.com.br\/wp-content\/uploads\/2025\/05\/IMG_8577-864x1536.jpeg 864w, https:\/\/dioceseteixeiradefreitas.com.br\/wp-content\/uploads\/2025\/05\/IMG_8577-1152x2048.jpeg 1152w, https:\/\/dioceseteixeiradefreitas.com.br\/wp-content\/uploads\/2025\/05\/IMG_8577-scaled.jpeg 1440w\" sizes=\"auto, (max-width: 576px) 100vw, 576px\" \/><\/a><\/figure>\n\n\n\n<figure class=\"wp-block-image size-large\"><a href=\"https:\/\/dioceseteixeiradefreitas.com.br\/wp-content\/uploads\/2025\/05\/IMG_8578-scaled.jpeg\"><img loading=\"lazy\" decoding=\"async\" width=\"576\" height=\"1024\" data-id=\"24894\" src=\"https:\/\/dioceseteixeiradefreitas.com.br\/wp-content\/uploads\/2025\/05\/IMG_8578-576x1024.jpeg\" alt=\"\" class=\"wp-image-24894\" srcset=\"https:\/\/dioceseteixeiradefreitas.com.br\/wp-content\/uploads\/2025\/05\/IMG_8578-576x1024.jpeg 576w, https:\/\/dioceseteixeiradefreitas.com.br\/wp-content\/uploads\/2025\/05\/IMG_8578-169x300.jpeg 169w, https:\/\/dioceseteixeiradefreitas.com.br\/wp-content\/uploads\/2025\/05\/IMG_8578-768x1365.jpeg 768w, https:\/\/dioceseteixeiradefreitas.com.br\/wp-content\/uploads\/2025\/05\/IMG_8578-864x1536.jpeg 864w, https:\/\/dioceseteixeiradefreitas.com.br\/wp-content\/uploads\/2025\/05\/IMG_8578-1152x2048.jpeg 1152w, https:\/\/dioceseteixeiradefreitas.com.br\/wp-content\/uploads\/2025\/05\/IMG_8578-scaled.jpeg 1440w\" sizes=\"auto, (max-width: 576px) 100vw, 576px\" \/><\/a><\/figure>\n\n\n\n<figure class=\"wp-block-image size-large\"><a href=\"https:\/\/dioceseteixeiradefreitas.com.br\/wp-content\/uploads\/2025\/05\/IMG_8579-scaled.jpeg\"><img loading=\"lazy\" decoding=\"async\" width=\"576\" height=\"1024\" data-id=\"24909\" src=\"https:\/\/dioceseteixeiradefreitas.com.br\/wp-content\/uploads\/2025\/05\/IMG_8579-576x1024.jpeg\" alt=\"\" class=\"wp-image-24909\" srcset=\"https:\/\/dioceseteixeiradefreitas.com.br\/wp-content\/uploads\/2025\/05\/IMG_8579-576x1024.jpeg 576w, https:\/\/dioceseteixeiradefreitas.com.br\/wp-content\/uploads\/2025\/05\/IMG_8579-169x300.jpeg 169w, https:\/\/dioceseteixeiradefreitas.com.br\/wp-content\/uploads\/2025\/05\/IMG_8579-768x1365.jpeg 768w, https:\/\/dioceseteixeiradefreitas.com.br\/wp-content\/uploads\/2025\/05\/IMG_8579-864x1536.jpeg 864w, https:\/\/dioceseteixeiradefreitas.com.br\/wp-content\/uploads\/2025\/05\/IMG_8579-1152x2048.jpeg 1152w, https:\/\/dioceseteixeiradefreitas.com.br\/wp-content\/uploads\/2025\/05\/IMG_8579-scaled.jpeg 1440w\" sizes=\"auto, (max-width: 576px) 100vw, 576px\" \/><\/a><\/figure>\n\n\n\n<figure class=\"wp-block-image size-large\"><a href=\"https:\/\/dioceseteixeiradefreitas.com.br\/wp-content\/uploads\/2025\/05\/IMG_8580-scaled.jpeg\"><img loading=\"lazy\" decoding=\"async\" width=\"576\" height=\"1024\" data-id=\"24895\" src=\"https:\/\/dioceseteixeiradefreitas.com.br\/wp-content\/uploads\/2025\/05\/IMG_8580-576x1024.jpeg\" alt=\"\" class=\"wp-image-24895\" srcset=\"https:\/\/dioceseteixeiradefreitas.com.br\/wp-content\/uploads\/2025\/05\/IMG_8580-576x1024.jpeg 576w, https:\/\/dioceseteixeiradefreitas.com.br\/wp-content\/uploads\/2025\/05\/IMG_8580-169x300.jpeg 169w, https:\/\/dioceseteixeiradefreitas.com.br\/wp-content\/uploads\/2025\/05\/IMG_8580-768x1366.jpeg 768w, https:\/\/dioceseteixeiradefreitas.com.br\/wp-content\/uploads\/2025\/05\/IMG_8580-864x1536.jpeg 864w, https:\/\/dioceseteixeiradefreitas.com.br\/wp-content\/uploads\/2025\/05\/IMG_8580-1152x2048.jpeg 1152w, https:\/\/dioceseteixeiradefreitas.com.br\/wp-content\/uploads\/2025\/05\/IMG_8580-scaled.jpeg 1440w\" sizes=\"auto, (max-width: 576px) 100vw, 576px\" \/><\/a><\/figure>\n\n\n\n<figure class=\"wp-block-image size-large\"><a href=\"https:\/\/dioceseteixeiradefreitas.com.br\/wp-content\/uploads\/2025\/05\/IMG_8582.jpeg\"><img loading=\"lazy\" decoding=\"async\" width=\"576\" height=\"1024\" data-id=\"24893\" src=\"https:\/\/dioceseteixeiradefreitas.com.br\/wp-content\/uploads\/2025\/05\/IMG_8582-576x1024.jpeg\" alt=\"\" class=\"wp-image-24893\" srcset=\"https:\/\/dioceseteixeiradefreitas.com.br\/wp-content\/uploads\/2025\/05\/IMG_8582-576x1024.jpeg 576w, https:\/\/dioceseteixeiradefreitas.com.br\/wp-content\/uploads\/2025\/05\/IMG_8582-169x300.jpeg 169w, https:\/\/dioceseteixeiradefreitas.com.br\/wp-content\/uploads\/2025\/05\/IMG_8582-768x1366.jpeg 768w, https:\/\/dioceseteixeiradefreitas.com.br\/wp-content\/uploads\/2025\/05\/IMG_8582-864x1536.jpeg 864w, https:\/\/dioceseteixeiradefreitas.com.br\/wp-content\/uploads\/2025\/05\/IMG_8582-1152x2048.jpeg 1152w, https:\/\/dioceseteixeiradefreitas.com.br\/wp-content\/uploads\/2025\/05\/IMG_8582.jpeg 1250w\" sizes=\"auto, (max-width: 576px) 100vw, 576px\" \/><\/a><\/figure>\n\n\n\n<figure class=\"wp-block-image size-large\"><a href=\"https:\/\/dioceseteixeiradefreitas.com.br\/wp-content\/uploads\/2025\/05\/IMG_8583-scaled.jpeg\"><img loading=\"lazy\" decoding=\"async\" width=\"576\" height=\"1024\" data-id=\"24896\" src=\"https:\/\/dioceseteixeiradefreitas.com.br\/wp-content\/uploads\/2025\/05\/IMG_8583-576x1024.jpeg\" alt=\"\" class=\"wp-image-24896\" srcset=\"https:\/\/dioceseteixeiradefreitas.com.br\/wp-content\/uploads\/2025\/05\/IMG_8583-576x1024.jpeg 576w, https:\/\/dioceseteixeiradefreitas.com.br\/wp-content\/uploads\/2025\/05\/IMG_8583-169x300.jpeg 169w, https:\/\/dioceseteixeiradefreitas.com.br\/wp-content\/uploads\/2025\/05\/IMG_8583-768x1365.jpeg 768w, https:\/\/dioceseteixeiradefreitas.com.br\/wp-content\/uploads\/2025\/05\/IMG_8583-864x1536.jpeg 864w, https:\/\/dioceseteixeiradefreitas.com.br\/wp-content\/uploads\/2025\/05\/IMG_8583-1152x2048.jpeg 1152w, https:\/\/dioceseteixeiradefreitas.com.br\/wp-content\/uploads\/2025\/05\/IMG_8583-scaled.jpeg 1440w\" sizes=\"auto, (max-width: 576px) 100vw, 576px\" \/><\/a><\/figure>\n<\/figure>\n","protected":false},"excerpt":{"rendered":"<p>No dia 24 de maio de 2025, a Comunidade Nossa Senhora Aparecida, em Mucuri, acolheu com alegria os agentes da Pastoral da Comunica\u00e7\u00e3o (PASCOM) para uma tarde de forma\u00e7\u00e3o. O encontro foi um verdadeiro tempo de gra\u00e7a e aprofundamento na miss\u00e3o evangelizadora da comunica\u00e7\u00e3o, reunindo pasconeiros de diversas par\u00f3quias da regi\u00e3o. A forma\u00e7\u00e3o foi iniciada &hellip;<\/p>\n","protected":false},"author":32,"featured_media":24914,"comment_status":"closed","ping_status":"closed","sticky":false,"template":"","format":"standard","meta":{"footnotes":""},"categories":[100],"tags":[],"class_list":["post-24891","post","type-post","status-publish","format-standard","has-post-thumbnail","hentry","category-noticias-diocesanas"],"_links":{"self":[{"href":"https:\/\/dioceseteixeiradefreitas.com.br\/index.php?rest_route=\/wp\/v2\/posts\/24891","targetHints":{"allow":["GET"]}}],"collection":[{"href":"https:\/\/dioceseteixeiradefreitas.com.br\/index.php?rest_route=\/wp\/v2\/posts"}],"about":[{"href":"https:\/\/dioceseteixeiradefreitas.com.br\/index.php?rest_route=\/wp\/v2\/types\/post"}],"author":[{"embeddable":true,"href":"https:\/\/dioceseteixeiradefreitas.com.br\/index.php?rest_route=\/wp\/v2\/users\/32"}],"replies":[{"embeddable":true,"href":"https:\/\/dioceseteixeiradefreitas.com.br\/index.php?rest_route=%2Fwp%2Fv2%2Fcomments&post=24891"}],"version-history":[{"count":2,"href":"https:\/\/dioceseteixeiradefreitas.com.br\/index.php?rest_route=\/wp\/v2\/posts\/24891\/revisions"}],"predecessor-version":[{"id":24921,"href":"https:\/\/dioceseteixeiradefreitas.com.br\/index.php?rest_route=\/wp\/v2\/posts\/24891\/revisions\/24921"}],"wp:featuredmedia":[{"embeddable":true,"href":"https:\/\/dioceseteixeiradefreitas.com.br\/index.php?rest_route=\/wp\/v2\/media\/24914"}],"wp:attachment":[{"href":"https:\/\/dioceseteixeiradefreitas.com.br\/index.php?rest_route=%2Fwp%2Fv2%2Fmedia&parent=24891"}],"wp:term":[{"taxonomy":"category","embeddable":true,"href":"https:\/\/dioceseteixeiradefreitas.com.br\/index.php?rest_route=%2Fwp%2Fv2%2Fcategories&post=24891"},{"taxonomy":"post_tag","embeddable":true,"href":"https:\/\/dioceseteixeiradefreitas.com.br\/index.php?rest_route=%2Fwp%2Fv2%2Ftags&post=24891"}],"curies":[{"name":"wp","href":"https:\/\/api.w.org\/{rel}","templated":true}]}}