{"id":24912,"date":"2025-06-04T16:24:59","date_gmt":"2025-06-04T19:24:59","guid":{"rendered":"https:\/\/dioceseteixeiradefreitas.com.br\/?p=24912"},"modified":"2025-06-21T17:38:16","modified_gmt":"2025-06-21T20:38:16","slug":"formacao-e-espiritualidade-encontro-da-forania-sao-cosme-e-damiao","status":"publish","type":"post","link":"https:\/\/dioceseteixeiradefreitas.com.br\/?p=24912","title":{"rendered":"Forma\u00e7\u00e3o e Espiritualidade: Encontro da Forania S\u00e3o Cosme e Dami\u00e3o"},"content":{"rendered":"\n<figure class=\"wp-block-image size-large\"><a href=\"https:\/\/dioceseteixeiradefreitas.com.br\/wp-content\/uploads\/2025\/05\/IMG_3452-scaled.jpeg\"><img loading=\"lazy\" decoding=\"async\" width=\"898\" height=\"1024\" src=\"https:\/\/dioceseteixeiradefreitas.com.br\/wp-content\/uploads\/2025\/05\/IMG_3452-898x1024.jpeg\" alt=\"\" class=\"wp-image-24913\" srcset=\"https:\/\/dioceseteixeiradefreitas.com.br\/wp-content\/uploads\/2025\/05\/IMG_3452-898x1024.jpeg 898w, https:\/\/dioceseteixeiradefreitas.com.br\/wp-content\/uploads\/2025\/05\/IMG_3452-263x300.jpeg 263w, https:\/\/dioceseteixeiradefreitas.com.br\/wp-content\/uploads\/2025\/05\/IMG_3452-768x876.jpeg 768w, https:\/\/dioceseteixeiradefreitas.com.br\/wp-content\/uploads\/2025\/05\/IMG_3452-1347x1536.jpeg 1347w, https:\/\/dioceseteixeiradefreitas.com.br\/wp-content\/uploads\/2025\/05\/IMG_3452-1796x2048.jpeg 1796w\" sizes=\"auto, (max-width: 898px) 100vw, 898px\" \/><\/a><\/figure>\n\n\n\n<p>No dia 25 de maio de 2025, aconteceu o Encontro de Forma\u00e7\u00e3o e Espiritualidade com os novos Ministros Extraordin\u00e1rios da Sagrada Comunh\u00e3o (MESCES) e os que ir\u00e3o renovar o servi\u00e7o. Participaram tamb\u00e9m as coordena\u00e7\u00f5es das par\u00f3quias que comp\u00f5em a Forania S\u00e3o Cosme e Dami\u00e3o, com exce\u00e7\u00e3o da Par\u00f3quia de Jucuru\u00e7\u00fa.<\/p>\n\n\n\n<p>O encontro teve in\u00edcio com a Celebra\u00e7\u00e3o da Santa Missa, presidida pelo assessor eclesi\u00e1stico da pastoral, Padre Isael Silva. Em sua homilia, o sacerdote destacou a import\u00e2ncia do servi\u00e7o como fundamento da lideran\u00e7a crist\u00e3:<\/p>\n\n\n\n<p>\u201cS\u00f3 preside quem serve bem. A verdadeira presid\u00eancia nasce do servi\u00e7o. Se n\u00e3o h\u00e1 disposi\u00e7\u00e3o para servir, \u00e9 melhor n\u00e3o se candidatar.\u201d<\/p>\n\n\n\n<p>Ap\u00f3s a celebra\u00e7\u00e3o, os participantes partilharam um caf\u00e9 da manh\u00e3 e participaram de um momento de anima\u00e7\u00e3o musical, conduzido pelo minist\u00e9rio de m\u00fasica.<\/p>\n\n\n\n<p>Na sequ\u00eancia, Padre Isael conduziu uma confer\u00eancia sobre o servi\u00e7o do MESCE, refor\u00e7ando a import\u00e2ncia da unidade com a Diocese, da viv\u00eancia da Igreja como Corpo de Cristo e da comunh\u00e3o com Deus e com os irm\u00e3os.<\/p>\n\n\n\n<p>Houve ainda um momento Mariano, de profunda devo\u00e7\u00e3o, seguido por um almo\u00e7o fraterno.<\/p>\n\n\n\n<p>\u00c0 tarde, a coordenadora diocesana dos MESCES, Adriana Cangu\u00e7u, conduziu uma confer\u00eancia sobre a postura crist\u00e3 do ministro, ressaltando o zelo consigo mesmo, com os demais e com as \u201ccoisas do C\u00e9u\u201d. Destacou tamb\u00e9m o cuidado e amor no atendimento aos doentes, idosos, enlutados e pessoas em sofrimento.<\/p>\n\n\n\n<p>O encontro foi encerrado com um momento de Adora\u00e7\u00e3o ao Sant\u00edssimo Sacramento, seguido da b\u00ean\u00e7\u00e3o dada por Padre Isael. Por fim, os participantes partilharam um caf\u00e9 com prosa e despedidas fraternas.<\/p>\n\n\n\n<p>A Diocese agradece a todos os envolvidos por este momento de forma\u00e7\u00e3o, espiritualidade e comunh\u00e3o, e louva a Deus por tudo o que foi vivido e partilhado.<\/p>\n\n\n\n<figure class=\"wp-block-gallery has-nested-images columns-default is-cropped wp-block-gallery-1 is-layout-flex wp-block-gallery-is-layout-flex\">\n<figure class=\"wp-block-image size-large\"><a href=\"https:\/\/dioceseteixeiradefreitas.com.br\/wp-content\/uploads\/2025\/06\/IMG_3474-scaled.jpeg\"><img loading=\"lazy\" decoding=\"async\" width=\"839\" height=\"1024\" data-id=\"25005\" src=\"https:\/\/dioceseteixeiradefreitas.com.br\/wp-content\/uploads\/2025\/06\/IMG_3474-839x1024.jpeg\" alt=\"\" class=\"wp-image-25005\" srcset=\"https:\/\/dioceseteixeiradefreitas.com.br\/wp-content\/uploads\/2025\/06\/IMG_3474-839x1024.jpeg 839w, https:\/\/dioceseteixeiradefreitas.com.br\/wp-content\/uploads\/2025\/06\/IMG_3474-246x300.jpeg 246w, https:\/\/dioceseteixeiradefreitas.com.br\/wp-content\/uploads\/2025\/06\/IMG_3474-768x938.jpeg 768w, https:\/\/dioceseteixeiradefreitas.com.br\/wp-content\/uploads\/2025\/06\/IMG_3474-1258x1536.jpeg 1258w, https:\/\/dioceseteixeiradefreitas.com.br\/wp-content\/uploads\/2025\/06\/IMG_3474-1677x2048.jpeg 1677w\" sizes=\"auto, (max-width: 839px) 100vw, 839px\" \/><\/a><\/figure>\n\n\n\n<figure class=\"wp-block-image size-large\"><a href=\"https:\/\/dioceseteixeiradefreitas.com.br\/wp-content\/uploads\/2025\/06\/IMG_3465-scaled.jpeg\"><img loading=\"lazy\" decoding=\"async\" width=\"768\" height=\"1024\" data-id=\"25001\" src=\"https:\/\/dioceseteixeiradefreitas.com.br\/wp-content\/uploads\/2025\/06\/IMG_3465-768x1024.jpeg\" alt=\"\" class=\"wp-image-25001\" srcset=\"https:\/\/dioceseteixeiradefreitas.com.br\/wp-content\/uploads\/2025\/06\/IMG_3465-768x1024.jpeg 768w, https:\/\/dioceseteixeiradefreitas.com.br\/wp-content\/uploads\/2025\/06\/IMG_3465-225x300.jpeg 225w, https:\/\/dioceseteixeiradefreitas.com.br\/wp-content\/uploads\/2025\/06\/IMG_3465-1152x1536.jpeg 1152w, https:\/\/dioceseteixeiradefreitas.com.br\/wp-content\/uploads\/2025\/06\/IMG_3465-1536x2048.jpeg 1536w, https:\/\/dioceseteixeiradefreitas.com.br\/wp-content\/uploads\/2025\/06\/IMG_3465-scaled.jpeg 1920w\" sizes=\"auto, (max-width: 768px) 100vw, 768px\" \/><\/a><\/figure>\n\n\n\n<figure class=\"wp-block-image size-large\"><a href=\"https:\/\/dioceseteixeiradefreitas.com.br\/wp-content\/uploads\/2025\/06\/IMG_3456-scaled.jpeg\"><img loading=\"lazy\" decoding=\"async\" width=\"852\" height=\"1024\" data-id=\"25007\" src=\"https:\/\/dioceseteixeiradefreitas.com.br\/wp-content\/uploads\/2025\/06\/IMG_3456-852x1024.jpeg\" alt=\"\" class=\"wp-image-25007\" srcset=\"https:\/\/dioceseteixeiradefreitas.com.br\/wp-content\/uploads\/2025\/06\/IMG_3456-852x1024.jpeg 852w, https:\/\/dioceseteixeiradefreitas.com.br\/wp-content\/uploads\/2025\/06\/IMG_3456-250x300.jpeg 250w, https:\/\/dioceseteixeiradefreitas.com.br\/wp-content\/uploads\/2025\/06\/IMG_3456-768x923.jpeg 768w, https:\/\/dioceseteixeiradefreitas.com.br\/wp-content\/uploads\/2025\/06\/IMG_3456-1278x1536.jpeg 1278w, https:\/\/dioceseteixeiradefreitas.com.br\/wp-content\/uploads\/2025\/06\/IMG_3456-1704x2048.jpeg 1704w\" sizes=\"auto, (max-width: 852px) 100vw, 852px\" \/><\/a><\/figure>\n\n\n\n<figure class=\"wp-block-image size-large\"><a href=\"https:\/\/dioceseteixeiradefreitas.com.br\/wp-content\/uploads\/2025\/06\/IMG_3452-scaled.jpeg\"><img loading=\"lazy\" decoding=\"async\" width=\"898\" height=\"1024\" data-id=\"25008\" src=\"https:\/\/dioceseteixeiradefreitas.com.br\/wp-content\/uploads\/2025\/06\/IMG_3452-898x1024.jpeg\" alt=\"\" class=\"wp-image-25008\" srcset=\"https:\/\/dioceseteixeiradefreitas.com.br\/wp-content\/uploads\/2025\/06\/IMG_3452-898x1024.jpeg 898w, https:\/\/dioceseteixeiradefreitas.com.br\/wp-content\/uploads\/2025\/06\/IMG_3452-263x300.jpeg 263w, https:\/\/dioceseteixeiradefreitas.com.br\/wp-content\/uploads\/2025\/06\/IMG_3452-768x876.jpeg 768w, https:\/\/dioceseteixeiradefreitas.com.br\/wp-content\/uploads\/2025\/06\/IMG_3452-1347x1536.jpeg 1347w, https:\/\/dioceseteixeiradefreitas.com.br\/wp-content\/uploads\/2025\/06\/IMG_3452-1796x2048.jpeg 1796w\" sizes=\"auto, (max-width: 898px) 100vw, 898px\" \/><\/a><\/figure>\n\n\n\n<figure class=\"wp-block-image size-large\"><a href=\"https:\/\/dioceseteixeiradefreitas.com.br\/wp-content\/uploads\/2025\/06\/IMG_3455-scaled.jpeg\"><img loading=\"lazy\" decoding=\"async\" width=\"768\" height=\"1024\" data-id=\"25006\" src=\"https:\/\/dioceseteixeiradefreitas.com.br\/wp-content\/uploads\/2025\/06\/IMG_3455-768x1024.jpeg\" alt=\"\" class=\"wp-image-25006\" srcset=\"https:\/\/dioceseteixeiradefreitas.com.br\/wp-content\/uploads\/2025\/06\/IMG_3455-768x1024.jpeg 768w, https:\/\/dioceseteixeiradefreitas.com.br\/wp-content\/uploads\/2025\/06\/IMG_3455-225x300.jpeg 225w, https:\/\/dioceseteixeiradefreitas.com.br\/wp-content\/uploads\/2025\/06\/IMG_3455-1152x1536.jpeg 1152w, https:\/\/dioceseteixeiradefreitas.com.br\/wp-content\/uploads\/2025\/06\/IMG_3455-1536x2048.jpeg 1536w, https:\/\/dioceseteixeiradefreitas.com.br\/wp-content\/uploads\/2025\/06\/IMG_3455-scaled.jpeg 1920w\" sizes=\"auto, (max-width: 768px) 100vw, 768px\" \/><\/a><\/figure>\n\n\n\n<figure class=\"wp-block-image size-large\"><a href=\"https:\/\/dioceseteixeiradefreitas.com.br\/wp-content\/uploads\/2025\/06\/IMG_3454-scaled.jpeg\"><img loading=\"lazy\" decoding=\"async\" width=\"768\" height=\"1024\" data-id=\"25004\" src=\"https:\/\/dioceseteixeiradefreitas.com.br\/wp-content\/uploads\/2025\/06\/IMG_3454-768x1024.jpeg\" alt=\"\" class=\"wp-image-25004\" srcset=\"https:\/\/dioceseteixeiradefreitas.com.br\/wp-content\/uploads\/2025\/06\/IMG_3454-768x1024.jpeg 768w, https:\/\/dioceseteixeiradefreitas.com.br\/wp-content\/uploads\/2025\/06\/IMG_3454-225x300.jpeg 225w, https:\/\/dioceseteixeiradefreitas.com.br\/wp-content\/uploads\/2025\/06\/IMG_3454-1152x1536.jpeg 1152w, https:\/\/dioceseteixeiradefreitas.com.br\/wp-content\/uploads\/2025\/06\/IMG_3454-1536x2048.jpeg 1536w, https:\/\/dioceseteixeiradefreitas.com.br\/wp-content\/uploads\/2025\/06\/IMG_3454-scaled.jpeg 1920w\" sizes=\"auto, (max-width: 768px) 100vw, 768px\" \/><\/a><\/figure>\n\n\n\n<figure class=\"wp-block-image size-large\"><a href=\"https:\/\/dioceseteixeiradefreitas.com.br\/wp-content\/uploads\/2025\/06\/IMG_3447-scaled.jpeg\"><img loading=\"lazy\" decoding=\"async\" width=\"1024\" height=\"768\" data-id=\"25002\" src=\"https:\/\/dioceseteixeiradefreitas.com.br\/wp-content\/uploads\/2025\/06\/IMG_3447-1024x768.jpeg\" alt=\"\" class=\"wp-image-25002\" srcset=\"https:\/\/dioceseteixeiradefreitas.com.br\/wp-content\/uploads\/2025\/06\/IMG_3447-1024x768.jpeg 1024w, https:\/\/dioceseteixeiradefreitas.com.br\/wp-content\/uploads\/2025\/06\/IMG_3447-300x225.jpeg 300w, https:\/\/dioceseteixeiradefreitas.com.br\/wp-content\/uploads\/2025\/06\/IMG_3447-768x576.jpeg 768w, https:\/\/dioceseteixeiradefreitas.com.br\/wp-content\/uploads\/2025\/06\/IMG_3447-1536x1152.jpeg 1536w, https:\/\/dioceseteixeiradefreitas.com.br\/wp-content\/uploads\/2025\/06\/IMG_3447-2048x1536.jpeg 2048w\" sizes=\"auto, (max-width: 1024px) 100vw, 1024px\" \/><\/a><\/figure>\n\n\n\n<figure class=\"wp-block-image size-large\"><a href=\"https:\/\/dioceseteixeiradefreitas.com.br\/wp-content\/uploads\/2025\/06\/IMG_3446-scaled.jpeg\"><img loading=\"lazy\" decoding=\"async\" width=\"768\" height=\"1024\" data-id=\"25000\" src=\"https:\/\/dioceseteixeiradefreitas.com.br\/wp-content\/uploads\/2025\/06\/IMG_3446-768x1024.jpeg\" alt=\"\" class=\"wp-image-25000\" srcset=\"https:\/\/dioceseteixeiradefreitas.com.br\/wp-content\/uploads\/2025\/06\/IMG_3446-768x1024.jpeg 768w, https:\/\/dioceseteixeiradefreitas.com.br\/wp-content\/uploads\/2025\/06\/IMG_3446-225x300.jpeg 225w, https:\/\/dioceseteixeiradefreitas.com.br\/wp-content\/uploads\/2025\/06\/IMG_3446-1152x1536.jpeg 1152w, https:\/\/dioceseteixeiradefreitas.com.br\/wp-content\/uploads\/2025\/06\/IMG_3446-1536x2048.jpeg 1536w, https:\/\/dioceseteixeiradefreitas.com.br\/wp-content\/uploads\/2025\/06\/IMG_3446-scaled.jpeg 1920w\" sizes=\"auto, (max-width: 768px) 100vw, 768px\" \/><\/a><\/figure>\n\n\n\n<figure class=\"wp-block-image size-large\"><a href=\"https:\/\/dioceseteixeiradefreitas.com.br\/wp-content\/uploads\/2025\/06\/IMG_3441-scaled.jpeg\"><img loading=\"lazy\" decoding=\"async\" width=\"1024\" height=\"576\" data-id=\"24999\" src=\"https:\/\/dioceseteixeiradefreitas.com.br\/wp-content\/uploads\/2025\/06\/IMG_3441-1024x576.jpeg\" alt=\"\" class=\"wp-image-24999\" srcset=\"https:\/\/dioceseteixeiradefreitas.com.br\/wp-content\/uploads\/2025\/06\/IMG_3441-1024x576.jpeg 1024w, https:\/\/dioceseteixeiradefreitas.com.br\/wp-content\/uploads\/2025\/06\/IMG_3441-300x169.jpeg 300w, https:\/\/dioceseteixeiradefreitas.com.br\/wp-content\/uploads\/2025\/06\/IMG_3441-768x432.jpeg 768w, https:\/\/dioceseteixeiradefreitas.com.br\/wp-content\/uploads\/2025\/06\/IMG_3441-1536x864.jpeg 1536w, https:\/\/dioceseteixeiradefreitas.com.br\/wp-content\/uploads\/2025\/06\/IMG_3441-2048x1152.jpeg 2048w, https:\/\/dioceseteixeiradefreitas.com.br\/wp-content\/uploads\/2025\/06\/IMG_3441-390x220.jpeg 390w\" sizes=\"auto, (max-width: 1024px) 100vw, 1024px\" \/><\/a><\/figure>\n<\/figure>\n\n\n\n<p><\/p>\n\n\n\n<p><\/p>\n\n\n\n<p><\/p>\n\n\n\n<p><\/p>\n\n\n\n<p><\/p>\n\n\n\n<p><\/p>\n\n\n\n<p><\/p>\n\n\n\n<p><\/p>\n\n\n\n<p><\/p>\n","protected":false},"excerpt":{"rendered":"<p>No dia 25 de maio de 2025, aconteceu o Encontro de Forma\u00e7\u00e3o e Espiritualidade com os novos Ministros Extraordin\u00e1rios da Sagrada Comunh\u00e3o (MESCES) e os que ir\u00e3o renovar o servi\u00e7o. Participaram tamb\u00e9m as coordena\u00e7\u00f5es das par\u00f3quias que comp\u00f5em a Forania S\u00e3o Cosme e Dami\u00e3o, com exce\u00e7\u00e3o da Par\u00f3quia de Jucuru\u00e7\u00fa. O encontro teve in\u00edcio com &hellip;<\/p>\n","protected":false},"author":32,"featured_media":24913,"comment_status":"closed","ping_status":"closed","sticky":false,"template":"","format":"standard","meta":{"footnotes":""},"categories":[100],"tags":[],"class_list":["post-24912","post","type-post","status-publish","format-standard","has-post-thumbnail","hentry","category-noticias-diocesanas"],"_links":{"self":[{"href":"https:\/\/dioceseteixeiradefreitas.com.br\/index.php?rest_route=\/wp\/v2\/posts\/24912","targetHints":{"allow":["GET"]}}],"collection":[{"href":"https:\/\/dioceseteixeiradefreitas.com.br\/index.php?rest_route=\/wp\/v2\/posts"}],"about":[{"href":"https:\/\/dioceseteixeiradefreitas.com.br\/index.php?rest_route=\/wp\/v2\/types\/post"}],"author":[{"embeddable":true,"href":"https:\/\/dioceseteixeiradefreitas.com.br\/index.php?rest_route=\/wp\/v2\/users\/32"}],"replies":[{"embeddable":true,"href":"https:\/\/dioceseteixeiradefreitas.com.br\/index.php?rest_route=%2Fwp%2Fv2%2Fcomments&post=24912"}],"version-history":[{"count":3,"href":"https:\/\/dioceseteixeiradefreitas.com.br\/index.php?rest_route=\/wp\/v2\/posts\/24912\/revisions"}],"predecessor-version":[{"id":25009,"href":"https:\/\/dioceseteixeiradefreitas.com.br\/index.php?rest_route=\/wp\/v2\/posts\/24912\/revisions\/25009"}],"wp:featuredmedia":[{"embeddable":true,"href":"https:\/\/dioceseteixeiradefreitas.com.br\/index.php?rest_route=\/wp\/v2\/media\/24913"}],"wp:attachment":[{"href":"https:\/\/dioceseteixeiradefreitas.com.br\/index.php?rest_route=%2Fwp%2Fv2%2Fmedia&parent=24912"}],"wp:term":[{"taxonomy":"category","embeddable":true,"href":"https:\/\/dioceseteixeiradefreitas.com.br\/index.php?rest_route=%2Fwp%2Fv2%2Fcategories&post=24912"},{"taxonomy":"post_tag","embeddable":true,"href":"https:\/\/dioceseteixeiradefreitas.com.br\/index.php?rest_route=%2Fwp%2Fv2%2Ftags&post=24912"}],"curies":[{"name":"wp","href":"https:\/\/api.w.org\/{rel}","templated":true}]}}