{"id":25010,"date":"2025-06-27T17:33:27","date_gmt":"2025-06-27T20:33:27","guid":{"rendered":"https:\/\/dioceseteixeiradefreitas.com.br\/?p=25010"},"modified":"2025-06-27T17:36:18","modified_gmt":"2025-06-27T20:36:18","slug":"jubileu-dos-sacerdotes-um-momento-de-graca-e-renovacao-espiritual","status":"publish","type":"post","link":"https:\/\/dioceseteixeiradefreitas.com.br\/?p=25010","title":{"rendered":"Jubileu dos Sacerdotes: Um Momento de Gra\u00e7a e Renova\u00e7\u00e3o Espiritual."},"content":{"rendered":"\n<figure class=\"wp-block-image size-large\"><a href=\"https:\/\/dioceseteixeiradefreitas.com.br\/wp-content\/uploads\/2025\/06\/bf00393d-c75c-4666-b2ea-c8cfb6512f6c-scaled.jpeg\"><img loading=\"lazy\" decoding=\"async\" width=\"768\" height=\"1024\" src=\"https:\/\/dioceseteixeiradefreitas.com.br\/wp-content\/uploads\/2025\/06\/bf00393d-c75c-4666-b2ea-c8cfb6512f6c-768x1024.jpeg\" alt=\"\" class=\"wp-image-25011\" srcset=\"https:\/\/dioceseteixeiradefreitas.com.br\/wp-content\/uploads\/2025\/06\/bf00393d-c75c-4666-b2ea-c8cfb6512f6c-768x1024.jpeg 768w, https:\/\/dioceseteixeiradefreitas.com.br\/wp-content\/uploads\/2025\/06\/bf00393d-c75c-4666-b2ea-c8cfb6512f6c-225x300.jpeg 225w, https:\/\/dioceseteixeiradefreitas.com.br\/wp-content\/uploads\/2025\/06\/bf00393d-c75c-4666-b2ea-c8cfb6512f6c-1152x1536.jpeg 1152w, https:\/\/dioceseteixeiradefreitas.com.br\/wp-content\/uploads\/2025\/06\/bf00393d-c75c-4666-b2ea-c8cfb6512f6c-1536x2048.jpeg 1536w, https:\/\/dioceseteixeiradefreitas.com.br\/wp-content\/uploads\/2025\/06\/bf00393d-c75c-4666-b2ea-c8cfb6512f6c-scaled.jpeg 1920w\" sizes=\"auto, (max-width: 768px) 100vw, 768px\" \/><\/a><\/figure>\n\n\n\n<p>Os padres da Diocese de Teixeira de Freitas vivem um momento \u00fanico e especial, participando em Roma do <strong>Jubileu dos Sacerdotes<\/strong>, uma celebra\u00e7\u00e3o de f\u00e9, gratid\u00e3o e renova\u00e7\u00e3o do minist\u00e9rio sacerdotal.<\/p>\n\n\n\n<p>Este encontro sagrado \u00e9 uma oportunidade para <strong>reavivar o dom de Deus<\/strong> (2 Tm 1, 6), fortalecer os la\u00e7os fraternos e mergulhar ainda mais no amor de Cristo, o Sumo e Eterno Sacerdote. Como disse <strong>S\u00e3o Jo\u00e3o Maria Vianney, o Cura d\u2019Ars<\/strong>: <em>&#8220;O sacerdote n\u00e3o \u00e9 sacerdote para si mesmo, \u00e9 sacerdote para v\u00f3s&#8221;<\/em>.<\/p>\n\n\n\n<p>O Papa Le\u00e3o XIV, em sua homilia, destacou: <strong>\u201d\u00c9 um convite a tornar-nos intimamente unidos a Jesus, semente de conc\u00f3rdia no meio dos irm\u00e3os, carregando sobre os nossos ombros quem se perdeu, perdoando quem errou, indo \u00e0 procura de quem se afastou ou ficou exclu\u00eddo, cuidando de quem sofre no corpo e no esp\u00edrito, numa grande troca de amor que, brotando do lado trespassado do Crucificado, envolve todos os homens e preenche o mundo.&#8221;<\/strong><\/p>\n\n\n\n<figure class=\"wp-block-image size-large\"><a href=\"https:\/\/dioceseteixeiradefreitas.com.br\/wp-content\/uploads\/2025\/06\/151c789b-5a24-4ea0-98c7-9ed25ae3cced-scaled.jpeg\"><img loading=\"lazy\" decoding=\"async\" width=\"1024\" height=\"576\" src=\"https:\/\/dioceseteixeiradefreitas.com.br\/wp-content\/uploads\/2025\/06\/151c789b-5a24-4ea0-98c7-9ed25ae3cced-1024x576.jpeg\" alt=\"\" class=\"wp-image-25012\" srcset=\"https:\/\/dioceseteixeiradefreitas.com.br\/wp-content\/uploads\/2025\/06\/151c789b-5a24-4ea0-98c7-9ed25ae3cced-1024x576.jpeg 1024w, https:\/\/dioceseteixeiradefreitas.com.br\/wp-content\/uploads\/2025\/06\/151c789b-5a24-4ea0-98c7-9ed25ae3cced-300x169.jpeg 300w, https:\/\/dioceseteixeiradefreitas.com.br\/wp-content\/uploads\/2025\/06\/151c789b-5a24-4ea0-98c7-9ed25ae3cced-768x432.jpeg 768w, https:\/\/dioceseteixeiradefreitas.com.br\/wp-content\/uploads\/2025\/06\/151c789b-5a24-4ea0-98c7-9ed25ae3cced-1536x864.jpeg 1536w, https:\/\/dioceseteixeiradefreitas.com.br\/wp-content\/uploads\/2025\/06\/151c789b-5a24-4ea0-98c7-9ed25ae3cced-2048x1152.jpeg 2048w, https:\/\/dioceseteixeiradefreitas.com.br\/wp-content\/uploads\/2025\/06\/151c789b-5a24-4ea0-98c7-9ed25ae3cced-390x220.jpeg 390w\" sizes=\"auto, (max-width: 1024px) 100vw, 1024px\" \/><\/a><\/figure>\n\n\n\n<p>Que este Jubileu seja um tempo de <strong>renova\u00e7\u00e3o espiritual<\/strong>, onde nossos padres possam beber da fonte da miseric\u00f3rdia e voltar ainda mais cheios do <strong>fogo mission\u00e1rio<\/strong>, levando ao rebanho a luz do Evangelho.<\/p>\n\n\n\n<p>Que <strong>Nossa Senhora, M\u00e3e dos Sacerdotes<\/strong>, interceda por cada um deles, para que, seguindo o exemplo de <strong>S\u00e3o Padre Pio<\/strong>, possam dizer: <em>&#8220;Guardei o aroma de Cristo em mim para d\u00e1-Lo a v\u00f3s&#8221;<\/em>.<\/p>\n\n\n\n<p><strong>Que Deus aben\u00e7oe nossos sacerdotes e os fortale\u00e7a no caminho da santidade!<\/strong> \ud83d\ude4f\u2728<\/p>\n\n\n\n<figure class=\"wp-block-embed is-type-video is-provider-youtube wp-block-embed-youtube wp-embed-aspect-16-9 wp-has-aspect-ratio\"><div class=\"wp-block-embed__wrapper\">\n<iframe loading=\"lazy\" title=\"Jubileu dos Sacerdotes: Um Momento de Gra\u00e7a e Renova\u00e7\u00e3o Espiritual\" width=\"500\" height=\"281\" src=\"https:\/\/www.youtube.com\/embed\/MAv81SL6gmc?feature=oembed\" frameborder=\"0\" allow=\"accelerometer; autoplay; clipboard-write; encrypted-media; gyroscope; picture-in-picture; web-share\" referrerpolicy=\"strict-origin-when-cross-origin\" allowfullscreen><\/iframe>\n<\/div><\/figure>\n","protected":false},"excerpt":{"rendered":"<p>Os padres da Diocese de Teixeira de Freitas vivem um momento \u00fanico e especial, participando em Roma do Jubileu dos Sacerdotes, uma celebra\u00e7\u00e3o de f\u00e9, gratid\u00e3o e renova\u00e7\u00e3o do minist\u00e9rio sacerdotal. Este encontro sagrado \u00e9 uma oportunidade para reavivar o dom de Deus (2 Tm 1, 6), fortalecer os la\u00e7os fraternos e mergulhar ainda mais &hellip;<\/p>\n","protected":false},"author":32,"featured_media":25011,"comment_status":"closed","ping_status":"closed","sticky":false,"template":"","format":"standard","meta":{"footnotes":""},"categories":[1231,100,41],"tags":[],"class_list":["post-25010","post","type-post","status-publish","format-standard","has-post-thumbnail","hentry","category-jubileu-da-esperanca-2025","category-noticias-diocesanas","category-noticias_destaque"],"_links":{"self":[{"href":"https:\/\/dioceseteixeiradefreitas.com.br\/index.php?rest_route=\/wp\/v2\/posts\/25010","targetHints":{"allow":["GET"]}}],"collection":[{"href":"https:\/\/dioceseteixeiradefreitas.com.br\/index.php?rest_route=\/wp\/v2\/posts"}],"about":[{"href":"https:\/\/dioceseteixeiradefreitas.com.br\/index.php?rest_route=\/wp\/v2\/types\/post"}],"author":[{"embeddable":true,"href":"https:\/\/dioceseteixeiradefreitas.com.br\/index.php?rest_route=\/wp\/v2\/users\/32"}],"replies":[{"embeddable":true,"href":"https:\/\/dioceseteixeiradefreitas.com.br\/index.php?rest_route=%2Fwp%2Fv2%2Fcomments&post=25010"}],"version-history":[{"count":2,"href":"https:\/\/dioceseteixeiradefreitas.com.br\/index.php?rest_route=\/wp\/v2\/posts\/25010\/revisions"}],"predecessor-version":[{"id":25014,"href":"https:\/\/dioceseteixeiradefreitas.com.br\/index.php?rest_route=\/wp\/v2\/posts\/25010\/revisions\/25014"}],"wp:featuredmedia":[{"embeddable":true,"href":"https:\/\/dioceseteixeiradefreitas.com.br\/index.php?rest_route=\/wp\/v2\/media\/25011"}],"wp:attachment":[{"href":"https:\/\/dioceseteixeiradefreitas.com.br\/index.php?rest_route=%2Fwp%2Fv2%2Fmedia&parent=25010"}],"wp:term":[{"taxonomy":"category","embeddable":true,"href":"https:\/\/dioceseteixeiradefreitas.com.br\/index.php?rest_route=%2Fwp%2Fv2%2Fcategories&post=25010"},{"taxonomy":"post_tag","embeddable":true,"href":"https:\/\/dioceseteixeiradefreitas.com.br\/index.php?rest_route=%2Fwp%2Fv2%2Ftags&post=25010"}],"curies":[{"name":"wp","href":"https:\/\/api.w.org\/{rel}","templated":true}]}}