{"id":25015,"date":"2025-06-27T18:07:07","date_gmt":"2025-06-27T21:07:07","guid":{"rendered":"https:\/\/dioceseteixeiradefreitas.com.br\/?p=25015"},"modified":"2025-06-27T18:09:49","modified_gmt":"2025-06-27T21:09:49","slug":"dia-mundial-de-oracao-pela-santificacao-do-clero","status":"publish","type":"post","link":"https:\/\/dioceseteixeiradefreitas.com.br\/?p=25015","title":{"rendered":"Dia Mundial de Ora\u00e7\u00e3o pela Santifica\u00e7\u00e3o do Clero."},"content":{"rendered":"\n<p class=\"has-text-align-right\"><strong>Dom Anuar Battisti<br>Arcebispo Em\u00e9rito de Maring\u00e1 (PR)<\/strong><\/p>\n\n\n\n<p><strong>Dia Mundial de Ora\u00e7\u00e3o pela Santifica\u00e7\u00e3o do Clero \u2013 um convite \u00e0 intercess\u00e3o e ao compromisso com nossos sacerdotes<\/strong><strong><\/strong><\/p>\n\n\n\n<figure class=\"wp-block-image size-large\"><a href=\"https:\/\/dioceseteixeiradefreitas.com.br\/wp-content\/uploads\/2025\/06\/c7847f48-72e0-4b12-9c07-2b6a3d8b32f9.jpeg\"><img loading=\"lazy\" decoding=\"async\" width=\"1024\" height=\"768\" src=\"https:\/\/dioceseteixeiradefreitas.com.br\/wp-content\/uploads\/2025\/06\/c7847f48-72e0-4b12-9c07-2b6a3d8b32f9-1024x768.jpeg\" alt=\"\" class=\"wp-image-25017\" srcset=\"https:\/\/dioceseteixeiradefreitas.com.br\/wp-content\/uploads\/2025\/06\/c7847f48-72e0-4b12-9c07-2b6a3d8b32f9-1024x768.jpeg 1024w, https:\/\/dioceseteixeiradefreitas.com.br\/wp-content\/uploads\/2025\/06\/c7847f48-72e0-4b12-9c07-2b6a3d8b32f9-300x225.jpeg 300w, https:\/\/dioceseteixeiradefreitas.com.br\/wp-content\/uploads\/2025\/06\/c7847f48-72e0-4b12-9c07-2b6a3d8b32f9-768x576.jpeg 768w, https:\/\/dioceseteixeiradefreitas.com.br\/wp-content\/uploads\/2025\/06\/c7847f48-72e0-4b12-9c07-2b6a3d8b32f9.jpeg 1536w\" sizes=\"auto, (max-width: 1024px) 100vw, 1024px\" \/><\/a><\/figure>\n\n\n\n<p>Na Solenidade do Sagrado Cora\u00e7\u00e3o de Jesus, celebrada este ano no dia 27 de junho de 2025, a Igreja nos convida a viver o Dia Mundial de Ora\u00e7\u00e3o pela Santifica\u00e7\u00e3o do Clero. Este \u00e9 um momento especial de intercess\u00e3o, institu\u00eddo pelo Papa S\u00e3o Jo\u00e3o Paulo II em 1995, como uma ocasi\u00e3o anual para que todo o povo de Deus se una em ora\u00e7\u00e3o por aqueles que receberam o minist\u00e9rio ordenado.&nbsp;<\/p>\n\n\n\n<p>A escolha da data n\u00e3o \u00e9 por acaso. O Cora\u00e7\u00e3o de Jesus, manso, humilde, compassivo e cheio de amor pelos homens, \u00e9 o modelo por excel\u00eancia de todo sacerdote. A ele o padre \u00e9 chamado a configurar sua vida, seu minist\u00e9rio e sua entrega. O sacerdote \u00e9 aquele que, como Cristo, \u00e9 chamado a doar-se totalmente ao povo, a viver com o cora\u00e7\u00e3o dilatado pela caridade pastoral e a tornar-se sinal vis\u00edvel do amor divino entre os irm\u00e3os.&nbsp;<\/p>\n\n\n\n<p>Neste dia, a Igreja recorda que o minist\u00e9rio sacerdotal n\u00e3o \u00e9 apenas um of\u00edcio, mas uma voca\u00e7\u00e3o sustentada pela gra\u00e7a e alimentada pela fidelidade. No entanto, como qualquer crist\u00e3o, os sacerdotes tamb\u00e9m enfrentam prova\u00e7\u00f5es, cansa\u00e7os, tenta\u00e7\u00f5es, solid\u00e3o e desafios pr\u00f3prios da miss\u00e3o. Por isso, \u00e9 dever de todos os fi\u00e9is sustentar seus pastores com a ora\u00e7\u00e3o constante, com gestos concretos de apoio e, sobretudo, com uma profunda comunh\u00e3o eclesial.&nbsp;<\/p>\n\n\n\n<p>Rezamos neste dia para que cada sacerdote permane\u00e7a firme em sua voca\u00e7\u00e3o, fiel \u00e0 doutrina da Igreja, perseverante na ora\u00e7\u00e3o pessoal, generoso no servi\u00e7o aos irm\u00e3os e verdadeiramente configurado a Cristo Bom Pastor. Tamb\u00e9m rezamos pelas voca\u00e7\u00f5es sacerdotais, pelos seminaristas em forma\u00e7\u00e3o, pelos padres idosos, doentes ou que passam por crises e dificuldades, e pelos que se afastaram ou est\u00e3o privados de seu minist\u00e9rio.&nbsp;<\/p>\n\n\n\n<p>Este \u00e9 tamb\u00e9m o dia de refletirmos sobre a import\u00e2ncia da vida espiritual do clero. Um padre que n\u00e3o reza, que n\u00e3o cultiva o sil\u00eancio, que n\u00e3o se alimenta da Eucaristia e da Palavra corre o risco de esvaziar sua miss\u00e3o. Por isso, como nos recorda o Papa Le\u00e3o XIV, devemos suplicar para que os sacerdotes vivam uma vida&nbsp;<em>\u201cradicada em Deus, configurada ao Cora\u00e7\u00e3o de Cristo, desapegada de si mesma e cheia de zelo pelas almas\u201d.<\/em>&nbsp;<\/p>\n\n\n\n<p>Neste esp\u00edrito, muitas dioceses e par\u00f3quias organizam momentos de adora\u00e7\u00e3o ao Sant\u00edssimo Sacramento, confiss\u00f5es, retiros ou celebra\u00e7\u00f5es especiais neste dia. O grupo do Apostolado da Ora\u00e7\u00e3o costuma ter papel central nessas a\u00e7\u00f5es, j\u00e1 que sua miss\u00e3o \u00e9, entre outras, rezar constantemente pela santifica\u00e7\u00e3o dos padres e pelas inten\u00e7\u00f5es do Papa. Nas comunidades que n\u00e3o t\u00eam esse grupo, \u00e9 sempre poss\u00edvel reunir fi\u00e9is e propor uma hora santa vocacional ou uma vig\u00edlia pela santifica\u00e7\u00e3o do clero.&nbsp;<\/p>\n\n\n\n<p>O Dia Mundial de Ora\u00e7\u00e3o pelo Clero \u00e9, acima de tudo, um chamado \u00e0 gratid\u00e3o. Devemos agradecer a Deus pelo dom dos padres em nossa vida: eles nos batizam, nos confessam, nos alimentam com a Eucaristia, nos acompanham em momentos de dor, e nos conduzem na f\u00e9. Em tempos em que tantas cr\u00edticas injustas ou generaliza\u00e7\u00f5es recaem sobre os sacerdotes, \u00e9 essencial que os fi\u00e9is valorizem e apoiem seus pastores, sabendo discernir, corrigir com caridade quando necess\u00e1rio, e nunca deixar de amar e rezar por eles.&nbsp;<\/p>\n\n\n\n<p>Neste dia, fa\u00e7amos uma prece especial pelo padre de nossa par\u00f3quia. Que o Senhor o fortale\u00e7a, renove sua f\u00e9, guarde seu cora\u00e7\u00e3o, e fa\u00e7a dele um verdadeiro servo segundo o Cora\u00e7\u00e3o de Jesus. Que ele nunca se esque\u00e7a de que, mesmo diante das dificuldades, sua voca\u00e7\u00e3o \u00e9 um sinal vivo do amor de Deus no mundo.&nbsp;<\/p>\n\n\n\n<p>Que o Sagrado Cora\u00e7\u00e3o de Jesus sustente todos os sacerdotes na fidelidade, na coragem e na santidade!\u00a0<br><\/p>\n\n\n\n<p><strong>Fonte<\/strong>: <a href=\"https:\/\/www.cnbb.org.br\/dia-mundial-de-oracao-pela-santificacao-do-clero\/\">https:\/\/www.cnbb.org.br\/dia-mundial-de-oracao-pela-santificacao-do-clero\/<\/a><\/p>\n","protected":false},"excerpt":{"rendered":"<p>Dom Anuar BattistiArcebispo Em\u00e9rito de Maring\u00e1 (PR) Dia Mundial de Ora\u00e7\u00e3o pela Santifica\u00e7\u00e3o do Clero \u2013 um convite \u00e0 intercess\u00e3o e ao compromisso com nossos sacerdotes Na Solenidade do Sagrado Cora\u00e7\u00e3o de Jesus, celebrada este ano no dia 27 de junho de 2025, a Igreja nos convida a viver o Dia Mundial de Ora\u00e7\u00e3o pela &hellip;<\/p>\n","protected":false},"author":32,"featured_media":25017,"comment_status":"closed","ping_status":"closed","sticky":false,"template":"","format":"standard","meta":{"footnotes":""},"categories":[100,41,48],"tags":[],"class_list":["post-25015","post","type-post","status-publish","format-standard","has-post-thumbnail","hentry","category-noticias-diocesanas","category-noticias_destaque","category-padres-diocesanos"],"_links":{"self":[{"href":"https:\/\/dioceseteixeiradefreitas.com.br\/index.php?rest_route=\/wp\/v2\/posts\/25015","targetHints":{"allow":["GET"]}}],"collection":[{"href":"https:\/\/dioceseteixeiradefreitas.com.br\/index.php?rest_route=\/wp\/v2\/posts"}],"about":[{"href":"https:\/\/dioceseteixeiradefreitas.com.br\/index.php?rest_route=\/wp\/v2\/types\/post"}],"author":[{"embeddable":true,"href":"https:\/\/dioceseteixeiradefreitas.com.br\/index.php?rest_route=\/wp\/v2\/users\/32"}],"replies":[{"embeddable":true,"href":"https:\/\/dioceseteixeiradefreitas.com.br\/index.php?rest_route=%2Fwp%2Fv2%2Fcomments&post=25015"}],"version-history":[{"count":4,"href":"https:\/\/dioceseteixeiradefreitas.com.br\/index.php?rest_route=\/wp\/v2\/posts\/25015\/revisions"}],"predecessor-version":[{"id":25022,"href":"https:\/\/dioceseteixeiradefreitas.com.br\/index.php?rest_route=\/wp\/v2\/posts\/25015\/revisions\/25022"}],"wp:featuredmedia":[{"embeddable":true,"href":"https:\/\/dioceseteixeiradefreitas.com.br\/index.php?rest_route=\/wp\/v2\/media\/25017"}],"wp:attachment":[{"href":"https:\/\/dioceseteixeiradefreitas.com.br\/index.php?rest_route=%2Fwp%2Fv2%2Fmedia&parent=25015"}],"wp:term":[{"taxonomy":"category","embeddable":true,"href":"https:\/\/dioceseteixeiradefreitas.com.br\/index.php?rest_route=%2Fwp%2Fv2%2Fcategories&post=25015"},{"taxonomy":"post_tag","embeddable":true,"href":"https:\/\/dioceseteixeiradefreitas.com.br\/index.php?rest_route=%2Fwp%2Fv2%2Ftags&post=25015"}],"curies":[{"name":"wp","href":"https:\/\/api.w.org\/{rel}","templated":true}]}}