{"id":25023,"date":"2025-06-29T21:36:18","date_gmt":"2025-06-30T00:36:18","guid":{"rendered":"https:\/\/dioceseteixeiradefreitas.com.br\/?p=25023"},"modified":"2025-06-29T21:37:18","modified_gmt":"2025-06-30T00:37:18","slug":"papa-no-angelus-como-os-santos-pedro-e-paulo-confiar-e-perdoar","status":"publish","type":"post","link":"https:\/\/dioceseteixeiradefreitas.com.br\/?p=25023","title":{"rendered":"Papa no Angelus: como os Santos Pedro e Paulo, confiar e perdoar."},"content":{"rendered":"\n<figure class=\"wp-block-embed is-type-video is-provider-youtube wp-block-embed-youtube wp-embed-aspect-16-9 wp-has-aspect-ratio\"><div class=\"wp-block-embed__wrapper\">\n<iframe loading=\"lazy\" title=\"Angelus 29 de junho de 2025 - Papa Le\u00e3o XIV\" width=\"500\" height=\"281\" src=\"https:\/\/www.youtube.com\/embed\/jJajhdE-9pE?feature=oembed\" frameborder=\"0\" allow=\"accelerometer; autoplay; clipboard-write; encrypted-media; gyroscope; picture-in-picture; web-share\" referrerpolicy=\"strict-origin-when-cross-origin\" allowfullscreen><\/iframe>\n<\/div><\/figure>\n\n\n\n<p>Na Solenidade dos Santos Ap\u00f3stolos Pedro e Paulo, Le\u00e3o XIV rezou o Angelus e recordou que a Igreja nasce do testemunho, do sangue e da convers\u00e3o cont\u00ednua dos seus membros.<\/p>\n\n\n\n<p><strong>Thulio Fonseca \u2013 Vatican News<\/strong><\/p>\n\n\n\n<p>O Papa Le\u00e3o XIV rezou o Angelus neste domingo (29\/06) com os fi\u00e9is reunidos na Pra\u00e7a S\u00e3o Pedro ap\u00f3s presidir a Missa na Bas\u00edlica Vaticana pela Solenidade dos Santos Ap\u00f3stolos Pedro e Paulo. A data, que \u00e9 feriado no Vaticano e em Roma, marca a celebra\u00e7\u00e3o dos padroeiros da capital italiana.<\/p>\n\n\n\n<p>O Pont\u00edfice iniciou sua reflex\u00e3o recordando que a Igreja de Roma foi \u201cgerada pelo testemunho dos Ap\u00f3stolos Pedro e Paulo e fecundada pelo seu sangue e pelo de muitos m\u00e1rtires\u201d. E, olhando para os desafios do tempo presente, destacou que ainda hoje h\u00e1 crist\u00e3os que, movidos pelo Evangelho, s\u00e3o capazes de gestos de grande generosidade e coragem, muitas vezes \u00e0 custa da pr\u00f3pria vida:<\/p>\n\n\n\n<p><em>\u201cExiste um ecumenismo de sangue, uma unidade invis\u00edvel e profunda entre as Igrejas crist\u00e3s, mesmo que n\u00e3o vivam ainda uma comunh\u00e3o plena e vis\u00edvel entre si. Por isso, nesta solene festa, quero confirmar que o meu servi\u00e7o episcopal \u00e9 um servi\u00e7o \u00e0 unidade e que a Igreja de Roma est\u00e1 empenhada, pelo sangue dos Santos Pedro e Paulo, em servir com amor a comunh\u00e3o entre todas as Igrejas.\u201d<\/em><\/p>\n\n\n\n<h2 class=\"wp-block-heading\">A pedra que foi rejeitada<\/h2>\n\n\n\n<p>Ao comentar a passagem do Evangelho do dia, Le\u00e3o XIV destacou que a pedra sobre a qual Pedro recebeu o pr\u00f3prio nome \u00e9 Cristo. \u201cUma pedra rejeitada pelos homens e que Deus fez pedra angular.\u201d E com um olhar simb\u00f3lico sobre os lugares de Roma, o Papa recordou que tanto a Bas\u00edlica de S\u00e3o Pedro como a de S\u00e3o Paulo foram erguidas \u201cfora dos muros\u201d da cidade antiga. \u201cO que hoje nos parece grandioso e glorioso, antes foi descartado, porque estava em contradi\u00e7\u00e3o com a l\u00f3gica mundana.\u201d<\/p>\n\n\n\n<p>Seguir Jesus, explicou o Santo Padre, significa trilhar o caminho das bem-aventuran\u00e7as, onde os pobres de esp\u00edrito, os mansos, os misericordiosos e os que promovem a paz muitas vezes encontram oposi\u00e7\u00e3o, incompreens\u00e3o e at\u00e9 persegui\u00e7\u00e3o, \u201cno entanto, a gl\u00f3ria de Deus brilha nos seus amigos e os vai moldando, ao longo do caminho, de convers\u00e3o em convers\u00e3o\u201d.<\/p>\n\n\n\n<h2 class=\"wp-block-heading\">Jesus nos chama sempre<\/h2>\n\n\n\n<p>Diante dos t\u00famulos dos Ap\u00f3stolos, que h\u00e1 mil\u00eanios acolhem peregrinos do mundo inteiro, Le\u00e3o XIV ressaltou que a santidade de Pedro e Paulo n\u00e3o nasceu da perfei\u00e7\u00e3o, mas da experi\u00eancia do perd\u00e3o.<\/p>\n\n\n\n<p><em>\u201cO Novo Testamento n\u00e3o esconde os erros, as contradi\u00e7\u00f5es, os pecados daqueles que veneramos como os maiores entre os Ap\u00f3stolos. Na verdade, a sua grandeza foi moldada pelo perd\u00e3o. O Ressuscitado foi busc\u00e1-los, mais do que uma vez, para os colocar de novo no seu caminho. Jesus nunca chama apenas uma vez. \u00c9 por isso que todos n\u00f3s podemos sempre ter esperan\u00e7a, como tamb\u00e9m nos recorda o Jubileu.\u201d<\/em><\/p>\n\n\n\n<h2 class=\"wp-block-heading\">A unidade come\u00e7a nas fam\u00edlias e comunidades<\/h2>\n\n\n\n<p>O Santo Padre concluiu sua reflex\u00e3o fazendo um apelo \u00e0 unidade, que n\u00e3o \u00e9 fruto de discursos, mas de pr\u00e1ticas concretas:<\/p>\n\n\n\n<p><em>&nbsp;\u201cA unidade na Igreja e entre as Igrejas alimenta-se do perd\u00e3o e da confian\u00e7a m\u00fatua. A come\u00e7ar pelas nossas fam\u00edlias e comunidades. Porque se Jesus confia em n\u00f3s, tamb\u00e9m n\u00f3s podemos confiar uns nos outros, em seu Nome.\u201d<\/em><\/p>\n\n\n\n<p>Por fim, Le\u00e3o XIV confiou \u00e0 intercess\u00e3o dos Santos Pedro e Paulo, juntamente com a Virgem Maria, o caminho da Igreja no mundo de hoje: \u201cQue, neste mundo dilacerado, a Igreja seja sempre casa e escola de comunh\u00e3o.\u201d<\/p>\n\n\n\n<p><strong>Fonte<\/strong>: <a href=\"https:\/\/www.vaticannews.va\/pt\/papa\/news\/2025-06\/angelus-papa-leao-xiv-sao-pedro-e-sao-paulo-29-06-25.html\">https:\/\/www.vaticannews.va\/pt\/papa\/news\/2025-06\/angelus-papa-leao-xiv-sao-pedro-e-sao-paulo-29-06-25.html<\/a><\/p>\n","protected":false},"excerpt":{"rendered":"<p>Na Solenidade dos Santos Ap\u00f3stolos Pedro e Paulo, Le\u00e3o XIV rezou o Angelus e recordou que a Igreja nasce do testemunho, do sangue e da convers\u00e3o cont\u00ednua dos seus membros. Thulio Fonseca \u2013 Vatican News O Papa Le\u00e3o XIV rezou o Angelus neste domingo (29\/06) com os fi\u00e9is reunidos na Pra\u00e7a S\u00e3o Pedro ap\u00f3s presidir &hellip;<\/p>\n","protected":false},"author":32,"featured_media":24790,"comment_status":"closed","ping_status":"closed","sticky":false,"template":"","format":"standard","meta":{"footnotes":""},"categories":[103,41,45],"tags":[],"class_list":["post-25023","post","type-post","status-publish","format-standard","has-post-thumbnail","hentry","category-noticias-do-vaticano","category-noticias_destaque","category-noticias-mundo"],"_links":{"self":[{"href":"https:\/\/dioceseteixeiradefreitas.com.br\/index.php?rest_route=\/wp\/v2\/posts\/25023","targetHints":{"allow":["GET"]}}],"collection":[{"href":"https:\/\/dioceseteixeiradefreitas.com.br\/index.php?rest_route=\/wp\/v2\/posts"}],"about":[{"href":"https:\/\/dioceseteixeiradefreitas.com.br\/index.php?rest_route=\/wp\/v2\/types\/post"}],"author":[{"embeddable":true,"href":"https:\/\/dioceseteixeiradefreitas.com.br\/index.php?rest_route=\/wp\/v2\/users\/32"}],"replies":[{"embeddable":true,"href":"https:\/\/dioceseteixeiradefreitas.com.br\/index.php?rest_route=%2Fwp%2Fv2%2Fcomments&post=25023"}],"version-history":[{"count":1,"href":"https:\/\/dioceseteixeiradefreitas.com.br\/index.php?rest_route=\/wp\/v2\/posts\/25023\/revisions"}],"predecessor-version":[{"id":25024,"href":"https:\/\/dioceseteixeiradefreitas.com.br\/index.php?rest_route=\/wp\/v2\/posts\/25023\/revisions\/25024"}],"wp:featuredmedia":[{"embeddable":true,"href":"https:\/\/dioceseteixeiradefreitas.com.br\/index.php?rest_route=\/wp\/v2\/media\/24790"}],"wp:attachment":[{"href":"https:\/\/dioceseteixeiradefreitas.com.br\/index.php?rest_route=%2Fwp%2Fv2%2Fmedia&parent=25023"}],"wp:term":[{"taxonomy":"category","embeddable":true,"href":"https:\/\/dioceseteixeiradefreitas.com.br\/index.php?rest_route=%2Fwp%2Fv2%2Fcategories&post=25023"},{"taxonomy":"post_tag","embeddable":true,"href":"https:\/\/dioceseteixeiradefreitas.com.br\/index.php?rest_route=%2Fwp%2Fv2%2Ftags&post=25023"}],"curies":[{"name":"wp","href":"https:\/\/api.w.org\/{rel}","templated":true}]}}