{"id":25028,"date":"2025-07-03T22:33:59","date_gmt":"2025-07-04T01:33:59","guid":{"rendered":"https:\/\/dioceseteixeiradefreitas.com.br\/?p=25028"},"modified":"2025-07-03T22:34:00","modified_gmt":"2025-07-04T01:34:00","slug":"encontro-de-formacao-e-espiritualidade-com-os-novos-ministros-extraordinarios-da-sagrada-comunhao-eucaristica-forania-sao-cosme-e-damiao","status":"publish","type":"post","link":"https:\/\/dioceseteixeiradefreitas.com.br\/?p=25028","title":{"rendered":"Encontro de Forma\u00e7\u00e3o e Espiritualidade com os novos Ministros Extraordin\u00e1rios da Sagrada Comunh\u00e3o Eucar\u00edstica &#8211; Forania S\u00e3o Cosme e Dami\u00e3o."},"content":{"rendered":"\n<figure class=\"wp-block-image size-full\"><a href=\"https:\/\/dioceseteixeiradefreitas.com.br\/wp-content\/uploads\/2025\/07\/69797781-49b7-47a7-8350-16be7080a781.jpeg\"><img loading=\"lazy\" decoding=\"async\" width=\"720\" height=\"492\" src=\"https:\/\/dioceseteixeiradefreitas.com.br\/wp-content\/uploads\/2025\/07\/69797781-49b7-47a7-8350-16be7080a781.jpeg\" alt=\"\" class=\"wp-image-25037\" srcset=\"https:\/\/dioceseteixeiradefreitas.com.br\/wp-content\/uploads\/2025\/07\/69797781-49b7-47a7-8350-16be7080a781.jpeg 720w, https:\/\/dioceseteixeiradefreitas.com.br\/wp-content\/uploads\/2025\/07\/69797781-49b7-47a7-8350-16be7080a781-300x205.jpeg 300w, https:\/\/dioceseteixeiradefreitas.com.br\/wp-content\/uploads\/2025\/07\/69797781-49b7-47a7-8350-16be7080a781-220x150.jpeg 220w\" sizes=\"auto, (max-width: 720px) 100vw, 720px\" \/><\/a><\/figure>\n\n\n\n<p>No dia 25 de maio de 2025, aconteceu o Encontro de Forma\u00e7\u00e3o e Espiritualidade com os novos Ministros Extraordin\u00e1rios da Sagrada Comunh\u00e3o (MESCES) e os que ir\u00e3o renovar o servi\u00e7o. Participaram tamb\u00e9m as coordena\u00e7\u00f5es das par\u00f3quias que comp\u00f5em a Forania S\u00e3o Cosme e Dami\u00e3o, com exce\u00e7\u00e3o da Par\u00f3quia de Jucuru\u00e7\u00fa\ud83d\ude4f\ud83e\udd0d\u2763\ufe0f<\/p>\n\n\n\n<p>O encontro teve in\u00edcio com a Celebra\u00e7\u00e3o da Santa Missa, presidida pelo assessor eclesi\u00e1stico da pastoral, Padre Isael Silva. Em sua homilia, o sacerdote destacou a import\u00e2ncia do servi\u00e7o como fundamento da lideran\u00e7a crist\u00e3:\ud83d\ude4f\ud83e\udd0d\ud83c\udf39<\/p>\n\n\n\n<p>\u201cS\u00f3 preside quem serve bem. A verdadeira presid\u00eancia nasce do servi\u00e7o. Se n\u00e3o h\u00e1 disposi\u00e7\u00e3o para servir, \u00e9 melhor n\u00e3o se candidatar.\u201d\ud83d\ude4f<\/p>\n\n\n\n<p>Na sequ\u00eancia, Padre Isael conduziu uma confer\u00eancia sobre o servi\u00e7o do MESCE, refor\u00e7ando a import\u00e2ncia da unidade com a Diocese, da viv\u00eancia da Igreja como Corpo de Cristo e da comunh\u00e3o com Deus e com os irm\u00e3os.<\/p>\n\n\n\n<p>A coordenadora diocesana dos MESCES, Adriana Cangu\u00e7u, conduziu uma confer\u00eancia sobre a postura crist\u00e3 do Mesce, ressaltando o zelo consigo mesmo, com os demais e com as \u201ccoisas do C\u00e9u\u201d. Destacou tamb\u00e9m o cuidado e amor aos doentes, idosos, enlutados e pessoas em sofrimento.<br>\ud83d\ude07\ud83d\ude07<br>O encontro foi encerrado com um momento de Adora\u00e7\u00e3o ao Sant\u00edssimo Sacramento, seguido da b\u00ean\u00e7\u00e3o dada por Padre Isael. Por fim, os participantes partilharam um caf\u00e9 com prosa e despedidas fraternas.\ud83d\ude07\ud83d\ude4f\ud83c\udf39\ud83e\udd0d<\/p>\n\n\n\n<figure class=\"wp-block-embed is-type-video is-provider-youtube wp-block-embed-youtube wp-embed-aspect-16-9 wp-has-aspect-ratio\"><div class=\"wp-block-embed__wrapper\">\n<iframe loading=\"lazy\" title=\"BEN\u00c7\u00c3O DO SANTISSIMO NO ENCONTRO DE FORMA\u00c7\u00c3O E ESPIRITUALIDADE  COM OS NOVOS MINISTRO EXTRAORDINARIO\" width=\"500\" height=\"281\" src=\"https:\/\/www.youtube.com\/embed\/metcWfNoFDk?feature=oembed\" frameborder=\"0\" allow=\"accelerometer; autoplay; clipboard-write; encrypted-media; gyroscope; picture-in-picture; web-share\" referrerpolicy=\"strict-origin-when-cross-origin\" allowfullscreen><\/iframe>\n<\/div><\/figure>\n\n\n\n<figure class=\"wp-block-gallery has-nested-images columns-default is-cropped wp-block-gallery-1 is-layout-flex wp-block-gallery-is-layout-flex\">\n<figure class=\"wp-block-image size-large\"><a href=\"https:\/\/dioceseteixeiradefreitas.com.br\/wp-content\/uploads\/2025\/07\/295f2794-0674-4466-af39-6e15fa32470f.jpeg\"><img loading=\"lazy\" decoding=\"async\" width=\"768\" height=\"1024\" data-id=\"25029\" src=\"https:\/\/dioceseteixeiradefreitas.com.br\/wp-content\/uploads\/2025\/07\/295f2794-0674-4466-af39-6e15fa32470f-768x1024.jpeg\" alt=\"\" class=\"wp-image-25029\" srcset=\"https:\/\/dioceseteixeiradefreitas.com.br\/wp-content\/uploads\/2025\/07\/295f2794-0674-4466-af39-6e15fa32470f-768x1024.jpeg 768w, https:\/\/dioceseteixeiradefreitas.com.br\/wp-content\/uploads\/2025\/07\/295f2794-0674-4466-af39-6e15fa32470f-225x300.jpeg 225w, https:\/\/dioceseteixeiradefreitas.com.br\/wp-content\/uploads\/2025\/07\/295f2794-0674-4466-af39-6e15fa32470f.jpeg 960w\" sizes=\"auto, (max-width: 768px) 100vw, 768px\" \/><\/a><\/figure>\n\n\n\n<figure class=\"wp-block-image size-large\"><a href=\"https:\/\/dioceseteixeiradefreitas.com.br\/wp-content\/uploads\/2025\/07\/28829f5d-e9b4-47bc-9252-551a5b668629.jpeg\"><img loading=\"lazy\" decoding=\"async\" width=\"576\" height=\"1024\" data-id=\"25032\" src=\"https:\/\/dioceseteixeiradefreitas.com.br\/wp-content\/uploads\/2025\/07\/28829f5d-e9b4-47bc-9252-551a5b668629-576x1024.jpeg\" alt=\"\" class=\"wp-image-25032\" srcset=\"https:\/\/dioceseteixeiradefreitas.com.br\/wp-content\/uploads\/2025\/07\/28829f5d-e9b4-47bc-9252-551a5b668629-576x1024.jpeg 576w, https:\/\/dioceseteixeiradefreitas.com.br\/wp-content\/uploads\/2025\/07\/28829f5d-e9b4-47bc-9252-551a5b668629-169x300.jpeg 169w, https:\/\/dioceseteixeiradefreitas.com.br\/wp-content\/uploads\/2025\/07\/28829f5d-e9b4-47bc-9252-551a5b668629.jpeg 720w\" sizes=\"auto, (max-width: 576px) 100vw, 576px\" \/><\/a><\/figure>\n\n\n\n<figure class=\"wp-block-image size-large\"><a href=\"https:\/\/dioceseteixeiradefreitas.com.br\/wp-content\/uploads\/2025\/07\/af5881bb-7e59-4bb9-957b-07e0195683c7.jpeg\"><img loading=\"lazy\" decoding=\"async\" width=\"768\" height=\"1024\" data-id=\"25035\" src=\"https:\/\/dioceseteixeiradefreitas.com.br\/wp-content\/uploads\/2025\/07\/af5881bb-7e59-4bb9-957b-07e0195683c7-768x1024.jpeg\" alt=\"\" class=\"wp-image-25035\" srcset=\"https:\/\/dioceseteixeiradefreitas.com.br\/wp-content\/uploads\/2025\/07\/af5881bb-7e59-4bb9-957b-07e0195683c7-768x1024.jpeg 768w, https:\/\/dioceseteixeiradefreitas.com.br\/wp-content\/uploads\/2025\/07\/af5881bb-7e59-4bb9-957b-07e0195683c7-225x300.jpeg 225w, https:\/\/dioceseteixeiradefreitas.com.br\/wp-content\/uploads\/2025\/07\/af5881bb-7e59-4bb9-957b-07e0195683c7.jpeg 960w\" sizes=\"auto, (max-width: 768px) 100vw, 768px\" \/><\/a><\/figure>\n\n\n\n<figure class=\"wp-block-image size-large\"><a href=\"https:\/\/dioceseteixeiradefreitas.com.br\/wp-content\/uploads\/2025\/07\/d17390be-45de-4dd2-89ba-df76893b1820.jpeg\"><img loading=\"lazy\" decoding=\"async\" width=\"768\" height=\"1024\" data-id=\"25030\" src=\"https:\/\/dioceseteixeiradefreitas.com.br\/wp-content\/uploads\/2025\/07\/d17390be-45de-4dd2-89ba-df76893b1820-768x1024.jpeg\" alt=\"\" class=\"wp-image-25030\" srcset=\"https:\/\/dioceseteixeiradefreitas.com.br\/wp-content\/uploads\/2025\/07\/d17390be-45de-4dd2-89ba-df76893b1820-768x1024.jpeg 768w, https:\/\/dioceseteixeiradefreitas.com.br\/wp-content\/uploads\/2025\/07\/d17390be-45de-4dd2-89ba-df76893b1820-225x300.jpeg 225w, https:\/\/dioceseteixeiradefreitas.com.br\/wp-content\/uploads\/2025\/07\/d17390be-45de-4dd2-89ba-df76893b1820.jpeg 960w\" sizes=\"auto, (max-width: 768px) 100vw, 768px\" \/><\/a><\/figure>\n\n\n\n<figure class=\"wp-block-image size-large\"><a href=\"https:\/\/dioceseteixeiradefreitas.com.br\/wp-content\/uploads\/2025\/07\/1ff4df5b-4a74-4743-ae2f-65f8b2d79ed7.jpeg\"><img loading=\"lazy\" decoding=\"async\" width=\"768\" height=\"1024\" data-id=\"25031\" src=\"https:\/\/dioceseteixeiradefreitas.com.br\/wp-content\/uploads\/2025\/07\/1ff4df5b-4a74-4743-ae2f-65f8b2d79ed7-768x1024.jpeg\" alt=\"\" class=\"wp-image-25031\" srcset=\"https:\/\/dioceseteixeiradefreitas.com.br\/wp-content\/uploads\/2025\/07\/1ff4df5b-4a74-4743-ae2f-65f8b2d79ed7-768x1024.jpeg 768w, https:\/\/dioceseteixeiradefreitas.com.br\/wp-content\/uploads\/2025\/07\/1ff4df5b-4a74-4743-ae2f-65f8b2d79ed7-225x300.jpeg 225w, https:\/\/dioceseteixeiradefreitas.com.br\/wp-content\/uploads\/2025\/07\/1ff4df5b-4a74-4743-ae2f-65f8b2d79ed7.jpeg 960w\" sizes=\"auto, (max-width: 768px) 100vw, 768px\" \/><\/a><\/figure>\n\n\n\n<figure class=\"wp-block-image size-large\"><a href=\"https:\/\/dioceseteixeiradefreitas.com.br\/wp-content\/uploads\/2025\/07\/19cef9fe-c678-4133-ab21-8c1197d07aee.jpeg\"><img loading=\"lazy\" decoding=\"async\" width=\"576\" height=\"1024\" data-id=\"25033\" src=\"https:\/\/dioceseteixeiradefreitas.com.br\/wp-content\/uploads\/2025\/07\/19cef9fe-c678-4133-ab21-8c1197d07aee-576x1024.jpeg\" alt=\"\" class=\"wp-image-25033\" srcset=\"https:\/\/dioceseteixeiradefreitas.com.br\/wp-content\/uploads\/2025\/07\/19cef9fe-c678-4133-ab21-8c1197d07aee-576x1024.jpeg 576w, https:\/\/dioceseteixeiradefreitas.com.br\/wp-content\/uploads\/2025\/07\/19cef9fe-c678-4133-ab21-8c1197d07aee-169x300.jpeg 169w, https:\/\/dioceseteixeiradefreitas.com.br\/wp-content\/uploads\/2025\/07\/19cef9fe-c678-4133-ab21-8c1197d07aee.jpeg 720w\" sizes=\"auto, (max-width: 576px) 100vw, 576px\" \/><\/a><\/figure>\n\n\n\n<figure class=\"wp-block-image size-large\"><a href=\"https:\/\/dioceseteixeiradefreitas.com.br\/wp-content\/uploads\/2025\/07\/6f29a371-cb32-487d-8ff8-2633b0e36fec.jpeg\"><img loading=\"lazy\" decoding=\"async\" width=\"838\" height=\"1024\" data-id=\"25036\" src=\"https:\/\/dioceseteixeiradefreitas.com.br\/wp-content\/uploads\/2025\/07\/6f29a371-cb32-487d-8ff8-2633b0e36fec-838x1024.jpeg\" alt=\"\" class=\"wp-image-25036\" srcset=\"https:\/\/dioceseteixeiradefreitas.com.br\/wp-content\/uploads\/2025\/07\/6f29a371-cb32-487d-8ff8-2633b0e36fec-838x1024.jpeg 838w, https:\/\/dioceseteixeiradefreitas.com.br\/wp-content\/uploads\/2025\/07\/6f29a371-cb32-487d-8ff8-2633b0e36fec-246x300.jpeg 246w, https:\/\/dioceseteixeiradefreitas.com.br\/wp-content\/uploads\/2025\/07\/6f29a371-cb32-487d-8ff8-2633b0e36fec-768x938.jpeg 768w, https:\/\/dioceseteixeiradefreitas.com.br\/wp-content\/uploads\/2025\/07\/6f29a371-cb32-487d-8ff8-2633b0e36fec.jpeg 1048w\" sizes=\"auto, (max-width: 838px) 100vw, 838px\" \/><\/a><\/figure>\n\n\n\n<figure class=\"wp-block-image size-large\"><a href=\"https:\/\/dioceseteixeiradefreitas.com.br\/wp-content\/uploads\/2025\/07\/7d5b9d7a-beac-4608-a61d-8e9f524078ee.jpeg\"><img loading=\"lazy\" decoding=\"async\" width=\"852\" height=\"1024\" data-id=\"25034\" src=\"https:\/\/dioceseteixeiradefreitas.com.br\/wp-content\/uploads\/2025\/07\/7d5b9d7a-beac-4608-a61d-8e9f524078ee-852x1024.jpeg\" alt=\"\" class=\"wp-image-25034\" srcset=\"https:\/\/dioceseteixeiradefreitas.com.br\/wp-content\/uploads\/2025\/07\/7d5b9d7a-beac-4608-a61d-8e9f524078ee-852x1024.jpeg 852w, https:\/\/dioceseteixeiradefreitas.com.br\/wp-content\/uploads\/2025\/07\/7d5b9d7a-beac-4608-a61d-8e9f524078ee-250x300.jpeg 250w, https:\/\/dioceseteixeiradefreitas.com.br\/wp-content\/uploads\/2025\/07\/7d5b9d7a-beac-4608-a61d-8e9f524078ee-768x923.jpeg 768w, https:\/\/dioceseteixeiradefreitas.com.br\/wp-content\/uploads\/2025\/07\/7d5b9d7a-beac-4608-a61d-8e9f524078ee.jpeg 1065w\" sizes=\"auto, (max-width: 852px) 100vw, 852px\" \/><\/a><\/figure>\n<\/figure>\n","protected":false},"excerpt":{"rendered":"<p>No dia 25 de maio de 2025, aconteceu o Encontro de Forma\u00e7\u00e3o e Espiritualidade com os novos Ministros Extraordin\u00e1rios da Sagrada Comunh\u00e3o (MESCES) e os que ir\u00e3o renovar o servi\u00e7o. Participaram tamb\u00e9m as coordena\u00e7\u00f5es das par\u00f3quias que comp\u00f5em a Forania S\u00e3o Cosme e Dami\u00e3o, com exce\u00e7\u00e3o da Par\u00f3quia de Jucuru\u00e7\u00fa\ud83d\ude4f\ud83e\udd0d\u2763\ufe0f O encontro teve in\u00edcio com &hellip;<\/p>\n","protected":false},"author":32,"featured_media":25008,"comment_status":"closed","ping_status":"closed","sticky":false,"template":"","format":"standard","meta":{"footnotes":""},"categories":[100,41],"tags":[],"class_list":["post-25028","post","type-post","status-publish","format-standard","has-post-thumbnail","hentry","category-noticias-diocesanas","category-noticias_destaque"],"_links":{"self":[{"href":"https:\/\/dioceseteixeiradefreitas.com.br\/index.php?rest_route=\/wp\/v2\/posts\/25028","targetHints":{"allow":["GET"]}}],"collection":[{"href":"https:\/\/dioceseteixeiradefreitas.com.br\/index.php?rest_route=\/wp\/v2\/posts"}],"about":[{"href":"https:\/\/dioceseteixeiradefreitas.com.br\/index.php?rest_route=\/wp\/v2\/types\/post"}],"author":[{"embeddable":true,"href":"https:\/\/dioceseteixeiradefreitas.com.br\/index.php?rest_route=\/wp\/v2\/users\/32"}],"replies":[{"embeddable":true,"href":"https:\/\/dioceseteixeiradefreitas.com.br\/index.php?rest_route=%2Fwp%2Fv2%2Fcomments&post=25028"}],"version-history":[{"count":1,"href":"https:\/\/dioceseteixeiradefreitas.com.br\/index.php?rest_route=\/wp\/v2\/posts\/25028\/revisions"}],"predecessor-version":[{"id":25038,"href":"https:\/\/dioceseteixeiradefreitas.com.br\/index.php?rest_route=\/wp\/v2\/posts\/25028\/revisions\/25038"}],"wp:featuredmedia":[{"embeddable":true,"href":"https:\/\/dioceseteixeiradefreitas.com.br\/index.php?rest_route=\/wp\/v2\/media\/25008"}],"wp:attachment":[{"href":"https:\/\/dioceseteixeiradefreitas.com.br\/index.php?rest_route=%2Fwp%2Fv2%2Fmedia&parent=25028"}],"wp:term":[{"taxonomy":"category","embeddable":true,"href":"https:\/\/dioceseteixeiradefreitas.com.br\/index.php?rest_route=%2Fwp%2Fv2%2Fcategories&post=25028"},{"taxonomy":"post_tag","embeddable":true,"href":"https:\/\/dioceseteixeiradefreitas.com.br\/index.php?rest_route=%2Fwp%2Fv2%2Ftags&post=25028"}],"curies":[{"name":"wp","href":"https:\/\/api.w.org\/{rel}","templated":true}]}}