{"id":25175,"date":"2025-08-14T20:12:58","date_gmt":"2025-08-14T23:12:58","guid":{"rendered":"https:\/\/dioceseteixeiradefreitas.com.br\/?p=25175"},"modified":"2025-08-14T20:17:00","modified_gmt":"2025-08-14T23:17:00","slug":"convite-seminario-biblico-diocesano-2025-a-esperanca-nao-decepciona","status":"publish","type":"post","link":"https:\/\/dioceseteixeiradefreitas.com.br\/?p=25175","title":{"rendered":"Convite \u2014 Semin\u00e1rio B\u00edblico Diocesano 2025: \u201cA esperan\u00e7a n\u00e3o decepciona\u201d"},"content":{"rendered":"\n<figure class=\"wp-block-image size-large\"><a href=\"https:\/\/dioceseteixeiradefreitas.com.br\/wp-content\/uploads\/2025\/08\/WhatsApp-Image-2025-08-04-at-18.38.jpeg\"><img loading=\"lazy\" decoding=\"async\" width=\"693\" height=\"1024\" src=\"https:\/\/dioceseteixeiradefreitas.com.br\/wp-content\/uploads\/2025\/08\/WhatsApp-Image-2025-08-04-at-18.38-693x1024.jpeg\" alt=\"\" class=\"wp-image-25177\" srcset=\"https:\/\/dioceseteixeiradefreitas.com.br\/wp-content\/uploads\/2025\/08\/WhatsApp-Image-2025-08-04-at-18.38-693x1024.jpeg 693w, https:\/\/dioceseteixeiradefreitas.com.br\/wp-content\/uploads\/2025\/08\/WhatsApp-Image-2025-08-04-at-18.38-203x300.jpeg 203w, https:\/\/dioceseteixeiradefreitas.com.br\/wp-content\/uploads\/2025\/08\/WhatsApp-Image-2025-08-04-at-18.38-768x1135.jpeg 768w, https:\/\/dioceseteixeiradefreitas.com.br\/wp-content\/uploads\/2025\/08\/WhatsApp-Image-2025-08-04-at-18.38.jpeg 844w\" sizes=\"auto, (max-width: 693px) 100vw, 693px\" \/><\/a><\/figure>\n\n\n\n<p>Nos dias <strong>16 e 17 de agosto de 2025<\/strong>, a <strong>Par\u00f3quia S\u00e3o Francisco de Assis<\/strong>, em <strong>Teixeira de Freitas<\/strong>, acolher\u00e1 o <strong>Semin\u00e1rio B\u00edblico Diocesano<\/strong>, reunindo fi\u00e9is de toda a Diocese para um momento profundo de estudo, ora\u00e7\u00e3o e partilha em torno da Palavra de Deus.<\/p>\n\n\n\n<p>O estudo estar\u00e1 em sintonia com o lema <strong>\u201cA esperan\u00e7a n\u00e3o decepciona\u201d (Rm 5,5)<\/strong>, escolhido para o <strong>M\u00eas da B\u00edblia de 2025<\/strong>. Essa reflex\u00e3o se insere no contexto do <strong>Ano Santo Jubilar<\/strong>, proclamado pelo Papa Francisco, que convida toda a Igreja a redescobrir a for\u00e7a da esperan\u00e7a crist\u00e3 como luz para os tempos atuais.<\/p>\n\n\n\n<p>A assessoria ser\u00e1 conduzida por <strong>Frei Emerson Aparecido, OFM<\/strong>, que ajudar\u00e1 os participantes a mergulharem nas riquezas teol\u00f3gicas e pastorais da Carta aos Romanos, aproximando a Palavra da realidade concreta das comunidades.<\/p>\n\n\n\n<p>O <strong>Semin\u00e1rio B\u00edblico Diocesano<\/strong> \u00e9 um convite \u00e0 escuta atenta das Escrituras e ao fortalecimento da f\u00e9, renovando a certeza de que Deus cumpre suas promessas e n\u00e3o abandona o Seu povo.<\/p>\n\n\n\n<p><\/p>\n\n\n\n<p><\/p>\n","protected":false},"excerpt":{"rendered":"<p>Nos dias 16 e 17 de agosto de 2025, a Par\u00f3quia S\u00e3o Francisco de Assis, em Teixeira de Freitas, acolher\u00e1 o Semin\u00e1rio B\u00edblico Diocesano, reunindo fi\u00e9is de toda a Diocese para um momento profundo de estudo, ora\u00e7\u00e3o e partilha em torno da Palavra de Deus. O estudo estar\u00e1 em sintonia com o lema \u201cA esperan\u00e7a &hellip;<\/p>\n","protected":false},"author":33,"featured_media":25177,"comment_status":"closed","ping_status":"closed","sticky":false,"template":"","format":"standard","meta":{"footnotes":""},"categories":[100,41],"tags":[191,125,451,434],"class_list":["post-25175","post","type-post","status-publish","format-standard","has-post-thumbnail","hentry","category-noticias-diocesanas","category-noticias_destaque","tag-cnbb","tag-diocese","tag-diocese-de-teixeira-de-freitas-caravelas","tag-pascom-diocesana"],"_links":{"self":[{"href":"https:\/\/dioceseteixeiradefreitas.com.br\/index.php?rest_route=\/wp\/v2\/posts\/25175","targetHints":{"allow":["GET"]}}],"collection":[{"href":"https:\/\/dioceseteixeiradefreitas.com.br\/index.php?rest_route=\/wp\/v2\/posts"}],"about":[{"href":"https:\/\/dioceseteixeiradefreitas.com.br\/index.php?rest_route=\/wp\/v2\/types\/post"}],"author":[{"embeddable":true,"href":"https:\/\/dioceseteixeiradefreitas.com.br\/index.php?rest_route=\/wp\/v2\/users\/33"}],"replies":[{"embeddable":true,"href":"https:\/\/dioceseteixeiradefreitas.com.br\/index.php?rest_route=%2Fwp%2Fv2%2Fcomments&post=25175"}],"version-history":[{"count":1,"href":"https:\/\/dioceseteixeiradefreitas.com.br\/index.php?rest_route=\/wp\/v2\/posts\/25175\/revisions"}],"predecessor-version":[{"id":25178,"href":"https:\/\/dioceseteixeiradefreitas.com.br\/index.php?rest_route=\/wp\/v2\/posts\/25175\/revisions\/25178"}],"wp:featuredmedia":[{"embeddable":true,"href":"https:\/\/dioceseteixeiradefreitas.com.br\/index.php?rest_route=\/wp\/v2\/media\/25177"}],"wp:attachment":[{"href":"https:\/\/dioceseteixeiradefreitas.com.br\/index.php?rest_route=%2Fwp%2Fv2%2Fmedia&parent=25175"}],"wp:term":[{"taxonomy":"category","embeddable":true,"href":"https:\/\/dioceseteixeiradefreitas.com.br\/index.php?rest_route=%2Fwp%2Fv2%2Fcategories&post=25175"},{"taxonomy":"post_tag","embeddable":true,"href":"https:\/\/dioceseteixeiradefreitas.com.br\/index.php?rest_route=%2Fwp%2Fv2%2Ftags&post=25175"}],"curies":[{"name":"wp","href":"https:\/\/api.w.org\/{rel}","templated":true}]}}