{"id":25303,"date":"2025-08-25T10:04:40","date_gmt":"2025-08-25T13:04:40","guid":{"rendered":"https:\/\/dioceseteixeiradefreitas.com.br\/?p=25303"},"modified":"2025-08-25T10:04:41","modified_gmt":"2025-08-25T13:04:41","slug":"formacao-da-pascom-reune-agentes-da-forania-sao-pedro","status":"publish","type":"post","link":"https:\/\/dioceseteixeiradefreitas.com.br\/?p=25303","title":{"rendered":"Forma\u00e7\u00e3o da PASCOM re\u00fane agentes da Forania S\u00e3o Pedro."},"content":{"rendered":"\n<figure class=\"wp-block-image size-large\"><a href=\"https:\/\/dioceseteixeiradefreitas.com.br\/wp-content\/uploads\/2025\/08\/WhatsApp-Image-2025-08-25-at-09.59.50.jpeg\"><img loading=\"lazy\" decoding=\"async\" width=\"1024\" height=\"501\" src=\"https:\/\/dioceseteixeiradefreitas.com.br\/wp-content\/uploads\/2025\/08\/WhatsApp-Image-2025-08-25-at-09.59.50-1024x501.jpeg\" alt=\"\" class=\"wp-image-25305\" srcset=\"https:\/\/dioceseteixeiradefreitas.com.br\/wp-content\/uploads\/2025\/08\/WhatsApp-Image-2025-08-25-at-09.59.50-1024x501.jpeg 1024w, https:\/\/dioceseteixeiradefreitas.com.br\/wp-content\/uploads\/2025\/08\/WhatsApp-Image-2025-08-25-at-09.59.50-300x147.jpeg 300w, https:\/\/dioceseteixeiradefreitas.com.br\/wp-content\/uploads\/2025\/08\/WhatsApp-Image-2025-08-25-at-09.59.50-768x376.jpeg 768w, https:\/\/dioceseteixeiradefreitas.com.br\/wp-content\/uploads\/2025\/08\/WhatsApp-Image-2025-08-25-at-09.59.50.jpeg 1280w\" sizes=\"auto, (max-width: 1024px) 100vw, 1024px\" \/><\/a><\/figure>\n\n\n\n<p>Na tarde do \u00faltimo s\u00e1bado, 23 de agosto, o Sal\u00e3o da Par\u00f3quia S\u00e3o Pedro acolheu com entusiasmo a forma\u00e7\u00e3o da Pastoral da Comunica\u00e7\u00e3o (PASCOM) da Forania S\u00e3o Pedro. O encontro reuniu coordenadores e membros das equipes paroquiais, em um momento de escuta, aprendizado e fortalecimento da miss\u00e3o comunicadora da Igreja.<\/p>\n\n\n\n<p>A abertura foi conduzida por Lu\u00edsa, secret\u00e1ria diocesana da PASCOM, que ressaltou a import\u00e2ncia da espiritualidade na vida dos comunicadores. \u201cAntes de comunicar, \u00e9 preciso estar em comunh\u00e3o com Cristo. A espiritualidade \u00e9 o alicerce da nossa miss\u00e3o\u201d, destacou. Ela tamb\u00e9m apresentou as frentes de atua\u00e7\u00e3o da pastoral e refor\u00e7ou o papel evangelizador da comunica\u00e7\u00e3o no contexto atual.<\/p>\n\n\n\n<p>Em seguida, Julian, coordenador diocesano da PASCOM, deu continuidade \u00e0 forma\u00e7\u00e3o com uma abordagem t\u00e9cnica e pastoral. Ele trouxe orienta\u00e7\u00f5es pr\u00e1ticas sobre a produ\u00e7\u00e3o de conte\u00fado, enfatizando o cuidado com a fotografia, o olhar sens\u00edvel diante dos momentos de f\u00e9 e a qualidade das transmiss\u00f5es ao vivo. Tamb\u00e9m foram apresentadas ferramentas e estrat\u00e9gias que auxiliam a tornar a comunica\u00e7\u00e3o mais eficaz, aut\u00eantica e a servi\u00e7o da evangeliza\u00e7\u00e3o.<\/p>\n\n\n\n<figure class=\"wp-block-image size-large\"><a href=\"https:\/\/dioceseteixeiradefreitas.com.br\/wp-content\/uploads\/2025\/08\/WhatsApp-Image-2025-08-25-at-09.41.28-1.jpeg\"><img loading=\"lazy\" decoding=\"async\" width=\"576\" height=\"1024\" src=\"https:\/\/dioceseteixeiradefreitas.com.br\/wp-content\/uploads\/2025\/08\/WhatsApp-Image-2025-08-25-at-09.41.28-1-576x1024.jpeg\" alt=\"\" class=\"wp-image-25307\" srcset=\"https:\/\/dioceseteixeiradefreitas.com.br\/wp-content\/uploads\/2025\/08\/WhatsApp-Image-2025-08-25-at-09.41.28-1-576x1024.jpeg 576w, https:\/\/dioceseteixeiradefreitas.com.br\/wp-content\/uploads\/2025\/08\/WhatsApp-Image-2025-08-25-at-09.41.28-1-169x300.jpeg 169w, https:\/\/dioceseteixeiradefreitas.com.br\/wp-content\/uploads\/2025\/08\/WhatsApp-Image-2025-08-25-at-09.41.28-1-768x1365.jpeg 768w, https:\/\/dioceseteixeiradefreitas.com.br\/wp-content\/uploads\/2025\/08\/WhatsApp-Image-2025-08-25-at-09.41.28-1-864x1536.jpeg 864w, https:\/\/dioceseteixeiradefreitas.com.br\/wp-content\/uploads\/2025\/08\/WhatsApp-Image-2025-08-25-at-09.41.28-1.jpeg 900w\" sizes=\"auto, (max-width: 576px) 100vw, 576px\" \/><\/a><\/figure>\n\n\n\n<p>O encontro foi marcado por um clima fraterno e colaborativo, onde cada participante p\u00f4de partilhar experi\u00eancias e renovar o compromisso com a miss\u00e3o de anunciar Jesus Cristo por meio da comunica\u00e7\u00e3o.<\/p>\n\n\n\n<p>A forma\u00e7\u00e3o foi encerrada com um momento de ora\u00e7\u00e3o, colocando diante de Deus os frutos do encontro e pedindo a luz do Esp\u00edrito Santo para a caminhada pastoral. Em seguida, os participantes se reuniram para um caf\u00e9 partilhado, fortalecendo ainda mais os la\u00e7os de comunh\u00e3o e amizade entre os agentes da PASCOM.<\/p>\n\n\n\n<p>Este momento formativo reafirma o compromisso da Diocese de Teixeira de Freitas\/Caravelas com a forma\u00e7\u00e3o cont\u00ednua de seus agentes pastorais e com uma comunica\u00e7\u00e3o que nasce da f\u00e9, do servi\u00e7o e do testemunho.<\/p>\n\n\n\n<figure class=\"wp-block-gallery has-nested-images columns-default is-cropped wp-block-gallery-1 is-layout-flex wp-block-gallery-is-layout-flex\">\n<figure class=\"wp-block-image size-large\"><a href=\"https:\/\/dioceseteixeiradefreitas.com.br\/wp-content\/uploads\/2025\/08\/WhatsApp-Image-2025-08-25-at-09.41.29-3.jpeg\"><img loading=\"lazy\" decoding=\"async\" width=\"1024\" height=\"732\" data-id=\"25308\" src=\"https:\/\/dioceseteixeiradefreitas.com.br\/wp-content\/uploads\/2025\/08\/WhatsApp-Image-2025-08-25-at-09.41.29-3-1024x732.jpeg\" alt=\"\" class=\"wp-image-25308\" srcset=\"https:\/\/dioceseteixeiradefreitas.com.br\/wp-content\/uploads\/2025\/08\/WhatsApp-Image-2025-08-25-at-09.41.29-3-1024x732.jpeg 1024w, https:\/\/dioceseteixeiradefreitas.com.br\/wp-content\/uploads\/2025\/08\/WhatsApp-Image-2025-08-25-at-09.41.29-3-300x215.jpeg 300w, https:\/\/dioceseteixeiradefreitas.com.br\/wp-content\/uploads\/2025\/08\/WhatsApp-Image-2025-08-25-at-09.41.29-3-768x549.jpeg 768w, https:\/\/dioceseteixeiradefreitas.com.br\/wp-content\/uploads\/2025\/08\/WhatsApp-Image-2025-08-25-at-09.41.29-3-1536x1098.jpeg 1536w, https:\/\/dioceseteixeiradefreitas.com.br\/wp-content\/uploads\/2025\/08\/WhatsApp-Image-2025-08-25-at-09.41.29-3.jpeg 1600w\" sizes=\"auto, (max-width: 1024px) 100vw, 1024px\" \/><\/a><\/figure>\n\n\n\n<figure class=\"wp-block-image size-large\"><a href=\"https:\/\/dioceseteixeiradefreitas.com.br\/wp-content\/uploads\/2025\/08\/WhatsApp-Image-2025-08-25-at-09.41.29-2.jpeg\"><img loading=\"lazy\" decoding=\"async\" width=\"576\" height=\"1024\" data-id=\"25309\" src=\"https:\/\/dioceseteixeiradefreitas.com.br\/wp-content\/uploads\/2025\/08\/WhatsApp-Image-2025-08-25-at-09.41.29-2-576x1024.jpeg\" alt=\"\" class=\"wp-image-25309\" srcset=\"https:\/\/dioceseteixeiradefreitas.com.br\/wp-content\/uploads\/2025\/08\/WhatsApp-Image-2025-08-25-at-09.41.29-2-576x1024.jpeg 576w, https:\/\/dioceseteixeiradefreitas.com.br\/wp-content\/uploads\/2025\/08\/WhatsApp-Image-2025-08-25-at-09.41.29-2-169x300.jpeg 169w, https:\/\/dioceseteixeiradefreitas.com.br\/wp-content\/uploads\/2025\/08\/WhatsApp-Image-2025-08-25-at-09.41.29-2-768x1365.jpeg 768w, https:\/\/dioceseteixeiradefreitas.com.br\/wp-content\/uploads\/2025\/08\/WhatsApp-Image-2025-08-25-at-09.41.29-2-864x1536.jpeg 864w, https:\/\/dioceseteixeiradefreitas.com.br\/wp-content\/uploads\/2025\/08\/WhatsApp-Image-2025-08-25-at-09.41.29-2.jpeg 900w\" sizes=\"auto, (max-width: 576px) 100vw, 576px\" \/><\/a><\/figure>\n\n\n\n<figure class=\"wp-block-image size-large\"><a href=\"https:\/\/dioceseteixeiradefreitas.com.br\/wp-content\/uploads\/2025\/08\/WhatsApp-Image-2025-08-25-at-09.41.29-1.jpeg\"><img loading=\"lazy\" decoding=\"async\" width=\"576\" height=\"1024\" data-id=\"25311\" src=\"https:\/\/dioceseteixeiradefreitas.com.br\/wp-content\/uploads\/2025\/08\/WhatsApp-Image-2025-08-25-at-09.41.29-1-576x1024.jpeg\" alt=\"\" class=\"wp-image-25311\" srcset=\"https:\/\/dioceseteixeiradefreitas.com.br\/wp-content\/uploads\/2025\/08\/WhatsApp-Image-2025-08-25-at-09.41.29-1-576x1024.jpeg 576w, https:\/\/dioceseteixeiradefreitas.com.br\/wp-content\/uploads\/2025\/08\/WhatsApp-Image-2025-08-25-at-09.41.29-1-169x300.jpeg 169w, https:\/\/dioceseteixeiradefreitas.com.br\/wp-content\/uploads\/2025\/08\/WhatsApp-Image-2025-08-25-at-09.41.29-1-768x1365.jpeg 768w, https:\/\/dioceseteixeiradefreitas.com.br\/wp-content\/uploads\/2025\/08\/WhatsApp-Image-2025-08-25-at-09.41.29-1-864x1536.jpeg 864w, https:\/\/dioceseteixeiradefreitas.com.br\/wp-content\/uploads\/2025\/08\/WhatsApp-Image-2025-08-25-at-09.41.29-1.jpeg 900w\" sizes=\"auto, (max-width: 576px) 100vw, 576px\" \/><\/a><\/figure>\n\n\n\n<figure class=\"wp-block-image size-large\"><a href=\"https:\/\/dioceseteixeiradefreitas.com.br\/wp-content\/uploads\/2025\/08\/WhatsApp-Image-2025-08-25-at-09.41.29.jpeg\"><img loading=\"lazy\" decoding=\"async\" width=\"576\" height=\"1024\" data-id=\"25312\" src=\"https:\/\/dioceseteixeiradefreitas.com.br\/wp-content\/uploads\/2025\/08\/WhatsApp-Image-2025-08-25-at-09.41.29-576x1024.jpeg\" alt=\"\" class=\"wp-image-25312\" srcset=\"https:\/\/dioceseteixeiradefreitas.com.br\/wp-content\/uploads\/2025\/08\/WhatsApp-Image-2025-08-25-at-09.41.29-576x1024.jpeg 576w, https:\/\/dioceseteixeiradefreitas.com.br\/wp-content\/uploads\/2025\/08\/WhatsApp-Image-2025-08-25-at-09.41.29-169x300.jpeg 169w, https:\/\/dioceseteixeiradefreitas.com.br\/wp-content\/uploads\/2025\/08\/WhatsApp-Image-2025-08-25-at-09.41.29-768x1365.jpeg 768w, https:\/\/dioceseteixeiradefreitas.com.br\/wp-content\/uploads\/2025\/08\/WhatsApp-Image-2025-08-25-at-09.41.29-864x1536.jpeg 864w, https:\/\/dioceseteixeiradefreitas.com.br\/wp-content\/uploads\/2025\/08\/WhatsApp-Image-2025-08-25-at-09.41.29.jpeg 900w\" sizes=\"auto, (max-width: 576px) 100vw, 576px\" \/><\/a><\/figure>\n\n\n\n<figure class=\"wp-block-image size-large\"><a href=\"https:\/\/dioceseteixeiradefreitas.com.br\/wp-content\/uploads\/2025\/08\/WhatsApp-Image-2025-08-25-at-09.41.28-4.jpeg\"><img loading=\"lazy\" decoding=\"async\" width=\"576\" height=\"1024\" data-id=\"25314\" src=\"https:\/\/dioceseteixeiradefreitas.com.br\/wp-content\/uploads\/2025\/08\/WhatsApp-Image-2025-08-25-at-09.41.28-4-576x1024.jpeg\" alt=\"\" class=\"wp-image-25314\" srcset=\"https:\/\/dioceseteixeiradefreitas.com.br\/wp-content\/uploads\/2025\/08\/WhatsApp-Image-2025-08-25-at-09.41.28-4-576x1024.jpeg 576w, https:\/\/dioceseteixeiradefreitas.com.br\/wp-content\/uploads\/2025\/08\/WhatsApp-Image-2025-08-25-at-09.41.28-4-169x300.jpeg 169w, https:\/\/dioceseteixeiradefreitas.com.br\/wp-content\/uploads\/2025\/08\/WhatsApp-Image-2025-08-25-at-09.41.28-4-768x1365.jpeg 768w, https:\/\/dioceseteixeiradefreitas.com.br\/wp-content\/uploads\/2025\/08\/WhatsApp-Image-2025-08-25-at-09.41.28-4-864x1536.jpeg 864w, https:\/\/dioceseteixeiradefreitas.com.br\/wp-content\/uploads\/2025\/08\/WhatsApp-Image-2025-08-25-at-09.41.28-4.jpeg 900w\" sizes=\"auto, (max-width: 576px) 100vw, 576px\" \/><\/a><\/figure>\n\n\n\n<figure class=\"wp-block-image size-large\"><a href=\"https:\/\/dioceseteixeiradefreitas.com.br\/wp-content\/uploads\/2025\/08\/WhatsApp-Image-2025-08-25-at-09.41.28-3.jpeg\"><img loading=\"lazy\" decoding=\"async\" width=\"1024\" height=\"840\" data-id=\"25313\" src=\"https:\/\/dioceseteixeiradefreitas.com.br\/wp-content\/uploads\/2025\/08\/WhatsApp-Image-2025-08-25-at-09.41.28-3-1024x840.jpeg\" alt=\"\" class=\"wp-image-25313\" srcset=\"https:\/\/dioceseteixeiradefreitas.com.br\/wp-content\/uploads\/2025\/08\/WhatsApp-Image-2025-08-25-at-09.41.28-3-1024x840.jpeg 1024w, https:\/\/dioceseteixeiradefreitas.com.br\/wp-content\/uploads\/2025\/08\/WhatsApp-Image-2025-08-25-at-09.41.28-3-300x246.jpeg 300w, https:\/\/dioceseteixeiradefreitas.com.br\/wp-content\/uploads\/2025\/08\/WhatsApp-Image-2025-08-25-at-09.41.28-3-768x630.jpeg 768w, https:\/\/dioceseteixeiradefreitas.com.br\/wp-content\/uploads\/2025\/08\/WhatsApp-Image-2025-08-25-at-09.41.28-3-1536x1260.jpeg 1536w, https:\/\/dioceseteixeiradefreitas.com.br\/wp-content\/uploads\/2025\/08\/WhatsApp-Image-2025-08-25-at-09.41.28-3.jpeg 1600w\" sizes=\"auto, (max-width: 1024px) 100vw, 1024px\" \/><\/a><\/figure>\n\n\n\n<figure class=\"wp-block-image size-large\"><a href=\"https:\/\/dioceseteixeiradefreitas.com.br\/wp-content\/uploads\/2025\/08\/WhatsApp-Image-2025-08-25-at-09.41.28-1-1.jpeg\"><img loading=\"lazy\" decoding=\"async\" width=\"576\" height=\"1024\" data-id=\"25315\" src=\"https:\/\/dioceseteixeiradefreitas.com.br\/wp-content\/uploads\/2025\/08\/WhatsApp-Image-2025-08-25-at-09.41.28-1-1-576x1024.jpeg\" alt=\"\" class=\"wp-image-25315\" srcset=\"https:\/\/dioceseteixeiradefreitas.com.br\/wp-content\/uploads\/2025\/08\/WhatsApp-Image-2025-08-25-at-09.41.28-1-1-576x1024.jpeg 576w, https:\/\/dioceseteixeiradefreitas.com.br\/wp-content\/uploads\/2025\/08\/WhatsApp-Image-2025-08-25-at-09.41.28-1-1-169x300.jpeg 169w, https:\/\/dioceseteixeiradefreitas.com.br\/wp-content\/uploads\/2025\/08\/WhatsApp-Image-2025-08-25-at-09.41.28-1-1-768x1365.jpeg 768w, https:\/\/dioceseteixeiradefreitas.com.br\/wp-content\/uploads\/2025\/08\/WhatsApp-Image-2025-08-25-at-09.41.28-1-1-864x1536.jpeg 864w, https:\/\/dioceseteixeiradefreitas.com.br\/wp-content\/uploads\/2025\/08\/WhatsApp-Image-2025-08-25-at-09.41.28-1-1.jpeg 900w\" sizes=\"auto, (max-width: 576px) 100vw, 576px\" \/><\/a><\/figure>\n\n\n\n<figure class=\"wp-block-image size-large\"><a href=\"https:\/\/dioceseteixeiradefreitas.com.br\/wp-content\/uploads\/2025\/08\/WhatsApp-Image-2025-08-25-at-09.41.28.jpeg\"><img loading=\"lazy\" decoding=\"async\" width=\"576\" height=\"1024\" data-id=\"25310\" src=\"https:\/\/dioceseteixeiradefreitas.com.br\/wp-content\/uploads\/2025\/08\/WhatsApp-Image-2025-08-25-at-09.41.28-576x1024.jpeg\" alt=\"\" class=\"wp-image-25310\" srcset=\"https:\/\/dioceseteixeiradefreitas.com.br\/wp-content\/uploads\/2025\/08\/WhatsApp-Image-2025-08-25-at-09.41.28-576x1024.jpeg 576w, https:\/\/dioceseteixeiradefreitas.com.br\/wp-content\/uploads\/2025\/08\/WhatsApp-Image-2025-08-25-at-09.41.28-169x300.jpeg 169w, https:\/\/dioceseteixeiradefreitas.com.br\/wp-content\/uploads\/2025\/08\/WhatsApp-Image-2025-08-25-at-09.41.28-768x1365.jpeg 768w, https:\/\/dioceseteixeiradefreitas.com.br\/wp-content\/uploads\/2025\/08\/WhatsApp-Image-2025-08-25-at-09.41.28-864x1536.jpeg 864w, https:\/\/dioceseteixeiradefreitas.com.br\/wp-content\/uploads\/2025\/08\/WhatsApp-Image-2025-08-25-at-09.41.28.jpeg 900w\" sizes=\"auto, (max-width: 576px) 100vw, 576px\" \/><\/a><\/figure>\n<\/figure>\n\n\n\n<figure class=\"wp-block-image size-large\"><a href=\"https:\/\/dioceseteixeiradefreitas.com.br\/wp-content\/uploads\/2025\/08\/WhatsApp-Image-2025-08-25-at-09.59.50.jpeg\"><img loading=\"lazy\" decoding=\"async\" width=\"1024\" height=\"501\" src=\"https:\/\/dioceseteixeiradefreitas.com.br\/wp-content\/uploads\/2025\/08\/WhatsApp-Image-2025-08-25-at-09.59.50-1024x501.jpeg\" alt=\"\" class=\"wp-image-25305\" srcset=\"https:\/\/dioceseteixeiradefreitas.com.br\/wp-content\/uploads\/2025\/08\/WhatsApp-Image-2025-08-25-at-09.59.50-1024x501.jpeg 1024w, https:\/\/dioceseteixeiradefreitas.com.br\/wp-content\/uploads\/2025\/08\/WhatsApp-Image-2025-08-25-at-09.59.50-300x147.jpeg 300w, https:\/\/dioceseteixeiradefreitas.com.br\/wp-content\/uploads\/2025\/08\/WhatsApp-Image-2025-08-25-at-09.59.50-768x376.jpeg 768w, https:\/\/dioceseteixeiradefreitas.com.br\/wp-content\/uploads\/2025\/08\/WhatsApp-Image-2025-08-25-at-09.59.50.jpeg 1280w\" sizes=\"auto, (max-width: 1024px) 100vw, 1024px\" \/><\/a><\/figure>\n","protected":false},"excerpt":{"rendered":"<p>Na tarde do \u00faltimo s\u00e1bado, 23 de agosto, o Sal\u00e3o da Par\u00f3quia S\u00e3o Pedro acolheu com entusiasmo a forma\u00e7\u00e3o da Pastoral da Comunica\u00e7\u00e3o (PASCOM) da Forania S\u00e3o Pedro. O encontro reuniu coordenadores e membros das equipes paroquiais, em um momento de escuta, aprendizado e fortalecimento da miss\u00e3o comunicadora da Igreja. A abertura foi conduzida por &hellip;<\/p>\n","protected":false},"author":32,"featured_media":25305,"comment_status":"closed","ping_status":"closed","sticky":false,"template":"","format":"standard","meta":{"footnotes":""},"categories":[100,41],"tags":[],"class_list":["post-25303","post","type-post","status-publish","format-standard","has-post-thumbnail","hentry","category-noticias-diocesanas","category-noticias_destaque"],"_links":{"self":[{"href":"https:\/\/dioceseteixeiradefreitas.com.br\/index.php?rest_route=\/wp\/v2\/posts\/25303","targetHints":{"allow":["GET"]}}],"collection":[{"href":"https:\/\/dioceseteixeiradefreitas.com.br\/index.php?rest_route=\/wp\/v2\/posts"}],"about":[{"href":"https:\/\/dioceseteixeiradefreitas.com.br\/index.php?rest_route=\/wp\/v2\/types\/post"}],"author":[{"embeddable":true,"href":"https:\/\/dioceseteixeiradefreitas.com.br\/index.php?rest_route=\/wp\/v2\/users\/32"}],"replies":[{"embeddable":true,"href":"https:\/\/dioceseteixeiradefreitas.com.br\/index.php?rest_route=%2Fwp%2Fv2%2Fcomments&post=25303"}],"version-history":[{"count":1,"href":"https:\/\/dioceseteixeiradefreitas.com.br\/index.php?rest_route=\/wp\/v2\/posts\/25303\/revisions"}],"predecessor-version":[{"id":25316,"href":"https:\/\/dioceseteixeiradefreitas.com.br\/index.php?rest_route=\/wp\/v2\/posts\/25303\/revisions\/25316"}],"wp:featuredmedia":[{"embeddable":true,"href":"https:\/\/dioceseteixeiradefreitas.com.br\/index.php?rest_route=\/wp\/v2\/media\/25305"}],"wp:attachment":[{"href":"https:\/\/dioceseteixeiradefreitas.com.br\/index.php?rest_route=%2Fwp%2Fv2%2Fmedia&parent=25303"}],"wp:term":[{"taxonomy":"category","embeddable":true,"href":"https:\/\/dioceseteixeiradefreitas.com.br\/index.php?rest_route=%2Fwp%2Fv2%2Fcategories&post=25303"},{"taxonomy":"post_tag","embeddable":true,"href":"https:\/\/dioceseteixeiradefreitas.com.br\/index.php?rest_route=%2Fwp%2Fv2%2Ftags&post=25303"}],"curies":[{"name":"wp","href":"https:\/\/api.w.org\/{rel}","templated":true}]}}