{"id":25360,"date":"2025-08-28T20:36:46","date_gmt":"2025-08-28T23:36:46","guid":{"rendered":"https:\/\/dioceseteixeiradefreitas.com.br\/?p=25360"},"modified":"2026-04-13T21:10:46","modified_gmt":"2026-04-14T00:10:46","slug":"encontro-de-espiritualidade-formativa-para-coordenadores-da-pastoral-liturgica","status":"publish","type":"post","link":"https:\/\/dioceseteixeiradefreitas.com.br\/?p=25360","title":{"rendered":"Encontro de Espiritualidade Formativa para Coordenadores da Pastoral Lit\u00fargica."},"content":{"rendered":"\n<figure class=\"wp-block-image size-large\"><a href=\"https:\/\/dioceseteixeiradefreitas.com.br\/wp-content\/uploads\/2025\/08\/WhatsApp-Image-2025-08-28-at-08.07.17.jpeg\"><img loading=\"lazy\" decoding=\"async\" width=\"1024\" height=\"768\" src=\"https:\/\/dioceseteixeiradefreitas.com.br\/wp-content\/uploads\/2025\/08\/WhatsApp-Image-2025-08-28-at-08.07.17-1024x768.jpeg\" alt=\"\" class=\"wp-image-25361\" srcset=\"https:\/\/dioceseteixeiradefreitas.com.br\/wp-content\/uploads\/2025\/08\/WhatsApp-Image-2025-08-28-at-08.07.17-1024x768.jpeg 1024w, https:\/\/dioceseteixeiradefreitas.com.br\/wp-content\/uploads\/2025\/08\/WhatsApp-Image-2025-08-28-at-08.07.17-300x225.jpeg 300w, https:\/\/dioceseteixeiradefreitas.com.br\/wp-content\/uploads\/2025\/08\/WhatsApp-Image-2025-08-28-at-08.07.17-768x576.jpeg 768w, https:\/\/dioceseteixeiradefreitas.com.br\/wp-content\/uploads\/2025\/08\/WhatsApp-Image-2025-08-28-at-08.07.17-1536x1152.jpeg 1536w, https:\/\/dioceseteixeiradefreitas.com.br\/wp-content\/uploads\/2025\/08\/WhatsApp-Image-2025-08-28-at-08.07.17.jpeg 1600w\" sizes=\"auto, (max-width: 1024px) 100vw, 1024px\" \/><\/a><\/figure>\n\n\n\n<p>No \u00faltimo s\u00e1bado, 24 de agosto, a Diocese de Teixeira de Freitas\/Caravelas promoveu um Encontro de Espiritualidade Formativa voltado para os coordenadores da Pastoral Lit\u00fargica, com foco na liturgia proclamada e cantada. O evento contou com a participa\u00e7\u00e3o expressiva de 137 inscritos, representantes de quase todas as par\u00f3quias da diocese, e foi realizado no audit\u00f3rio do Instituto Francisco de Assis (IFA), em Teixeira de Freitas.<\/p>\n\n\n\n<p>Durante o encontro, os participantes tiveram a oportunidade de aprofundar seus conhecimentos lit\u00fargicos por meio de tr\u00eas tem\u00e1ticas centrais. O Padre Vitor Leite conduziu a reflex\u00e3o sobre a liturgia como lugar de ora\u00e7\u00e3o; o tema liturgia como lugar de comunica\u00e7\u00e3o foi abordado por Caniddia; e o Padre Homero, assessor diocesano de liturgia, falou sobre a liturgia como lugar de celebra\u00e7\u00e3o. As reflex\u00f5es foram conduzidas com clareza e profundidade, destacando o valor do espa\u00e7o celebrativo, o compromisso dos leigos com a liturgia e o amor pelo que se celebra, \u00e0 luz das Sagradas Escrituras, desde o Antigo Testamento at\u00e9 os tempos atuais.<\/p>\n\n\n\n<p>O encontro foi marcado por uma viv\u00eancia profunda do mist\u00e9rio da Eucaristia, fortalecendo a miss\u00e3o dos leigos engajados neste servi\u00e7o pastoral. Os participantes demonstraram gratid\u00e3o pela partilha e aprendizado proporcionados ao longo do dia, reconhecendo a import\u00e2ncia de momentos formativos como este para o fortalecimento do servi\u00e7o lit\u00fargico em suas comunidades.<\/p>\n\n\n\n<p>Encerrando o dia de forma orante e celebrativa, foi celebrada a Santa Missa na capela do Instituto Francisco de Assis, presidida pelo Padre Homero. A celebra\u00e7\u00e3o contou com a presen\u00e7a das religiosas da institui\u00e7\u00e3o, \u00e0s quais a Comiss\u00e3o Diocesana de Liturgia expressa sincero agradecimento pela acolhida fraterna e apoio \u00e0 realiza\u00e7\u00e3o do encontro.<\/p>\n\n\n\n<p>A Comiss\u00e3o Diocesana de Liturgia agradece tamb\u00e9m a todos os envolvidos na organiza\u00e7\u00e3o e aos representantes das diversas par\u00f3quias que participaram deste momento frutuoso de forma\u00e7\u00e3o. Que Deus continue aben\u00e7oando e fortalecendo a miss\u00e3o de cada leigo comprometido com a pastoral lit\u00fargica em nossa diocese.<\/p>\n\n\n\n<figure class=\"wp-block-gallery has-nested-images columns-default is-cropped wp-block-gallery-1 is-layout-flex wp-block-gallery-is-layout-flex\">\n<figure class=\"wp-block-image size-large\"><a href=\"https:\/\/dioceseteixeiradefreitas.com.br\/wp-content\/uploads\/2025\/08\/WhatsApp-Image-2025-08-28-at-08.07.18.jpeg\"><img loading=\"lazy\" decoding=\"async\" width=\"1024\" height=\"768\" data-id=\"25362\" src=\"https:\/\/dioceseteixeiradefreitas.com.br\/wp-content\/uploads\/2025\/08\/WhatsApp-Image-2025-08-28-at-08.07.18-1024x768.jpeg\" alt=\"\" class=\"wp-image-25362\" srcset=\"https:\/\/dioceseteixeiradefreitas.com.br\/wp-content\/uploads\/2025\/08\/WhatsApp-Image-2025-08-28-at-08.07.18-1024x768.jpeg 1024w, https:\/\/dioceseteixeiradefreitas.com.br\/wp-content\/uploads\/2025\/08\/WhatsApp-Image-2025-08-28-at-08.07.18-300x225.jpeg 300w, https:\/\/dioceseteixeiradefreitas.com.br\/wp-content\/uploads\/2025\/08\/WhatsApp-Image-2025-08-28-at-08.07.18-768x576.jpeg 768w, https:\/\/dioceseteixeiradefreitas.com.br\/wp-content\/uploads\/2025\/08\/WhatsApp-Image-2025-08-28-at-08.07.18-1536x1152.jpeg 1536w, https:\/\/dioceseteixeiradefreitas.com.br\/wp-content\/uploads\/2025\/08\/WhatsApp-Image-2025-08-28-at-08.07.18.jpeg 1600w\" sizes=\"auto, (max-width: 1024px) 100vw, 1024px\" \/><\/a><\/figure>\n\n\n\n<figure class=\"wp-block-image size-large\"><a href=\"https:\/\/dioceseteixeiradefreitas.com.br\/wp-content\/uploads\/2025\/08\/WhatsApp-Image-2025-08-28-at-08.07.17-1.jpeg\"><img loading=\"lazy\" decoding=\"async\" width=\"1024\" height=\"768\" data-id=\"25363\" src=\"https:\/\/dioceseteixeiradefreitas.com.br\/wp-content\/uploads\/2025\/08\/WhatsApp-Image-2025-08-28-at-08.07.17-1-1024x768.jpeg\" alt=\"\" class=\"wp-image-25363\" srcset=\"https:\/\/dioceseteixeiradefreitas.com.br\/wp-content\/uploads\/2025\/08\/WhatsApp-Image-2025-08-28-at-08.07.17-1-1024x768.jpeg 1024w, https:\/\/dioceseteixeiradefreitas.com.br\/wp-content\/uploads\/2025\/08\/WhatsApp-Image-2025-08-28-at-08.07.17-1-300x225.jpeg 300w, https:\/\/dioceseteixeiradefreitas.com.br\/wp-content\/uploads\/2025\/08\/WhatsApp-Image-2025-08-28-at-08.07.17-1-768x576.jpeg 768w, https:\/\/dioceseteixeiradefreitas.com.br\/wp-content\/uploads\/2025\/08\/WhatsApp-Image-2025-08-28-at-08.07.17-1-1536x1152.jpeg 1536w, https:\/\/dioceseteixeiradefreitas.com.br\/wp-content\/uploads\/2025\/08\/WhatsApp-Image-2025-08-28-at-08.07.17-1.jpeg 1600w\" sizes=\"auto, (max-width: 1024px) 100vw, 1024px\" \/><\/a><\/figure>\n<\/figure>\n\n\n\n<figure class=\"wp-block-image size-large\"><a href=\"https:\/\/dioceseteixeiradefreitas.com.br\/wp-content\/uploads\/2025\/08\/WhatsApp-Image-2025-08-28-at-08.07.17.jpeg\"><img loading=\"lazy\" decoding=\"async\" width=\"1024\" height=\"768\" src=\"https:\/\/dioceseteixeiradefreitas.com.br\/wp-content\/uploads\/2025\/08\/WhatsApp-Image-2025-08-28-at-08.07.17-1024x768.jpeg\" alt=\"\" class=\"wp-image-25361\" srcset=\"https:\/\/dioceseteixeiradefreitas.com.br\/wp-content\/uploads\/2025\/08\/WhatsApp-Image-2025-08-28-at-08.07.17-1024x768.jpeg 1024w, https:\/\/dioceseteixeiradefreitas.com.br\/wp-content\/uploads\/2025\/08\/WhatsApp-Image-2025-08-28-at-08.07.17-300x225.jpeg 300w, https:\/\/dioceseteixeiradefreitas.com.br\/wp-content\/uploads\/2025\/08\/WhatsApp-Image-2025-08-28-at-08.07.17-768x576.jpeg 768w, https:\/\/dioceseteixeiradefreitas.com.br\/wp-content\/uploads\/2025\/08\/WhatsApp-Image-2025-08-28-at-08.07.17-1536x1152.jpeg 1536w, https:\/\/dioceseteixeiradefreitas.com.br\/wp-content\/uploads\/2025\/08\/WhatsApp-Image-2025-08-28-at-08.07.17.jpeg 1600w\" sizes=\"auto, (max-width: 1024px) 100vw, 1024px\" \/><\/a><\/figure>\n","protected":false},"excerpt":{"rendered":"<p>No \u00faltimo s\u00e1bado, 24 de agosto, a Diocese de Teixeira de Freitas\/Caravelas promoveu um Encontro de Espiritualidade Formativa voltado para os coordenadores da Pastoral Lit\u00fargica, com foco na liturgia proclamada e cantada. O evento contou com a participa\u00e7\u00e3o expressiva de 137 inscritos, representantes de quase todas as par\u00f3quias da diocese, e foi realizado no audit\u00f3rio &hellip;<\/p>\n","protected":false},"author":32,"featured_media":25361,"comment_status":"closed","ping_status":"closed","sticky":false,"template":"","format":"standard","meta":{"footnotes":""},"categories":[1237],"tags":[],"class_list":["post-25360","post","type-post","status-publish","format-standard","has-post-thumbnail","hentry","category-pastorais"],"_links":{"self":[{"href":"https:\/\/dioceseteixeiradefreitas.com.br\/index.php?rest_route=\/wp\/v2\/posts\/25360","targetHints":{"allow":["GET"]}}],"collection":[{"href":"https:\/\/dioceseteixeiradefreitas.com.br\/index.php?rest_route=\/wp\/v2\/posts"}],"about":[{"href":"https:\/\/dioceseteixeiradefreitas.com.br\/index.php?rest_route=\/wp\/v2\/types\/post"}],"author":[{"embeddable":true,"href":"https:\/\/dioceseteixeiradefreitas.com.br\/index.php?rest_route=\/wp\/v2\/users\/32"}],"replies":[{"embeddable":true,"href":"https:\/\/dioceseteixeiradefreitas.com.br\/index.php?rest_route=%2Fwp%2Fv2%2Fcomments&post=25360"}],"version-history":[{"count":1,"href":"https:\/\/dioceseteixeiradefreitas.com.br\/index.php?rest_route=\/wp\/v2\/posts\/25360\/revisions"}],"predecessor-version":[{"id":25364,"href":"https:\/\/dioceseteixeiradefreitas.com.br\/index.php?rest_route=\/wp\/v2\/posts\/25360\/revisions\/25364"}],"wp:featuredmedia":[{"embeddable":true,"href":"https:\/\/dioceseteixeiradefreitas.com.br\/index.php?rest_route=\/wp\/v2\/media\/25361"}],"wp:attachment":[{"href":"https:\/\/dioceseteixeiradefreitas.com.br\/index.php?rest_route=%2Fwp%2Fv2%2Fmedia&parent=25360"}],"wp:term":[{"taxonomy":"category","embeddable":true,"href":"https:\/\/dioceseteixeiradefreitas.com.br\/index.php?rest_route=%2Fwp%2Fv2%2Fcategories&post=25360"},{"taxonomy":"post_tag","embeddable":true,"href":"https:\/\/dioceseteixeiradefreitas.com.br\/index.php?rest_route=%2Fwp%2Fv2%2Ftags&post=25360"}],"curies":[{"name":"wp","href":"https:\/\/api.w.org\/{rel}","templated":true}]}}